{"id":5442,"date":"2017-02-26T10:08:59","date_gmt":"2017-02-26T09:08:59","guid":{"rendered":"https:\/\/marekkuchcinski.pl\/?p=5442"},"modified":"2017-02-27T16:48:29","modified_gmt":"2017-02-27T15:48:29","slug":"mazurek-dabrowskiego-hymnem-polski-90","status":"publish","type":"post","link":"https:\/\/marekkuchcinski.pl\/sk\/wydarzenia\/mazurek-dabrowskiego-hymnem-polski-90\/","title":{"rendered":"Dabrowsk\u00e9ho Mazurka je u\u017e 90 rokov hymnou Po\u013eska"},"content":{"rendered":"<p style=\"text-align: center;\">Zak\u00e1zan\u00e9 rozde\u013eova\u010dmi <strong>Maz\u00farka D\u0105browsk\u00e9ho<\/strong>ktor\u00fa nap\u00edsal J\u00f3zef Wybicki, spisovate\u013e, politik a vojak, z\u00edskala status n\u00e1rodnej hymny u\u017e po\u010das novembrov\u00e9ho povstania v roku 1830. Ofici\u00e1lne sa stala \u0161t\u00e1tnou hymnou 26. febru\u00e1ra 1927.<\/p>\n<p style=\"text-align: center;\">Za prv\u00fa hymnu sa pova\u017euje \"Bogurodzica\", ktor\u00fa v roku 1410 spievali po\u013esk\u00ed rytieri pred bitkou pri Grunwalde. Nasledovala cirkevn\u00e1 piese\u0148 \"The Deum laudamus\" a po nej \"\u015awi\u0119ta mi\u0142o\u015bci kochanej ojczyzny\", ktor\u00fa si objednal kr\u00e1\u013e August Poniatowski. Pred janu\u00e1rov\u00fdm povstan\u00edm hrala piese\u0148 \"Bo\u017ce co\u015b Polsk\u0119\" \u00falohu hymny.<\/p>\n<p style=\"text-align: center;\">Je to v\u0161ak <strong>Maz\u00farka D\u0105browsk\u00e9ho<\/strong> ukradol srdcia Poliakov a u\u017e 90 rokov je skuto\u010dn\u00fdm prejavom po\u013eskosti.<\/p>\n<p style=\"text-align: center;\"><a href=\"https:\/\/marekkuchcinski.pl\/wp-content\/uploads\/2017\/02\/godlo.jpg\"><img fetchpriority=\"high\" decoding=\"async\" class=\"alignnone wp-image-5447\" src=\"https:\/\/marekkuchcinski.pl\/wp-content\/uploads\/2017\/02\/godlo.jpg\" alt=\"godlo\" width=\"318\" height=\"288\" \/><\/a><\/p>\n<p style=\"text-align: center;\"><strong>Ofici\u00e1lny text hymny:<\/strong><\/p>\n<p style=\"text-align: center;\">Po\u013esko e\u0161te nie je m\u0155tve,<br \/>\nK\u00fdm sme na\u017eive.<br \/>\n\u010co n\u00e1m vzalo cudzie n\u00e1silie,<br \/>\nZoberieme \u0161ab\u013eu.<\/p>\n<p style=\"text-align: center;\"><strong>Pochod, pochod Dabrowski,<\/strong><br \/>\n<strong>Z talianskej p\u00f4dy do Po\u013eska.<\/strong><br \/>\n<strong>Nasleduj\u00fac va\u0161e vedenie<\/strong><br \/>\n<strong>Pripoj\u00edm sa k n\u00e1rodu.<\/strong><\/p>\n<p style=\"text-align: center;\">Prejdem cez Vislu, prejdem cez Wartu,<br \/>\nBudeme Poliaci.<br \/>\nBonaparte n\u00e1m dal pr\u00edklad,<br \/>\nAko vyhra\u0165 m\u00e1me.<\/p>\n<p style=\"text-align: center;\"><strong>Pochoduj, pochoduj...<\/strong><\/p>\n<p style=\"text-align: center;\">Ako Czarniecki do Poznane<br \/>\nPo rozdelen\u00ed \u0160v\u00e9dska,<br \/>\nZachr\u00e1ni\u0165 vlas\u0165<br \/>\nVr\u00e1tim sa cez more.<\/p>\n<p style=\"text-align: center;\"><strong>Pochoduj, pochoduj...<\/strong><\/p>\n<p style=\"text-align: center;\">U\u017e tam otec jeho Basia<br \/>\nHovor\u00ed, \u017ee pla\u010d -<br \/>\nPo\u010d\u00favajte, pono nasi<br \/>\nBij\u00fa tarabanov.<\/p>\n<p style=\"text-align: center;\"><strong>Pochoduj, pochoduj...<\/strong><\/p>","protected":false},"excerpt":{"rendered":"<p>Zakazany przez zaborc\u00f3w Mazurek D\u0105browskiego, napisany przez J\u00f3zefa Wybickiego, pisarza, polityka, \u017co\u0142nierza, rang\u0119 hymnu narodowego zyska\u0142\u00a0ju\u017c podczas powstania listopadowego w 1830 r. Formalnie sta\u0142 si\u0119 nim 26\u00a0lutego 1927\u00a0r. Za pierwszy hymn narodowy uznaje si\u0119 \u015bpiewan\u0105 w 1410 r. przez polskie rycerstwo przed bitw\u0105 pod Grunwaldem \u201eBogurodzic\u0119&#8221;. Kolejnym by\u0142a pie\u015b\u0144 ko\u015bcielna \u201eThe Deum laudamus&#8221;, nast\u0119pnie zlecona [&hellip;]<\/p>\n","protected":false},"author":6,"featured_media":5443,"comment_status":"open","ping_status":"open","sticky":false,"template":"","format":"standard","meta":{"ngg_post_thumbnail":0,"footnotes":""},"categories":[77,3],"tags":[],"class_list":["post-5442","post","type-post","status-publish","format-standard","has-post-thumbnail","hentry","category-wazne-daty","category-wydarzenia"],"_links":{"self":[{"href":"https:\/\/marekkuchcinski.pl\/sk\/wp-json\/wp\/v2\/posts\/5442","targetHints":{"allow":["GET"]}}],"collection":[{"href":"https:\/\/marekkuchcinski.pl\/sk\/wp-json\/wp\/v2\/posts"}],"about":[{"href":"https:\/\/marekkuchcinski.pl\/sk\/wp-json\/wp\/v2\/types\/post"}],"author":[{"embeddable":true,"href":"https:\/\/marekkuchcinski.pl\/sk\/wp-json\/wp\/v2\/users\/6"}],"replies":[{"embeddable":true,"href":"https:\/\/marekkuchcinski.pl\/sk\/wp-json\/wp\/v2\/comments?post=5442"}],"version-history":[{"count":8,"href":"https:\/\/marekkuchcinski.pl\/sk\/wp-json\/wp\/v2\/posts\/5442\/revisions"}],"predecessor-version":[{"id":5470,"href":"https:\/\/marekkuchcinski.pl\/sk\/wp-json\/wp\/v2\/posts\/5442\/revisions\/5470"}],"wp:featuredmedia":[{"embeddable":true,"href":"https:\/\/marekkuchcinski.pl\/sk\/wp-json\/wp\/v2\/media\/5443"}],"wp:attachment":[{"href":"https:\/\/marekkuchcinski.pl\/sk\/wp-json\/wp\/v2\/media?parent=5442"}],"wp:term":[{"taxonomy":"category","embeddable":true,"href":"https:\/\/marekkuchcinski.pl\/sk\/wp-json\/wp\/v2\/categories?post=5442"},{"taxonomy":"post_tag","embeddable":true,"href":"https:\/\/marekkuchcinski.pl\/sk\/wp-json\/wp\/v2\/tags?post=5442"}],"curies":[{"name":"wp","href":"https:\/\/api.w.org\/{rel}","templated":true}]}}