{"id":5421,"date":"2017-02-24T12:04:10","date_gmt":"2017-02-24T11:04:10","guid":{"rendered":"https:\/\/marekkuchcinski.pl\/?p=5421"},"modified":"2017-02-27T15:18:00","modified_gmt":"2017-02-27T14:18:00","slug":"sejm-podjal-uchwale-upamietniajaca-ksiedza-franciszka-blachnickiego","status":"publish","type":"post","link":"https:\/\/marekkuchcinski.pl\/sk\/wazne-daty\/sejm-podjal-uchwale-upamietniajaca-ksiedza-franciszka-blachnickiego\/","title":{"rendered":"Sejm prijal uznesenie o ucten\u00ed pamiatky otca Franciszka Blachnick\u00e9ho"},"content":{"rendered":"<p>Pri pr\u00edle\u017eitosti 30. v\u00fdro\u010dia \u00famrtia otca Franciszka Blachnick\u00e9ho, ktor\u00e9 pripad\u00e1 na febru\u00e1r 2017, Sejm Po\u013eskej republiky vzd\u00e1va hold tomuto ve\u013ek\u00e9mu vlastencovi, vojakovi, duchovn\u00e9mu a soci\u00e1lnemu aktivistovi.<\/p>\n<p>Otec Franciszek Blachnicki zasv\u00e4til cel\u00fd svoj \u017eivot dobru svojej vlasti. Ako vojak bojoval v septembrovej kampani, bol akt\u00edvny v podzemnom hnut\u00ed, bol v\u00e4znen\u00fd v koncentra\u010dnom t\u00e1bore a prenasledovan\u00fd komunistickou bezpe\u010dnos\u0165ou. Jeho spolo\u010densk\u00e1 \u010dinnos\u0165 vych\u00e1dzala z univerz\u00e1lnych hodn\u00f4t a formovala mor\u00e1lne postoje n\u00e1roda.  Ako zakladate\u013e hnutia Light-Life vychov\u00e1val mlad\u00fdch \u013eud\u00ed a dospel\u00fdch v duchu vlastenectva, mor\u00e1lky a zodpovednosti.<\/p>\n<p>Oslavy 30. v\u00fdro\u010dia \u00famrtia otca Franciszka Blachnick\u00e9ho sa konali pod \u010destnou z\u00e1\u0161titou prezidenta Po\u013eskej republiky Andrzeja Dudu.<\/p>\n<p>Sejm Po\u013eskej republiky - ako prejav v\u010faky za z\u00e1sluhy otca Franciszka Blachnick\u00e9ho o po\u013esk\u00fd n\u00e1rod a jeho pr\u00ednos k mor\u00e1lnemu rozvoju mnoh\u00fdch gener\u00e1ci\u00ed - vzd\u00e1va hold jeho pamiatke.<\/p>\n<p><a href=\"https:\/\/marekkuchcinski.pl\/wp-content\/uploads\/2017\/02\/094056_lu11s04_1972_kurs_anim_oaz_51-1.jpg\"><img fetchpriority=\"high\" decoding=\"async\" class=\"alignnone wp-image-5423\" src=\"https:\/\/marekkuchcinski.pl\/wp-content\/uploads\/2017\/02\/094056_lu11s04_1972_kurs_anim_oaz_51-1.jpg\" alt=\"094056_lu11s04_1972_kurs_anim_oaz_51\" width=\"988\" height=\"424\" srcset=\"https:\/\/marekkuchcinski.pl\/wp-content\/uploads\/2017\/02\/094056_lu11s04_1972_kurs_anim_oaz_51-1.jpg 650w, https:\/\/marekkuchcinski.pl\/wp-content\/uploads\/2017\/02\/094056_lu11s04_1972_kurs_anim_oaz_51-1-300x129.jpg 300w\" sizes=\"(max-width: 988px) 100vw, 988px\" \/><\/a> <a href=\"https:\/\/marekkuchcinski.pl\/wp-content\/uploads\/2017\/02\/ks-franciszek-blachnicki-fot.jpg\"><img decoding=\"async\" class=\"alignnone wp-image-5424\" src=\"https:\/\/marekkuchcinski.pl\/wp-content\/uploads\/2017\/02\/ks-franciszek-blachnicki-fot.jpg\" alt=\"ks-franciszek-blachnicki-fot\" width=\"981\" height=\"692\" srcset=\"https:\/\/marekkuchcinski.pl\/wp-content\/uploads\/2017\/02\/ks-franciszek-blachnicki-fot.jpg 512w, https:\/\/marekkuchcinski.pl\/wp-content\/uploads\/2017\/02\/ks-franciszek-blachnicki-fot-300x212.jpg 300w\" sizes=\"(max-width: 981px) 100vw, 981px\" \/><\/a> <a href=\"https:\/\/marekkuchcinski.pl\/wp-content\/uploads\/2017\/02\/blachnicki_oswiecim.jpg\"><img decoding=\"async\" class=\"alignnone wp-image-5425\" src=\"https:\/\/marekkuchcinski.pl\/wp-content\/uploads\/2017\/02\/blachnicki_oswiecim.jpg\" alt=\"blachnicki_oswiecim\" width=\"1036\" height=\"468\" srcset=\"https:\/\/marekkuchcinski.pl\/wp-content\/uploads\/2017\/02\/blachnicki_oswiecim.jpg 640w, https:\/\/marekkuchcinski.pl\/wp-content\/uploads\/2017\/02\/blachnicki_oswiecim-300x135.jpg 300w\" sizes=\"(max-width: 1036px) 100vw, 1036px\" \/><\/a><\/p>","protected":false},"excerpt":{"rendered":"<p>W przypadaj\u0105c\u0105 w lutym 2017 roku 30. rocznic\u0119 \u015bmierci ks. Franciszka Blachnickiego, Sejm Rzeczypospolitej Polskiej oddaje ho\u0142d temu wielkiemu patriocie, \u017co\u0142nierzowi, duchownemu i dzia\u0142aczowi spo\u0142ecznemu. Ks. Franciszek Blachnicki po\u015bwi\u0119ci\u0142 ca\u0142e swoje \u017cycie dobru ojczyzny. Walczy\u0142 jako \u017co\u0142nierz w kampanii wrze\u015bniowej, dzia\u0142a\u0142 w konspiracji, by\u0142 osadzony w obozie koncentracyjnym,\u00a0 prze\u015bladowany przez komunistyczne s\u0142u\u017cby bezpiecze\u0144stwa. Jego dzia\u0142alno\u015b\u0107 [&hellip;]<\/p>\n","protected":false},"author":6,"featured_media":5422,"comment_status":"open","ping_status":"open","sticky":false,"template":"","format":"standard","meta":{"ngg_post_thumbnail":0,"footnotes":""},"categories":[77,81],"tags":[],"class_list":["post-5421","post","type-post","status-publish","format-standard","has-post-thumbnail","hentry","category-wazne-daty","category-wiesci-z-sejmu"],"_links":{"self":[{"href":"https:\/\/marekkuchcinski.pl\/sk\/wp-json\/wp\/v2\/posts\/5421","targetHints":{"allow":["GET"]}}],"collection":[{"href":"https:\/\/marekkuchcinski.pl\/sk\/wp-json\/wp\/v2\/posts"}],"about":[{"href":"https:\/\/marekkuchcinski.pl\/sk\/wp-json\/wp\/v2\/types\/post"}],"author":[{"embeddable":true,"href":"https:\/\/marekkuchcinski.pl\/sk\/wp-json\/wp\/v2\/users\/6"}],"replies":[{"embeddable":true,"href":"https:\/\/marekkuchcinski.pl\/sk\/wp-json\/wp\/v2\/comments?post=5421"}],"version-history":[{"count":2,"href":"https:\/\/marekkuchcinski.pl\/sk\/wp-json\/wp\/v2\/posts\/5421\/revisions"}],"predecessor-version":[{"id":5465,"href":"https:\/\/marekkuchcinski.pl\/sk\/wp-json\/wp\/v2\/posts\/5421\/revisions\/5465"}],"wp:featuredmedia":[{"embeddable":true,"href":"https:\/\/marekkuchcinski.pl\/sk\/wp-json\/wp\/v2\/media\/5422"}],"wp:attachment":[{"href":"https:\/\/marekkuchcinski.pl\/sk\/wp-json\/wp\/v2\/media?parent=5421"}],"wp:term":[{"taxonomy":"category","embeddable":true,"href":"https:\/\/marekkuchcinski.pl\/sk\/wp-json\/wp\/v2\/categories?post=5421"},{"taxonomy":"post_tag","embeddable":true,"href":"https:\/\/marekkuchcinski.pl\/sk\/wp-json\/wp\/v2\/tags?post=5421"}],"curies":[{"name":"wp","href":"https:\/\/api.w.org\/{rel}","templated":true}]}}