{"id":5401,"date":"2017-02-23T13:46:11","date_gmt":"2017-02-23T12:46:11","guid":{"rendered":"https:\/\/marekkuchcinski.pl\/?p=5401"},"modified":"2017-02-23T13:46:11","modified_gmt":"2017-02-23T12:46:11","slug":"marek-kuchcinski-polskim-radiu-24-nt-wniosku-o-odwolanie-funkcji-marszalka-sejmu","status":"publish","type":"post","link":"https:\/\/marekkuchcinski.pl\/sk\/w-mediach\/multimedia\/marek-kuchcinski-polskim-radiu-24-nt-wniosku-o-odwolanie-funkcji-marszalka-sejmu\/","title":{"rendered":"Marek Kuchci\u0144ski v Po\u013eskom rozhlase 24 o n\u00e1vrhu PO na odvolanie predsedu Sejmu"},"content":{"rendered":"<p>http:\/\/www.polskieradio.pl\/130\/5819\/Artykul\/1731038,Sejm-nie-odwolal-marszalka-Marek-Kuchcinski-Dobrze-sie-stalo<\/p>","protected":false},"excerpt":{"rendered":"<p>http:\/\/www.polskieradio.pl\/130\/5819\/Artykul\/1731038,Sejm-nie-odwolal-marszalka-Marek-Kuchcinski-Dobrze-sie-stalo<\/p>","protected":false},"author":6,"featured_media":0,"comment_status":"open","ping_status":"open","sticky":false,"template":"","format":"standard","meta":{"ngg_post_thumbnail":0,"footnotes":""},"categories":[48],"tags":[],"class_list":["post-5401","post","type-post","status-publish","format-standard","hentry","category-multimedia"],"_links":{"self":[{"href":"https:\/\/marekkuchcinski.pl\/sk\/wp-json\/wp\/v2\/posts\/5401","targetHints":{"allow":["GET"]}}],"collection":[{"href":"https:\/\/marekkuchcinski.pl\/sk\/wp-json\/wp\/v2\/posts"}],"about":[{"href":"https:\/\/marekkuchcinski.pl\/sk\/wp-json\/wp\/v2\/types\/post"}],"author":[{"embeddable":true,"href":"https:\/\/marekkuchcinski.pl\/sk\/wp-json\/wp\/v2\/users\/6"}],"replies":[{"embeddable":true,"href":"https:\/\/marekkuchcinski.pl\/sk\/wp-json\/wp\/v2\/comments?post=5401"}],"version-history":[{"count":1,"href":"https:\/\/marekkuchcinski.pl\/sk\/wp-json\/wp\/v2\/posts\/5401\/revisions"}],"predecessor-version":[{"id":5402,"href":"https:\/\/marekkuchcinski.pl\/sk\/wp-json\/wp\/v2\/posts\/5401\/revisions\/5402"}],"wp:attachment":[{"href":"https:\/\/marekkuchcinski.pl\/sk\/wp-json\/wp\/v2\/media?parent=5401"}],"wp:term":[{"taxonomy":"category","embeddable":true,"href":"https:\/\/marekkuchcinski.pl\/sk\/wp-json\/wp\/v2\/categories?post=5401"},{"taxonomy":"post_tag","embeddable":true,"href":"https:\/\/marekkuchcinski.pl\/sk\/wp-json\/wp\/v2\/tags?post=5401"}],"curies":[{"name":"wp","href":"https:\/\/api.w.org\/{rel}","templated":true}]}}