{"id":5376,"date":"2017-02-14T12:15:35","date_gmt":"2017-02-14T11:15:35","guid":{"rendered":"https:\/\/marekkuchcinski.pl\/?p=5376"},"modified":"2017-02-27T14:09:36","modified_gmt":"2017-02-27T13:09:36","slug":"14-lutego-1942-roku-zwiazek-walki-zbrojnej-zostal-przemianowany-armie-krajowa","status":"publish","type":"post","link":"https:\/\/marekkuchcinski.pl\/sk\/wazne-daty\/14-lutego-1942-roku-zwiazek-walki-zbrojnej-zostal-przemianowany-armie-krajowa\/","title":{"rendered":"14. febru\u00e1ra 1942 bol Zv\u00e4z ozbrojen\u00e9ho boja premenovan\u00fd na Domobranu"},"content":{"rendered":"<p>Pred sedemdesiatimi piatimi rokmi, 14. febru\u00e1ra 1942, sa na rozkaz vrchn\u00e9ho velite\u013ea po\u013esk\u00fdch ozbrojen\u00fdch s\u00edl gener\u00e1la W\u0142adys\u0142awa Sikorsk\u00e9ho podzemn\u00fd Zv\u00e4z ozbrojen\u00e9ho boja p\u00f4sobiaci v okupovanom Po\u013esku premenil na Armiu Krajow\u00fa (AK), ktorej \u010dinnos\u0165 patr\u00ed k najsl\u00e1vnej\u0161\u00edm str\u00e1nkam po\u013esk\u00fdch dej\u00edn a ktor\u00e1 nesmierne prispela k boju za slobodu Eur\u00f3py.<\/p>\n<p>Domobrana bola najlep\u0161ie organizovanou a najv\u00e4\u010d\u0161ou podzemnou arm\u00e1dou v okupovanej Eur\u00f3pe. Tvorilo ju viac ako dvesto organiz\u00e1ci\u00ed. St\u00e1tis\u00edce vojakov, ktor\u00ed z\u00edskali bojov\u00e9 sk\u00fasenosti v podmienkach mestskej kon\u0161pir\u00e1cie a partiz\u00e1nskej vojny, sa dok\u00e1zali postavi\u0165 regul\u00e1rnej arm\u00e1de v otvorenom boji: najprv po\u010das oper\u00e1cie B\u00farka - oper\u00e1cie proti Nemcom, ktor\u00e1 sa za\u010dala, ke\u010f prv\u00e9 jednotky \u010cervenej arm\u00e1dy vst\u00fapili na \u00fazemie druhej Po\u013eskej republiky, a potom vo Var\u0161avskom povstan\u00ed - najv\u00e4\u010d\u0161ej a najdlh\u0161ej povstaleckej bitke okupovanej Eur\u00f3py, ktor\u00e1 in\u0161pirovala my\u0161lienky a sny slobodn\u00fdch Poliakov na \u010fal\u0161ie polstoro\u010die.<\/p>\n<p>Po skon\u010den\u00ed druhej svetovej vojny boli vojaci AK prenasledovan\u00ed a \u0161ikanovan\u00ed org\u00e1nmi Po\u013eskej \u013eudovej republiky, ods\u00faden\u00ed na dlhoro\u010dn\u00e9 v\u00e4zenie a dokonca aj na smr\u0165.<br \/>\nPo rokoch ozbrojen\u00e9ho boja proti okupantom pri\u0161lo aj obdobie boja za pravdu a pam\u00e4\u0165. Ve\u013ek\u00e9 odhodlanie a viera vo v\u00ed\u0165azstvo, ktor\u00e9 ich sprev\u00e1dzali na bojisku, umo\u017enili zachova\u0165 pravdu o Po\u013esku po\u010das druhej svetovej vojny a nedovolili zni\u010di\u0165 pamiatku na svojich spolubojovn\u00edkov, ktor\u00ed boli zabit\u00ed, zavra\u017eden\u00ed a vyhnan\u00ed z vlasti.<\/p>\n<p>Dnes je Armija Krajowa nielen symbolom boja za slobodn\u00fa a nez\u00e1visl\u00fa republiku, ale aj symbolom najvy\u0161\u0161\u00edch hodn\u00f4t, ako s\u00fa stato\u010dnos\u0165, vlastenectvo a pripravenos\u0165 obetova\u0165 sa pre dobro Po\u013eska.<\/p>\n<p>Sejm Po\u013eskej republiky vzd\u00e1va hold v\u0161etk\u00fdm vojakom Armie Krajowej a vyjadruje presved\u010denie, \u017ee ich postoj bude mor\u00e1lnym ukazovate\u013eom pre bud\u00face gener\u00e1cie Poliakov, uvo\u013en\u00ed pocit n\u00e1rodnej hrdosti a vytvor\u00ed puto k vlasti.<\/p>\n<div style=\"width: 640px;\" class=\"wp-video\"><!--[if lt IE 9]><script>document.createElement('video');<\/script><![endif]-->\n<video class=\"wp-video-shortcode\" id=\"video-5376-1\" width=\"640\" height=\"480\" preload=\"metadata\" controls=\"controls\"><source type=\"video\/mp4\" src=\"https:\/\/marekkuchcinski.pl\/wp-content\/uploads\/2017\/02\/Uchwa\u0142a-AK.mp4?_=1\" \/><a href=\"https:\/\/marekkuchcinski.pl\/wp-content\/uploads\/2017\/02\/Uchwa\u0142a-AK.mp4\">https:\/\/marekkuchcinski.pl\/wp-content\/uploads\/2017\/02\/Uchwa\u0142a-AK.mp4<\/a><\/video><\/div>","protected":false},"excerpt":{"rendered":"<p>Siedemdziesi\u0105t pi\u0119\u0107 lat temu, 14 lutego 1942 r., z rozkazu Naczelnego Wodza Polskich Si\u0142 Zbrojnych gen. W\u0142adys\u0142awa Sikorskiego dzia\u0142aj\u0105cy w okupowanej Polsce konspiracyjny Zwi\u0105zek Walki Zbrojnej\u00a0 zosta\u0142 przekszta\u0142cony w Armi\u0119 Krajow\u0105, kt\u00f3rej dzia\u0142alno\u015b\u0107 jest jedn\u0105 z najbardziej chlubnych kart w historii Polski i kt\u00f3ra wnios\u0142a ogromny wk\u0142ad w walk\u0119 o wolno\u015b\u0107 Europy. Armia Krajowa by\u0142a [&hellip;]<\/p>","protected":false},"author":6,"featured_media":0,"comment_status":"open","ping_status":"open","sticky":false,"template":"","format":"standard","meta":{"ngg_post_thumbnail":0,"footnotes":""},"categories":[48,77],"tags":[],"class_list":["post-5376","post","type-post","status-publish","format-standard","hentry","category-multimedia","category-wazne-daty"],"yoast_head":"<!-- This site is optimized with the Yoast SEO plugin v24.7 - https:\/\/yoast.com\/wordpress\/plugins\/seo\/ -->\n<title>14 lutego 1942 roku Zwi\u0105zek Walki Zbrojnej zosta\u0142 przemianowany w Armi\u0119 Krajow\u0105 &#8211; Marek Kuchci\u0144ski<\/title>\n<meta name=\"robots\" content=\"index, follow, max-snippet:-1, max-image-preview:large, max-video-preview:-1\" \/>\n<link rel=\"canonical\" href=\"https:\/\/marekkuchcinski.pl\/sk\/wazne-daty\/14-lutego-1942-roku-zwiazek-walki-zbrojnej-zostal-przemianowany-armie-krajowa\/\" \/>\n<meta property=\"og:locale\" content=\"sk_SK\" \/>\n<meta property=\"og:type\" content=\"article\" \/>\n<meta property=\"og:title\" content=\"14 lutego 1942 roku Zwi\u0105zek Walki Zbrojnej zosta\u0142 przemianowany w Armi\u0119 Krajow\u0105 &#8211; Marek Kuchci\u0144ski\" \/>\n<meta property=\"og:description\" content=\"Siedemdziesi\u0105t pi\u0119\u0107 lat temu, 14 lutego 1942 r., z rozkazu Naczelnego Wodza Polskich Si\u0142 Zbrojnych gen. W\u0142adys\u0142awa Sikorskiego dzia\u0142aj\u0105cy w okupowanej Polsce konspiracyjny Zwi\u0105zek Walki Zbrojnej\u00a0 zosta\u0142 przekszta\u0142cony w Armi\u0119 Krajow\u0105, kt\u00f3rej dzia\u0142alno\u015b\u0107 jest jedn\u0105 z najbardziej chlubnych kart w historii Polski i kt\u00f3ra wnios\u0142a ogromny wk\u0142ad w walk\u0119 o wolno\u015b\u0107 Europy. Armia Krajowa by\u0142a [&hellip;]\" \/>\n<meta property=\"og:url\" content=\"https:\/\/marekkuchcinski.pl\/sk\/wazne-daty\/14-lutego-1942-roku-zwiazek-walki-zbrojnej-zostal-przemianowany-armie-krajowa\/\" \/>\n<meta property=\"og:site_name\" content=\"Marek Kuchci\u0144ski\" \/>\n<meta property=\"article:published_time\" content=\"2017-02-14T11:15:35+00:00\" \/>\n<meta property=\"article:modified_time\" content=\"2017-02-27T13:09:36+00:00\" \/>\n<meta property=\"og:image\" content=\"https:\/\/marekkuchcinski.pl\/wp-content\/uploads\/2022\/09\/Marek.jpg\" \/>\n\t<meta property=\"og:image:width\" content=\"1600\" \/>\n\t<meta property=\"og:image:height\" content=\"971\" \/>\n\t<meta property=\"og:image:type\" content=\"image\/jpeg\" \/>\n<meta name=\"author\" content=\"admin\" \/>\n<meta name=\"twitter:card\" content=\"summary_large_image\" \/>\n<meta name=\"twitter:label1\" content=\"Autor\" \/>\n\t<meta name=\"twitter:data1\" content=\"admin\" \/>\n\t<meta name=\"twitter:label2\" content=\"Predpokladan\u00fd \u010das \u010d\u00edtania\" \/>\n\t<meta name=\"twitter:data2\" content=\"2 min\u00faty\" \/>\n<script type=\"application\/ld+json\" class=\"yoast-schema-graph\">{\"@context\":\"https:\/\/schema.org\",\"@graph\":[{\"@type\":\"Article\",\"@id\":\"https:\/\/marekkuchcinski.pl\/wazne-daty\/14-lutego-1942-roku-zwiazek-walki-zbrojnej-zostal-przemianowany-armie-krajowa\/#article\",\"isPartOf\":{\"@id\":\"https:\/\/marekkuchcinski.pl\/wazne-daty\/14-lutego-1942-roku-zwiazek-walki-zbrojnej-zostal-przemianowany-armie-krajowa\/\"},\"author\":{\"name\":\"admin\",\"@id\":\"https:\/\/marekkuchcinski.pl\/#\/schema\/person\/6f62700996b4d950b6ea2d1183b6c6be\"},\"headline\":\"14 lutego 1942 roku Zwi\u0105zek Walki Zbrojnej zosta\u0142 przemianowany w Armi\u0119 Krajow\u0105\",\"datePublished\":\"2017-02-14T11:15:35+00:00\",\"dateModified\":\"2017-02-27T13:09:36+00:00\",\"mainEntityOfPage\":{\"@id\":\"https:\/\/marekkuchcinski.pl\/wazne-daty\/14-lutego-1942-roku-zwiazek-walki-zbrojnej-zostal-przemianowany-armie-krajowa\/\"},\"wordCount\":350,\"commentCount\":0,\"publisher\":{\"@id\":\"https:\/\/marekkuchcinski.pl\/#organization\"},\"articleSection\":[\"Multimedia\",\"Wa\u017cne daty\"],\"inLanguage\":\"sk-SK\",\"potentialAction\":[{\"@type\":\"CommentAction\",\"name\":\"Comment\",\"target\":[\"https:\/\/marekkuchcinski.pl\/wazne-daty\/14-lutego-1942-roku-zwiazek-walki-zbrojnej-zostal-przemianowany-armie-krajowa\/#respond\"]}]},{\"@type\":\"WebPage\",\"@id\":\"https:\/\/marekkuchcinski.pl\/wazne-daty\/14-lutego-1942-roku-zwiazek-walki-zbrojnej-zostal-przemianowany-armie-krajowa\/\",\"url\":\"https:\/\/marekkuchcinski.pl\/wazne-daty\/14-lutego-1942-roku-zwiazek-walki-zbrojnej-zostal-przemianowany-armie-krajowa\/\",\"name\":\"14 lutego 1942 roku Zwi\u0105zek Walki Zbrojnej zosta\u0142 przemianowany w Armi\u0119 Krajow\u0105 &#8211; Marek Kuchci\u0144ski\",\"isPartOf\":{\"@id\":\"https:\/\/marekkuchcinski.pl\/#website\"},\"datePublished\":\"2017-02-14T11:15:35+00:00\",\"dateModified\":\"2017-02-27T13:09:36+00:00\",\"breadcrumb\":{\"@id\":\"https:\/\/marekkuchcinski.pl\/wazne-daty\/14-lutego-1942-roku-zwiazek-walki-zbrojnej-zostal-przemianowany-armie-krajowa\/#breadcrumb\"},\"inLanguage\":\"sk-SK\",\"potentialAction\":[{\"@type\":\"ReadAction\",\"target\":[\"https:\/\/marekkuchcinski.pl\/wazne-daty\/14-lutego-1942-roku-zwiazek-walki-zbrojnej-zostal-przemianowany-armie-krajowa\/\"]}]},{\"@type\":\"BreadcrumbList\",\"@id\":\"https:\/\/marekkuchcinski.pl\/wazne-daty\/14-lutego-1942-roku-zwiazek-walki-zbrojnej-zostal-przemianowany-armie-krajowa\/#breadcrumb\",\"itemListElement\":[{\"@type\":\"ListItem\",\"position\":1,\"name\":\"Strona g\u0142\u00f3wna\",\"item\":\"https:\/\/marekkuchcinski.pl\/\"},{\"@type\":\"ListItem\",\"position\":2,\"name\":\"14 lutego 1942 roku Zwi\u0105zek Walki Zbrojnej zosta\u0142 przemianowany w Armi\u0119 Krajow\u0105\"}]},{\"@type\":\"WebSite\",\"@id\":\"https:\/\/marekkuchcinski.pl\/#website\",\"url\":\"https:\/\/marekkuchcinski.pl\/\",\"name\":\"Marek Kuchci\u0144ski\",\"description\":\"Pose\u0142 na sejm RP &ndash; okr\u0119g nr 22\",\"publisher\":{\"@id\":\"https:\/\/marekkuchcinski.pl\/#organization\"},\"potentialAction\":[{\"@type\":\"SearchAction\",\"target\":{\"@type\":\"EntryPoint\",\"urlTemplate\":\"https:\/\/marekkuchcinski.pl\/?s={search_term_string}\"},\"query-input\":{\"@type\":\"PropertyValueSpecification\",\"valueRequired\":true,\"valueName\":\"search_term_string\"}}],\"inLanguage\":\"sk-SK\"},{\"@type\":\"Organization\",\"@id\":\"https:\/\/marekkuchcinski.pl\/#organization\",\"name\":\"Marek Kuchci\u0144ski\",\"url\":\"https:\/\/marekkuchcinski.pl\/\",\"logo\":{\"@type\":\"ImageObject\",\"inLanguage\":\"sk-SK\",\"@id\":\"https:\/\/marekkuchcinski.pl\/#\/schema\/logo\/image\/\",\"url\":\"https:\/\/marekkuchcinski.pl\/wp-content\/uploads\/2022\/09\/Marek.jpg\",\"contentUrl\":\"https:\/\/marekkuchcinski.pl\/wp-content\/uploads\/2022\/09\/Marek.jpg\",\"width\":1600,\"height\":971,\"caption\":\"Marek Kuchci\u0144ski\"},\"image\":{\"@id\":\"https:\/\/marekkuchcinski.pl\/#\/schema\/logo\/image\/\"}},{\"@type\":\"Person\",\"@id\":\"https:\/\/marekkuchcinski.pl\/#\/schema\/person\/6f62700996b4d950b6ea2d1183b6c6be\",\"name\":\"admin\",\"image\":{\"@type\":\"ImageObject\",\"inLanguage\":\"sk-SK\",\"@id\":\"https:\/\/marekkuchcinski.pl\/#\/schema\/person\/image\/\",\"url\":\"https:\/\/secure.gravatar.com\/avatar\/4bab693b9d55c3d6b52c0296a8765085?s=96&d=mm&r=g\",\"contentUrl\":\"https:\/\/secure.gravatar.com\/avatar\/4bab693b9d55c3d6b52c0296a8765085?s=96&d=mm&r=g\",\"caption\":\"admin\"},\"url\":\"https:\/\/marekkuchcinski.pl\/sk\/author\/marta-olejnik\/\"}]}<\/script>\n<!-- \/ Yoast SEO plugin. -->","yoast_head_json":{"title":"14 lutego 1942 roku Zwi\u0105zek Walki Zbrojnej zosta\u0142 przemianowany w Armi\u0119 Krajow\u0105 &#8211; Marek Kuchci\u0144ski","robots":{"index":"index","follow":"follow","max-snippet":"max-snippet:-1","max-image-preview":"max-image-preview:large","max-video-preview":"max-video-preview:-1"},"canonical":"https:\/\/marekkuchcinski.pl\/sk\/wazne-daty\/14-lutego-1942-roku-zwiazek-walki-zbrojnej-zostal-przemianowany-armie-krajowa\/","og_locale":"sk_SK","og_type":"article","og_title":"14 lutego 1942 roku Zwi\u0105zek Walki Zbrojnej zosta\u0142 przemianowany w Armi\u0119 Krajow\u0105 &#8211; Marek Kuchci\u0144ski","og_description":"Siedemdziesi\u0105t pi\u0119\u0107 lat temu, 14 lutego 1942 r., z rozkazu Naczelnego Wodza Polskich Si\u0142 Zbrojnych gen. W\u0142adys\u0142awa Sikorskiego dzia\u0142aj\u0105cy w okupowanej Polsce konspiracyjny Zwi\u0105zek Walki Zbrojnej\u00a0 zosta\u0142 przekszta\u0142cony w Armi\u0119 Krajow\u0105, kt\u00f3rej dzia\u0142alno\u015b\u0107 jest jedn\u0105 z najbardziej chlubnych kart w historii Polski i kt\u00f3ra wnios\u0142a ogromny wk\u0142ad w walk\u0119 o wolno\u015b\u0107 Europy. Armia Krajowa by\u0142a [&hellip;]","og_url":"https:\/\/marekkuchcinski.pl\/sk\/wazne-daty\/14-lutego-1942-roku-zwiazek-walki-zbrojnej-zostal-przemianowany-armie-krajowa\/","og_site_name":"Marek Kuchci\u0144ski","article_published_time":"2017-02-14T11:15:35+00:00","article_modified_time":"2017-02-27T13:09:36+00:00","og_image":[{"width":1600,"height":971,"url":"https:\/\/marekkuchcinski.pl\/wp-content\/uploads\/2022\/09\/Marek.jpg","type":"image\/jpeg"}],"author":"admin","twitter_card":"summary_large_image","twitter_misc":{"Autor":"admin","Predpokladan\u00fd \u010das \u010d\u00edtania":"2 min\u00faty"},"schema":{"@context":"https:\/\/schema.org","@graph":[{"@type":"Article","@id":"https:\/\/marekkuchcinski.pl\/wazne-daty\/14-lutego-1942-roku-zwiazek-walki-zbrojnej-zostal-przemianowany-armie-krajowa\/#article","isPartOf":{"@id":"https:\/\/marekkuchcinski.pl\/wazne-daty\/14-lutego-1942-roku-zwiazek-walki-zbrojnej-zostal-przemianowany-armie-krajowa\/"},"author":{"name":"admin","@id":"https:\/\/marekkuchcinski.pl\/#\/schema\/person\/6f62700996b4d950b6ea2d1183b6c6be"},"headline":"14 lutego 1942 roku Zwi\u0105zek Walki Zbrojnej zosta\u0142 przemianowany w Armi\u0119 Krajow\u0105","datePublished":"2017-02-14T11:15:35+00:00","dateModified":"2017-02-27T13:09:36+00:00","mainEntityOfPage":{"@id":"https:\/\/marekkuchcinski.pl\/wazne-daty\/14-lutego-1942-roku-zwiazek-walki-zbrojnej-zostal-przemianowany-armie-krajowa\/"},"wordCount":350,"commentCount":0,"publisher":{"@id":"https:\/\/marekkuchcinski.pl\/#organization"},"articleSection":["Multimedia","Wa\u017cne daty"],"inLanguage":"sk-SK","potentialAction":[{"@type":"CommentAction","name":"Comment","target":["https:\/\/marekkuchcinski.pl\/wazne-daty\/14-lutego-1942-roku-zwiazek-walki-zbrojnej-zostal-przemianowany-armie-krajowa\/#respond"]}]},{"@type":"WebPage","@id":"https:\/\/marekkuchcinski.pl\/wazne-daty\/14-lutego-1942-roku-zwiazek-walki-zbrojnej-zostal-przemianowany-armie-krajowa\/","url":"https:\/\/marekkuchcinski.pl\/wazne-daty\/14-lutego-1942-roku-zwiazek-walki-zbrojnej-zostal-przemianowany-armie-krajowa\/","name":"14 lutego 1942 roku Zwi\u0105zek Walki Zbrojnej zosta\u0142 przemianowany w Armi\u0119 Krajow\u0105 &#8211; Marek Kuchci\u0144ski","isPartOf":{"@id":"https:\/\/marekkuchcinski.pl\/#website"},"datePublished":"2017-02-14T11:15:35+00:00","dateModified":"2017-02-27T13:09:36+00:00","breadcrumb":{"@id":"https:\/\/marekkuchcinski.pl\/wazne-daty\/14-lutego-1942-roku-zwiazek-walki-zbrojnej-zostal-przemianowany-armie-krajowa\/#breadcrumb"},"inLanguage":"sk-SK","potentialAction":[{"@type":"ReadAction","target":["https:\/\/marekkuchcinski.pl\/wazne-daty\/14-lutego-1942-roku-zwiazek-walki-zbrojnej-zostal-przemianowany-armie-krajowa\/"]}]},{"@type":"BreadcrumbList","@id":"https:\/\/marekkuchcinski.pl\/wazne-daty\/14-lutego-1942-roku-zwiazek-walki-zbrojnej-zostal-przemianowany-armie-krajowa\/#breadcrumb","itemListElement":[{"@type":"ListItem","position":1,"name":"Strona g\u0142\u00f3wna","item":"https:\/\/marekkuchcinski.pl\/"},{"@type":"ListItem","position":2,"name":"14 lutego 1942 roku Zwi\u0105zek Walki Zbrojnej zosta\u0142 przemianowany w Armi\u0119 Krajow\u0105"}]},{"@type":"WebSite","@id":"https:\/\/marekkuchcinski.pl\/#website","url":"https:\/\/marekkuchcinski.pl\/","name":"Marek Kuchci\u0144ski","description":"Pose\u0142 na sejm RP &ndash; okr\u0119g nr 22","publisher":{"@id":"https:\/\/marekkuchcinski.pl\/#organization"},"potentialAction":[{"@type":"SearchAction","target":{"@type":"EntryPoint","urlTemplate":"https:\/\/marekkuchcinski.pl\/?s={search_term_string}"},"query-input":{"@type":"PropertyValueSpecification","valueRequired":true,"valueName":"search_term_string"}}],"inLanguage":"sk-SK"},{"@type":"Organization","@id":"https:\/\/marekkuchcinski.pl\/#organization","name":"Marek Kuchci\u0144ski","url":"https:\/\/marekkuchcinski.pl\/","logo":{"@type":"ImageObject","inLanguage":"sk-SK","@id":"https:\/\/marekkuchcinski.pl\/#\/schema\/logo\/image\/","url":"https:\/\/marekkuchcinski.pl\/wp-content\/uploads\/2022\/09\/Marek.jpg","contentUrl":"https:\/\/marekkuchcinski.pl\/wp-content\/uploads\/2022\/09\/Marek.jpg","width":1600,"height":971,"caption":"Marek Kuchci\u0144ski"},"image":{"@id":"https:\/\/marekkuchcinski.pl\/#\/schema\/logo\/image\/"}},{"@type":"Person","@id":"https:\/\/marekkuchcinski.pl\/#\/schema\/person\/6f62700996b4d950b6ea2d1183b6c6be","name":"admin","image":{"@type":"ImageObject","inLanguage":"sk-SK","@id":"https:\/\/marekkuchcinski.pl\/#\/schema\/person\/image\/","url":"https:\/\/secure.gravatar.com\/avatar\/4bab693b9d55c3d6b52c0296a8765085?s=96&d=mm&r=g","contentUrl":"https:\/\/secure.gravatar.com\/avatar\/4bab693b9d55c3d6b52c0296a8765085?s=96&d=mm&r=g","caption":"admin"},"url":"https:\/\/marekkuchcinski.pl\/sk\/author\/marta-olejnik\/"}]}},"_links":{"self":[{"href":"https:\/\/marekkuchcinski.pl\/sk\/wp-json\/wp\/v2\/posts\/5376","targetHints":{"allow":["GET"]}}],"collection":[{"href":"https:\/\/marekkuchcinski.pl\/sk\/wp-json\/wp\/v2\/posts"}],"about":[{"href":"https:\/\/marekkuchcinski.pl\/sk\/wp-json\/wp\/v2\/types\/post"}],"author":[{"embeddable":true,"href":"https:\/\/marekkuchcinski.pl\/sk\/wp-json\/wp\/v2\/users\/6"}],"replies":[{"embeddable":true,"href":"https:\/\/marekkuchcinski.pl\/sk\/wp-json\/wp\/v2\/comments?post=5376"}],"version-history":[{"count":1,"href":"https:\/\/marekkuchcinski.pl\/sk\/wp-json\/wp\/v2\/posts\/5376\/revisions"}],"predecessor-version":[{"id":5462,"href":"https:\/\/marekkuchcinski.pl\/sk\/wp-json\/wp\/v2\/posts\/5376\/revisions\/5462"}],"wp:attachment":[{"href":"https:\/\/marekkuchcinski.pl\/sk\/wp-json\/wp\/v2\/media?parent=5376"}],"wp:term":[{"taxonomy":"category","embeddable":true,"href":"https:\/\/marekkuchcinski.pl\/sk\/wp-json\/wp\/v2\/categories?post=5376"},{"taxonomy":"post_tag","embeddable":true,"href":"https:\/\/marekkuchcinski.pl\/sk\/wp-json\/wp\/v2\/tags?post=5376"}],"curies":[{"name":"wp","href":"https:\/\/api.w.org\/{rel}","templated":true}]}}