{"id":5373,"date":"2017-02-20T20:22:26","date_gmt":"2017-02-20T19:22:26","guid":{"rendered":"https:\/\/marekkuchcinski.pl\/?p=5373"},"modified":"2017-02-23T10:24:21","modified_gmt":"2017-02-23T09:24:21","slug":"spotkanie-marszalka-sejmu-przewodniczacym-czeskiego-senatu","status":"publish","type":"post","link":"https:\/\/marekkuchcinski.pl\/sk\/wydarzenia\/spotkanie-marszalka-sejmu-przewodniczacym-czeskiego-senatu\/","title":{"rendered":"Stretnutie predsedu Sejmu s predsedom \u010desk\u00e9ho Sen\u00e1tu"},"content":{"rendered":"<p dir=\"ltr\">Preh\u013abenie bilater\u00e1lnych vz\u0165ahov, spolupr\u00e1ca v r\u00e1mci Vy\u0161ehradskej skupiny (V4), posilnenie spolo\u010dn\u00fdch aktiv\u00edt v oblasti infra\u0161trukt\u00farnych projektov a bud\u00facnos\u0165 Eur\u00f3pskej \u00fanie boli niektor\u00e9 z t\u00e9m pondelkov\u00e9ho stretnutia predsedu Sejmu Mareka Kuchcinsk\u00e9ho so \u0161\u00e9fom \u010desk\u00e9ho Sen\u00e1tu Milanom \u0160t\u011bchom. Predseda hornej komory \u010desk\u00e9ho parlamentu je v s\u00fa\u010dasnosti na dvojd\u0148ovej ofici\u00e1lnej n\u00e1v\u0161teve Po\u013eska.<\/p>\n<p dir=\"ltr\">Politici diskutovali o perspekt\u00edvach rozvoja ve\u013emi dobr\u00fdch po\u013esko-\u010desk\u00fdch vz\u0165ahov a o ot\u00e1zkach, ktor\u00e9 by obe krajiny mohli rie\u0161i\u0165 prostredn\u00edctvom medziparlamentnej spolupr\u00e1ce, ako je napr\u00edklad probl\u00e9m stavu ovzdu\u0161ia. Predseda Sejmu a predseda \u010desk\u00e9ho Sen\u00e1tu hovorili aj o posilnen\u00ed vy\u0161ehradskej spolupr\u00e1ce vr\u00e1tane programu samitu predsedov parlamentov V4, ktor\u00fd sa uskuto\u010dn\u00ed 6. - 7. marca vo Var\u0161ave. Ako povedal predseda parlamentu Marek Kuchci\u0144ski, medzi navrhovan\u00fdmi t\u00e9mami nadch\u00e1dzaj\u00facej diskusie V4 s\u00fa aj spolo\u010dn\u00e9 podniky v oblasti kult\u00fary, ktor\u00e9 podporuj\u00fa st\u00e1ro\u010dn\u00fa trad\u00edciu vy\u0161ehradskej spolupr\u00e1ce.<\/p>\n<p dir=\"ltr\">Stretnutie bolo tie\u017e pr\u00edle\u017eitos\u0165ou na diskusiu o mo\u017enostiach roz\u0161\u00edrenia dopravn\u00fdch spojen\u00ed a spolupr\u00e1ce medzi Po\u013eskom a \u010ceskou republikou v oblasti infra\u0161trukt\u00fary vr\u00e1tane v\u00fdstavby kan\u00e1la Odra - Dunaj. Predseda Sejmu zd\u00f4raznil k\u013e\u00fa\u010dov\u00fd v\u00fdznam spolo\u010dn\u00e9ho \u00fasilia o posilnenie koridoru sp\u00e1jaj\u00faceho severn\u00fa a ju\u017en\u00fa \u010das\u0165 Eur\u00f3py. \u0160\u00e9f \u010desk\u00e9ho Sen\u00e1tu tie\u017e vyjadril n\u00e1zor, \u017ee infra\u0161trukt\u00farne prepojenie medzi severom a juhom a v\u00fdchodom a z\u00e1padom eur\u00f3pskeho kontinentu je nevyhnutn\u00e9.<\/p>\n<p dir=\"ltr\">Spomenut\u00e1 bola aj prebiehaj\u00faca diskusia o bud\u00facej podobe E\u00da po brexite. Politici sa zhodli na potrebe vymedzi\u0165 pr\u00e1vomoci vl\u00e1d a n\u00e1rodn\u00fdch parlamentov a na druhej strane Eur\u00f3pskeho parlamentu alebo Eur\u00f3pskej komisie, aby boli rozhodnutia E\u00da zrozumite\u013en\u00e9 pre ob\u010danov \u010dlensk\u00fdch \u0161t\u00e1tov. Predseda Marek Kuchci\u0144ski pouk\u00e1zal na potrebu posilni\u0165 n\u00e1rodn\u00e9 parlamenty vo vz\u0165ahu k in\u0161tit\u00faci\u00e1m E\u00da.<\/p>\n<p dir=\"ltr\"><em>Foto: Rafa\u0142 Zambrzycki, KS<\/em><\/p>\n<p dir=\"ltr\"><a href=\"https:\/\/marekkuchcinski.pl\/wp-content\/uploads\/2017\/02\/RZ__5569.view_.jpg\"><img fetchpriority=\"high\" decoding=\"async\" class=\"alignnone  wp-image-5374\" src=\"https:\/\/marekkuchcinski.pl\/wp-content\/uploads\/2017\/02\/RZ__5569.view_.jpg\" alt=\"RZ__5569.view\" width=\"1016\" height=\"677\" srcset=\"https:\/\/marekkuchcinski.pl\/wp-content\/uploads\/2017\/02\/RZ__5569.view_.jpg 800w, https:\/\/marekkuchcinski.pl\/wp-content\/uploads\/2017\/02\/RZ__5569.view_-300x200.jpg 300w, https:\/\/marekkuchcinski.pl\/wp-content\/uploads\/2017\/02\/RZ__5569.view_-768x512.jpg 768w\" sizes=\"(max-width: 1016px) 100vw, 1016px\" \/><\/a><\/p>","protected":false},"excerpt":{"rendered":"<p>Pog\u0142\u0119bienie stosunk\u00f3w dwustronnych, wsp\u00f3\u0142pracy w ramach Grupy Wyszehradzkiej (V4), wzmocnienie wsp\u00f3lnych dzia\u0142a\u0144 w zakresie projekt\u00f3w infrastrukturalnych i przysz\u0142o\u015b\u0107 Unii Europejskiej &#8211; to niekt\u00f3re tematy poniedzia\u0142kowego spotkania marsza\u0142ka Sejmu Marka Kuchci\u0144skiego z szefem czeskiego Senatu Milanem \u0160t\u011bchem. Przewodnicz\u0105cy Izby wy\u017cszej parlamentu Czech przebywa aktualnie z dwudniow\u0105 oficjaln\u0105 wizyt\u0105 w Polsce. Politycy rozmawiali o perspektywach rozwoju bardzo [&hellip;]<\/p>\n","protected":false},"author":6,"featured_media":5374,"comment_status":"open","ping_status":"open","sticky":false,"template":"","format":"standard","meta":{"ngg_post_thumbnail":0,"footnotes":""},"categories":[81,50,3],"tags":[],"class_list":["post-5373","post","type-post","status-publish","format-standard","has-post-thumbnail","hentry","category-wiesci-z-sejmu","category-wspolpraca-miedzynarodowa","category-wydarzenia"],"_links":{"self":[{"href":"https:\/\/marekkuchcinski.pl\/sk\/wp-json\/wp\/v2\/posts\/5373","targetHints":{"allow":["GET"]}}],"collection":[{"href":"https:\/\/marekkuchcinski.pl\/sk\/wp-json\/wp\/v2\/posts"}],"about":[{"href":"https:\/\/marekkuchcinski.pl\/sk\/wp-json\/wp\/v2\/types\/post"}],"author":[{"embeddable":true,"href":"https:\/\/marekkuchcinski.pl\/sk\/wp-json\/wp\/v2\/users\/6"}],"replies":[{"embeddable":true,"href":"https:\/\/marekkuchcinski.pl\/sk\/wp-json\/wp\/v2\/comments?post=5373"}],"version-history":[{"count":1,"href":"https:\/\/marekkuchcinski.pl\/sk\/wp-json\/wp\/v2\/posts\/5373\/revisions"}],"predecessor-version":[{"id":5375,"href":"https:\/\/marekkuchcinski.pl\/sk\/wp-json\/wp\/v2\/posts\/5373\/revisions\/5375"}],"wp:featuredmedia":[{"embeddable":true,"href":"https:\/\/marekkuchcinski.pl\/sk\/wp-json\/wp\/v2\/media\/5374"}],"wp:attachment":[{"href":"https:\/\/marekkuchcinski.pl\/sk\/wp-json\/wp\/v2\/media?parent=5373"}],"wp:term":[{"taxonomy":"category","embeddable":true,"href":"https:\/\/marekkuchcinski.pl\/sk\/wp-json\/wp\/v2\/categories?post=5373"},{"taxonomy":"post_tag","embeddable":true,"href":"https:\/\/marekkuchcinski.pl\/sk\/wp-json\/wp\/v2\/tags?post=5373"}],"curies":[{"name":"wp","href":"https:\/\/api.w.org\/{rel}","templated":true}]}}