{"id":5345,"date":"2017-02-22T22:24:40","date_gmt":"2017-02-22T21:24:40","guid":{"rendered":"https:\/\/marekkuchcinski.pl\/?p=5345"},"modified":"2017-02-24T13:59:44","modified_gmt":"2017-02-24T12:59:44","slug":"22-lutego-1987-zmarl-andy-warhol","status":"publish","type":"post","link":"https:\/\/marekkuchcinski.pl\/sk\/wydarzenia\/22-lutego-1987-zmarl-andy-warhol\/","title":{"rendered":"22. febru\u00e1ra 1987 zomrel Andy Warhol"},"content":{"rendered":"<p><a href=\"https:\/\/marekkuchcinski.pl\/wp-content\/uploads\/2017\/02\/warhol-andy-lata-de-sopa-campbell-i-1968.jpg\"><img decoding=\"async\" class=\"alignleft wp-image-5439\" src=\"https:\/\/marekkuchcinski.pl\/wp-content\/uploads\/2017\/02\/warhol-andy-lata-de-sopa-campbell-i-1968.jpg\" alt=\"warhol-andy-lata-de-sopa-campbell-i-1968\" width=\"53\" height=\"87\" srcset=\"https:\/\/marekkuchcinski.pl\/wp-content\/uploads\/2017\/02\/warhol-andy-lata-de-sopa-campbell-i-1968.jpg 273w, https:\/\/marekkuchcinski.pl\/wp-content\/uploads\/2017\/02\/warhol-andy-lata-de-sopa-campbell-i-1968-182x300.jpg 182w\" sizes=\"(max-width: 53px) 100vw, 53px\" \/><\/a><\/p>\n<p style=\"text-align: left;\">\u00a0Uplynulo 30. v\u00fdro\u010die \u00famrtia Andyho Warhola. Tohto umelca si treba pripom\u00edna\u0165 nielen pre jeho inovat\u00edvnos\u0165, rozmanitos\u0165 jeho tvorby a z\u00e1vratn\u00e9 ceny, ktor\u00e9 jeho obrazy dosahuj\u00fa, ale aj pre jeho korene. Warhol bol synom Lemkov z po\u013esko-slovensk\u00e9ho pohrani\u010dia, z dediny Mikov\u00e1 pri Sanoku. \u010cas\u0165 Slovenska, kde vyrastal, tvorila pred druhou svetovou vojnou po\u013esko-ma\u010farsk\u00e9 pohrani\u010die. Predchodca pop artu je preto skvelou umeleckou uk\u00e1\u017ekou Vy\u0161ehradskej skupiny.<\/p>\n<p>&nbsp;<\/p>\n<p><a href=\"https:\/\/marekkuchcinski.pl\/wp-content\/uploads\/2017\/02\/1-161102161906-new-andy-warhol-factory-stephen-shore-1-super-169.jpg\"><img fetchpriority=\"high\" decoding=\"async\" class=\"alignnone  wp-image-5436\" src=\"https:\/\/marekkuchcinski.pl\/wp-content\/uploads\/2017\/02\/1-161102161906-new-andy-warhol-factory-stephen-shore-1-super-169.jpg\" alt=\"1-161102161906-new-andy-warhol-factory-stephen-shore-1-super-169\" width=\"973\" height=\"650\" srcset=\"https:\/\/marekkuchcinski.pl\/wp-content\/uploads\/2017\/02\/1-161102161906-new-andy-warhol-factory-stephen-shore-1-super-169.jpg 909w, https:\/\/marekkuchcinski.pl\/wp-content\/uploads\/2017\/02\/1-161102161906-new-andy-warhol-factory-stephen-shore-1-super-169-300x200.jpg 300w, https:\/\/marekkuchcinski.pl\/wp-content\/uploads\/2017\/02\/1-161102161906-new-andy-warhol-factory-stephen-shore-1-super-169-768x513.jpg 768w\" sizes=\"(max-width: 973px) 100vw, 973px\" \/><\/a><em>foto: cnn.com<\/em><\/p>\n<p><a href=\"https:\/\/marekkuchcinski.pl\/wp-content\/uploads\/2017\/02\/tumblr_nezel5Mga21rqdvlwo1_1280.jpg\"><img decoding=\"async\" class=\"alignnone size-full wp-image-5440\" src=\"https:\/\/marekkuchcinski.pl\/wp-content\/uploads\/2017\/02\/tumblr_nezel5Mga21rqdvlwo1_1280.jpg\" alt=\"tumblr_nezel5Mga21rqdvlwo1_1280\" width=\"1200\" height=\"1200\" srcset=\"https:\/\/marekkuchcinski.pl\/wp-content\/uploads\/2017\/02\/tumblr_nezel5Mga21rqdvlwo1_1280.jpg 1200w, https:\/\/marekkuchcinski.pl\/wp-content\/uploads\/2017\/02\/tumblr_nezel5Mga21rqdvlwo1_1280-150x150.jpg 150w, https:\/\/marekkuchcinski.pl\/wp-content\/uploads\/2017\/02\/tumblr_nezel5Mga21rqdvlwo1_1280-300x300.jpg 300w, https:\/\/marekkuchcinski.pl\/wp-content\/uploads\/2017\/02\/tumblr_nezel5Mga21rqdvlwo1_1280-768x768.jpg 768w, https:\/\/marekkuchcinski.pl\/wp-content\/uploads\/2017\/02\/tumblr_nezel5Mga21rqdvlwo1_1280-1024x1024.jpg 1024w\" sizes=\"(max-width: 1200px) 100vw, 1200px\" \/><\/a><a href=\"https:\/\/marekkuchcinski.pl\/wp-content\/uploads\/2017\/02\/Warhol.jpg\"><img loading=\"lazy\" decoding=\"async\" class=\"alignnone wp-image-5346\" src=\"https:\/\/marekkuchcinski.pl\/wp-content\/uploads\/2017\/02\/Warhol.jpg\" alt=\"Warhol\" width=\"1051\" height=\"704\" srcset=\"https:\/\/marekkuchcinski.pl\/wp-content\/uploads\/2017\/02\/Warhol.jpg 675w, https:\/\/marekkuchcinski.pl\/wp-content\/uploads\/2017\/02\/Warhol-300x201.jpg 300w\" sizes=\"(max-width: 1051px) 100vw, 1051px\" \/><\/a><em>Foto: The Times<\/em><a href=\"https:\/\/marekkuchcinski.pl\/wp-content\/uploads\/2017\/02\/wa.jpg\"><img loading=\"lazy\" decoding=\"async\" class=\"alignnone  wp-image-5433\" src=\"https:\/\/marekkuchcinski.pl\/wp-content\/uploads\/2017\/02\/wa.jpg\" alt=\"wa\" width=\"981\" height=\"552\" srcset=\"https:\/\/marekkuchcinski.pl\/wp-content\/uploads\/2017\/02\/wa.jpg 768w, https:\/\/marekkuchcinski.pl\/wp-content\/uploads\/2017\/02\/wa-300x169.jpg 300w\" sizes=\"(max-width: 981px) 100vw, 981px\" \/><\/a><em>foto: independent.co.uk<\/em><\/p>\n<p><a href=\"https:\/\/marekkuchcinski.pl\/wp-content\/uploads\/2017\/02\/4809SR4.jpg\"><img loading=\"lazy\" decoding=\"async\" class=\"alignnone  wp-image-5437\" src=\"https:\/\/marekkuchcinski.pl\/wp-content\/uploads\/2017\/02\/4809SR4.jpg\" alt=\"4809SR4\" width=\"534\" height=\"315\" srcset=\"https:\/\/marekkuchcinski.pl\/wp-content\/uploads\/2017\/02\/4809SR4.jpg 500w, https:\/\/marekkuchcinski.pl\/wp-content\/uploads\/2017\/02\/4809SR4-300x177.jpg 300w\" sizes=\"(max-width: 534px) 100vw, 534px\" \/><\/a> <a href=\"https:\/\/marekkuchcinski.pl\/wp-content\/uploads\/2017\/02\/images.jpg\"><img loading=\"lazy\" decoding=\"async\" class=\"alignnone  wp-image-5438\" src=\"https:\/\/marekkuchcinski.pl\/wp-content\/uploads\/2017\/02\/images.jpg\" alt=\"images\" width=\"416\" height=\"312\" \/><\/a><\/p>\n<p>&nbsp;<\/p>","protected":false},"excerpt":{"rendered":"<p>\u00a0Mija 30. rocznica \u015bmierci Andy\u2019ego Warhola. Warto wspomnie\u0107 tego artyst\u0119 nie tylko ze wzgl\u0119du na nowatorstwo, r\u00f3\u017cnorodno\u015b\u0107 tw\u00f3rczo\u015bci i zawrotn\u0105 cen\u0119, jaka osi\u0105gaj\u0105 jego obrazy, ale tak\u017ce ze wzgl\u0119du na jego korzenie. Warhol by\u0142 synem \u0141emk\u00f3w z pogranicza polsko-s\u0142owackiego, z wioski Mikova niedaleko Sanoka. Cz\u0119\u015b\u0107 S\u0142owacji, gdzie dorasta\u0142, przed II wojn\u0105 \u015bwiatow\u0105 tworzy\u0142a pogranicze polsko-w\u0119gierskie. [&hellip;]<\/p>\n","protected":false},"author":6,"featured_media":5436,"comment_status":"open","ping_status":"open","sticky":false,"template":"","format":"standard","meta":{"ngg_post_thumbnail":0,"footnotes":""},"categories":[77,3],"tags":[],"class_list":["post-5345","post","type-post","status-publish","format-standard","has-post-thumbnail","hentry","category-wazne-daty","category-wydarzenia"],"_links":{"self":[{"href":"https:\/\/marekkuchcinski.pl\/sk\/wp-json\/wp\/v2\/posts\/5345","targetHints":{"allow":["GET"]}}],"collection":[{"href":"https:\/\/marekkuchcinski.pl\/sk\/wp-json\/wp\/v2\/posts"}],"about":[{"href":"https:\/\/marekkuchcinski.pl\/sk\/wp-json\/wp\/v2\/types\/post"}],"author":[{"embeddable":true,"href":"https:\/\/marekkuchcinski.pl\/sk\/wp-json\/wp\/v2\/users\/6"}],"replies":[{"embeddable":true,"href":"https:\/\/marekkuchcinski.pl\/sk\/wp-json\/wp\/v2\/comments?post=5345"}],"version-history":[{"count":3,"href":"https:\/\/marekkuchcinski.pl\/sk\/wp-json\/wp\/v2\/posts\/5345\/revisions"}],"predecessor-version":[{"id":5441,"href":"https:\/\/marekkuchcinski.pl\/sk\/wp-json\/wp\/v2\/posts\/5345\/revisions\/5441"}],"wp:featuredmedia":[{"embeddable":true,"href":"https:\/\/marekkuchcinski.pl\/sk\/wp-json\/wp\/v2\/media\/5436"}],"wp:attachment":[{"href":"https:\/\/marekkuchcinski.pl\/sk\/wp-json\/wp\/v2\/media?parent=5345"}],"wp:term":[{"taxonomy":"category","embeddable":true,"href":"https:\/\/marekkuchcinski.pl\/sk\/wp-json\/wp\/v2\/categories?post=5345"},{"taxonomy":"post_tag","embeddable":true,"href":"https:\/\/marekkuchcinski.pl\/sk\/wp-json\/wp\/v2\/tags?post=5345"}],"curies":[{"name":"wp","href":"https:\/\/api.w.org\/{rel}","templated":true}]}}