{"id":5331,"date":"2017-02-16T13:00:28","date_gmt":"2017-02-16T12:00:28","guid":{"rendered":"https:\/\/marekkuchcinski.pl\/?p=5331"},"modified":"2017-02-16T13:00:28","modified_gmt":"2017-02-16T12:00:28","slug":"oslo-rozmowy-o-polityce-bezpieczenstwa-obrony-przyszlosci-europy-stosunkach-polsko-norweskich","status":"publish","type":"post","link":"https:\/\/marekkuchcinski.pl\/sk\/wydarzenia\/oslo-rozmowy-o-polityce-bezpieczenstwa-obrony-przyszlosci-europy-stosunkach-polsko-norweskich\/","title":{"rendered":"Oslo: rokovania o bezpe\u010dnostnej a obrannej politike, bud\u00facnosti Eur\u00f3py a po\u013esko-n\u00f3rskych vz\u0165ahoch"},"content":{"rendered":"<p dir=\"ltr\">Posilnenie spolupr\u00e1ce v oblasti bezpe\u010dnosti a obrany, situ\u00e1cia v Eur\u00f3pe po brexite, preh\u013abenie region\u00e1lnej spolupr\u00e1ce, ako aj rozvoj bilater\u00e1lnych vz\u0165ahov boli niektor\u00e9 z t\u00e9m ofici\u00e1lnej n\u00e1v\u0161tevy predsedu Sejmu Mareka Kuchci\u0144sk\u00e9ho v N\u00f3rsku, ktor\u00e1 sa skon\u010dila v stredu. Po\u010das dvoch dn\u00ed absolvoval s\u00e9riu stretnut\u00ed so z\u00e1stupcami najvy\u0161\u0161\u00edch org\u00e1nov krajiny. Predseda Sejmu rokoval okrem in\u00e9ho s predsedom parlamentu Olemicom Thommessenom, n\u00f3rskym kr\u00e1\u013eom Haraldom V. a \u0161\u00e9fkou vl\u00e1dy Ernou Solbergovou.<\/p>\n<p dir=\"ltr\">O siln\u00fdch po\u013esko-n\u00f3rskych vz\u0165ahoch, ako uviedol mar\u0161al Marek Kuchci\u0144ski v rozhovore so \u0161\u00e9fom Stortingu Olemicom Thommessenom, sved\u010d\u00ed okrem in\u00e9ho aj prijatie strat\u00e9gie spolupr\u00e1ce N\u00f3rska s Po\u013eskom. Predseda n\u00f3rskeho parlamentu pouk\u00e1zal na ve\u013emi dobr\u00e9 vz\u0165ahy medzi oboma krajinami, ktor\u00e9 sa prejavuj\u00fa v tom, ko\u013eko Poliakov je zakorenen\u00fdch v n\u00f3rskej spolo\u010dnosti.<\/p>\n<p dir=\"ltr\">Predseda Sejmu zd\u00f4raznil v\u00fdznam posilnenia vz\u0165ahov v parlamentnej dimenzii v oblastiach, ako je spolupr\u00e1ca v r\u00e1mci NATO a bezpe\u010dnostn\u00e1 politika vr\u00e1tane energetickej bezpe\u010dnosti. Pod\u013ea Olemica Thommessena ot\u00e1zka bezpe\u010dnosti, vojenskej a obrannej spolupr\u00e1ce a s\u00fa\u010dasn\u00e9 trendy v medzin\u00e1rodnej politike ukazuj\u00fa, \u017ee je d\u00f4le\u017eit\u00e9 udr\u017ea\u0165 stabilitu v Eur\u00f3pe.<\/p>\n<p dir=\"ltr\">Politici hovorili aj o n\u00f3rskych sk\u00fasenostiach so spolupr\u00e1cou s E\u00da v kontexte brexitu a diskusie o bud\u00facnosti \u00danie. Predseda Sejmu zd\u00f4raznil v\u00fdznam projektu Eur\u00f3py solidarity a suver\u00e9nnych \u0161t\u00e1tov. \u0160\u00e9f Stortingu zd\u00f4raznil, \u017ee N\u00f3rsko chce prispie\u0165 k lep\u0161iemu rozvoju E\u00da a m\u00e1 s \u0148ou \u00fazke vz\u0165ahy prostredn\u00edctvom v\u00e4zieb na Eur\u00f3psky hospod\u00e1rsky priestor.<\/p>\n<p dir=\"ltr\">Otvorila sa aj ot\u00e1zka posilnenia region\u00e1lnej spolupr\u00e1ce, vr\u00e1tane seversko-baltskej spolupr\u00e1ce, ako aj projektov in\u0161pirovan\u00fdch krajinami strednej a v\u00fdchodnej Eur\u00f3py, ktor\u00fdch pr\u00edkladom je organiz\u00e1cia parlamentn\u00e9ho samitu strednej a severov\u00fdchodnej Eur\u00f3py v Po\u013esku, ktor\u00fa predseda Sejmu ohl\u00e1sil na m\u00e1j tohto roku. Pod\u013ea Mareka Kuchcinsk\u00e9ho je potrebn\u00e9 spolo\u010dne h\u013eada\u0165 odpovede okrem in\u00e9ho na v\u00fdzvy v oblasti bezpe\u010dnosti a migr\u00e1cie a obnovi\u0165 diskusiu o hodnotovom syst\u00e9me v celej Eur\u00f3pe, nielen v E\u00da.<\/p>\n<p dir=\"ltr\">Predseda Sejmu Marek Kuchci\u0144ski rokoval s n\u00f3rskou premi\u00e9rkou Ernou Solbergovou okrem in\u00e9ho o bezpe\u010dnostnej politike a preh\u013aben\u00ed spolupr\u00e1ce v r\u00e1mci Severoatlantickej aliancie. Predseda Sejmu pripomenul v\u00fdznam rozhodnut\u00ed z minuloro\u010dn\u00e9ho samitu NATO vo Var\u0161ave, ktor\u00e9 sa t\u00fdkali posilnenia v\u00fdchodn\u00e9ho kr\u00eddla a vojenskej pr\u00edtomnosti Aliancie. Premi\u00e9rka Solbergov\u00e1 uviedla, \u017ee N\u00f3rsko je odhodlan\u00e9 zabezpe\u010di\u0165, aby NATO bolo na\u010falej n\u00e1strojom na zachovanie a posilnenie bezpe\u010dnosti v Eur\u00f3pe.<\/p>\n<p dir=\"ltr\">O anga\u017eovanosti parlamentov, najm\u00e4 v\u00fdborov, v ot\u00e1zkach bezpe\u010dnosti v na\u0161ej \u010dasti Eur\u00f3py hovoril mar\u0161\u00e1lek Sejmu Marek Kuchci\u0144ski so z\u00e1stupcami V\u00fdboru pre zahrani\u010dn\u00e9 veci a obranu Stortingu a ved\u00facimi n\u00f3rskych deleg\u00e1ci\u00ed v parlamentn\u00fdch zhroma\u017edeniach vr\u00e1tane NATO, Rady Eur\u00f3py a Eur\u00f3pskeho hospod\u00e1rskeho priestoru. Predseda Sejmu pripomenul najm\u00e4 to, \u017ee bezpe\u010dnos\u0165 E\u00da a celej Eur\u00f3py je zalo\u017een\u00e1 na silnej Severoatlantickej aliancii a na zvy\u0161ovan\u00ed jej pr\u00edtomnosti. T\u00e9mou stretnutia so z\u00e1stupcami v\u00fdborov pre zahrani\u010dn\u00e9 veci a obranu bolo h\u013eadanie sp\u00f4sobov e\u0161te u\u017e\u0161ej spolupr\u00e1ce ozbrojen\u00fdch s\u00edl a zbroj\u00e1rskeho priemyslu oboch kraj\u00edn. S ved\u00facimi n\u00f3rskej parlamentnej deleg\u00e1cie Marek Kuchci\u0144ski hovoril aj o rozvoji spolupr\u00e1ce v r\u00e1mci medzin\u00e1rodn\u00fdch organiz\u00e1ci\u00ed, ktor\u00e9 zastupuj\u00fa.<\/p>\n<p dir=\"ltr\">Ofici\u00e1lna n\u00e1v\u0161teva predsedu Sejmu v Osle bola tie\u017e pr\u00edle\u017eitos\u0165ou na stretnutie so z\u00e1stupcami n\u00f3rskej po\u013eskej komunity. Okrem in\u00e9ho hovorili o poh\u013eade na fungovanie \u0161t\u00e1tu z h\u013eadiska \u00faspechov a sk\u00fasenost\u00ed z hist\u00f3rie, \u010do umo\u017e\u0148uje vyvodi\u0165 z\u00e1very pre bud\u00facnos\u0165. Predseda Sejmu hovoril o v\u00fdznamn\u00fdch historick\u00fdch v\u00fdro\u010diach, ako je minuloro\u010dn\u00e9 jubileum 1050. v\u00fdro\u010dia krstu Po\u013eska, 100. v\u00fdro\u010die znovuz\u00edskania nez\u00e1vislosti, ktor\u00e9 osl\u00e1vime bud\u00faci rok, a st\u00e9 v\u00fdro\u010die prv\u00e9ho zasadnutia z\u00e1konodarn\u00e9ho zboru, ktor\u00e9 pripad\u00e1 na rok 2019. Marek Kuchci\u0144ski okrem in\u00e9ho upozornil aj na posilnenie \u0161t\u00e1tnej politiky vo\u010di krajanom \u017eij\u00facim v zahrani\u010d\u00ed. Pod\u013ea r\u00f4znych zdrojov \u017eije v N\u00f3rsku a\u017e 120 000 Poliakov a os\u00f4b po\u013esk\u00e9ho p\u00f4vodu.<\/p>\n<p dir=\"ltr\">Okrem toho si po\u010das n\u00e1v\u0161tevy mar\u0161\u00e1lek Sejmu Marek Kuchci\u0144ski za sl\u00e1vnostnej asistencie n\u00f3rskej kr\u00e1\u013eovskej gardy uctil pamiatku padl\u00fdch Poliakov pochovan\u00fdch na cintor\u00edne Vestre Gravlund v Osle. Po\u013esk\u00e1 parlamentn\u00e1 deleg\u00e1cia na \u010dele s predsedom Sejmu si uctila pamiatku 7 po\u013esk\u00fdch letcov a 3 \"cichociemn\u00fdch\", ako aj pamiatku 24 \u010fal\u0161\u00edch Poliakov, ktor\u00ed pri\u0161li o \u017eivot v N\u00f3rsku v rokoch 1940 a\u017e 1945.<\/p>\n<p dir=\"ltr\">Predseda Sejmu nav\u0161t\u00edvil aj miesto, ktor\u00e9 je pre mnoh\u00fdch po\u013esk\u00fdch fan\u00fa\u0161ikov legendou skokov na ly\u017eiach Adamom Ma\u0142yszom. Re\u010d je o skokanskom most\u00edku Holmenkollen na predmest\u00ed Osla, kde \"Orol z Visly\" v roku 1996 prv\u00fdkr\u00e1t vyhral Svetov\u00fd poh\u00e1r a nesk\u00f4r st\u00e1l na najvy\u0161\u0161om stupni v\u00ed\u0165azov e\u0161te \u0161tyrikr\u00e1t. Kr\u00e1\u013eovsk\u00fd skokansk\u00fd most\u00edk v n\u00f3rskom hlavnom meste bol v roku 2008 zb\u00faran\u00fd a nahraden\u00fd nov\u00fdm, ktor\u00fd bol otvoren\u00fd v roku 2010.<\/p>\n<p dir=\"ltr\">N\u00e1v\u0161teva mar\u0161ala Mareka Kuchci\u0144sk\u00e9ho v N\u00f3rsku je prvou n\u00e1v\u0161tevou najvy\u0161\u0161ieho predstavite\u013ea Sejmu v tejto krajine za posledn\u00fdch 20 rokov. Po\u013esk\u00fa parlamentn\u00fa deleg\u00e1ciu tvorili okrem mar\u0161\u00e1lka Sejmu aj predsedn\u00ed\u010dka po\u013esko-n\u00f3rskej parlamentnej skupiny, poslanky\u0148a Gabriela Mas\u0142owska, a podpredseda skupiny, sen\u00e1tor Robert Mam\u0105tow.<\/p>\n<p dir=\"ltr\"><em>text: Kancel\u00e1ria Sejmu<\/em><\/p>\n<p dir=\"ltr\"><em>foto: Pawel Kula<\/em><\/p>\n<p dir=\"ltr\"><a href=\"https:\/\/marekkuchcinski.pl\/wp-content\/uploads\/2017\/02\/1-KU103020.jpg\"><img fetchpriority=\"high\" decoding=\"async\" class=\"alignnone size-full wp-image-5333\" src=\"https:\/\/marekkuchcinski.pl\/wp-content\/uploads\/2017\/02\/1-KU103020.jpg\" alt=\"1-KU103020\" width=\"1800\" height=\"1200\" srcset=\"https:\/\/marekkuchcinski.pl\/wp-content\/uploads\/2017\/02\/1-KU103020.jpg 1800w, https:\/\/marekkuchcinski.pl\/wp-content\/uploads\/2017\/02\/1-KU103020-300x200.jpg 300w, https:\/\/marekkuchcinski.pl\/wp-content\/uploads\/2017\/02\/1-KU103020-768x512.jpg 768w, https:\/\/marekkuchcinski.pl\/wp-content\/uploads\/2017\/02\/1-KU103020-1024x683.jpg 1024w\" sizes=\"(max-width: 1800px) 100vw, 1800px\" \/><\/a> <a href=\"https:\/\/marekkuchcinski.pl\/wp-content\/uploads\/2017\/02\/1-KU104022-1.jpg\"><img decoding=\"async\" class=\"alignnone size-full wp-image-5334\" src=\"https:\/\/marekkuchcinski.pl\/wp-content\/uploads\/2017\/02\/1-KU104022-1.jpg\" alt=\"1-KU104022\" width=\"1800\" height=\"1200\" srcset=\"https:\/\/marekkuchcinski.pl\/wp-content\/uploads\/2017\/02\/1-KU104022-1.jpg 1800w, https:\/\/marekkuchcinski.pl\/wp-content\/uploads\/2017\/02\/1-KU104022-1-300x200.jpg 300w, https:\/\/marekkuchcinski.pl\/wp-content\/uploads\/2017\/02\/1-KU104022-1-768x512.jpg 768w, https:\/\/marekkuchcinski.pl\/wp-content\/uploads\/2017\/02\/1-KU104022-1-1024x683.jpg 1024w\" sizes=\"(max-width: 1800px) 100vw, 1800px\" \/><\/a> <a href=\"https:\/\/marekkuchcinski.pl\/wp-content\/uploads\/2017\/02\/1-KU104169.jpg\"><img decoding=\"async\" class=\"alignnone size-full wp-image-5335\" src=\"https:\/\/marekkuchcinski.pl\/wp-content\/uploads\/2017\/02\/1-KU104169.jpg\" alt=\"1-KU104169\" width=\"1800\" height=\"1200\" srcset=\"https:\/\/marekkuchcinski.pl\/wp-content\/uploads\/2017\/02\/1-KU104169.jpg 1800w, https:\/\/marekkuchcinski.pl\/wp-content\/uploads\/2017\/02\/1-KU104169-300x200.jpg 300w, https:\/\/marekkuchcinski.pl\/wp-content\/uploads\/2017\/02\/1-KU104169-768x512.jpg 768w, https:\/\/marekkuchcinski.pl\/wp-content\/uploads\/2017\/02\/1-KU104169-1024x683.jpg 1024w\" sizes=\"(max-width: 1800px) 100vw, 1800px\" \/><\/a> <a href=\"https:\/\/marekkuchcinski.pl\/wp-content\/uploads\/2017\/02\/1-KU104075.jpg\"><img loading=\"lazy\" decoding=\"async\" class=\"alignnone size-full wp-image-5343\" src=\"https:\/\/marekkuchcinski.pl\/wp-content\/uploads\/2017\/02\/1-KU104075.jpg\" alt=\"1-KU104075\" width=\"1800\" height=\"1200\" srcset=\"https:\/\/marekkuchcinski.pl\/wp-content\/uploads\/2017\/02\/1-KU104075.jpg 1800w, https:\/\/marekkuchcinski.pl\/wp-content\/uploads\/2017\/02\/1-KU104075-300x200.jpg 300w, https:\/\/marekkuchcinski.pl\/wp-content\/uploads\/2017\/02\/1-KU104075-768x512.jpg 768w, https:\/\/marekkuchcinski.pl\/wp-content\/uploads\/2017\/02\/1-KU104075-1024x683.jpg 1024w\" sizes=\"(max-width: 1800px) 100vw, 1800px\" \/><\/a><a href=\"https:\/\/marekkuchcinski.pl\/wp-content\/uploads\/2017\/02\/1-KU104692.jpg\"><img loading=\"lazy\" decoding=\"async\" class=\"alignnone size-full wp-image-5336\" src=\"https:\/\/marekkuchcinski.pl\/wp-content\/uploads\/2017\/02\/1-KU104692.jpg\" alt=\"1-KU104692\" width=\"1800\" height=\"1200\" srcset=\"https:\/\/marekkuchcinski.pl\/wp-content\/uploads\/2017\/02\/1-KU104692.jpg 1800w, https:\/\/marekkuchcinski.pl\/wp-content\/uploads\/2017\/02\/1-KU104692-300x200.jpg 300w, https:\/\/marekkuchcinski.pl\/wp-content\/uploads\/2017\/02\/1-KU104692-768x512.jpg 768w, https:\/\/marekkuchcinski.pl\/wp-content\/uploads\/2017\/02\/1-KU104692-1024x683.jpg 1024w\" sizes=\"(max-width: 1800px) 100vw, 1800px\" \/><\/a><a href=\"https:\/\/marekkuchcinski.pl\/wp-content\/uploads\/2017\/02\/KU102602.jpg\"><img loading=\"lazy\" decoding=\"async\" class=\"alignnone size-full wp-image-5337\" src=\"https:\/\/marekkuchcinski.pl\/wp-content\/uploads\/2017\/02\/KU102602.jpg\" alt=\"KU102602\" width=\"1800\" height=\"1200\" srcset=\"https:\/\/marekkuchcinski.pl\/wp-content\/uploads\/2017\/02\/KU102602.jpg 1800w, https:\/\/marekkuchcinski.pl\/wp-content\/uploads\/2017\/02\/KU102602-300x200.jpg 300w, https:\/\/marekkuchcinski.pl\/wp-content\/uploads\/2017\/02\/KU102602-768x512.jpg 768w, https:\/\/marekkuchcinski.pl\/wp-content\/uploads\/2017\/02\/KU102602-1024x683.jpg 1024w\" sizes=\"(max-width: 1800px) 100vw, 1800px\" \/><\/a> <a href=\"https:\/\/marekkuchcinski.pl\/wp-content\/uploads\/2017\/02\/KU102778-Pano.jpg\"><img loading=\"lazy\" decoding=\"async\" class=\"alignnone size-full wp-image-5339\" src=\"https:\/\/marekkuchcinski.pl\/wp-content\/uploads\/2017\/02\/KU102778-Pano.jpg\" alt=\"KU102778-Pano\" width=\"1800\" height=\"987\" srcset=\"https:\/\/marekkuchcinski.pl\/wp-content\/uploads\/2017\/02\/KU102778-Pano.jpg 1800w, https:\/\/marekkuchcinski.pl\/wp-content\/uploads\/2017\/02\/KU102778-Pano-300x165.jpg 300w, https:\/\/marekkuchcinski.pl\/wp-content\/uploads\/2017\/02\/KU102778-Pano-768x421.jpg 768w, https:\/\/marekkuchcinski.pl\/wp-content\/uploads\/2017\/02\/KU102778-Pano-1024x561.jpg 1024w\" sizes=\"(max-width: 1800px) 100vw, 1800px\" \/><\/a> <a href=\"https:\/\/marekkuchcinski.pl\/wp-content\/uploads\/2017\/02\/KU103295.jpg\"><img loading=\"lazy\" decoding=\"async\" class=\"alignnone size-full wp-image-5340\" src=\"https:\/\/marekkuchcinski.pl\/wp-content\/uploads\/2017\/02\/KU103295.jpg\" alt=\"KU103295\" width=\"1800\" height=\"1200\" srcset=\"https:\/\/marekkuchcinski.pl\/wp-content\/uploads\/2017\/02\/KU103295.jpg 1800w, https:\/\/marekkuchcinski.pl\/wp-content\/uploads\/2017\/02\/KU103295-300x200.jpg 300w, https:\/\/marekkuchcinski.pl\/wp-content\/uploads\/2017\/02\/KU103295-768x512.jpg 768w, https:\/\/marekkuchcinski.pl\/wp-content\/uploads\/2017\/02\/KU103295-1024x683.jpg 1024w\" sizes=\"(max-width: 1800px) 100vw, 1800px\" \/><\/a> <a href=\"https:\/\/marekkuchcinski.pl\/wp-content\/uploads\/2017\/02\/KU103443.jpg\"><img loading=\"lazy\" decoding=\"async\" class=\"alignnone size-full wp-image-5341\" src=\"https:\/\/marekkuchcinski.pl\/wp-content\/uploads\/2017\/02\/KU103443.jpg\" alt=\"KU103443\" width=\"1800\" height=\"1200\" srcset=\"https:\/\/marekkuchcinski.pl\/wp-content\/uploads\/2017\/02\/KU103443.jpg 1800w, https:\/\/marekkuchcinski.pl\/wp-content\/uploads\/2017\/02\/KU103443-300x200.jpg 300w, https:\/\/marekkuchcinski.pl\/wp-content\/uploads\/2017\/02\/KU103443-768x512.jpg 768w, https:\/\/marekkuchcinski.pl\/wp-content\/uploads\/2017\/02\/KU103443-1024x683.jpg 1024w\" sizes=\"(max-width: 1800px) 100vw, 1800px\" \/><\/a> <a href=\"https:\/\/marekkuchcinski.pl\/wp-content\/uploads\/2017\/02\/KU103515.jpg\"><img loading=\"lazy\" decoding=\"async\" class=\"alignnone size-full wp-image-5342\" src=\"https:\/\/marekkuchcinski.pl\/wp-content\/uploads\/2017\/02\/KU103515.jpg\" alt=\"KU103515\" width=\"1800\" height=\"1200\" srcset=\"https:\/\/marekkuchcinski.pl\/wp-content\/uploads\/2017\/02\/KU103515.jpg 1800w, https:\/\/marekkuchcinski.pl\/wp-content\/uploads\/2017\/02\/KU103515-300x200.jpg 300w, https:\/\/marekkuchcinski.pl\/wp-content\/uploads\/2017\/02\/KU103515-768x512.jpg 768w, https:\/\/marekkuchcinski.pl\/wp-content\/uploads\/2017\/02\/KU103515-1024x683.jpg 1024w\" sizes=\"(max-width: 1800px) 100vw, 1800px\" \/><\/a><\/p>","protected":false},"excerpt":{"rendered":"<p>Wzmacnianie wsp\u00f3\u0142pracy w dziedzinie bezpiecze\u0144stwa i obronno\u015bci, sytuacja w Europie po Brexicie, pog\u0142\u0119bianie wsp\u00f3\u0142pracy regionalnej, a tak\u017ce rozw\u00f3j relacji dwustronnych to niekt\u00f3re tematy zako\u0144czonej w \u015brod\u0119 oficjalnej wizyty marsza\u0142ka Sejmu Marka Kuchci\u0144skiego w Norwegii. Przez dwa dni odby\u0142 on szereg spotka\u0144 z przedstawicielami najwy\u017cszych w\u0142adz tego kraju. Marsza\u0142ek Sejmu rozmawia\u0142 m.in. z przewodnicz\u0105cym parlamentu Olemicem [&hellip;]<\/p>","protected":false},"author":6,"featured_media":5332,"comment_status":"open","ping_status":"open","sticky":false,"template":"","format":"standard","meta":{"ngg_post_thumbnail":0,"footnotes":""},"categories":[50,3],"tags":[],"class_list":["post-5331","post","type-post","status-publish","format-standard","has-post-thumbnail","hentry","category-wspolpraca-miedzynarodowa","category-wydarzenia"],"yoast_head":"<!-- This site is optimized with the Yoast SEO plugin v24.7 - https:\/\/yoast.com\/wordpress\/plugins\/seo\/ -->\n<title>Oslo: rozmowy o polityce bezpiecze\u0144stwa i obrony, przysz\u0142o\u015bci Europy i stosunkach polsko-norweskich &#8211; Marek Kuchci\u0144ski<\/title>\n<meta name=\"robots\" content=\"index, follow, max-snippet:-1, max-image-preview:large, max-video-preview:-1\" \/>\n<link rel=\"canonical\" href=\"https:\/\/marekkuchcinski.pl\/sk\/wydarzenia\/oslo-rozmowy-o-polityce-bezpieczenstwa-obrony-przyszlosci-europy-stosunkach-polsko-norweskich\/\" \/>\n<meta property=\"og:locale\" content=\"sk_SK\" \/>\n<meta property=\"og:type\" content=\"article\" \/>\n<meta property=\"og:title\" content=\"Oslo: rozmowy o polityce bezpiecze\u0144stwa i obrony, przysz\u0142o\u015bci Europy i stosunkach polsko-norweskich &#8211; Marek Kuchci\u0144ski\" \/>\n<meta property=\"og:description\" content=\"Wzmacnianie wsp\u00f3\u0142pracy w dziedzinie bezpiecze\u0144stwa i obronno\u015bci, sytuacja w Europie po Brexicie, pog\u0142\u0119bianie wsp\u00f3\u0142pracy regionalnej, a tak\u017ce rozw\u00f3j relacji dwustronnych to niekt\u00f3re tematy zako\u0144czonej w \u015brod\u0119 oficjalnej wizyty marsza\u0142ka Sejmu Marka Kuchci\u0144skiego w Norwegii. Przez dwa dni odby\u0142 on szereg spotka\u0144 z przedstawicielami najwy\u017cszych w\u0142adz tego kraju. Marsza\u0142ek Sejmu rozmawia\u0142 m.in. z przewodnicz\u0105cym parlamentu Olemicem [&hellip;]\" \/>\n<meta property=\"og:url\" content=\"https:\/\/marekkuchcinski.pl\/sk\/wydarzenia\/oslo-rozmowy-o-polityce-bezpieczenstwa-obrony-przyszlosci-europy-stosunkach-polsko-norweskich\/\" \/>\n<meta property=\"og:site_name\" content=\"Marek Kuchci\u0144ski\" \/>\n<meta property=\"article:published_time\" content=\"2017-02-16T12:00:28+00:00\" \/>\n<meta property=\"og:image\" content=\"https:\/\/marekkuchcinski.pl\/wp-content\/uploads\/2017\/02\/1-KU104022.jpg\" \/>\n\t<meta property=\"og:image:width\" content=\"1800\" \/>\n\t<meta property=\"og:image:height\" content=\"1200\" \/>\n\t<meta property=\"og:image:type\" content=\"image\/jpeg\" \/>\n<meta name=\"author\" content=\"admin\" \/>\n<meta name=\"twitter:card\" content=\"summary_large_image\" \/>\n<meta name=\"twitter:label1\" content=\"Autor\" \/>\n\t<meta name=\"twitter:data1\" content=\"admin\" \/>\n\t<meta name=\"twitter:label2\" content=\"Predpokladan\u00fd \u010das \u010d\u00edtania\" \/>\n\t<meta name=\"twitter:data2\" content=\"4 min\u00faty\" \/>\n<script type=\"application\/ld+json\" class=\"yoast-schema-graph\">{\"@context\":\"https:\/\/schema.org\",\"@graph\":[{\"@type\":\"Article\",\"@id\":\"https:\/\/marekkuchcinski.pl\/en\/wydarzenia\/oslo-rozmowy-o-polityce-bezpieczenstwa-obrony-przyszlosci-europy-stosunkach-polsko-norweskich\/#article\",\"isPartOf\":{\"@id\":\"https:\/\/marekkuchcinski.pl\/en\/wydarzenia\/oslo-rozmowy-o-polityce-bezpieczenstwa-obrony-przyszlosci-europy-stosunkach-polsko-norweskich\/\"},\"author\":{\"name\":\"admin\",\"@id\":\"https:\/\/marekkuchcinski.pl\/#\/schema\/person\/6f62700996b4d950b6ea2d1183b6c6be\"},\"headline\":\"Oslo: rozmowy o polityce bezpiecze\u0144stwa i obrony, przysz\u0142o\u015bci Europy i stosunkach polsko-norweskich\",\"datePublished\":\"2017-02-16T12:00:28+00:00\",\"mainEntityOfPage\":{\"@id\":\"https:\/\/marekkuchcinski.pl\/en\/wydarzenia\/oslo-rozmowy-o-polityce-bezpieczenstwa-obrony-przyszlosci-europy-stosunkach-polsko-norweskich\/\"},\"wordCount\":900,\"commentCount\":0,\"publisher\":{\"@id\":\"https:\/\/marekkuchcinski.pl\/#organization\"},\"image\":{\"@id\":\"https:\/\/marekkuchcinski.pl\/en\/wydarzenia\/oslo-rozmowy-o-polityce-bezpieczenstwa-obrony-przyszlosci-europy-stosunkach-polsko-norweskich\/#primaryimage\"},\"thumbnailUrl\":\"https:\/\/marekkuchcinski.pl\/wp-content\/uploads\/2017\/02\/1-KU104022.jpg\",\"articleSection\":[\"Wsp\u00f3\u0142praca mi\u0119dzynarodowa\",\"Wydarzenia\"],\"inLanguage\":\"sk-SK\",\"potentialAction\":[{\"@type\":\"CommentAction\",\"name\":\"Comment\",\"target\":[\"https:\/\/marekkuchcinski.pl\/en\/wydarzenia\/oslo-rozmowy-o-polityce-bezpieczenstwa-obrony-przyszlosci-europy-stosunkach-polsko-norweskich\/#respond\"]}]},{\"@type\":\"WebPage\",\"@id\":\"https:\/\/marekkuchcinski.pl\/en\/wydarzenia\/oslo-rozmowy-o-polityce-bezpieczenstwa-obrony-przyszlosci-europy-stosunkach-polsko-norweskich\/\",\"url\":\"https:\/\/marekkuchcinski.pl\/en\/wydarzenia\/oslo-rozmowy-o-polityce-bezpieczenstwa-obrony-przyszlosci-europy-stosunkach-polsko-norweskich\/\",\"name\":\"Oslo: rozmowy o polityce bezpiecze\u0144stwa i obrony, przysz\u0142o\u015bci Europy i stosunkach polsko-norweskich &#8211; Marek Kuchci\u0144ski\",\"isPartOf\":{\"@id\":\"https:\/\/marekkuchcinski.pl\/#website\"},\"primaryImageOfPage\":{\"@id\":\"https:\/\/marekkuchcinski.pl\/en\/wydarzenia\/oslo-rozmowy-o-polityce-bezpieczenstwa-obrony-przyszlosci-europy-stosunkach-polsko-norweskich\/#primaryimage\"},\"image\":{\"@id\":\"https:\/\/marekkuchcinski.pl\/en\/wydarzenia\/oslo-rozmowy-o-polityce-bezpieczenstwa-obrony-przyszlosci-europy-stosunkach-polsko-norweskich\/#primaryimage\"},\"thumbnailUrl\":\"https:\/\/marekkuchcinski.pl\/wp-content\/uploads\/2017\/02\/1-KU104022.jpg\",\"datePublished\":\"2017-02-16T12:00:28+00:00\",\"breadcrumb\":{\"@id\":\"https:\/\/marekkuchcinski.pl\/en\/wydarzenia\/oslo-rozmowy-o-polityce-bezpieczenstwa-obrony-przyszlosci-europy-stosunkach-polsko-norweskich\/#breadcrumb\"},\"inLanguage\":\"sk-SK\",\"potentialAction\":[{\"@type\":\"ReadAction\",\"target\":[\"https:\/\/marekkuchcinski.pl\/en\/wydarzenia\/oslo-rozmowy-o-polityce-bezpieczenstwa-obrony-przyszlosci-europy-stosunkach-polsko-norweskich\/\"]}]},{\"@type\":\"ImageObject\",\"inLanguage\":\"sk-SK\",\"@id\":\"https:\/\/marekkuchcinski.pl\/en\/wydarzenia\/oslo-rozmowy-o-polityce-bezpieczenstwa-obrony-przyszlosci-europy-stosunkach-polsko-norweskich\/#primaryimage\",\"url\":\"https:\/\/marekkuchcinski.pl\/wp-content\/uploads\/2017\/02\/1-KU104022.jpg\",\"contentUrl\":\"https:\/\/marekkuchcinski.pl\/wp-content\/uploads\/2017\/02\/1-KU104022.jpg\",\"width\":1800,\"height\":1200},{\"@type\":\"BreadcrumbList\",\"@id\":\"https:\/\/marekkuchcinski.pl\/en\/wydarzenia\/oslo-rozmowy-o-polityce-bezpieczenstwa-obrony-przyszlosci-europy-stosunkach-polsko-norweskich\/#breadcrumb\",\"itemListElement\":[{\"@type\":\"ListItem\",\"position\":1,\"name\":\"Strona g\u0142\u00f3wna\",\"item\":\"https:\/\/marekkuchcinski.pl\/\"},{\"@type\":\"ListItem\",\"position\":2,\"name\":\"Oslo: rozmowy o polityce bezpiecze\u0144stwa i obrony, przysz\u0142o\u015bci Europy i stosunkach polsko-norweskich\"}]},{\"@type\":\"WebSite\",\"@id\":\"https:\/\/marekkuchcinski.pl\/#website\",\"url\":\"https:\/\/marekkuchcinski.pl\/\",\"name\":\"Marek Kuchci\u0144ski\",\"description\":\"Pose\u0142 na sejm RP &ndash; okr\u0119g nr 22\",\"publisher\":{\"@id\":\"https:\/\/marekkuchcinski.pl\/#organization\"},\"potentialAction\":[{\"@type\":\"SearchAction\",\"target\":{\"@type\":\"EntryPoint\",\"urlTemplate\":\"https:\/\/marekkuchcinski.pl\/?s={search_term_string}\"},\"query-input\":{\"@type\":\"PropertyValueSpecification\",\"valueRequired\":true,\"valueName\":\"search_term_string\"}}],\"inLanguage\":\"sk-SK\"},{\"@type\":\"Organization\",\"@id\":\"https:\/\/marekkuchcinski.pl\/#organization\",\"name\":\"Marek Kuchci\u0144ski\",\"url\":\"https:\/\/marekkuchcinski.pl\/\",\"logo\":{\"@type\":\"ImageObject\",\"inLanguage\":\"sk-SK\",\"@id\":\"https:\/\/marekkuchcinski.pl\/#\/schema\/logo\/image\/\",\"url\":\"https:\/\/marekkuchcinski.pl\/wp-content\/uploads\/2022\/09\/Marek.jpg\",\"contentUrl\":\"https:\/\/marekkuchcinski.pl\/wp-content\/uploads\/2022\/09\/Marek.jpg\",\"width\":1600,\"height\":971,\"caption\":\"Marek Kuchci\u0144ski\"},\"image\":{\"@id\":\"https:\/\/marekkuchcinski.pl\/#\/schema\/logo\/image\/\"}},{\"@type\":\"Person\",\"@id\":\"https:\/\/marekkuchcinski.pl\/#\/schema\/person\/6f62700996b4d950b6ea2d1183b6c6be\",\"name\":\"admin\",\"image\":{\"@type\":\"ImageObject\",\"inLanguage\":\"sk-SK\",\"@id\":\"https:\/\/marekkuchcinski.pl\/#\/schema\/person\/image\/\",\"url\":\"https:\/\/secure.gravatar.com\/avatar\/4bab693b9d55c3d6b52c0296a8765085?s=96&d=mm&r=g\",\"contentUrl\":\"https:\/\/secure.gravatar.com\/avatar\/4bab693b9d55c3d6b52c0296a8765085?s=96&d=mm&r=g\",\"caption\":\"admin\"},\"url\":\"https:\/\/marekkuchcinski.pl\/sk\/author\/marta-olejnik\/\"}]}<\/script>\n<!-- \/ Yoast SEO plugin. -->","yoast_head_json":{"title":"Oslo: rozmowy o polityce bezpiecze\u0144stwa i obrony, przysz\u0142o\u015bci Europy i stosunkach polsko-norweskich &#8211; Marek Kuchci\u0144ski","robots":{"index":"index","follow":"follow","max-snippet":"max-snippet:-1","max-image-preview":"max-image-preview:large","max-video-preview":"max-video-preview:-1"},"canonical":"https:\/\/marekkuchcinski.pl\/sk\/wydarzenia\/oslo-rozmowy-o-polityce-bezpieczenstwa-obrony-przyszlosci-europy-stosunkach-polsko-norweskich\/","og_locale":"sk_SK","og_type":"article","og_title":"Oslo: rozmowy o polityce bezpiecze\u0144stwa i obrony, przysz\u0142o\u015bci Europy i stosunkach polsko-norweskich &#8211; Marek Kuchci\u0144ski","og_description":"Wzmacnianie wsp\u00f3\u0142pracy w dziedzinie bezpiecze\u0144stwa i obronno\u015bci, sytuacja w Europie po Brexicie, pog\u0142\u0119bianie wsp\u00f3\u0142pracy regionalnej, a tak\u017ce rozw\u00f3j relacji dwustronnych to niekt\u00f3re tematy zako\u0144czonej w \u015brod\u0119 oficjalnej wizyty marsza\u0142ka Sejmu Marka Kuchci\u0144skiego w Norwegii. Przez dwa dni odby\u0142 on szereg spotka\u0144 z przedstawicielami najwy\u017cszych w\u0142adz tego kraju. Marsza\u0142ek Sejmu rozmawia\u0142 m.in. z przewodnicz\u0105cym parlamentu Olemicem [&hellip;]","og_url":"https:\/\/marekkuchcinski.pl\/sk\/wydarzenia\/oslo-rozmowy-o-polityce-bezpieczenstwa-obrony-przyszlosci-europy-stosunkach-polsko-norweskich\/","og_site_name":"Marek Kuchci\u0144ski","article_published_time":"2017-02-16T12:00:28+00:00","og_image":[{"width":1800,"height":1200,"url":"https:\/\/marekkuchcinski.pl\/wp-content\/uploads\/2017\/02\/1-KU104022.jpg","type":"image\/jpeg"}],"author":"admin","twitter_card":"summary_large_image","twitter_misc":{"Autor":"admin","Predpokladan\u00fd \u010das \u010d\u00edtania":"4 min\u00faty"},"schema":{"@context":"https:\/\/schema.org","@graph":[{"@type":"Article","@id":"https:\/\/marekkuchcinski.pl\/en\/wydarzenia\/oslo-rozmowy-o-polityce-bezpieczenstwa-obrony-przyszlosci-europy-stosunkach-polsko-norweskich\/#article","isPartOf":{"@id":"https:\/\/marekkuchcinski.pl\/en\/wydarzenia\/oslo-rozmowy-o-polityce-bezpieczenstwa-obrony-przyszlosci-europy-stosunkach-polsko-norweskich\/"},"author":{"name":"admin","@id":"https:\/\/marekkuchcinski.pl\/#\/schema\/person\/6f62700996b4d950b6ea2d1183b6c6be"},"headline":"Oslo: rozmowy o polityce bezpiecze\u0144stwa i obrony, przysz\u0142o\u015bci Europy i stosunkach polsko-norweskich","datePublished":"2017-02-16T12:00:28+00:00","mainEntityOfPage":{"@id":"https:\/\/marekkuchcinski.pl\/en\/wydarzenia\/oslo-rozmowy-o-polityce-bezpieczenstwa-obrony-przyszlosci-europy-stosunkach-polsko-norweskich\/"},"wordCount":900,"commentCount":0,"publisher":{"@id":"https:\/\/marekkuchcinski.pl\/#organization"},"image":{"@id":"https:\/\/marekkuchcinski.pl\/en\/wydarzenia\/oslo-rozmowy-o-polityce-bezpieczenstwa-obrony-przyszlosci-europy-stosunkach-polsko-norweskich\/#primaryimage"},"thumbnailUrl":"https:\/\/marekkuchcinski.pl\/wp-content\/uploads\/2017\/02\/1-KU104022.jpg","articleSection":["Wsp\u00f3\u0142praca mi\u0119dzynarodowa","Wydarzenia"],"inLanguage":"sk-SK","potentialAction":[{"@type":"CommentAction","name":"Comment","target":["https:\/\/marekkuchcinski.pl\/en\/wydarzenia\/oslo-rozmowy-o-polityce-bezpieczenstwa-obrony-przyszlosci-europy-stosunkach-polsko-norweskich\/#respond"]}]},{"@type":"WebPage","@id":"https:\/\/marekkuchcinski.pl\/en\/wydarzenia\/oslo-rozmowy-o-polityce-bezpieczenstwa-obrony-przyszlosci-europy-stosunkach-polsko-norweskich\/","url":"https:\/\/marekkuchcinski.pl\/en\/wydarzenia\/oslo-rozmowy-o-polityce-bezpieczenstwa-obrony-przyszlosci-europy-stosunkach-polsko-norweskich\/","name":"Oslo: rozmowy o polityce bezpiecze\u0144stwa i obrony, przysz\u0142o\u015bci Europy i stosunkach polsko-norweskich &#8211; Marek Kuchci\u0144ski","isPartOf":{"@id":"https:\/\/marekkuchcinski.pl\/#website"},"primaryImageOfPage":{"@id":"https:\/\/marekkuchcinski.pl\/en\/wydarzenia\/oslo-rozmowy-o-polityce-bezpieczenstwa-obrony-przyszlosci-europy-stosunkach-polsko-norweskich\/#primaryimage"},"image":{"@id":"https:\/\/marekkuchcinski.pl\/en\/wydarzenia\/oslo-rozmowy-o-polityce-bezpieczenstwa-obrony-przyszlosci-europy-stosunkach-polsko-norweskich\/#primaryimage"},"thumbnailUrl":"https:\/\/marekkuchcinski.pl\/wp-content\/uploads\/2017\/02\/1-KU104022.jpg","datePublished":"2017-02-16T12:00:28+00:00","breadcrumb":{"@id":"https:\/\/marekkuchcinski.pl\/en\/wydarzenia\/oslo-rozmowy-o-polityce-bezpieczenstwa-obrony-przyszlosci-europy-stosunkach-polsko-norweskich\/#breadcrumb"},"inLanguage":"sk-SK","potentialAction":[{"@type":"ReadAction","target":["https:\/\/marekkuchcinski.pl\/en\/wydarzenia\/oslo-rozmowy-o-polityce-bezpieczenstwa-obrony-przyszlosci-europy-stosunkach-polsko-norweskich\/"]}]},{"@type":"ImageObject","inLanguage":"sk-SK","@id":"https:\/\/marekkuchcinski.pl\/en\/wydarzenia\/oslo-rozmowy-o-polityce-bezpieczenstwa-obrony-przyszlosci-europy-stosunkach-polsko-norweskich\/#primaryimage","url":"https:\/\/marekkuchcinski.pl\/wp-content\/uploads\/2017\/02\/1-KU104022.jpg","contentUrl":"https:\/\/marekkuchcinski.pl\/wp-content\/uploads\/2017\/02\/1-KU104022.jpg","width":1800,"height":1200},{"@type":"BreadcrumbList","@id":"https:\/\/marekkuchcinski.pl\/en\/wydarzenia\/oslo-rozmowy-o-polityce-bezpieczenstwa-obrony-przyszlosci-europy-stosunkach-polsko-norweskich\/#breadcrumb","itemListElement":[{"@type":"ListItem","position":1,"name":"Strona g\u0142\u00f3wna","item":"https:\/\/marekkuchcinski.pl\/"},{"@type":"ListItem","position":2,"name":"Oslo: rozmowy o polityce bezpiecze\u0144stwa i obrony, przysz\u0142o\u015bci Europy i stosunkach polsko-norweskich"}]},{"@type":"WebSite","@id":"https:\/\/marekkuchcinski.pl\/#website","url":"https:\/\/marekkuchcinski.pl\/","name":"Marek Kuchci\u0144ski","description":"Pose\u0142 na sejm RP &ndash; okr\u0119g nr 22","publisher":{"@id":"https:\/\/marekkuchcinski.pl\/#organization"},"potentialAction":[{"@type":"SearchAction","target":{"@type":"EntryPoint","urlTemplate":"https:\/\/marekkuchcinski.pl\/?s={search_term_string}"},"query-input":{"@type":"PropertyValueSpecification","valueRequired":true,"valueName":"search_term_string"}}],"inLanguage":"sk-SK"},{"@type":"Organization","@id":"https:\/\/marekkuchcinski.pl\/#organization","name":"Marek Kuchci\u0144ski","url":"https:\/\/marekkuchcinski.pl\/","logo":{"@type":"ImageObject","inLanguage":"sk-SK","@id":"https:\/\/marekkuchcinski.pl\/#\/schema\/logo\/image\/","url":"https:\/\/marekkuchcinski.pl\/wp-content\/uploads\/2022\/09\/Marek.jpg","contentUrl":"https:\/\/marekkuchcinski.pl\/wp-content\/uploads\/2022\/09\/Marek.jpg","width":1600,"height":971,"caption":"Marek Kuchci\u0144ski"},"image":{"@id":"https:\/\/marekkuchcinski.pl\/#\/schema\/logo\/image\/"}},{"@type":"Person","@id":"https:\/\/marekkuchcinski.pl\/#\/schema\/person\/6f62700996b4d950b6ea2d1183b6c6be","name":"admin","image":{"@type":"ImageObject","inLanguage":"sk-SK","@id":"https:\/\/marekkuchcinski.pl\/#\/schema\/person\/image\/","url":"https:\/\/secure.gravatar.com\/avatar\/4bab693b9d55c3d6b52c0296a8765085?s=96&d=mm&r=g","contentUrl":"https:\/\/secure.gravatar.com\/avatar\/4bab693b9d55c3d6b52c0296a8765085?s=96&d=mm&r=g","caption":"admin"},"url":"https:\/\/marekkuchcinski.pl\/sk\/author\/marta-olejnik\/"}]}},"_links":{"self":[{"href":"https:\/\/marekkuchcinski.pl\/sk\/wp-json\/wp\/v2\/posts\/5331","targetHints":{"allow":["GET"]}}],"collection":[{"href":"https:\/\/marekkuchcinski.pl\/sk\/wp-json\/wp\/v2\/posts"}],"about":[{"href":"https:\/\/marekkuchcinski.pl\/sk\/wp-json\/wp\/v2\/types\/post"}],"author":[{"embeddable":true,"href":"https:\/\/marekkuchcinski.pl\/sk\/wp-json\/wp\/v2\/users\/6"}],"replies":[{"embeddable":true,"href":"https:\/\/marekkuchcinski.pl\/sk\/wp-json\/wp\/v2\/comments?post=5331"}],"version-history":[{"count":1,"href":"https:\/\/marekkuchcinski.pl\/sk\/wp-json\/wp\/v2\/posts\/5331\/revisions"}],"predecessor-version":[{"id":5344,"href":"https:\/\/marekkuchcinski.pl\/sk\/wp-json\/wp\/v2\/posts\/5331\/revisions\/5344"}],"wp:featuredmedia":[{"embeddable":true,"href":"https:\/\/marekkuchcinski.pl\/sk\/wp-json\/wp\/v2\/media\/5332"}],"wp:attachment":[{"href":"https:\/\/marekkuchcinski.pl\/sk\/wp-json\/wp\/v2\/media?parent=5331"}],"wp:term":[{"taxonomy":"category","embeddable":true,"href":"https:\/\/marekkuchcinski.pl\/sk\/wp-json\/wp\/v2\/categories?post=5331"},{"taxonomy":"post_tag","embeddable":true,"href":"https:\/\/marekkuchcinski.pl\/sk\/wp-json\/wp\/v2\/tags?post=5331"}],"curies":[{"name":"wp","href":"https:\/\/api.w.org\/{rel}","templated":true}]}}