{"id":5319,"date":"2017-02-14T22:35:10","date_gmt":"2017-02-14T21:35:10","guid":{"rendered":"https:\/\/marekkuchcinski.pl\/?p=5319"},"modified":"2017-02-15T08:52:47","modified_gmt":"2017-02-15T07:52:47","slug":"25-temu-lech-kaczynski-zostal-prezesem-nik","status":"publish","type":"post","link":"https:\/\/marekkuchcinski.pl\/sk\/wazne-daty\/25-temu-lech-kaczynski-zostal-prezesem-nik\/","title":{"rendered":"Pred 25 rokmi sa Lech Kaczy\u0144ski stal prezidentom NIK"},"content":{"rendered":"<p>Lech Kaczy\u0144ski bol prezidentom NIK v rokoch 1992 a\u017e 1995. Po\u010das jeho p\u00f4sobenia vzr\u00e1stla d\u00f4vera verejnosti v NIK z 30 na 60 percent. V tom \u010dase pod z\u00e1\u0161titou NIK vznikli tzv Falzmann symp\u00f3zi\u00e1 (n\u00e1zov poch\u00e1dza z mena Micha\u0142a Falzmanna, in\u0161pektora komory, ktor\u00fd odhalil \u0161kand\u00e1l FOZZ). Bol autorom z\u00e1kona o NIK z roku 1994, v\u010faka ktor\u00e9mu in\u0161tit\u00facia z\u00edskala nez\u00e1vislos\u0165 a politick\u00fa nez\u00e1vislos\u0165. Tento z\u00e1kon stanovil vysok\u00e9 pracovn\u00e9 \u0161tandardy pre aud\u00edtorov NIK.<\/p>\n<p>Lech Kaczy\u0144ski pri n\u00e1stupe do funkcie povedal, \u017ee \u0161trukt\u00fara Najvy\u0161\u0161ej kontrolnej komory je zastaran\u00e1 a ch\u00fdbaj\u00fa inform\u00e1cie. Nov\u00ed \u013eudia by mali by\u0165 kompetentn\u00ed a bez vz\u0165ahu k politick\u00fdm stran\u00e1m.<\/p>\n<p>V roku 1994 vst\u00fapil z iniciat\u00edvy Lecha Kaczy\u0144sk\u00e9ho do platnosti nov\u00fd z\u00e1kon o Najvy\u0161\u0161om kontrolnom \u00farade, v\u010faka ktor\u00e9mu in\u0161tit\u00facia z\u00edskala nez\u00e1vislos\u0165 a politick\u00fa nez\u00e1vislos\u0165. Tento z\u00e1kon stanovil vysok\u00e9 pracovn\u00e9 \u0161tandardy pre aud\u00edtorov NIK.<\/p>\n<p>\u00daspechom NIK po\u010das predsedn\u00edctva Lecha Kaczy\u0144sk\u00e9ho bolo za\u010dlenenie v\u00fdskumu do predt\u00fdm prakticky nekontrolovan\u00fdch oblast\u00ed, ako je arm\u00e1da, pol\u00edcia a pohrani\u010dn\u00e1 str\u00e1\u017e. V rokoch 1992\u20131994 v d\u00f4sledku auditu NIK\u00a0<strong>7 200 mili\u00e1rd PLN bolo vr\u00e1ten\u00fdch v r\u00e1mci r\u00f4znych titulov<\/strong>a v tom istom obdob\u00ed rozpo\u010dtov\u00e9 v\u00fddavky na NIK dosiahli 1 200 mili\u00e1rd PLN (to s\u00fa sumy pred redenomin\u00e1ciou). Po\u010das predsedn\u00edctva Lecha Kaczy\u0144sk\u00e9ho NIK auditoval okrem in\u00e9ho aj pr\u00edpad \u0161kand\u00e1lu pri privatiz\u00e1cii Bank \u015al\u0105ski.<\/p>","protected":false},"excerpt":{"rendered":"<p>Prezesem NIK Lech Kaczy\u0144ski by\u0142\u00a0od 1992 do 1995 roku. W trakcie sprawowanej przez niego kadencji zaufanie spo\u0142eczne do NIK wzros\u0142o z 30 do 60 proc. W tym czasie, pod patronatem NIK organizowano tzw. sympozja falzmannowskie (nazwa pochodzi od nazwiska Micha\u0142a Falzmanna, kontrolera Izby, kt\u00f3ry wykry\u0142 afer\u0119 FOZZ). By\u0142 autorem ustawy o NIK z 1994 r., [&hellip;]<\/p>","protected":false},"author":6,"featured_media":5320,"comment_status":"open","ping_status":"open","sticky":false,"template":"","format":"standard","meta":{"ngg_post_thumbnail":0,"footnotes":""},"categories":[77],"tags":[],"class_list":["post-5319","post","type-post","status-publish","format-standard","has-post-thumbnail","hentry","category-wazne-daty"],"yoast_head":"<!-- This site is optimized with the Yoast SEO plugin v24.7 - https:\/\/yoast.com\/wordpress\/plugins\/seo\/ -->\n<title>25 lat temu Lech Kaczy\u0144ski zosta\u0142 prezesem NIK &#8211; Marek Kuchci\u0144ski<\/title>\n<meta name=\"robots\" content=\"index, follow, max-snippet:-1, max-image-preview:large, max-video-preview:-1\" \/>\n<link rel=\"canonical\" href=\"https:\/\/marekkuchcinski.pl\/sk\/wazne-daty\/25-temu-lech-kaczynski-zostal-prezesem-nik\/\" \/>\n<meta property=\"og:locale\" content=\"sk_SK\" \/>\n<meta property=\"og:type\" content=\"article\" \/>\n<meta property=\"og:title\" content=\"25 lat temu Lech Kaczy\u0144ski zosta\u0142 prezesem NIK &#8211; Marek Kuchci\u0144ski\" \/>\n<meta property=\"og:description\" content=\"Prezesem NIK Lech Kaczy\u0144ski by\u0142\u00a0od 1992 do 1995 roku. W trakcie sprawowanej przez niego kadencji zaufanie spo\u0142eczne do NIK wzros\u0142o z 30 do 60 proc. W tym czasie, pod patronatem NIK organizowano tzw. sympozja falzmannowskie (nazwa pochodzi od nazwiska Micha\u0142a Falzmanna, kontrolera Izby, kt\u00f3ry wykry\u0142 afer\u0119 FOZZ). By\u0142 autorem ustawy o NIK z 1994 r., [&hellip;]\" \/>\n<meta property=\"og:url\" content=\"https:\/\/marekkuchcinski.pl\/sk\/wazne-daty\/25-temu-lech-kaczynski-zostal-prezesem-nik\/\" \/>\n<meta property=\"og:site_name\" content=\"Marek Kuchci\u0144ski\" \/>\n<meta property=\"article:published_time\" content=\"2017-02-14T21:35:10+00:00\" \/>\n<meta property=\"article:modified_time\" content=\"2017-02-15T07:52:47+00:00\" \/>\n<meta property=\"og:image\" content=\"https:\/\/marekkuchcinski.pl\/wp-content\/uploads\/2017\/02\/Lech_Kaczynski_2008_03.jpg\" \/>\n\t<meta property=\"og:image:width\" content=\"515\" \/>\n\t<meta property=\"og:image:height\" content=\"430\" \/>\n\t<meta property=\"og:image:type\" content=\"image\/jpeg\" \/>\n<meta name=\"author\" content=\"admin\" \/>\n<meta name=\"twitter:card\" content=\"summary_large_image\" \/>\n<meta name=\"twitter:label1\" content=\"Autor\" \/>\n\t<meta name=\"twitter:data1\" content=\"admin\" \/>\n\t<meta name=\"twitter:label2\" content=\"Predpokladan\u00fd \u010das \u010d\u00edtania\" \/>\n\t<meta name=\"twitter:data2\" content=\"1 min\u00fata\" \/>\n<script type=\"application\/ld+json\" class=\"yoast-schema-graph\">{\"@context\":\"https:\/\/schema.org\",\"@graph\":[{\"@type\":\"Article\",\"@id\":\"https:\/\/marekkuchcinski.pl\/en\/wazne-daty\/25-temu-lech-kaczynski-zostal-prezesem-nik\/#article\",\"isPartOf\":{\"@id\":\"https:\/\/marekkuchcinski.pl\/en\/wazne-daty\/25-temu-lech-kaczynski-zostal-prezesem-nik\/\"},\"author\":{\"name\":\"admin\",\"@id\":\"https:\/\/marekkuchcinski.pl\/#\/schema\/person\/6f62700996b4d950b6ea2d1183b6c6be\"},\"headline\":\"25 lat temu Lech Kaczy\u0144ski zosta\u0142 prezesem NIK\",\"datePublished\":\"2017-02-14T21:35:10+00:00\",\"dateModified\":\"2017-02-15T07:52:47+00:00\",\"mainEntityOfPage\":{\"@id\":\"https:\/\/marekkuchcinski.pl\/en\/wazne-daty\/25-temu-lech-kaczynski-zostal-prezesem-nik\/\"},\"wordCount\":233,\"commentCount\":0,\"publisher\":{\"@id\":\"https:\/\/marekkuchcinski.pl\/#organization\"},\"image\":{\"@id\":\"https:\/\/marekkuchcinski.pl\/en\/wazne-daty\/25-temu-lech-kaczynski-zostal-prezesem-nik\/#primaryimage\"},\"thumbnailUrl\":\"https:\/\/marekkuchcinski.pl\/wp-content\/uploads\/2017\/02\/Lech_Kaczynski_2008_03.jpg\",\"articleSection\":[\"Wa\u017cne daty\"],\"inLanguage\":\"sk-SK\",\"potentialAction\":[{\"@type\":\"CommentAction\",\"name\":\"Comment\",\"target\":[\"https:\/\/marekkuchcinski.pl\/en\/wazne-daty\/25-temu-lech-kaczynski-zostal-prezesem-nik\/#respond\"]}]},{\"@type\":\"WebPage\",\"@id\":\"https:\/\/marekkuchcinski.pl\/en\/wazne-daty\/25-temu-lech-kaczynski-zostal-prezesem-nik\/\",\"url\":\"https:\/\/marekkuchcinski.pl\/en\/wazne-daty\/25-temu-lech-kaczynski-zostal-prezesem-nik\/\",\"name\":\"25 lat temu Lech Kaczy\u0144ski zosta\u0142 prezesem NIK &#8211; Marek Kuchci\u0144ski\",\"isPartOf\":{\"@id\":\"https:\/\/marekkuchcinski.pl\/#website\"},\"primaryImageOfPage\":{\"@id\":\"https:\/\/marekkuchcinski.pl\/en\/wazne-daty\/25-temu-lech-kaczynski-zostal-prezesem-nik\/#primaryimage\"},\"image\":{\"@id\":\"https:\/\/marekkuchcinski.pl\/en\/wazne-daty\/25-temu-lech-kaczynski-zostal-prezesem-nik\/#primaryimage\"},\"thumbnailUrl\":\"https:\/\/marekkuchcinski.pl\/wp-content\/uploads\/2017\/02\/Lech_Kaczynski_2008_03.jpg\",\"datePublished\":\"2017-02-14T21:35:10+00:00\",\"dateModified\":\"2017-02-15T07:52:47+00:00\",\"breadcrumb\":{\"@id\":\"https:\/\/marekkuchcinski.pl\/en\/wazne-daty\/25-temu-lech-kaczynski-zostal-prezesem-nik\/#breadcrumb\"},\"inLanguage\":\"sk-SK\",\"potentialAction\":[{\"@type\":\"ReadAction\",\"target\":[\"https:\/\/marekkuchcinski.pl\/en\/wazne-daty\/25-temu-lech-kaczynski-zostal-prezesem-nik\/\"]}]},{\"@type\":\"ImageObject\",\"inLanguage\":\"sk-SK\",\"@id\":\"https:\/\/marekkuchcinski.pl\/en\/wazne-daty\/25-temu-lech-kaczynski-zostal-prezesem-nik\/#primaryimage\",\"url\":\"https:\/\/marekkuchcinski.pl\/wp-content\/uploads\/2017\/02\/Lech_Kaczynski_2008_03.jpg\",\"contentUrl\":\"https:\/\/marekkuchcinski.pl\/wp-content\/uploads\/2017\/02\/Lech_Kaczynski_2008_03.jpg\",\"width\":515,\"height\":430},{\"@type\":\"BreadcrumbList\",\"@id\":\"https:\/\/marekkuchcinski.pl\/en\/wazne-daty\/25-temu-lech-kaczynski-zostal-prezesem-nik\/#breadcrumb\",\"itemListElement\":[{\"@type\":\"ListItem\",\"position\":1,\"name\":\"Strona g\u0142\u00f3wna\",\"item\":\"https:\/\/marekkuchcinski.pl\/\"},{\"@type\":\"ListItem\",\"position\":2,\"name\":\"25 lat temu Lech Kaczy\u0144ski zosta\u0142 prezesem NIK\"}]},{\"@type\":\"WebSite\",\"@id\":\"https:\/\/marekkuchcinski.pl\/#website\",\"url\":\"https:\/\/marekkuchcinski.pl\/\",\"name\":\"Marek Kuchci\u0144ski\",\"description\":\"Pose\u0142 na sejm RP &ndash; okr\u0119g nr 22\",\"publisher\":{\"@id\":\"https:\/\/marekkuchcinski.pl\/#organization\"},\"potentialAction\":[{\"@type\":\"SearchAction\",\"target\":{\"@type\":\"EntryPoint\",\"urlTemplate\":\"https:\/\/marekkuchcinski.pl\/?s={search_term_string}\"},\"query-input\":{\"@type\":\"PropertyValueSpecification\",\"valueRequired\":true,\"valueName\":\"search_term_string\"}}],\"inLanguage\":\"sk-SK\"},{\"@type\":\"Organization\",\"@id\":\"https:\/\/marekkuchcinski.pl\/#organization\",\"name\":\"Marek Kuchci\u0144ski\",\"url\":\"https:\/\/marekkuchcinski.pl\/\",\"logo\":{\"@type\":\"ImageObject\",\"inLanguage\":\"sk-SK\",\"@id\":\"https:\/\/marekkuchcinski.pl\/#\/schema\/logo\/image\/\",\"url\":\"https:\/\/marekkuchcinski.pl\/wp-content\/uploads\/2022\/09\/Marek.jpg\",\"contentUrl\":\"https:\/\/marekkuchcinski.pl\/wp-content\/uploads\/2022\/09\/Marek.jpg\",\"width\":1600,\"height\":971,\"caption\":\"Marek Kuchci\u0144ski\"},\"image\":{\"@id\":\"https:\/\/marekkuchcinski.pl\/#\/schema\/logo\/image\/\"}},{\"@type\":\"Person\",\"@id\":\"https:\/\/marekkuchcinski.pl\/#\/schema\/person\/6f62700996b4d950b6ea2d1183b6c6be\",\"name\":\"admin\",\"image\":{\"@type\":\"ImageObject\",\"inLanguage\":\"sk-SK\",\"@id\":\"https:\/\/marekkuchcinski.pl\/#\/schema\/person\/image\/\",\"url\":\"https:\/\/secure.gravatar.com\/avatar\/4bab693b9d55c3d6b52c0296a8765085?s=96&d=mm&r=g\",\"contentUrl\":\"https:\/\/secure.gravatar.com\/avatar\/4bab693b9d55c3d6b52c0296a8765085?s=96&d=mm&r=g\",\"caption\":\"admin\"},\"url\":\"https:\/\/marekkuchcinski.pl\/sk\/author\/marta-olejnik\/\"}]}<\/script>\n<!-- \/ Yoast SEO plugin. -->","yoast_head_json":{"title":"25 lat temu Lech Kaczy\u0144ski zosta\u0142 prezesem NIK &#8211; Marek Kuchci\u0144ski","robots":{"index":"index","follow":"follow","max-snippet":"max-snippet:-1","max-image-preview":"max-image-preview:large","max-video-preview":"max-video-preview:-1"},"canonical":"https:\/\/marekkuchcinski.pl\/sk\/wazne-daty\/25-temu-lech-kaczynski-zostal-prezesem-nik\/","og_locale":"sk_SK","og_type":"article","og_title":"25 lat temu Lech Kaczy\u0144ski zosta\u0142 prezesem NIK &#8211; Marek Kuchci\u0144ski","og_description":"Prezesem NIK Lech Kaczy\u0144ski by\u0142\u00a0od 1992 do 1995 roku. W trakcie sprawowanej przez niego kadencji zaufanie spo\u0142eczne do NIK wzros\u0142o z 30 do 60 proc. W tym czasie, pod patronatem NIK organizowano tzw. sympozja falzmannowskie (nazwa pochodzi od nazwiska Micha\u0142a Falzmanna, kontrolera Izby, kt\u00f3ry wykry\u0142 afer\u0119 FOZZ). By\u0142 autorem ustawy o NIK z 1994 r., [&hellip;]","og_url":"https:\/\/marekkuchcinski.pl\/sk\/wazne-daty\/25-temu-lech-kaczynski-zostal-prezesem-nik\/","og_site_name":"Marek Kuchci\u0144ski","article_published_time":"2017-02-14T21:35:10+00:00","article_modified_time":"2017-02-15T07:52:47+00:00","og_image":[{"width":515,"height":430,"url":"https:\/\/marekkuchcinski.pl\/wp-content\/uploads\/2017\/02\/Lech_Kaczynski_2008_03.jpg","type":"image\/jpeg"}],"author":"admin","twitter_card":"summary_large_image","twitter_misc":{"Autor":"admin","Predpokladan\u00fd \u010das \u010d\u00edtania":"1 min\u00fata"},"schema":{"@context":"https:\/\/schema.org","@graph":[{"@type":"Article","@id":"https:\/\/marekkuchcinski.pl\/en\/wazne-daty\/25-temu-lech-kaczynski-zostal-prezesem-nik\/#article","isPartOf":{"@id":"https:\/\/marekkuchcinski.pl\/en\/wazne-daty\/25-temu-lech-kaczynski-zostal-prezesem-nik\/"},"author":{"name":"admin","@id":"https:\/\/marekkuchcinski.pl\/#\/schema\/person\/6f62700996b4d950b6ea2d1183b6c6be"},"headline":"25 lat temu Lech Kaczy\u0144ski zosta\u0142 prezesem NIK","datePublished":"2017-02-14T21:35:10+00:00","dateModified":"2017-02-15T07:52:47+00:00","mainEntityOfPage":{"@id":"https:\/\/marekkuchcinski.pl\/en\/wazne-daty\/25-temu-lech-kaczynski-zostal-prezesem-nik\/"},"wordCount":233,"commentCount":0,"publisher":{"@id":"https:\/\/marekkuchcinski.pl\/#organization"},"image":{"@id":"https:\/\/marekkuchcinski.pl\/en\/wazne-daty\/25-temu-lech-kaczynski-zostal-prezesem-nik\/#primaryimage"},"thumbnailUrl":"https:\/\/marekkuchcinski.pl\/wp-content\/uploads\/2017\/02\/Lech_Kaczynski_2008_03.jpg","articleSection":["Wa\u017cne daty"],"inLanguage":"sk-SK","potentialAction":[{"@type":"CommentAction","name":"Comment","target":["https:\/\/marekkuchcinski.pl\/en\/wazne-daty\/25-temu-lech-kaczynski-zostal-prezesem-nik\/#respond"]}]},{"@type":"WebPage","@id":"https:\/\/marekkuchcinski.pl\/en\/wazne-daty\/25-temu-lech-kaczynski-zostal-prezesem-nik\/","url":"https:\/\/marekkuchcinski.pl\/en\/wazne-daty\/25-temu-lech-kaczynski-zostal-prezesem-nik\/","name":"25 lat temu Lech Kaczy\u0144ski zosta\u0142 prezesem NIK &#8211; Marek Kuchci\u0144ski","isPartOf":{"@id":"https:\/\/marekkuchcinski.pl\/#website"},"primaryImageOfPage":{"@id":"https:\/\/marekkuchcinski.pl\/en\/wazne-daty\/25-temu-lech-kaczynski-zostal-prezesem-nik\/#primaryimage"},"image":{"@id":"https:\/\/marekkuchcinski.pl\/en\/wazne-daty\/25-temu-lech-kaczynski-zostal-prezesem-nik\/#primaryimage"},"thumbnailUrl":"https:\/\/marekkuchcinski.pl\/wp-content\/uploads\/2017\/02\/Lech_Kaczynski_2008_03.jpg","datePublished":"2017-02-14T21:35:10+00:00","dateModified":"2017-02-15T07:52:47+00:00","breadcrumb":{"@id":"https:\/\/marekkuchcinski.pl\/en\/wazne-daty\/25-temu-lech-kaczynski-zostal-prezesem-nik\/#breadcrumb"},"inLanguage":"sk-SK","potentialAction":[{"@type":"ReadAction","target":["https:\/\/marekkuchcinski.pl\/en\/wazne-daty\/25-temu-lech-kaczynski-zostal-prezesem-nik\/"]}]},{"@type":"ImageObject","inLanguage":"sk-SK","@id":"https:\/\/marekkuchcinski.pl\/en\/wazne-daty\/25-temu-lech-kaczynski-zostal-prezesem-nik\/#primaryimage","url":"https:\/\/marekkuchcinski.pl\/wp-content\/uploads\/2017\/02\/Lech_Kaczynski_2008_03.jpg","contentUrl":"https:\/\/marekkuchcinski.pl\/wp-content\/uploads\/2017\/02\/Lech_Kaczynski_2008_03.jpg","width":515,"height":430},{"@type":"BreadcrumbList","@id":"https:\/\/marekkuchcinski.pl\/en\/wazne-daty\/25-temu-lech-kaczynski-zostal-prezesem-nik\/#breadcrumb","itemListElement":[{"@type":"ListItem","position":1,"name":"Strona g\u0142\u00f3wna","item":"https:\/\/marekkuchcinski.pl\/"},{"@type":"ListItem","position":2,"name":"25 lat temu Lech Kaczy\u0144ski zosta\u0142 prezesem NIK"}]},{"@type":"WebSite","@id":"https:\/\/marekkuchcinski.pl\/#website","url":"https:\/\/marekkuchcinski.pl\/","name":"Marek Kuchci\u0144ski","description":"Pose\u0142 na sejm RP &ndash; okr\u0119g nr 22","publisher":{"@id":"https:\/\/marekkuchcinski.pl\/#organization"},"potentialAction":[{"@type":"SearchAction","target":{"@type":"EntryPoint","urlTemplate":"https:\/\/marekkuchcinski.pl\/?s={search_term_string}"},"query-input":{"@type":"PropertyValueSpecification","valueRequired":true,"valueName":"search_term_string"}}],"inLanguage":"sk-SK"},{"@type":"Organization","@id":"https:\/\/marekkuchcinski.pl\/#organization","name":"Marek Kuchci\u0144ski","url":"https:\/\/marekkuchcinski.pl\/","logo":{"@type":"ImageObject","inLanguage":"sk-SK","@id":"https:\/\/marekkuchcinski.pl\/#\/schema\/logo\/image\/","url":"https:\/\/marekkuchcinski.pl\/wp-content\/uploads\/2022\/09\/Marek.jpg","contentUrl":"https:\/\/marekkuchcinski.pl\/wp-content\/uploads\/2022\/09\/Marek.jpg","width":1600,"height":971,"caption":"Marek Kuchci\u0144ski"},"image":{"@id":"https:\/\/marekkuchcinski.pl\/#\/schema\/logo\/image\/"}},{"@type":"Person","@id":"https:\/\/marekkuchcinski.pl\/#\/schema\/person\/6f62700996b4d950b6ea2d1183b6c6be","name":"admin","image":{"@type":"ImageObject","inLanguage":"sk-SK","@id":"https:\/\/marekkuchcinski.pl\/#\/schema\/person\/image\/","url":"https:\/\/secure.gravatar.com\/avatar\/4bab693b9d55c3d6b52c0296a8765085?s=96&d=mm&r=g","contentUrl":"https:\/\/secure.gravatar.com\/avatar\/4bab693b9d55c3d6b52c0296a8765085?s=96&d=mm&r=g","caption":"admin"},"url":"https:\/\/marekkuchcinski.pl\/sk\/author\/marta-olejnik\/"}]}},"_links":{"self":[{"href":"https:\/\/marekkuchcinski.pl\/sk\/wp-json\/wp\/v2\/posts\/5319","targetHints":{"allow":["GET"]}}],"collection":[{"href":"https:\/\/marekkuchcinski.pl\/sk\/wp-json\/wp\/v2\/posts"}],"about":[{"href":"https:\/\/marekkuchcinski.pl\/sk\/wp-json\/wp\/v2\/types\/post"}],"author":[{"embeddable":true,"href":"https:\/\/marekkuchcinski.pl\/sk\/wp-json\/wp\/v2\/users\/6"}],"replies":[{"embeddable":true,"href":"https:\/\/marekkuchcinski.pl\/sk\/wp-json\/wp\/v2\/comments?post=5319"}],"version-history":[{"count":3,"href":"https:\/\/marekkuchcinski.pl\/sk\/wp-json\/wp\/v2\/posts\/5319\/revisions"}],"predecessor-version":[{"id":5323,"href":"https:\/\/marekkuchcinski.pl\/sk\/wp-json\/wp\/v2\/posts\/5319\/revisions\/5323"}],"wp:featuredmedia":[{"embeddable":true,"href":"https:\/\/marekkuchcinski.pl\/sk\/wp-json\/wp\/v2\/media\/5320"}],"wp:attachment":[{"href":"https:\/\/marekkuchcinski.pl\/sk\/wp-json\/wp\/v2\/media?parent=5319"}],"wp:term":[{"taxonomy":"category","embeddable":true,"href":"https:\/\/marekkuchcinski.pl\/sk\/wp-json\/wp\/v2\/categories?post=5319"},{"taxonomy":"post_tag","embeddable":true,"href":"https:\/\/marekkuchcinski.pl\/sk\/wp-json\/wp\/v2\/tags?post=5319"}],"curies":[{"name":"wp","href":"https:\/\/api.w.org\/{rel}","templated":true}]}}