{"id":5258,"date":"2017-02-02T15:55:15","date_gmt":"2017-02-02T14:55:15","guid":{"rendered":"https:\/\/marekkuchcinski.pl\/?p=5258"},"modified":"2017-02-06T13:14:26","modified_gmt":"2017-02-06T12:14:26","slug":"podkarpacki-urzad-celno-skarbowy-przemyslu","status":"publish","type":"post","link":"https:\/\/marekkuchcinski.pl\/sk\/wydarzenia\/podkarpacki-urzad-celno-skarbowy-przemyslu\/","title":{"rendered":"Podkarpacki Urz\u0105d Celno-Skarbowy bude ma\u0165 s\u00eddlo v Przemy\u015bli"},"content":{"rendered":"<p>Bol zverejnen\u00fd n\u00e1vrh nariadenia ministra rozvoja a financi\u00ed, pod\u013ea ktor\u00e9ho s\u00eddlom Podkarpatsk\u00e9ho coln\u00e9ho a da\u0148ov\u00e9ho \u00faradu a s\u00eddlom pobo\u010dky N\u00e1rodnej \u0161koly da\u0148ov\u00fdch z\u00e1le\u017eitost\u00ed bude Przemy\u015bl, kde sa u\u017e 90 rokov nach\u00e1dza hlavn\u00e9 s\u00eddlo colnej slu\u017eby v regi\u00f3ne, t. j. Coln\u00e1 komora.<\/p>\n<p>Z\u00e1kon zo 16. novembra 2016 o N\u00e1rodnej da\u0148ovej spr\u00e1ve ustanovuje zriadenie (od 1. marca 2017) N\u00e1rodnej da\u0148ovej spr\u00e1vy, \u010falej len \"KAS\", namiesto v s\u00fa\u010dasnosti funguj\u00facich: da\u0148ovej spr\u00e1vy, da\u0148ovej kontroly a colnej spr\u00e1vy, t. j. zriadenie konsolidovanej spr\u00e1vy. KAS bude podriaden\u00e1 ministrovi zodpovedn\u00e9mu za verejn\u00e9 financie.<\/p>\n<p>V od\u00f4vodnen\u00ed n\u00e1vrhu sa okrem in\u00e9ho uv\u00e1dza, \u017ee v s\u00fa\u010dasnom pr\u00e1vnom stave maj\u00fa da\u0148ov\u00e1, coln\u00e1 a da\u0148ov\u00e1 spr\u00e1va, zodpovedn\u00e9 za v\u00fdber rozpo\u010dtov\u00fdch pr\u00edjmov v r\u00e1mci \u0161t\u00e1tnej spr\u00e1vy, rozpt\u00fdlen\u00fa ter\u00e9nnu \u0161trukt\u00faru, s\u00fastreden\u00fa do troch samostatne funguj\u00facich \u00fatvarov: da\u0148ov\u00e1 spr\u00e1va (16 da\u0148ov\u00fdch kom\u00f4r a 400 da\u0148ov\u00fdch \u00faradov), coln\u00e1 spr\u00e1va (16 coln\u00fdch kom\u00f4r, 45 coln\u00fdch \u00faradov spolu so 141 coln\u00fdmi oddeleniami), da\u0148ov\u00e1 kontrola (16 \u00faradov da\u0148ovej kontroly).<\/p>\n<div class=\"page\" title=\"Strana 1\">\n<div class=\"layoutArea\">\n<div class=\"column\">\n<p>Rozpt\u00fdlenie a duplicita niektor\u00fdch \u00faloh s\u00favisiacich s procesom v\u00fdberu dan\u00ed a cla v r\u00e1mci jednotliv\u00fdch \u00fatvarov (napr. kontrola spr\u00e1vnosti plnenia da\u0148ov\u00fdch a coln\u00fdch povinnost\u00ed, exeku\u010dn\u00e9 konanie) znemo\u017e\u0148uje ich jednotn\u00fd a ucelen\u00fd v\u00fdkon a z\u00e1rove\u0148 optim\u00e1lne vyu\u017eitie dostupn\u00fdch \u013eudsk\u00fdch, organiza\u010dn\u00fdch a finan\u010dn\u00fdch zdrojov.<\/p>\n<p>Pokra\u010dovanie s\u00fa\u010dasn\u00e9ho stavu, ke\u010f da\u0148ov\u00e1, coln\u00e1 a finan\u010dn\u00e1 spr\u00e1va nepracuj\u00fa pod\u013ea jednotn\u00fdch postupov, m\u00e1 nepochybne negat\u00edvny vplyv na mieru v\u00fdberu splatn\u00fdch da\u0148ov\u00fdch povinnost\u00ed a tvorbu \u0161t\u00e1tneho rozpo\u010dtu, a t\u00fdm aj na schopnos\u0165 subjektov verejnej spr\u00e1vy plni\u0165 funkcie \u0161t\u00e1tu, ako aj na mieru dobrovo\u013enosti pri plnen\u00ed povinnost\u00ed v\u0161eobecnej povahy.<\/p>\n<\/div>\n<\/div>\n<\/div>","protected":false},"excerpt":{"rendered":"<p>Ukaza\u0142 si\u0119 projekt zarz\u0105dzenia ministra rozwoju i finans\u00f3w, wed\u0142ug kt\u00f3rego siedzib\u0105 Podkarpackiego Urz\u0119du Celno-Skarbowego oraz siedzib\u0105 Filii Krajowej Szko\u0142y Skarbowo\u015bci b\u0119dzie Przemy\u015bl, gdzie od 90 lat mie\u015bci si\u0119 g\u0142\u00f3wna w regionie siedziba s\u0142u\u017cb celnych, czyli Izba Celna. Ustawa z dnia 16 listopada 2016 r. o Krajowej Administracji Skarbowej zak\u0142ada powo\u0142anie (od 1 marca 2017 r.) [&hellip;]<\/p>\n","protected":false},"author":6,"featured_media":5269,"comment_status":"open","ping_status":"open","sticky":false,"template":"","format":"standard","meta":{"ngg_post_thumbnail":0,"footnotes":""},"categories":[49,3],"tags":[],"class_list":["post-5258","post","type-post","status-publish","format-standard","has-post-thumbnail","hentry","category-podkarpacie","category-wydarzenia"],"_links":{"self":[{"href":"https:\/\/marekkuchcinski.pl\/sk\/wp-json\/wp\/v2\/posts\/5258","targetHints":{"allow":["GET"]}}],"collection":[{"href":"https:\/\/marekkuchcinski.pl\/sk\/wp-json\/wp\/v2\/posts"}],"about":[{"href":"https:\/\/marekkuchcinski.pl\/sk\/wp-json\/wp\/v2\/types\/post"}],"author":[{"embeddable":true,"href":"https:\/\/marekkuchcinski.pl\/sk\/wp-json\/wp\/v2\/users\/6"}],"replies":[{"embeddable":true,"href":"https:\/\/marekkuchcinski.pl\/sk\/wp-json\/wp\/v2\/comments?post=5258"}],"version-history":[{"count":11,"href":"https:\/\/marekkuchcinski.pl\/sk\/wp-json\/wp\/v2\/posts\/5258\/revisions"}],"predecessor-version":[{"id":5288,"href":"https:\/\/marekkuchcinski.pl\/sk\/wp-json\/wp\/v2\/posts\/5258\/revisions\/5288"}],"wp:featuredmedia":[{"embeddable":true,"href":"https:\/\/marekkuchcinski.pl\/sk\/wp-json\/wp\/v2\/media\/5269"}],"wp:attachment":[{"href":"https:\/\/marekkuchcinski.pl\/sk\/wp-json\/wp\/v2\/media?parent=5258"}],"wp:term":[{"taxonomy":"category","embeddable":true,"href":"https:\/\/marekkuchcinski.pl\/sk\/wp-json\/wp\/v2\/categories?post=5258"},{"taxonomy":"post_tag","embeddable":true,"href":"https:\/\/marekkuchcinski.pl\/sk\/wp-json\/wp\/v2\/tags?post=5258"}],"curies":[{"name":"wp","href":"https:\/\/api.w.org\/{rel}","templated":true}]}}