{"id":5212,"date":"2017-02-03T12:21:27","date_gmt":"2017-02-03T11:21:27","guid":{"rendered":"https:\/\/marekkuchcinski.pl\/?p=5212"},"modified":"2017-02-03T15:21:25","modified_gmt":"2017-02-03T14:21:25","slug":"bezpieczenstwo-przyszlosc-ue-relacje-dwustronne-zakonczyla-sie-oficjalna-wizyta-marszalka-sejmu-lotwie","status":"publish","type":"post","link":"https:\/\/marekkuchcinski.pl\/sk\/wydarzenia\/bezpieczenstwo-przyszlosc-ue-relacje-dwustronne-zakonczyla-sie-oficjalna-wizyta-marszalka-sejmu-lotwie\/","title":{"rendered":"Bezpe\u010dnos\u0165, bud\u00facnos\u0165 E\u00da a bilater\u00e1lne vz\u0165ahy - ofici\u00e1lna n\u00e1v\u0161teva predsedu Seimasu v Loty\u0161sku"},"content":{"rendered":"<p dir=\"ltr\">Posilnenie bezpe\u010dnosti, reforma Eur\u00f3pskej \u00fanie v duchu Eur\u00f3py suver\u00e9nnych \u0161t\u00e1tov a rozvoj bilater\u00e1lnych vz\u0165ahov - to boli niektor\u00e9 z t\u00e9m ofici\u00e1lnej n\u00e1v\u0161tevy predsedu Sejmu Mareka Kuchci\u0144sk\u00e9ho v Rige, ktor\u00e1 sa skon\u010dila vo \u0161tvrtok. Po\u013esk\u00e1 deleg\u00e1cia, ktorej \u010dlenmi boli aj predseda po\u013esko-loty\u0161skej parlamentnej skupiny, poslanec Wojciech Skurkiewicz, a poslanci skupiny Barbara Bartu\u015b a sen\u00e1tor Kazimierz Kleina, po\u010das po\u010detn\u00fdch stretnut\u00ed s predstavite\u013emi najvy\u0161\u0161\u00edch loty\u0161sk\u00fdch org\u00e1nov diskutovala okrem in\u00e9ho o spolo\u010dn\u00fdch cie\u013eoch, aktivit\u00e1ch a v\u00fdzvach, ktor\u00fdm \u010delia obe krajiny v r\u00e1mci E\u00da a NATO.<\/p>\n<p dir=\"ltr\">Po\u010das n\u00e1v\u0161tevy sa uskuto\u010dnili rozhovory o preh\u013aben\u00ed po\u013esko-loty\u0161sk\u00fdch vz\u0165ahov vr\u00e1tane vz\u0165ahov medzi parlamentmi oboch kraj\u00edn. T\u00e1to ot\u00e1zka bola jednou z t\u00e9m rozhovorov, okrem in\u00fdch, s predsedn\u00ed\u010dkou Saeimy In\u00e2r\u00e0 M\u0171rniece, podpredsedom loty\u0161skej komory Gundarsom Daudze a z\u00e1stupcami Skupiny loty\u0161sko-po\u013esk\u00e9ho priate\u013estva. Predseda Sejmu upozornil na dlhoro\u010dn\u00fa ve\u013emi dobre sa rozv\u00edjaj\u00facu spolupr\u00e1cu s Loty\u0161skom v tejto oblasti. D\u00f4le\u017eitou t\u00e9mou boli pl\u00e1ny Po\u013eska zorganizova\u0165 v m\u00e1ji \u0161irok\u00fd parlamentn\u00fd samit kraj\u00edn strednej a v\u00fdchodnej Eur\u00f3py. - Posledn\u00e9 roky uk\u00e1zali, \u017ee je naliehavo potrebn\u00e9 posilni\u0165 parlamentn\u00e9 vz\u0165ahy,\" zd\u00f4raznil Marek Kuchcinski.<\/p>\n<p dir=\"ltr\">N\u00e1v\u0161teva bola predov\u0161etk\u00fdm pr\u00edle\u017eitos\u0165ou na diskusiu o bezpe\u010dnostnej spolupr\u00e1ci, najm\u00e4 o posilnen\u00ed v\u00fdchodn\u00e9ho kr\u00eddla NATO. Politici zd\u00f4raznili prelomov\u00fd v\u00fdznam rozhodnut\u00ed samitu Severoatlantickej aliancie vo Var\u0161ave, najm\u00e4 pr\u00edchod vojsk NATO do na\u0161ej \u010dasti Eur\u00f3py. V\u010fa\u010dnos\u0165 Po\u013esku za jeho anga\u017eovanos\u0165 v oblasti bezpe\u010dnosti, vr\u00e1tane napr\u00edklad \u00fa\u010dasti na misii Baltic Air Policing, vyjadril okrem in\u00e9ho aj prezident Saeima. Diskutuj\u00faci zhodne pouk\u00e1zali na potrebu zv\u00fd\u0161i\u0165 v\u00fddavky na obranu, podpori\u0165 rozvoj obrann\u00e9ho priemyslu, \u010deli\u0165 hrozb\u00e1m v kybernetickom priestore a \u010fal\u0161\u00edm prejavom hybridnej vojny. V\u00fdmena sk\u00fasenost\u00ed s posil\u0148ovan\u00edm vn\u00fatornej bezpe\u010dnosti prostredn\u00edctvom S\u00edl \u00fazemnej obrany (v Po\u013esku) a N\u00e1rodnej gardy (v Loty\u0161sku) bola tie\u017e jednou z t\u00e9m stretnutia deleg\u00e1cie s predsedom Sejmu na \u010dele s predsedom V\u00fdboru pre obranu, vn\u00fatorn\u00e9 veci a prevenciu korupcie Ainarsom Latkovskisom. Diskutovalo sa aj o perspekt\u00edvach u\u017e\u0161ej spolupr\u00e1ce medzi v\u00fdbormi Sejmu a Saeimy, ktor\u00e9 sa okrem in\u00e9ho zaoberaj\u00fa pr\u00e1ve ot\u00e1zkami obrany alebo boja proti korupcii.<\/p>\n<p dir=\"ltr\">Po\u010das n\u00e1v\u0161tevy Loty\u0161ska sa diskutovalo aj o bud\u00facnosti Eur\u00f3pskej \u00fanie. Spolo\u010dn\u00fd poh\u013ead Po\u013eska a Loty\u0161ska na E\u00da, vr\u00e1tane jej obnovy na z\u00e1klade v\u00edzie Eur\u00f3py suver\u00e9nnych, nez\u00e1visl\u00fdch \u0161t\u00e1tov, bol zd\u00f4raznen\u00fd po\u010das stretnut\u00ed predsedu Sejmu s predsedn\u00ed\u010dkou parlamentu In\u00e2r\u00e0 M\u0171rniece, premi\u00e9rom M\u00e2risom Ku\u010dinskisom a \u0161\u00e9fom loty\u0161sk\u00e9ho ministerstva zahrani\u010dn\u00fdch vec\u00ed Edgarsom Rink\u00e7vi\u010dsom. - Tak\u00e9to zmeny v E\u00da m\u00f4\u017eu zastavi\u0165 dezintegr\u00e1ciu Eur\u00f3py, ktorej pr\u00edkladom je brexit, vysvetlil Marek Kuchcinski. Na potrebu posilni\u0165 n\u00e1rodn\u00e9 parlamenty pouk\u00e1zal okrem in\u00fdch aj predseda Saeima. Zd\u00f4raznen\u00e1 bola aj potreba n\u00e1vratu Eur\u00f3py ku kres\u0165ansk\u00fdm kore\u0148om, o ktorej predseda Sejmu diskutoval s arcibiskupom Zbigniewom Stankiewiczom, metropolitom ri\u017esk\u00fdm.<\/p>\n<p dir=\"ltr\">T\u00e9mou bolo aj posilnenie bilater\u00e1lnej a multilater\u00e1lnej spolupr\u00e1ce v oblasti cestnej a \u017eelezni\u010dnej infra\u0161trukt\u00fary a komunik\u00e1ci\u00ed prostredn\u00edctvom realiz\u00e1cie projektov, ako s\u00fa okrem in\u00e9ho Via Baltica a Rail Baltica. Ako povedal predseda Sejmu, projekty tohto druhu nepriamo prispievaj\u00fa aj k zv\u00fd\u0161eniu bezpe\u010dnosti.<\/p>\n<p dir=\"ltr\">Po\u010das n\u00e1v\u0161tevy sa diskutovalo aj o v\u00fdznamnom pr\u00ednose po\u013eskej men\u0161iny pre rozvoj vz\u0165ahov medzi Var\u0161avou a Rigou. Prezident Saeima pripomenul osobnos\u0165 Ity Kozakiewiczovej, zasl\u00fa\u017eilej aktivistky po\u013esk\u00e9ho p\u00f4vodu pre Loty\u0161sko. - Je symbolom Loty\u0161ska a Po\u013eska,\" povedala In\u00e2ra M\u0171rniece. Predseda Sejmu Marek Kuchcinski diskutoval so z\u00e1stupcami Zv\u00e4zu Poliakov v Loty\u0161sku aj o d\u00f4le\u017eitej \u00falohe po\u013eskej men\u0161iny a jej aktu\u00e1lnych ot\u00e1zkach vr\u00e1tane fungovania \u0161kolstva. Po\u010das stretnutia bolo zd\u00f4raznen\u00e9, \u017ee na\u0161i krajania v Loty\u0161sku patria medzi najlep\u0161ie integrovan\u00fdch a najvernej\u0161\u00edch loty\u0161sk\u00e9mu \u0161t\u00e1tu. - Svoj\u00edm pozit\u00edvnym pr\u00edstupom k \u00faradom ste jedn\u00fdm zo z\u00e1kladov, v\u010faka ktor\u00fdm sa rozv\u00edja po\u013esko-loty\u0161sk\u00e1 spolupr\u00e1ca,\" uviedol predseda Sejmu.<\/p>\n<p dir=\"ltr\">N\u00e1v\u0161teva Loty\u0161ska bola pr\u00edle\u017eitos\u0165ou hovori\u0165 nielen o s\u00fa\u010dasn\u00fdch a bud\u00facich probl\u00e9moch, ale aj o tragick\u00fdch momentoch v dejin\u00e1ch na\u0161ej \u010dasti Eur\u00f3py, ako zd\u00f4raznil predseda Sejmu po\u010das sl\u00e1vnostn\u00e9ho otvorenia v\u00fdstavy venovanej katy\u0148sk\u00e9mu zlo\u010dinu spolu s predsedom Saeimy. Pod\u013ea Mareka Kuchcinsk\u00e9ho m\u00e1 otvorenie v\u00fdstavy pr\u00e1ve v Rige symbolick\u00fd v\u00fdznam pre bud\u00face vz\u0165ahy medzi Po\u013eskom a Loty\u0161skom. - Spolo\u010dne mus\u00edme br\u00e1ni\u0165 pravdu, spolo\u010dne mus\u00edme st\u00e1\u0165 na strane slobody a spolo\u010dne mus\u00edme solid\u00e1rne myslie\u0165 na dobr\u00fa spolupr\u00e1cu,\" uviedol. V\u00fdstava s n\u00e1zvom. \"Boli postrelen\u00ed zozadu do hlavy. V\u00fdstava \"Katy\u0148sk\u00fd masaker\" bola pripraven\u00e1 v spolupr\u00e1ci M\u00fazea Katy\u0148 vo Var\u0161ave, Loty\u0161sk\u00e9ho vojnov\u00e9ho m\u00fazea v Rige, In\u0161tit\u00fatu n\u00e1rodnej pam\u00e4ti a po\u013esk\u00e9ho ve\u013evyslanectva v Rige.<\/p>\n<p dir=\"ltr\">V loty\u0161skom hlavnom meste predseda Sejmu Marek Kuchcinski spolu s poslancami, ktor\u00ed ho sprev\u00e1dzali, nav\u0161t\u00edvil aj miesta spojen\u00e9 s Po\u013eskom vr\u00e1tane Domu \u010ciernohlavcov, kde bola v roku 1921 podp\u00edsan\u00e1 Ri\u017esk\u00e1 zmluva ukon\u010duj\u00faca po\u013esko-bo\u013e\u0161evick\u00fa vojnu. Deleg\u00e1cia nav\u0161t\u00edvila aj Loty\u0161sk\u00fa univerzitu, b\u00fdval\u00fa Technick\u00fa univerzitu v Rige, kde s\u00fa tie\u017e stopy po\u013eskej pr\u00edtomnosti. Medzi absolventmi tejto univerzity, ktor\u00e1 je pova\u017eovan\u00e1 za kov\u00e1re\u0148 po\u013eskej elity, s\u00fa tak\u00e9 osobnosti ako prezident Ignacy Moscicki a gener\u00e1l W\u0142adys\u0142aw Anders.<\/p>\n<p dir=\"ltr\"><em>foto: Pawe\u0142 Kula<\/em><\/p>\n<p dir=\"ltr\"><em>text: Kancel\u00e1ria Sejmu<\/em><\/p>\n<p dir=\"ltr\"><a href=\"https:\/\/marekkuchcinski.pl\/wp-content\/uploads\/2017\/02\/KU090910.jpg\"><img fetchpriority=\"high\" decoding=\"async\" class=\"alignnone size-full wp-image-5213\" src=\"https:\/\/marekkuchcinski.pl\/wp-content\/uploads\/2017\/02\/KU090910.jpg\" alt=\"KU090910\" width=\"1800\" height=\"1200\" srcset=\"https:\/\/marekkuchcinski.pl\/wp-content\/uploads\/2017\/02\/KU090910.jpg 1800w, https:\/\/marekkuchcinski.pl\/wp-content\/uploads\/2017\/02\/KU090910-300x200.jpg 300w, https:\/\/marekkuchcinski.pl\/wp-content\/uploads\/2017\/02\/KU090910-768x512.jpg 768w, https:\/\/marekkuchcinski.pl\/wp-content\/uploads\/2017\/02\/KU090910-1024x683.jpg 1024w\" sizes=\"(max-width: 1800px) 100vw, 1800px\" \/><\/a>S predsedn\u00ed\u010dkou loty\u0161sk\u00e9ho parlamentu In\u0101ra M\u016brniece<\/p>\n<p dir=\"ltr\"><a href=\"https:\/\/marekkuchcinski.pl\/wp-content\/uploads\/2017\/02\/KU099289.jpg\"><img decoding=\"async\" class=\"alignnone size-full wp-image-5218\" src=\"https:\/\/marekkuchcinski.pl\/wp-content\/uploads\/2017\/02\/KU099289.jpg\" alt=\"KU099289\" width=\"1800\" height=\"1200\" srcset=\"https:\/\/marekkuchcinski.pl\/wp-content\/uploads\/2017\/02\/KU099289.jpg 1800w, https:\/\/marekkuchcinski.pl\/wp-content\/uploads\/2017\/02\/KU099289-300x200.jpg 300w, https:\/\/marekkuchcinski.pl\/wp-content\/uploads\/2017\/02\/KU099289-768x512.jpg 768w, https:\/\/marekkuchcinski.pl\/wp-content\/uploads\/2017\/02\/KU099289-1024x683.jpg 1024w\" sizes=\"(max-width: 1800px) 100vw, 1800px\" \/><\/a>Saeima<\/p>\n<p dir=\"ltr\"><a href=\"https:\/\/marekkuchcinski.pl\/wp-content\/uploads\/2017\/02\/KU090046.jpg\"><img decoding=\"async\" class=\"alignnone size-full wp-image-5244\" src=\"https:\/\/marekkuchcinski.pl\/wp-content\/uploads\/2017\/02\/KU090046.jpg\" alt=\"KU090046\" width=\"1800\" height=\"1200\" srcset=\"https:\/\/marekkuchcinski.pl\/wp-content\/uploads\/2017\/02\/KU090046.jpg 1800w, https:\/\/marekkuchcinski.pl\/wp-content\/uploads\/2017\/02\/KU090046-300x200.jpg 300w, https:\/\/marekkuchcinski.pl\/wp-content\/uploads\/2017\/02\/KU090046-768x512.jpg 768w, https:\/\/marekkuchcinski.pl\/wp-content\/uploads\/2017\/02\/KU090046-1024x683.jpg 1024w\" sizes=\"(max-width: 1800px) 100vw, 1800px\" \/><\/a>Polo\u017eenie kvetov pred Pam\u00e4tn\u00edk slobody, symbol nez\u00e1vislosti loty\u0161sk\u00e9ho \u0161t\u00e1tu<\/p>\n<p dir=\"ltr\"><a href=\"https:\/\/marekkuchcinski.pl\/wp-content\/uploads\/2017\/02\/KU090176.jpg\"><img loading=\"lazy\" decoding=\"async\" class=\"alignnone size-full wp-image-5242\" src=\"https:\/\/marekkuchcinski.pl\/wp-content\/uploads\/2017\/02\/KU090176.jpg\" alt=\"KU090176\" width=\"1200\" height=\"1800\" srcset=\"https:\/\/marekkuchcinski.pl\/wp-content\/uploads\/2017\/02\/KU090176.jpg 1200w, https:\/\/marekkuchcinski.pl\/wp-content\/uploads\/2017\/02\/KU090176-200x300.jpg 200w, https:\/\/marekkuchcinski.pl\/wp-content\/uploads\/2017\/02\/KU090176-768x1152.jpg 768w, https:\/\/marekkuchcinski.pl\/wp-content\/uploads\/2017\/02\/KU090176-683x1024.jpg 683w\" sizes=\"(max-width: 1200px) 100vw, 1200px\" \/><\/a><a href=\"https:\/\/marekkuchcinski.pl\/wp-content\/uploads\/2017\/02\/KU091152.jpg\"><img loading=\"lazy\" decoding=\"async\" class=\"alignnone size-full wp-image-5217\" src=\"https:\/\/marekkuchcinski.pl\/wp-content\/uploads\/2017\/02\/KU091152.jpg\" alt=\"KU091152\" width=\"1797\" height=\"1800\" srcset=\"https:\/\/marekkuchcinski.pl\/wp-content\/uploads\/2017\/02\/KU091152.jpg 1797w, https:\/\/marekkuchcinski.pl\/wp-content\/uploads\/2017\/02\/KU091152-150x150.jpg 150w, https:\/\/marekkuchcinski.pl\/wp-content\/uploads\/2017\/02\/KU091152-300x300.jpg 300w, https:\/\/marekkuchcinski.pl\/wp-content\/uploads\/2017\/02\/KU091152-768x769.jpg 768w, https:\/\/marekkuchcinski.pl\/wp-content\/uploads\/2017\/02\/KU091152-1022x1024.jpg 1022w\" sizes=\"(max-width: 1797px) 100vw, 1797px\" \/><\/a>S loty\u0161sk\u00fdm premi\u00e9rom M\u0101risom Ku\u010dinskisom<\/p>\n<p dir=\"ltr\"><a href=\"https:\/\/marekkuchcinski.pl\/wp-content\/uploads\/2017\/02\/KU091271-2.jpg\"><img loading=\"lazy\" decoding=\"async\" class=\"alignnone size-full wp-image-5229\" src=\"https:\/\/marekkuchcinski.pl\/wp-content\/uploads\/2017\/02\/KU091271-2.jpg\" alt=\"KU091271-2\" width=\"1800\" height=\"1200\" srcset=\"https:\/\/marekkuchcinski.pl\/wp-content\/uploads\/2017\/02\/KU091271-2.jpg 1800w, https:\/\/marekkuchcinski.pl\/wp-content\/uploads\/2017\/02\/KU091271-2-300x200.jpg 300w, https:\/\/marekkuchcinski.pl\/wp-content\/uploads\/2017\/02\/KU091271-2-768x512.jpg 768w, https:\/\/marekkuchcinski.pl\/wp-content\/uploads\/2017\/02\/KU091271-2-1024x683.jpg 1024w\" sizes=\"(max-width: 1800px) 100vw, 1800px\" \/><\/a><a href=\"https:\/\/marekkuchcinski.pl\/wp-content\/uploads\/2017\/02\/KU091405.jpg\"><img loading=\"lazy\" decoding=\"async\" class=\"alignnone size-full wp-image-5214\" src=\"https:\/\/marekkuchcinski.pl\/wp-content\/uploads\/2017\/02\/KU091405.jpg\" alt=\"KU091405\" width=\"1800\" height=\"1200\" srcset=\"https:\/\/marekkuchcinski.pl\/wp-content\/uploads\/2017\/02\/KU091405.jpg 1800w, https:\/\/marekkuchcinski.pl\/wp-content\/uploads\/2017\/02\/KU091405-300x200.jpg 300w, https:\/\/marekkuchcinski.pl\/wp-content\/uploads\/2017\/02\/KU091405-768x512.jpg 768w, https:\/\/marekkuchcinski.pl\/wp-content\/uploads\/2017\/02\/KU091405-1024x683.jpg 1024w\" sizes=\"(max-width: 1800px) 100vw, 1800px\" \/><\/a>So \u0161\u00e9fom loty\u0161sk\u00e9ho ministerstva zahrani\u010dn\u00fdch vec\u00ed Edgarsom Rink\u0113vi\u010dsom<\/p>\n<p dir=\"ltr\"><a href=\"https:\/\/marekkuchcinski.pl\/wp-content\/uploads\/2017\/02\/KU090540.jpg\"><img loading=\"lazy\" decoding=\"async\" class=\"alignnone size-full wp-image-5236\" src=\"https:\/\/marekkuchcinski.pl\/wp-content\/uploads\/2017\/02\/KU090540.jpg\" alt=\"KU090540\" width=\"1800\" height=\"1200\" srcset=\"https:\/\/marekkuchcinski.pl\/wp-content\/uploads\/2017\/02\/KU090540.jpg 1800w, https:\/\/marekkuchcinski.pl\/wp-content\/uploads\/2017\/02\/KU090540-300x200.jpg 300w, https:\/\/marekkuchcinski.pl\/wp-content\/uploads\/2017\/02\/KU090540-768x512.jpg 768w, https:\/\/marekkuchcinski.pl\/wp-content\/uploads\/2017\/02\/KU090540-1024x683.jpg 1024w\" sizes=\"(max-width: 1800px) 100vw, 1800px\" \/><\/a><a href=\"https:\/\/marekkuchcinski.pl\/wp-content\/uploads\/2017\/02\/KU092374.jpg\"><img loading=\"lazy\" decoding=\"async\" class=\"alignnone size-full wp-image-5219\" src=\"https:\/\/marekkuchcinski.pl\/wp-content\/uploads\/2017\/02\/KU092374.jpg\" alt=\"KU092374\" width=\"1590\" height=\"1062\" srcset=\"https:\/\/marekkuchcinski.pl\/wp-content\/uploads\/2017\/02\/KU092374.jpg 1590w, https:\/\/marekkuchcinski.pl\/wp-content\/uploads\/2017\/02\/KU092374-300x200.jpg 300w, https:\/\/marekkuchcinski.pl\/wp-content\/uploads\/2017\/02\/KU092374-768x513.jpg 768w, https:\/\/marekkuchcinski.pl\/wp-content\/uploads\/2017\/02\/KU092374-1024x684.jpg 1024w\" sizes=\"(max-width: 1590px) 100vw, 1590px\" \/><\/a>Dom \u010ciernohlav\u00e9ho bratstva - v roku 1921 tu bola podp\u00edsan\u00e1 R\u00ed\u017eska zmluva.<\/p>\n<p dir=\"ltr\"><a href=\"https:\/\/marekkuchcinski.pl\/wp-content\/uploads\/2017\/02\/KU092782-1.jpg\"><img loading=\"lazy\" decoding=\"async\" class=\"alignnone size-full wp-image-5220\" src=\"https:\/\/marekkuchcinski.pl\/wp-content\/uploads\/2017\/02\/KU092782-1.jpg\" alt=\"KU092782 (1)\" width=\"1800\" height=\"1200\" srcset=\"https:\/\/marekkuchcinski.pl\/wp-content\/uploads\/2017\/02\/KU092782-1.jpg 1800w, https:\/\/marekkuchcinski.pl\/wp-content\/uploads\/2017\/02\/KU092782-1-300x200.jpg 300w, https:\/\/marekkuchcinski.pl\/wp-content\/uploads\/2017\/02\/KU092782-1-768x512.jpg 768w, https:\/\/marekkuchcinski.pl\/wp-content\/uploads\/2017\/02\/KU092782-1-1024x683.jpg 1024w\" sizes=\"(max-width: 1800px) 100vw, 1800px\" \/><\/a> Loty\u0161sk\u00e1 univerzita, b\u00fdval\u00e1 Technick\u00e1 univerzita v Rige. \u0160tudovali tu aj gener\u00e1l W\u0142adys\u0142aw Anders a Ignacy Mo\u015bcicki\u00a0 <a href=\"https:\/\/marekkuchcinski.pl\/wp-content\/uploads\/2017\/02\/KU092204-Pano.jpg\"><img loading=\"lazy\" decoding=\"async\" class=\"alignnone size-full wp-image-5223\" src=\"https:\/\/marekkuchcinski.pl\/wp-content\/uploads\/2017\/02\/KU092204-Pano.jpg\" alt=\"KU092204-Pano\" width=\"1800\" height=\"700\" srcset=\"https:\/\/marekkuchcinski.pl\/wp-content\/uploads\/2017\/02\/KU092204-Pano.jpg 1800w, https:\/\/marekkuchcinski.pl\/wp-content\/uploads\/2017\/02\/KU092204-Pano-300x117.jpg 300w, https:\/\/marekkuchcinski.pl\/wp-content\/uploads\/2017\/02\/KU092204-Pano-768x299.jpg 768w, https:\/\/marekkuchcinski.pl\/wp-content\/uploads\/2017\/02\/KU092204-Pano-1024x398.jpg 1024w\" sizes=\"(max-width: 1800px) 100vw, 1800px\" \/><\/a> <a href=\"https:\/\/marekkuchcinski.pl\/wp-content\/uploads\/2017\/02\/KU091939.jpg\"><img loading=\"lazy\" decoding=\"async\" class=\"alignnone size-full wp-image-5226\" src=\"https:\/\/marekkuchcinski.pl\/wp-content\/uploads\/2017\/02\/KU091939.jpg\" alt=\"KU091939\" width=\"1800\" height=\"1200\" srcset=\"https:\/\/marekkuchcinski.pl\/wp-content\/uploads\/2017\/02\/KU091939.jpg 1800w, https:\/\/marekkuchcinski.pl\/wp-content\/uploads\/2017\/02\/KU091939-300x200.jpg 300w, https:\/\/marekkuchcinski.pl\/wp-content\/uploads\/2017\/02\/KU091939-768x512.jpg 768w, https:\/\/marekkuchcinski.pl\/wp-content\/uploads\/2017\/02\/KU091939-1024x683.jpg 1024w\" sizes=\"(max-width: 1800px) 100vw, 1800px\" \/><\/a>\u00a0Star\u00e9 mesto<\/p>\n<p dir=\"ltr\"><a href=\"https:\/\/marekkuchcinski.pl\/wp-content\/uploads\/2017\/02\/KU090690-1.jpg\"><img loading=\"lazy\" decoding=\"async\" class=\"alignnone size-full wp-image-5250\" src=\"https:\/\/marekkuchcinski.pl\/wp-content\/uploads\/2017\/02\/KU090690-1.jpg\" alt=\"KU090690\" width=\"1800\" height=\"1200\" srcset=\"https:\/\/marekkuchcinski.pl\/wp-content\/uploads\/2017\/02\/KU090690-1.jpg 1800w, https:\/\/marekkuchcinski.pl\/wp-content\/uploads\/2017\/02\/KU090690-1-300x200.jpg 300w, https:\/\/marekkuchcinski.pl\/wp-content\/uploads\/2017\/02\/KU090690-1-768x512.jpg 768w, https:\/\/marekkuchcinski.pl\/wp-content\/uploads\/2017\/02\/KU090690-1-1024x683.jpg 1024w\" sizes=\"(max-width: 1800px) 100vw, 1800px\" \/><\/a>Stretnutie s Poloniou<\/p>\n<p dir=\"ltr\"><a href=\"https:\/\/marekkuchcinski.pl\/wp-content\/uploads\/2017\/02\/KU090777.jpg\"><img loading=\"lazy\" decoding=\"async\" class=\"alignnone size-full wp-image-5231\" src=\"https:\/\/marekkuchcinski.pl\/wp-content\/uploads\/2017\/02\/KU090777.jpg\" alt=\"KU090777\" width=\"1800\" height=\"1200\" srcset=\"https:\/\/marekkuchcinski.pl\/wp-content\/uploads\/2017\/02\/KU090777.jpg 1800w, https:\/\/marekkuchcinski.pl\/wp-content\/uploads\/2017\/02\/KU090777-300x200.jpg 300w, https:\/\/marekkuchcinski.pl\/wp-content\/uploads\/2017\/02\/KU090777-768x512.jpg 768w, https:\/\/marekkuchcinski.pl\/wp-content\/uploads\/2017\/02\/KU090777-1024x683.jpg 1024w\" sizes=\"(max-width: 1800px) 100vw, 1800px\" \/><\/a> <a href=\"https:\/\/marekkuchcinski.pl\/wp-content\/uploads\/2017\/02\/KU090625.jpg\"><img loading=\"lazy\" decoding=\"async\" class=\"alignnone size-full wp-image-5233\" src=\"https:\/\/marekkuchcinski.pl\/wp-content\/uploads\/2017\/02\/KU090625.jpg\" alt=\"KU090625\" width=\"1200\" height=\"1800\" srcset=\"https:\/\/marekkuchcinski.pl\/wp-content\/uploads\/2017\/02\/KU090625.jpg 1200w, https:\/\/marekkuchcinski.pl\/wp-content\/uploads\/2017\/02\/KU090625-200x300.jpg 200w, https:\/\/marekkuchcinski.pl\/wp-content\/uploads\/2017\/02\/KU090625-768x1152.jpg 768w, https:\/\/marekkuchcinski.pl\/wp-content\/uploads\/2017\/02\/KU090625-683x1024.jpg 683w\" sizes=\"(max-width: 1200px) 100vw, 1200px\" \/><\/a>Ve\u013evyslanectvo PL<\/p>\n<p dir=\"ltr\"><a href=\"https:\/\/marekkuchcinski.pl\/wp-content\/uploads\/2017\/02\/KU090463-1.jpg\"><img loading=\"lazy\" decoding=\"async\" class=\"alignnone size-full wp-image-5238\" src=\"https:\/\/marekkuchcinski.pl\/wp-content\/uploads\/2017\/02\/KU090463-1.jpg\" alt=\"KU090463 (1)\" width=\"1800\" height=\"1200\" srcset=\"https:\/\/marekkuchcinski.pl\/wp-content\/uploads\/2017\/02\/KU090463-1.jpg 1800w, https:\/\/marekkuchcinski.pl\/wp-content\/uploads\/2017\/02\/KU090463-1-300x200.jpg 300w, https:\/\/marekkuchcinski.pl\/wp-content\/uploads\/2017\/02\/KU090463-1-768x512.jpg 768w, https:\/\/marekkuchcinski.pl\/wp-content\/uploads\/2017\/02\/KU090463-1-1024x683.jpg 1024w\" sizes=\"(max-width: 1800px) 100vw, 1800px\" \/><\/a> <a href=\"https:\/\/marekkuchcinski.pl\/wp-content\/uploads\/2017\/02\/KU090406.jpg\"><img loading=\"lazy\" decoding=\"async\" class=\"alignnone size-full wp-image-5239\" src=\"https:\/\/marekkuchcinski.pl\/wp-content\/uploads\/2017\/02\/KU090406.jpg\" alt=\"KU090406\" width=\"1800\" height=\"1200\" srcset=\"https:\/\/marekkuchcinski.pl\/wp-content\/uploads\/2017\/02\/KU090406.jpg 1800w, https:\/\/marekkuchcinski.pl\/wp-content\/uploads\/2017\/02\/KU090406-300x200.jpg 300w, https:\/\/marekkuchcinski.pl\/wp-content\/uploads\/2017\/02\/KU090406-768x512.jpg 768w, https:\/\/marekkuchcinski.pl\/wp-content\/uploads\/2017\/02\/KU090406-1024x683.jpg 1024w\" sizes=\"(max-width: 1800px) 100vw, 1800px\" \/><\/a> <a href=\"https:\/\/marekkuchcinski.pl\/wp-content\/uploads\/2017\/02\/KU090291.jpg\"><img loading=\"lazy\" decoding=\"async\" class=\"alignnone size-full wp-image-5240\" src=\"https:\/\/marekkuchcinski.pl\/wp-content\/uploads\/2017\/02\/KU090291.jpg\" alt=\"KU090291\" width=\"1800\" height=\"1200\" srcset=\"https:\/\/marekkuchcinski.pl\/wp-content\/uploads\/2017\/02\/KU090291.jpg 1800w, https:\/\/marekkuchcinski.pl\/wp-content\/uploads\/2017\/02\/KU090291-300x200.jpg 300w, https:\/\/marekkuchcinski.pl\/wp-content\/uploads\/2017\/02\/KU090291-768x512.jpg 768w, https:\/\/marekkuchcinski.pl\/wp-content\/uploads\/2017\/02\/KU090291-1024x683.jpg 1024w\" sizes=\"(max-width: 1800px) 100vw, 1800px\" \/><\/a> Loty\u0161sk\u00e9 n\u00e1rodn\u00e9 m\u00fazeum<\/p>\n<p dir=\"ltr\"><a href=\"https:\/\/marekkuchcinski.pl\/wp-content\/uploads\/2017\/02\/KU092945.jpg\"><img loading=\"lazy\" decoding=\"async\" class=\"alignnone size-full wp-image-5256\" src=\"https:\/\/marekkuchcinski.pl\/wp-content\/uploads\/2017\/02\/KU092945.jpg\" alt=\"KU092945\" width=\"1800\" height=\"1200\" srcset=\"https:\/\/marekkuchcinski.pl\/wp-content\/uploads\/2017\/02\/KU092945.jpg 1800w, https:\/\/marekkuchcinski.pl\/wp-content\/uploads\/2017\/02\/KU092945-300x200.jpg 300w, https:\/\/marekkuchcinski.pl\/wp-content\/uploads\/2017\/02\/KU092945-768x512.jpg 768w, https:\/\/marekkuchcinski.pl\/wp-content\/uploads\/2017\/02\/KU092945-1024x683.jpg 1024w\" sizes=\"(max-width: 1800px) 100vw, 1800px\" \/><\/a><\/p>\n<p dir=\"ltr\">S ri\u017esk\u00fdm arcibiskupom Zbigniewom Stankiewiczom<\/p>\n<p dir=\"ltr\"><a href=\"https:\/\/marekkuchcinski.pl\/wp-content\/uploads\/2017\/02\/KU093331.jpg\"><img loading=\"lazy\" decoding=\"async\" class=\"alignnone size-full wp-image-5254\" src=\"https:\/\/marekkuchcinski.pl\/wp-content\/uploads\/2017\/02\/KU093331.jpg\" alt=\"KU093331\" width=\"1800\" height=\"1200\" srcset=\"https:\/\/marekkuchcinski.pl\/wp-content\/uploads\/2017\/02\/KU093331.jpg 1800w, https:\/\/marekkuchcinski.pl\/wp-content\/uploads\/2017\/02\/KU093331-300x200.jpg 300w, https:\/\/marekkuchcinski.pl\/wp-content\/uploads\/2017\/02\/KU093331-768x512.jpg 768w, https:\/\/marekkuchcinski.pl\/wp-content\/uploads\/2017\/02\/KU093331-1024x683.jpg 1024w\" sizes=\"(max-width: 1800px) 100vw, 1800px\" \/><\/a><\/p>\n<p dir=\"ltr\">Na otvoren\u00ed v\u00fdstavy v Katyni predseda Sejmu povedal:<\/p>\n<p dir=\"ltr\"><em>Dnes sme hovorili o politike bud\u00facnosti a s\u00fa\u010dasnosti, ale pripomenuli sme si aj tragick\u00e9 momenty v dejin\u00e1ch n\u00e1rodov tejto \u010dasti Eur\u00f3py. Katy\u0148 je pre Po\u013esko ve\u013emi d\u00f4le\u017eit\u00fdm symbolom. Ke\u010f sa dnes pozrieme na mapu Eur\u00f3py, v\u0161etky n\u00e1rody maj\u00fa podobn\u00e9 pam\u00e4tn\u00edky t\u00fdkaj\u00face sa 21. storo\u010dia. <\/em><br \/>\n<em>Katy\u0148 je na\u0161\u00edm spolo\u010dn\u00fdm symbolick\u00fdm miestom a jej n\u00e1sledkami, ktor\u00e9 pretrv\u00e1vaj\u00fa dodnes. Nie ka\u017ed\u00fd uzn\u00e1va, \u017ee sa tento zlo\u010din stal, nie ka\u017ed\u00fd uzn\u00e1va, \u017ee to bol ludob<span class=\"text_exposed_show\">ation. A\u017e do konca nevieme, ko\u013eko z\u00e1stupcov r\u00f4znych n\u00e1rodov tam le\u017e\u00ed. Je to miesto, ktor\u00e9 ukazuje, \u017ee totalitarizmus nemo\u017eno pova\u017eova\u0165 za zbra\u0148 v politickom fungovan\u00ed. \u017diadny norm\u00e1lny n\u00e1rod nem\u00f4\u017ee akceptova\u0165, aby sa v s\u00fa\u010dasnej spolupr\u00e1ci obch\u00e1dzala pravda. Katy\u0148 je miestom, kde le\u017eia \u013eudia r\u00f4znych vierovyznan\u00ed, r\u00f4znych n\u00e1rodnost\u00ed. Ukazuj\u00fa, \u010doho by sme sa mali vyvarova\u0165, ke\u010f uva\u017eujeme o spolupr\u00e1ci medzi n\u00e1rodmi. To, \u017ee sa z\u00fa\u010dast\u0148ujeme na otvoren\u00ed v\u00fdstavy Katy\u0148 v Rige, je symbolom. Spolo\u010dne mus\u00edme br\u00e1ni\u0165 pravdu, st\u00e1\u0165 na strane slobody a solid\u00e1rne myslie\u0165 na dobr\u00fa, slu\u0161n\u00fa a pracovit\u00fa spolupr\u00e1cu v jednej ve\u013ekej Eur\u00f3pe, pri\u010dom nesmieme zab\u00fada\u0165, \u017ee najd\u00f4le\u017eitej\u0161\u00ed je v tomto v\u0161etkom \u010dlovek.<\/span><\/em><\/p>","protected":false},"excerpt":{"rendered":"<p>Wzmocnienie bezpiecze\u0144stwa, reforma Unii Europejskiej w duchu Europy suwerennych pa\u0144stw oraz rozw\u00f3j stosunk\u00f3w dwustronnych \u2013 to niekt\u00f3re z temat\u00f3w zako\u0144czonej w czwartek oficjalnej wizyty marsza\u0142ka Sejmu Marka Kuchci\u0144skiego w Rydze. Polska delegacja, w kt\u00f3rej byli te\u017c przewodnicz\u0105cy Polsko-\u0141otewskiej Grupy Parlamentarnej pose\u0142 Wojciech Skurkiewicz oraz wiceszefowie grupy: pos\u0142anka Barbara Bartu\u015b i senator Kazimierz Kleina, podczas licznych [&hellip;]<\/p>","protected":false},"author":6,"featured_media":5213,"comment_status":"open","ping_status":"open","sticky":false,"template":"","format":"standard","meta":{"ngg_post_thumbnail":0,"footnotes":""},"categories":[50,3],"tags":[],"class_list":["post-5212","post","type-post","status-publish","format-standard","has-post-thumbnail","hentry","category-wspolpraca-miedzynarodowa","category-wydarzenia"],"yoast_head":"<!-- This site is optimized with the Yoast SEO plugin v24.7 - https:\/\/yoast.com\/wordpress\/plugins\/seo\/ -->\n<title>Bezpiecze\u0144stwo, przysz\u0142o\u015b\u0107 UE i relacje dwustronne \u2013 oficjalna wizyta marsza\u0142ka Sejmu na \u0141otwie &#8211; Marek Kuchci\u0144ski<\/title>\n<meta name=\"robots\" content=\"index, follow, max-snippet:-1, max-image-preview:large, max-video-preview:-1\" \/>\n<link rel=\"canonical\" href=\"https:\/\/marekkuchcinski.pl\/sk\/wydarzenia\/bezpieczenstwo-przyszlosc-ue-relacje-dwustronne-zakonczyla-sie-oficjalna-wizyta-marszalka-sejmu-lotwie\/\" \/>\n<meta property=\"og:locale\" content=\"sk_SK\" \/>\n<meta property=\"og:type\" content=\"article\" \/>\n<meta property=\"og:title\" content=\"Bezpiecze\u0144stwo, przysz\u0142o\u015b\u0107 UE i relacje dwustronne \u2013 oficjalna wizyta marsza\u0142ka Sejmu na \u0141otwie &#8211; Marek Kuchci\u0144ski\" \/>\n<meta property=\"og:description\" content=\"Wzmocnienie bezpiecze\u0144stwa, reforma Unii Europejskiej w duchu Europy suwerennych pa\u0144stw oraz rozw\u00f3j stosunk\u00f3w dwustronnych \u2013 to niekt\u00f3re z temat\u00f3w zako\u0144czonej w czwartek oficjalnej wizyty marsza\u0142ka Sejmu Marka Kuchci\u0144skiego w Rydze. Polska delegacja, w kt\u00f3rej byli te\u017c przewodnicz\u0105cy Polsko-\u0141otewskiej Grupy Parlamentarnej pose\u0142 Wojciech Skurkiewicz oraz wiceszefowie grupy: pos\u0142anka Barbara Bartu\u015b i senator Kazimierz Kleina, podczas licznych [&hellip;]\" \/>\n<meta property=\"og:url\" content=\"https:\/\/marekkuchcinski.pl\/sk\/wydarzenia\/bezpieczenstwo-przyszlosc-ue-relacje-dwustronne-zakonczyla-sie-oficjalna-wizyta-marszalka-sejmu-lotwie\/\" \/>\n<meta property=\"og:site_name\" content=\"Marek Kuchci\u0144ski\" \/>\n<meta property=\"article:published_time\" content=\"2017-02-03T11:21:27+00:00\" \/>\n<meta property=\"article:modified_time\" content=\"2017-02-03T14:21:25+00:00\" \/>\n<meta property=\"og:image\" content=\"https:\/\/marekkuchcinski.pl\/wp-content\/uploads\/2017\/02\/KU090910.jpg\" \/>\n\t<meta property=\"og:image:width\" content=\"1800\" \/>\n\t<meta property=\"og:image:height\" content=\"1200\" \/>\n\t<meta property=\"og:image:type\" content=\"image\/jpeg\" \/>\n<meta name=\"author\" content=\"admin\" \/>\n<meta name=\"twitter:card\" content=\"summary_large_image\" \/>\n<meta name=\"twitter:label1\" content=\"Autor\" \/>\n\t<meta name=\"twitter:data1\" content=\"admin\" \/>\n\t<meta name=\"twitter:label2\" content=\"Predpokladan\u00fd \u010das \u010d\u00edtania\" \/>\n\t<meta name=\"twitter:data2\" content=\"6 min\u00fat\" \/>\n<script type=\"application\/ld+json\" class=\"yoast-schema-graph\">{\"@context\":\"https:\/\/schema.org\",\"@graph\":[{\"@type\":\"Article\",\"@id\":\"https:\/\/marekkuchcinski.pl\/uk\/wydarzenia\/bezpieczenstwo-przyszlosc-ue-relacje-dwustronne-zakonczyla-sie-oficjalna-wizyta-marszalka-sejmu-lotwie\/#article\",\"isPartOf\":{\"@id\":\"https:\/\/marekkuchcinski.pl\/uk\/wydarzenia\/bezpieczenstwo-przyszlosc-ue-relacje-dwustronne-zakonczyla-sie-oficjalna-wizyta-marszalka-sejmu-lotwie\/\"},\"author\":{\"name\":\"admin\",\"@id\":\"https:\/\/marekkuchcinski.pl\/#\/schema\/person\/6f62700996b4d950b6ea2d1183b6c6be\"},\"headline\":\"Bezpiecze\u0144stwo, przysz\u0142o\u015b\u0107 UE i relacje dwustronne \u2013 oficjalna wizyta marsza\u0142ka Sejmu na \u0141otwie\",\"datePublished\":\"2017-02-03T11:21:27+00:00\",\"dateModified\":\"2017-02-03T14:21:25+00:00\",\"mainEntityOfPage\":{\"@id\":\"https:\/\/marekkuchcinski.pl\/uk\/wydarzenia\/bezpieczenstwo-przyszlosc-ue-relacje-dwustronne-zakonczyla-sie-oficjalna-wizyta-marszalka-sejmu-lotwie\/\"},\"wordCount\":1262,\"commentCount\":0,\"publisher\":{\"@id\":\"https:\/\/marekkuchcinski.pl\/#organization\"},\"image\":{\"@id\":\"https:\/\/marekkuchcinski.pl\/uk\/wydarzenia\/bezpieczenstwo-przyszlosc-ue-relacje-dwustronne-zakonczyla-sie-oficjalna-wizyta-marszalka-sejmu-lotwie\/#primaryimage\"},\"thumbnailUrl\":\"https:\/\/marekkuchcinski.pl\/wp-content\/uploads\/2017\/02\/KU090910.jpg\",\"articleSection\":[\"Wsp\u00f3\u0142praca mi\u0119dzynarodowa\",\"Wydarzenia\"],\"inLanguage\":\"sk-SK\",\"potentialAction\":[{\"@type\":\"CommentAction\",\"name\":\"Comment\",\"target\":[\"https:\/\/marekkuchcinski.pl\/uk\/wydarzenia\/bezpieczenstwo-przyszlosc-ue-relacje-dwustronne-zakonczyla-sie-oficjalna-wizyta-marszalka-sejmu-lotwie\/#respond\"]}]},{\"@type\":\"WebPage\",\"@id\":\"https:\/\/marekkuchcinski.pl\/uk\/wydarzenia\/bezpieczenstwo-przyszlosc-ue-relacje-dwustronne-zakonczyla-sie-oficjalna-wizyta-marszalka-sejmu-lotwie\/\",\"url\":\"https:\/\/marekkuchcinski.pl\/uk\/wydarzenia\/bezpieczenstwo-przyszlosc-ue-relacje-dwustronne-zakonczyla-sie-oficjalna-wizyta-marszalka-sejmu-lotwie\/\",\"name\":\"Bezpiecze\u0144stwo, przysz\u0142o\u015b\u0107 UE i relacje dwustronne \u2013 oficjalna wizyta marsza\u0142ka Sejmu na \u0141otwie &#8211; Marek Kuchci\u0144ski\",\"isPartOf\":{\"@id\":\"https:\/\/marekkuchcinski.pl\/#website\"},\"primaryImageOfPage\":{\"@id\":\"https:\/\/marekkuchcinski.pl\/uk\/wydarzenia\/bezpieczenstwo-przyszlosc-ue-relacje-dwustronne-zakonczyla-sie-oficjalna-wizyta-marszalka-sejmu-lotwie\/#primaryimage\"},\"image\":{\"@id\":\"https:\/\/marekkuchcinski.pl\/uk\/wydarzenia\/bezpieczenstwo-przyszlosc-ue-relacje-dwustronne-zakonczyla-sie-oficjalna-wizyta-marszalka-sejmu-lotwie\/#primaryimage\"},\"thumbnailUrl\":\"https:\/\/marekkuchcinski.pl\/wp-content\/uploads\/2017\/02\/KU090910.jpg\",\"datePublished\":\"2017-02-03T11:21:27+00:00\",\"dateModified\":\"2017-02-03T14:21:25+00:00\",\"breadcrumb\":{\"@id\":\"https:\/\/marekkuchcinski.pl\/uk\/wydarzenia\/bezpieczenstwo-przyszlosc-ue-relacje-dwustronne-zakonczyla-sie-oficjalna-wizyta-marszalka-sejmu-lotwie\/#breadcrumb\"},\"inLanguage\":\"sk-SK\",\"potentialAction\":[{\"@type\":\"ReadAction\",\"target\":[\"https:\/\/marekkuchcinski.pl\/uk\/wydarzenia\/bezpieczenstwo-przyszlosc-ue-relacje-dwustronne-zakonczyla-sie-oficjalna-wizyta-marszalka-sejmu-lotwie\/\"]}]},{\"@type\":\"ImageObject\",\"inLanguage\":\"sk-SK\",\"@id\":\"https:\/\/marekkuchcinski.pl\/uk\/wydarzenia\/bezpieczenstwo-przyszlosc-ue-relacje-dwustronne-zakonczyla-sie-oficjalna-wizyta-marszalka-sejmu-lotwie\/#primaryimage\",\"url\":\"https:\/\/marekkuchcinski.pl\/wp-content\/uploads\/2017\/02\/KU090910.jpg\",\"contentUrl\":\"https:\/\/marekkuchcinski.pl\/wp-content\/uploads\/2017\/02\/KU090910.jpg\",\"width\":1800,\"height\":1200},{\"@type\":\"BreadcrumbList\",\"@id\":\"https:\/\/marekkuchcinski.pl\/uk\/wydarzenia\/bezpieczenstwo-przyszlosc-ue-relacje-dwustronne-zakonczyla-sie-oficjalna-wizyta-marszalka-sejmu-lotwie\/#breadcrumb\",\"itemListElement\":[{\"@type\":\"ListItem\",\"position\":1,\"name\":\"Strona g\u0142\u00f3wna\",\"item\":\"https:\/\/marekkuchcinski.pl\/\"},{\"@type\":\"ListItem\",\"position\":2,\"name\":\"Bezpiecze\u0144stwo, przysz\u0142o\u015b\u0107 UE i relacje dwustronne \u2013 oficjalna wizyta marsza\u0142ka Sejmu na \u0141otwie\"}]},{\"@type\":\"WebSite\",\"@id\":\"https:\/\/marekkuchcinski.pl\/#website\",\"url\":\"https:\/\/marekkuchcinski.pl\/\",\"name\":\"Marek Kuchci\u0144ski\",\"description\":\"Pose\u0142 na sejm RP &ndash; okr\u0119g nr 22\",\"publisher\":{\"@id\":\"https:\/\/marekkuchcinski.pl\/#organization\"},\"potentialAction\":[{\"@type\":\"SearchAction\",\"target\":{\"@type\":\"EntryPoint\",\"urlTemplate\":\"https:\/\/marekkuchcinski.pl\/?s={search_term_string}\"},\"query-input\":{\"@type\":\"PropertyValueSpecification\",\"valueRequired\":true,\"valueName\":\"search_term_string\"}}],\"inLanguage\":\"sk-SK\"},{\"@type\":\"Organization\",\"@id\":\"https:\/\/marekkuchcinski.pl\/#organization\",\"name\":\"Marek Kuchci\u0144ski\",\"url\":\"https:\/\/marekkuchcinski.pl\/\",\"logo\":{\"@type\":\"ImageObject\",\"inLanguage\":\"sk-SK\",\"@id\":\"https:\/\/marekkuchcinski.pl\/#\/schema\/logo\/image\/\",\"url\":\"https:\/\/marekkuchcinski.pl\/wp-content\/uploads\/2022\/09\/Marek.jpg\",\"contentUrl\":\"https:\/\/marekkuchcinski.pl\/wp-content\/uploads\/2022\/09\/Marek.jpg\",\"width\":1600,\"height\":971,\"caption\":\"Marek Kuchci\u0144ski\"},\"image\":{\"@id\":\"https:\/\/marekkuchcinski.pl\/#\/schema\/logo\/image\/\"}},{\"@type\":\"Person\",\"@id\":\"https:\/\/marekkuchcinski.pl\/#\/schema\/person\/6f62700996b4d950b6ea2d1183b6c6be\",\"name\":\"admin\",\"image\":{\"@type\":\"ImageObject\",\"inLanguage\":\"sk-SK\",\"@id\":\"https:\/\/marekkuchcinski.pl\/#\/schema\/person\/image\/\",\"url\":\"https:\/\/secure.gravatar.com\/avatar\/4bab693b9d55c3d6b52c0296a8765085?s=96&d=mm&r=g\",\"contentUrl\":\"https:\/\/secure.gravatar.com\/avatar\/4bab693b9d55c3d6b52c0296a8765085?s=96&d=mm&r=g\",\"caption\":\"admin\"},\"url\":\"https:\/\/marekkuchcinski.pl\/sk\/author\/marta-olejnik\/\"}]}<\/script>\n<!-- \/ Yoast SEO plugin. -->","yoast_head_json":{"title":"Bezpiecze\u0144stwo, przysz\u0142o\u015b\u0107 UE i relacje dwustronne \u2013 oficjalna wizyta marsza\u0142ka Sejmu na \u0141otwie &#8211; Marek Kuchci\u0144ski","robots":{"index":"index","follow":"follow","max-snippet":"max-snippet:-1","max-image-preview":"max-image-preview:large","max-video-preview":"max-video-preview:-1"},"canonical":"https:\/\/marekkuchcinski.pl\/sk\/wydarzenia\/bezpieczenstwo-przyszlosc-ue-relacje-dwustronne-zakonczyla-sie-oficjalna-wizyta-marszalka-sejmu-lotwie\/","og_locale":"sk_SK","og_type":"article","og_title":"Bezpiecze\u0144stwo, przysz\u0142o\u015b\u0107 UE i relacje dwustronne \u2013 oficjalna wizyta marsza\u0142ka Sejmu na \u0141otwie &#8211; Marek Kuchci\u0144ski","og_description":"Wzmocnienie bezpiecze\u0144stwa, reforma Unii Europejskiej w duchu Europy suwerennych pa\u0144stw oraz rozw\u00f3j stosunk\u00f3w dwustronnych \u2013 to niekt\u00f3re z temat\u00f3w zako\u0144czonej w czwartek oficjalnej wizyty marsza\u0142ka Sejmu Marka Kuchci\u0144skiego w Rydze. Polska delegacja, w kt\u00f3rej byli te\u017c przewodnicz\u0105cy Polsko-\u0141otewskiej Grupy Parlamentarnej pose\u0142 Wojciech Skurkiewicz oraz wiceszefowie grupy: pos\u0142anka Barbara Bartu\u015b i senator Kazimierz Kleina, podczas licznych [&hellip;]","og_url":"https:\/\/marekkuchcinski.pl\/sk\/wydarzenia\/bezpieczenstwo-przyszlosc-ue-relacje-dwustronne-zakonczyla-sie-oficjalna-wizyta-marszalka-sejmu-lotwie\/","og_site_name":"Marek Kuchci\u0144ski","article_published_time":"2017-02-03T11:21:27+00:00","article_modified_time":"2017-02-03T14:21:25+00:00","og_image":[{"width":1800,"height":1200,"url":"https:\/\/marekkuchcinski.pl\/wp-content\/uploads\/2017\/02\/KU090910.jpg","type":"image\/jpeg"}],"author":"admin","twitter_card":"summary_large_image","twitter_misc":{"Autor":"admin","Predpokladan\u00fd \u010das \u010d\u00edtania":"6 min\u00fat"},"schema":{"@context":"https:\/\/schema.org","@graph":[{"@type":"Article","@id":"https:\/\/marekkuchcinski.pl\/uk\/wydarzenia\/bezpieczenstwo-przyszlosc-ue-relacje-dwustronne-zakonczyla-sie-oficjalna-wizyta-marszalka-sejmu-lotwie\/#article","isPartOf":{"@id":"https:\/\/marekkuchcinski.pl\/uk\/wydarzenia\/bezpieczenstwo-przyszlosc-ue-relacje-dwustronne-zakonczyla-sie-oficjalna-wizyta-marszalka-sejmu-lotwie\/"},"author":{"name":"admin","@id":"https:\/\/marekkuchcinski.pl\/#\/schema\/person\/6f62700996b4d950b6ea2d1183b6c6be"},"headline":"Bezpiecze\u0144stwo, przysz\u0142o\u015b\u0107 UE i relacje dwustronne \u2013 oficjalna wizyta marsza\u0142ka Sejmu na \u0141otwie","datePublished":"2017-02-03T11:21:27+00:00","dateModified":"2017-02-03T14:21:25+00:00","mainEntityOfPage":{"@id":"https:\/\/marekkuchcinski.pl\/uk\/wydarzenia\/bezpieczenstwo-przyszlosc-ue-relacje-dwustronne-zakonczyla-sie-oficjalna-wizyta-marszalka-sejmu-lotwie\/"},"wordCount":1262,"commentCount":0,"publisher":{"@id":"https:\/\/marekkuchcinski.pl\/#organization"},"image":{"@id":"https:\/\/marekkuchcinski.pl\/uk\/wydarzenia\/bezpieczenstwo-przyszlosc-ue-relacje-dwustronne-zakonczyla-sie-oficjalna-wizyta-marszalka-sejmu-lotwie\/#primaryimage"},"thumbnailUrl":"https:\/\/marekkuchcinski.pl\/wp-content\/uploads\/2017\/02\/KU090910.jpg","articleSection":["Wsp\u00f3\u0142praca mi\u0119dzynarodowa","Wydarzenia"],"inLanguage":"sk-SK","potentialAction":[{"@type":"CommentAction","name":"Comment","target":["https:\/\/marekkuchcinski.pl\/uk\/wydarzenia\/bezpieczenstwo-przyszlosc-ue-relacje-dwustronne-zakonczyla-sie-oficjalna-wizyta-marszalka-sejmu-lotwie\/#respond"]}]},{"@type":"WebPage","@id":"https:\/\/marekkuchcinski.pl\/uk\/wydarzenia\/bezpieczenstwo-przyszlosc-ue-relacje-dwustronne-zakonczyla-sie-oficjalna-wizyta-marszalka-sejmu-lotwie\/","url":"https:\/\/marekkuchcinski.pl\/uk\/wydarzenia\/bezpieczenstwo-przyszlosc-ue-relacje-dwustronne-zakonczyla-sie-oficjalna-wizyta-marszalka-sejmu-lotwie\/","name":"Bezpiecze\u0144stwo, przysz\u0142o\u015b\u0107 UE i relacje dwustronne \u2013 oficjalna wizyta marsza\u0142ka Sejmu na \u0141otwie &#8211; Marek Kuchci\u0144ski","isPartOf":{"@id":"https:\/\/marekkuchcinski.pl\/#website"},"primaryImageOfPage":{"@id":"https:\/\/marekkuchcinski.pl\/uk\/wydarzenia\/bezpieczenstwo-przyszlosc-ue-relacje-dwustronne-zakonczyla-sie-oficjalna-wizyta-marszalka-sejmu-lotwie\/#primaryimage"},"image":{"@id":"https:\/\/marekkuchcinski.pl\/uk\/wydarzenia\/bezpieczenstwo-przyszlosc-ue-relacje-dwustronne-zakonczyla-sie-oficjalna-wizyta-marszalka-sejmu-lotwie\/#primaryimage"},"thumbnailUrl":"https:\/\/marekkuchcinski.pl\/wp-content\/uploads\/2017\/02\/KU090910.jpg","datePublished":"2017-02-03T11:21:27+00:00","dateModified":"2017-02-03T14:21:25+00:00","breadcrumb":{"@id":"https:\/\/marekkuchcinski.pl\/uk\/wydarzenia\/bezpieczenstwo-przyszlosc-ue-relacje-dwustronne-zakonczyla-sie-oficjalna-wizyta-marszalka-sejmu-lotwie\/#breadcrumb"},"inLanguage":"sk-SK","potentialAction":[{"@type":"ReadAction","target":["https:\/\/marekkuchcinski.pl\/uk\/wydarzenia\/bezpieczenstwo-przyszlosc-ue-relacje-dwustronne-zakonczyla-sie-oficjalna-wizyta-marszalka-sejmu-lotwie\/"]}]},{"@type":"ImageObject","inLanguage":"sk-SK","@id":"https:\/\/marekkuchcinski.pl\/uk\/wydarzenia\/bezpieczenstwo-przyszlosc-ue-relacje-dwustronne-zakonczyla-sie-oficjalna-wizyta-marszalka-sejmu-lotwie\/#primaryimage","url":"https:\/\/marekkuchcinski.pl\/wp-content\/uploads\/2017\/02\/KU090910.jpg","contentUrl":"https:\/\/marekkuchcinski.pl\/wp-content\/uploads\/2017\/02\/KU090910.jpg","width":1800,"height":1200},{"@type":"BreadcrumbList","@id":"https:\/\/marekkuchcinski.pl\/uk\/wydarzenia\/bezpieczenstwo-przyszlosc-ue-relacje-dwustronne-zakonczyla-sie-oficjalna-wizyta-marszalka-sejmu-lotwie\/#breadcrumb","itemListElement":[{"@type":"ListItem","position":1,"name":"Strona g\u0142\u00f3wna","item":"https:\/\/marekkuchcinski.pl\/"},{"@type":"ListItem","position":2,"name":"Bezpiecze\u0144stwo, przysz\u0142o\u015b\u0107 UE i relacje dwustronne \u2013 oficjalna wizyta marsza\u0142ka Sejmu na \u0141otwie"}]},{"@type":"WebSite","@id":"https:\/\/marekkuchcinski.pl\/#website","url":"https:\/\/marekkuchcinski.pl\/","name":"Marek Kuchci\u0144ski","description":"Pose\u0142 na sejm RP &ndash; okr\u0119g nr 22","publisher":{"@id":"https:\/\/marekkuchcinski.pl\/#organization"},"potentialAction":[{"@type":"SearchAction","target":{"@type":"EntryPoint","urlTemplate":"https:\/\/marekkuchcinski.pl\/?s={search_term_string}"},"query-input":{"@type":"PropertyValueSpecification","valueRequired":true,"valueName":"search_term_string"}}],"inLanguage":"sk-SK"},{"@type":"Organization","@id":"https:\/\/marekkuchcinski.pl\/#organization","name":"Marek Kuchci\u0144ski","url":"https:\/\/marekkuchcinski.pl\/","logo":{"@type":"ImageObject","inLanguage":"sk-SK","@id":"https:\/\/marekkuchcinski.pl\/#\/schema\/logo\/image\/","url":"https:\/\/marekkuchcinski.pl\/wp-content\/uploads\/2022\/09\/Marek.jpg","contentUrl":"https:\/\/marekkuchcinski.pl\/wp-content\/uploads\/2022\/09\/Marek.jpg","width":1600,"height":971,"caption":"Marek Kuchci\u0144ski"},"image":{"@id":"https:\/\/marekkuchcinski.pl\/#\/schema\/logo\/image\/"}},{"@type":"Person","@id":"https:\/\/marekkuchcinski.pl\/#\/schema\/person\/6f62700996b4d950b6ea2d1183b6c6be","name":"admin","image":{"@type":"ImageObject","inLanguage":"sk-SK","@id":"https:\/\/marekkuchcinski.pl\/#\/schema\/person\/image\/","url":"https:\/\/secure.gravatar.com\/avatar\/4bab693b9d55c3d6b52c0296a8765085?s=96&d=mm&r=g","contentUrl":"https:\/\/secure.gravatar.com\/avatar\/4bab693b9d55c3d6b52c0296a8765085?s=96&d=mm&r=g","caption":"admin"},"url":"https:\/\/marekkuchcinski.pl\/sk\/author\/marta-olejnik\/"}]}},"_links":{"self":[{"href":"https:\/\/marekkuchcinski.pl\/sk\/wp-json\/wp\/v2\/posts\/5212","targetHints":{"allow":["GET"]}}],"collection":[{"href":"https:\/\/marekkuchcinski.pl\/sk\/wp-json\/wp\/v2\/posts"}],"about":[{"href":"https:\/\/marekkuchcinski.pl\/sk\/wp-json\/wp\/v2\/types\/post"}],"author":[{"embeddable":true,"href":"https:\/\/marekkuchcinski.pl\/sk\/wp-json\/wp\/v2\/users\/6"}],"replies":[{"embeddable":true,"href":"https:\/\/marekkuchcinski.pl\/sk\/wp-json\/wp\/v2\/comments?post=5212"}],"version-history":[{"count":9,"href":"https:\/\/marekkuchcinski.pl\/sk\/wp-json\/wp\/v2\/posts\/5212\/revisions"}],"predecessor-version":[{"id":5257,"href":"https:\/\/marekkuchcinski.pl\/sk\/wp-json\/wp\/v2\/posts\/5212\/revisions\/5257"}],"wp:featuredmedia":[{"embeddable":true,"href":"https:\/\/marekkuchcinski.pl\/sk\/wp-json\/wp\/v2\/media\/5213"}],"wp:attachment":[{"href":"https:\/\/marekkuchcinski.pl\/sk\/wp-json\/wp\/v2\/media?parent=5212"}],"wp:term":[{"taxonomy":"category","embeddable":true,"href":"https:\/\/marekkuchcinski.pl\/sk\/wp-json\/wp\/v2\/categories?post=5212"},{"taxonomy":"post_tag","embeddable":true,"href":"https:\/\/marekkuchcinski.pl\/sk\/wp-json\/wp\/v2\/tags?post=5212"}],"curies":[{"name":"wp","href":"https:\/\/api.w.org\/{rel}","templated":true}]}}