{"id":519,"date":"2014-10-21T17:51:19","date_gmt":"2014-10-21T15:51:19","guid":{"rendered":"https:\/\/marekkuchcinski.pl\/?p=519"},"modified":"2016-08-25T16:58:24","modified_gmt":"2016-08-25T14:58:24","slug":"pis-liczy-na-ponad-polowe-radnych-w-rzeszowie","status":"publish","type":"post","link":"https:\/\/marekkuchcinski.pl\/sk\/wydarzenia\/pis-liczy-na-ponad-polowe-radnych-w-rzeszowie\/","title":{"rendered":"PiS po\u010d\u00edta s viac ako polovicou poslancov mestsk\u00e9ho zastupite\u013estva v Rzeszowe"},"content":{"rendered":"<p><img decoding=\"async\" class=\"alignleft size-full wp-image-518\" style=\"float: left;\" src=\"https:\/\/marekkuchcinski.pl\/wp-content\/uploads\/2014\/10\/zdjecie%20z%20konferencji%2020.10.2014.jpg\" height=\"96\" width=\"160\" \/>Kandid\u00e1t strany Pr\u00e1vo a spravodlivos\u0165 na prim\u00e1tora Rzeszowa, poslanec Andrzej Szlachta, v pondelok uviedol, \u017ee v\u00fdsledok jeho skupiny v nadch\u00e1dzaj\u00facich komun\u00e1lnych vo\u013eb\u00e1ch \"predpoklad\u00e1 v\u00fdsledok viac ako 13 mand\u00e1tov\" v 25-\u010dlennom mestskom zastupite\u013estve.<\/p>\n<p>\"Do volieb ideme s ve\u013emi siln\u00fdm t\u00edmom. Chceme po dvan\u00e1stich rokoch obnovi\u0165 v\u00e4\u010d\u0161inu v rozhodovacom org\u00e1ne mesta Rzesz\u00f3w. Predpoklad\u00e1me, \u017ee z\u00edskame viac ako 13 mand\u00e1tov, \u010do n\u00e1m umo\u017en\u00ed nez\u00e1visle ovplyv\u0148ova\u0165 najd\u00f4le\u017eitej\u0161ie rozhodnutia rzeszowskej samospr\u00e1vy,\" - \u0160lachta to povedal na pondelkovej tla\u010dovej konferencii.<\/p>\n<p>  <!--more-->  <\/p>\n<p>Ozn\u00e1mil, \u017ee strana Pr\u00e1vo a spravodlivos\u0165 okrem in\u00e9ho predstav\u00ed program na zlep\u0161enie mestsk\u00e9ho dopravn\u00e9ho syst\u00e9mu, chce tie\u017e \"modernizova\u0165 vzdel\u00e1vanie\" a \"o\u017eivi\u0165 ob\u010diansku aktivitu; ob\u010diansky rozpo\u010det nem\u00e1 by\u0165 rozpo\u010dtom na propagandu, ale m\u00e1 ma\u0165 skuto\u010dn\u00fd vplyv na invest\u00edcie\". \"Ideme pod heslom +Rezesz\u00f3w \u010das na zmeny+,\" zd\u00f4raznil Szlachta.<\/p>\n<p>Podpredseda Sejmu Marek Kuchcinski, ktor\u00fd sa z\u00fa\u010dastnil na konferencii, zd\u00f4raznil, \u017ee \"\u0160lachta je kandid\u00e1tom celej ve\u013ekej zjednotenej pravice a m\u00e1 ve\u013ek\u00fa \u0161ancu vyhra\u0165 vo\u013eby\".<\/p>\n<p>Pripomenul, \u017ee na Podkarpatsku strana Pr\u00e1vo a spravodlivos\u0165 postavila svojich kandid\u00e1tov na prim\u00e1torov \"vo v\u0161etk\u00fdch prezidentsk\u00fdch mest\u00e1ch\" regi\u00f3nu, viac ako 50 kandid\u00e1tov na prim\u00e1torov a takmer 100 kandid\u00e1tov na starostov.<\/p>\n<p>S\u00fa\u010dasn\u00fd poslanec za PiS Andrzej Szlachta bol prim\u00e1torom Rzeszowa u\u017e v rokoch 1999 a\u017e 2002. V jednotliv\u00fdch obvodoch otv\u00e1raj\u00fa stran\u00edcke listiny okrem in\u00fdch: s\u00fa\u010dasn\u00ed rzeszowsk\u00ed radn\u00ed Robert Kultys a Waldemar Szumny, riadite\u013eka obecnej \u0161koly Gra\u017cyna Szarama a jeden z najmlad\u0161\u00edch kandid\u00e1tov, 27-ro\u010dn\u00fd Marcin Fijo\u0142ek.<\/p>\n<p>V Rzeszowe sa o kreslo prim\u00e1tora uch\u00e1dzaj\u00fa: s\u00fa\u010dasn\u00fd prim\u00e1tor Tadeusz Ferenc, ktor\u00fd kandiduje z vlastn\u00e9ho volebn\u00e9ho v\u00fdboru a ktor\u00e9ho podporuj\u00fa okrem in\u00fdch aj PO, SLD a PSL; b\u00fdval\u00fd prim\u00e1tor mesta a poslanec za stranu Pr\u00e1vo a spravodlivos\u0165 Andrzej Szlachta; Krzysztof Prendecki z Kongresu novej pravice a Marta Niewczas, l\u00edderka strany Tw\u00f3j Ruch na Podkarpacie.<\/p>\n<p>V komun\u00e1lnych vo\u013eb\u00e1ch v roku 2010. Ferenc zv\u00ed\u0165azil u\u017e v prvom kole - z\u00edskal 53,25 percenta hlasov. Na \u010fal\u0161\u00edch miestach vo vo\u013eb\u00e1ch starostu sa potom umiestnili: Jerzy Cypry\u015b (PiS) - 34,86 percenta, Andrzej Dec z PO - 7,59 percenta, Wies\u0142aw Walat (KWW Rzeszowianie Razem) - 2,77 percenta, Jerzy Ma\u015blanka (volebn\u00fd v\u00fdbor N\u00e1\u0161 dom Rzesz\u00f3w) - 1,53 percenta. Naopak, do mestskej rady pred \u0161tyrmi rokmi KWW \"Rozvoj Rzeszowa\" Tadeusza Ferenca uviedla 11 radn\u00fdch, PiS - 9 a PO - 5.<\/p>\n<p>Zdroj: PAP<\/p>\n<p>&nbsp;<\/p>","protected":false},"excerpt":{"rendered":"<p>Kandydat Prawa i Sprawiedliwo\u015bci na prezydenta Rzeszowa pose\u0142 Andrzej Szlachta powiedzia\u0142 w poniedzia\u0142ek, \u017ce jego ugrupowanie w najbli\u017cszych wyborach samorz\u0105dowych &#8222;prognozuje wynik ponad 13 mandat\u00f3w&#8221; w 25-osobowej radzie miasta. &#8222;Idziemy do wybor\u00f3w bardzo silna dru\u017cyn\u0105. Chcemy po dwunastu latach przywr\u00f3ci\u0107 w organie stanowi\u0105cym miasta Rzeszowa wi\u0119kszo\u015b\u0107. Prognozujemy wynik ponad 13 mandat\u00f3w, co pozwoli samodzielnie wp\u0142ywa\u0107 [&hellip;]<\/p>","protected":false},"author":6,"featured_media":518,"comment_status":"open","ping_status":"open","sticky":false,"template":"","format":"standard","meta":{"ngg_post_thumbnail":0,"footnotes":""},"categories":[3],"tags":[],"class_list":["post-519","post","type-post","status-publish","format-standard","has-post-thumbnail","hentry","category-wydarzenia"],"yoast_head":"<!-- This site is optimized with the Yoast SEO plugin v24.7 - https:\/\/yoast.com\/wordpress\/plugins\/seo\/ -->\n<title>PiS liczy na ponad po\u0142ow\u0119 radnych w Rzeszowie &#8211; Marek Kuchci\u0144ski<\/title>\n<meta name=\"robots\" content=\"index, follow, max-snippet:-1, max-image-preview:large, max-video-preview:-1\" \/>\n<link rel=\"canonical\" href=\"https:\/\/marekkuchcinski.pl\/sk\/wydarzenia\/pis-liczy-na-ponad-polowe-radnych-w-rzeszowie\/\" \/>\n<meta property=\"og:locale\" content=\"sk_SK\" \/>\n<meta property=\"og:type\" content=\"article\" \/>\n<meta property=\"og:title\" content=\"PiS liczy na ponad po\u0142ow\u0119 radnych w Rzeszowie &#8211; Marek Kuchci\u0144ski\" \/>\n<meta property=\"og:description\" content=\"Kandydat Prawa i Sprawiedliwo\u015bci na prezydenta Rzeszowa pose\u0142 Andrzej Szlachta powiedzia\u0142 w poniedzia\u0142ek, \u017ce jego ugrupowanie w najbli\u017cszych wyborach samorz\u0105dowych &#8222;prognozuje wynik ponad 13 mandat\u00f3w&#8221; w 25-osobowej radzie miasta. &#8222;Idziemy do wybor\u00f3w bardzo silna dru\u017cyn\u0105. Chcemy po dwunastu latach przywr\u00f3ci\u0107 w organie stanowi\u0105cym miasta Rzeszowa wi\u0119kszo\u015b\u0107. Prognozujemy wynik ponad 13 mandat\u00f3w, co pozwoli samodzielnie wp\u0142ywa\u0107 [&hellip;]\" \/>\n<meta property=\"og:url\" content=\"https:\/\/marekkuchcinski.pl\/sk\/wydarzenia\/pis-liczy-na-ponad-polowe-radnych-w-rzeszowie\/\" \/>\n<meta property=\"og:site_name\" content=\"Marek Kuchci\u0144ski\" \/>\n<meta property=\"article:published_time\" content=\"2014-10-21T15:51:19+00:00\" \/>\n<meta property=\"article:modified_time\" content=\"2016-08-25T14:58:24+00:00\" \/>\n<meta property=\"og:image\" content=\"https:\/\/marekkuchcinski.pl\/wp-content\/uploads\/2014\/10\/zdjecie%20z%20konferencji%2020.10.2014.jpg\" \/>\n\t<meta property=\"og:image:width\" content=\"492\" \/>\n\t<meta property=\"og:image:height\" content=\"294\" \/>\n\t<meta property=\"og:image:type\" content=\"image\/jpeg\" \/>\n<meta name=\"author\" content=\"admin\" \/>\n<meta name=\"twitter:card\" content=\"summary_large_image\" \/>\n<meta name=\"twitter:label1\" content=\"Autor\" \/>\n\t<meta name=\"twitter:data1\" content=\"admin\" \/>\n\t<meta name=\"twitter:label2\" content=\"Predpokladan\u00fd \u010das \u010d\u00edtania\" \/>\n\t<meta name=\"twitter:data2\" content=\"2 min\u00faty\" \/>\n<script type=\"application\/ld+json\" class=\"yoast-schema-graph\">{\"@context\":\"https:\/\/schema.org\",\"@graph\":[{\"@type\":\"Article\",\"@id\":\"https:\/\/marekkuchcinski.pl\/wydarzenia\/pis-liczy-na-ponad-polowe-radnych-w-rzeszowie\/#article\",\"isPartOf\":{\"@id\":\"https:\/\/marekkuchcinski.pl\/wydarzenia\/pis-liczy-na-ponad-polowe-radnych-w-rzeszowie\/\"},\"author\":{\"name\":\"admin\",\"@id\":\"https:\/\/marekkuchcinski.pl\/#\/schema\/person\/6f62700996b4d950b6ea2d1183b6c6be\"},\"headline\":\"PiS liczy na ponad po\u0142ow\u0119 radnych w Rzeszowie\",\"datePublished\":\"2014-10-21T15:51:19+00:00\",\"dateModified\":\"2016-08-25T14:58:24+00:00\",\"mainEntityOfPage\":{\"@id\":\"https:\/\/marekkuchcinski.pl\/wydarzenia\/pis-liczy-na-ponad-polowe-radnych-w-rzeszowie\/\"},\"wordCount\":381,\"commentCount\":0,\"publisher\":{\"@id\":\"https:\/\/marekkuchcinski.pl\/#organization\"},\"image\":{\"@id\":\"https:\/\/marekkuchcinski.pl\/wydarzenia\/pis-liczy-na-ponad-polowe-radnych-w-rzeszowie\/#primaryimage\"},\"thumbnailUrl\":\"https:\/\/marekkuchcinski.pl\/wp-content\/uploads\/2014\/10\/zdjecie z konferencji 20.10.2014.jpg\",\"articleSection\":[\"Wydarzenia\"],\"inLanguage\":\"sk-SK\",\"potentialAction\":[{\"@type\":\"CommentAction\",\"name\":\"Comment\",\"target\":[\"https:\/\/marekkuchcinski.pl\/wydarzenia\/pis-liczy-na-ponad-polowe-radnych-w-rzeszowie\/#respond\"]}]},{\"@type\":\"WebPage\",\"@id\":\"https:\/\/marekkuchcinski.pl\/wydarzenia\/pis-liczy-na-ponad-polowe-radnych-w-rzeszowie\/\",\"url\":\"https:\/\/marekkuchcinski.pl\/wydarzenia\/pis-liczy-na-ponad-polowe-radnych-w-rzeszowie\/\",\"name\":\"PiS liczy na ponad po\u0142ow\u0119 radnych w Rzeszowie &#8211; Marek Kuchci\u0144ski\",\"isPartOf\":{\"@id\":\"https:\/\/marekkuchcinski.pl\/#website\"},\"primaryImageOfPage\":{\"@id\":\"https:\/\/marekkuchcinski.pl\/wydarzenia\/pis-liczy-na-ponad-polowe-radnych-w-rzeszowie\/#primaryimage\"},\"image\":{\"@id\":\"https:\/\/marekkuchcinski.pl\/wydarzenia\/pis-liczy-na-ponad-polowe-radnych-w-rzeszowie\/#primaryimage\"},\"thumbnailUrl\":\"https:\/\/marekkuchcinski.pl\/wp-content\/uploads\/2014\/10\/zdjecie z konferencji 20.10.2014.jpg\",\"datePublished\":\"2014-10-21T15:51:19+00:00\",\"dateModified\":\"2016-08-25T14:58:24+00:00\",\"breadcrumb\":{\"@id\":\"https:\/\/marekkuchcinski.pl\/wydarzenia\/pis-liczy-na-ponad-polowe-radnych-w-rzeszowie\/#breadcrumb\"},\"inLanguage\":\"sk-SK\",\"potentialAction\":[{\"@type\":\"ReadAction\",\"target\":[\"https:\/\/marekkuchcinski.pl\/wydarzenia\/pis-liczy-na-ponad-polowe-radnych-w-rzeszowie\/\"]}]},{\"@type\":\"ImageObject\",\"inLanguage\":\"sk-SK\",\"@id\":\"https:\/\/marekkuchcinski.pl\/wydarzenia\/pis-liczy-na-ponad-polowe-radnych-w-rzeszowie\/#primaryimage\",\"url\":\"https:\/\/marekkuchcinski.pl\/wp-content\/uploads\/2014\/10\/zdjecie z konferencji 20.10.2014.jpg\",\"contentUrl\":\"https:\/\/marekkuchcinski.pl\/wp-content\/uploads\/2014\/10\/zdjecie z konferencji 20.10.2014.jpg\",\"width\":492,\"height\":294},{\"@type\":\"BreadcrumbList\",\"@id\":\"https:\/\/marekkuchcinski.pl\/wydarzenia\/pis-liczy-na-ponad-polowe-radnych-w-rzeszowie\/#breadcrumb\",\"itemListElement\":[{\"@type\":\"ListItem\",\"position\":1,\"name\":\"Strona g\u0142\u00f3wna\",\"item\":\"https:\/\/marekkuchcinski.pl\/\"},{\"@type\":\"ListItem\",\"position\":2,\"name\":\"PiS liczy na ponad po\u0142ow\u0119 radnych w Rzeszowie\"}]},{\"@type\":\"WebSite\",\"@id\":\"https:\/\/marekkuchcinski.pl\/#website\",\"url\":\"https:\/\/marekkuchcinski.pl\/\",\"name\":\"Marek Kuchci\u0144ski\",\"description\":\"Pose\u0142 na sejm RP &ndash; okr\u0119g nr 22\",\"publisher\":{\"@id\":\"https:\/\/marekkuchcinski.pl\/#organization\"},\"potentialAction\":[{\"@type\":\"SearchAction\",\"target\":{\"@type\":\"EntryPoint\",\"urlTemplate\":\"https:\/\/marekkuchcinski.pl\/?s={search_term_string}\"},\"query-input\":{\"@type\":\"PropertyValueSpecification\",\"valueRequired\":true,\"valueName\":\"search_term_string\"}}],\"inLanguage\":\"sk-SK\"},{\"@type\":\"Organization\",\"@id\":\"https:\/\/marekkuchcinski.pl\/#organization\",\"name\":\"Marek Kuchci\u0144ski\",\"url\":\"https:\/\/marekkuchcinski.pl\/\",\"logo\":{\"@type\":\"ImageObject\",\"inLanguage\":\"sk-SK\",\"@id\":\"https:\/\/marekkuchcinski.pl\/#\/schema\/logo\/image\/\",\"url\":\"https:\/\/marekkuchcinski.pl\/wp-content\/uploads\/2022\/09\/Marek.jpg\",\"contentUrl\":\"https:\/\/marekkuchcinski.pl\/wp-content\/uploads\/2022\/09\/Marek.jpg\",\"width\":1600,\"height\":971,\"caption\":\"Marek Kuchci\u0144ski\"},\"image\":{\"@id\":\"https:\/\/marekkuchcinski.pl\/#\/schema\/logo\/image\/\"}},{\"@type\":\"Person\",\"@id\":\"https:\/\/marekkuchcinski.pl\/#\/schema\/person\/6f62700996b4d950b6ea2d1183b6c6be\",\"name\":\"admin\",\"image\":{\"@type\":\"ImageObject\",\"inLanguage\":\"sk-SK\",\"@id\":\"https:\/\/marekkuchcinski.pl\/#\/schema\/person\/image\/\",\"url\":\"https:\/\/secure.gravatar.com\/avatar\/4bab693b9d55c3d6b52c0296a8765085?s=96&d=mm&r=g\",\"contentUrl\":\"https:\/\/secure.gravatar.com\/avatar\/4bab693b9d55c3d6b52c0296a8765085?s=96&d=mm&r=g\",\"caption\":\"admin\"},\"url\":\"https:\/\/marekkuchcinski.pl\/sk\/author\/marta-olejnik\/\"}]}<\/script>\n<!-- \/ Yoast SEO plugin. -->","yoast_head_json":{"title":"PiS liczy na ponad po\u0142ow\u0119 radnych w Rzeszowie &#8211; Marek Kuchci\u0144ski","robots":{"index":"index","follow":"follow","max-snippet":"max-snippet:-1","max-image-preview":"max-image-preview:large","max-video-preview":"max-video-preview:-1"},"canonical":"https:\/\/marekkuchcinski.pl\/sk\/wydarzenia\/pis-liczy-na-ponad-polowe-radnych-w-rzeszowie\/","og_locale":"sk_SK","og_type":"article","og_title":"PiS liczy na ponad po\u0142ow\u0119 radnych w Rzeszowie &#8211; Marek Kuchci\u0144ski","og_description":"Kandydat Prawa i Sprawiedliwo\u015bci na prezydenta Rzeszowa pose\u0142 Andrzej Szlachta powiedzia\u0142 w poniedzia\u0142ek, \u017ce jego ugrupowanie w najbli\u017cszych wyborach samorz\u0105dowych &#8222;prognozuje wynik ponad 13 mandat\u00f3w&#8221; w 25-osobowej radzie miasta. &#8222;Idziemy do wybor\u00f3w bardzo silna dru\u017cyn\u0105. Chcemy po dwunastu latach przywr\u00f3ci\u0107 w organie stanowi\u0105cym miasta Rzeszowa wi\u0119kszo\u015b\u0107. Prognozujemy wynik ponad 13 mandat\u00f3w, co pozwoli samodzielnie wp\u0142ywa\u0107 [&hellip;]","og_url":"https:\/\/marekkuchcinski.pl\/sk\/wydarzenia\/pis-liczy-na-ponad-polowe-radnych-w-rzeszowie\/","og_site_name":"Marek Kuchci\u0144ski","article_published_time":"2014-10-21T15:51:19+00:00","article_modified_time":"2016-08-25T14:58:24+00:00","og_image":[{"width":492,"height":294,"url":"https:\/\/marekkuchcinski.pl\/wp-content\/uploads\/2014\/10\/zdjecie z konferencji 20.10.2014.jpg","type":"image\/jpeg"}],"author":"admin","twitter_card":"summary_large_image","twitter_misc":{"Autor":"admin","Predpokladan\u00fd \u010das \u010d\u00edtania":"2 min\u00faty"},"schema":{"@context":"https:\/\/schema.org","@graph":[{"@type":"Article","@id":"https:\/\/marekkuchcinski.pl\/wydarzenia\/pis-liczy-na-ponad-polowe-radnych-w-rzeszowie\/#article","isPartOf":{"@id":"https:\/\/marekkuchcinski.pl\/wydarzenia\/pis-liczy-na-ponad-polowe-radnych-w-rzeszowie\/"},"author":{"name":"admin","@id":"https:\/\/marekkuchcinski.pl\/#\/schema\/person\/6f62700996b4d950b6ea2d1183b6c6be"},"headline":"PiS liczy na ponad po\u0142ow\u0119 radnych w Rzeszowie","datePublished":"2014-10-21T15:51:19+00:00","dateModified":"2016-08-25T14:58:24+00:00","mainEntityOfPage":{"@id":"https:\/\/marekkuchcinski.pl\/wydarzenia\/pis-liczy-na-ponad-polowe-radnych-w-rzeszowie\/"},"wordCount":381,"commentCount":0,"publisher":{"@id":"https:\/\/marekkuchcinski.pl\/#organization"},"image":{"@id":"https:\/\/marekkuchcinski.pl\/wydarzenia\/pis-liczy-na-ponad-polowe-radnych-w-rzeszowie\/#primaryimage"},"thumbnailUrl":"https:\/\/marekkuchcinski.pl\/wp-content\/uploads\/2014\/10\/zdjecie z konferencji 20.10.2014.jpg","articleSection":["Wydarzenia"],"inLanguage":"sk-SK","potentialAction":[{"@type":"CommentAction","name":"Comment","target":["https:\/\/marekkuchcinski.pl\/wydarzenia\/pis-liczy-na-ponad-polowe-radnych-w-rzeszowie\/#respond"]}]},{"@type":"WebPage","@id":"https:\/\/marekkuchcinski.pl\/wydarzenia\/pis-liczy-na-ponad-polowe-radnych-w-rzeszowie\/","url":"https:\/\/marekkuchcinski.pl\/wydarzenia\/pis-liczy-na-ponad-polowe-radnych-w-rzeszowie\/","name":"PiS liczy na ponad po\u0142ow\u0119 radnych w Rzeszowie &#8211; Marek Kuchci\u0144ski","isPartOf":{"@id":"https:\/\/marekkuchcinski.pl\/#website"},"primaryImageOfPage":{"@id":"https:\/\/marekkuchcinski.pl\/wydarzenia\/pis-liczy-na-ponad-polowe-radnych-w-rzeszowie\/#primaryimage"},"image":{"@id":"https:\/\/marekkuchcinski.pl\/wydarzenia\/pis-liczy-na-ponad-polowe-radnych-w-rzeszowie\/#primaryimage"},"thumbnailUrl":"https:\/\/marekkuchcinski.pl\/wp-content\/uploads\/2014\/10\/zdjecie z konferencji 20.10.2014.jpg","datePublished":"2014-10-21T15:51:19+00:00","dateModified":"2016-08-25T14:58:24+00:00","breadcrumb":{"@id":"https:\/\/marekkuchcinski.pl\/wydarzenia\/pis-liczy-na-ponad-polowe-radnych-w-rzeszowie\/#breadcrumb"},"inLanguage":"sk-SK","potentialAction":[{"@type":"ReadAction","target":["https:\/\/marekkuchcinski.pl\/wydarzenia\/pis-liczy-na-ponad-polowe-radnych-w-rzeszowie\/"]}]},{"@type":"ImageObject","inLanguage":"sk-SK","@id":"https:\/\/marekkuchcinski.pl\/wydarzenia\/pis-liczy-na-ponad-polowe-radnych-w-rzeszowie\/#primaryimage","url":"https:\/\/marekkuchcinski.pl\/wp-content\/uploads\/2014\/10\/zdjecie z konferencji 20.10.2014.jpg","contentUrl":"https:\/\/marekkuchcinski.pl\/wp-content\/uploads\/2014\/10\/zdjecie z konferencji 20.10.2014.jpg","width":492,"height":294},{"@type":"BreadcrumbList","@id":"https:\/\/marekkuchcinski.pl\/wydarzenia\/pis-liczy-na-ponad-polowe-radnych-w-rzeszowie\/#breadcrumb","itemListElement":[{"@type":"ListItem","position":1,"name":"Strona g\u0142\u00f3wna","item":"https:\/\/marekkuchcinski.pl\/"},{"@type":"ListItem","position":2,"name":"PiS liczy na ponad po\u0142ow\u0119 radnych w Rzeszowie"}]},{"@type":"WebSite","@id":"https:\/\/marekkuchcinski.pl\/#website","url":"https:\/\/marekkuchcinski.pl\/","name":"Marek Kuchci\u0144ski","description":"Pose\u0142 na sejm RP &ndash; okr\u0119g nr 22","publisher":{"@id":"https:\/\/marekkuchcinski.pl\/#organization"},"potentialAction":[{"@type":"SearchAction","target":{"@type":"EntryPoint","urlTemplate":"https:\/\/marekkuchcinski.pl\/?s={search_term_string}"},"query-input":{"@type":"PropertyValueSpecification","valueRequired":true,"valueName":"search_term_string"}}],"inLanguage":"sk-SK"},{"@type":"Organization","@id":"https:\/\/marekkuchcinski.pl\/#organization","name":"Marek Kuchci\u0144ski","url":"https:\/\/marekkuchcinski.pl\/","logo":{"@type":"ImageObject","inLanguage":"sk-SK","@id":"https:\/\/marekkuchcinski.pl\/#\/schema\/logo\/image\/","url":"https:\/\/marekkuchcinski.pl\/wp-content\/uploads\/2022\/09\/Marek.jpg","contentUrl":"https:\/\/marekkuchcinski.pl\/wp-content\/uploads\/2022\/09\/Marek.jpg","width":1600,"height":971,"caption":"Marek Kuchci\u0144ski"},"image":{"@id":"https:\/\/marekkuchcinski.pl\/#\/schema\/logo\/image\/"}},{"@type":"Person","@id":"https:\/\/marekkuchcinski.pl\/#\/schema\/person\/6f62700996b4d950b6ea2d1183b6c6be","name":"admin","image":{"@type":"ImageObject","inLanguage":"sk-SK","@id":"https:\/\/marekkuchcinski.pl\/#\/schema\/person\/image\/","url":"https:\/\/secure.gravatar.com\/avatar\/4bab693b9d55c3d6b52c0296a8765085?s=96&d=mm&r=g","contentUrl":"https:\/\/secure.gravatar.com\/avatar\/4bab693b9d55c3d6b52c0296a8765085?s=96&d=mm&r=g","caption":"admin"},"url":"https:\/\/marekkuchcinski.pl\/sk\/author\/marta-olejnik\/"}]}},"_links":{"self":[{"href":"https:\/\/marekkuchcinski.pl\/sk\/wp-json\/wp\/v2\/posts\/519","targetHints":{"allow":["GET"]}}],"collection":[{"href":"https:\/\/marekkuchcinski.pl\/sk\/wp-json\/wp\/v2\/posts"}],"about":[{"href":"https:\/\/marekkuchcinski.pl\/sk\/wp-json\/wp\/v2\/types\/post"}],"author":[{"embeddable":true,"href":"https:\/\/marekkuchcinski.pl\/sk\/wp-json\/wp\/v2\/users\/6"}],"replies":[{"embeddable":true,"href":"https:\/\/marekkuchcinski.pl\/sk\/wp-json\/wp\/v2\/comments?post=519"}],"version-history":[{"count":1,"href":"https:\/\/marekkuchcinski.pl\/sk\/wp-json\/wp\/v2\/posts\/519\/revisions"}],"predecessor-version":[{"id":1350,"href":"https:\/\/marekkuchcinski.pl\/sk\/wp-json\/wp\/v2\/posts\/519\/revisions\/1350"}],"wp:featuredmedia":[{"embeddable":true,"href":"https:\/\/marekkuchcinski.pl\/sk\/wp-json\/wp\/v2\/media\/518"}],"wp:attachment":[{"href":"https:\/\/marekkuchcinski.pl\/sk\/wp-json\/wp\/v2\/media?parent=519"}],"wp:term":[{"taxonomy":"category","embeddable":true,"href":"https:\/\/marekkuchcinski.pl\/sk\/wp-json\/wp\/v2\/categories?post=519"},{"taxonomy":"post_tag","embeddable":true,"href":"https:\/\/marekkuchcinski.pl\/sk\/wp-json\/wp\/v2\/tags?post=519"}],"curies":[{"name":"wp","href":"https:\/\/api.w.org\/{rel}","templated":true}]}}