{"id":5153,"date":"2017-01-28T23:25:53","date_gmt":"2017-01-28T22:25:53","guid":{"rendered":"https:\/\/marekkuchcinski.pl\/?p=5153"},"modified":"2017-01-29T13:41:58","modified_gmt":"2017-01-29T12:41:58","slug":"przedstawiciele-lokalnych-struktur-pis-rozmawiali-o-koniecznych-reformach-poziomie-ogolnopolskim-samorzadowym","status":"publish","type":"post","link":"https:\/\/marekkuchcinski.pl\/sk\/wydarzenia\/przedstawiciele-lokalnych-struktur-pis-rozmawiali-o-koniecznych-reformach-poziomie-ogolnopolskim-samorzadowym\/","title":{"rendered":"Z\u00e1stupcovia miestnych \u0161trukt\u00far pr\u00e1va a spravodlivosti diskutovali o potrebn\u00fdch reform\u00e1ch na n\u00e1rodnej a miestnej \u00farovni."},"content":{"rendered":"<p><strong>- Zavedenie zmien nebude jednoduch\u00e9, ale mus\u00edme ich uskuto\u010dni\u0165, aby Po\u013esko bolo lep\u0161ie,\" tvrd\u00ed Jaros\u0142aw Kaczy\u0144ski, predseda strany Pr\u00e1vo a spravodlivos\u0165.<\/strong><\/p>\n<p>Dnes sa v Rzeszowe konalo stretnutie miestnych \u0161trukt\u00far Pr\u00e1va a spravodlivosti. Diskutovalo sa o vo\u013eb\u00e1ch do samospr\u00e1vy, zmen\u00e1ch volebn\u00e9ho z\u00e1kona, miestnych a celo\u0161t\u00e1tnych probl\u00e9moch. Predseda strany Pr\u00e1vo a spravodlivos\u0165 hovoril o potrebn\u00fdch zmen\u00e1ch a reform\u00e1ch, ktor\u00e9 by sa mali uskuto\u010dni\u0165. - Bud\u00fa na n\u00e1s \u00fato\u010di\u0165, ale ak sa zmobilizujeme a budeme tvrdo pracova\u0165, m\u00e1me ve\u013ek\u00fa \u0161ancu vyhra\u0165. M\u00f4\u017eeme Po\u013esko zlep\u0161i\u0165 a posun\u00fa\u0165 ho vpred smerom k rozvoju,\" vyhl\u00e1sil. B\u00fdval\u00fd premi\u00e9r tie\u017e povedal, \u017ee historickou povinnos\u0165ou strany vo\u010di Po\u013esku je zmeni\u0165 postkomunistick\u00fd syst\u00e9m.<\/p>\n<p>Pod\u013ea Jaroslawa Kaczy\u0144sk\u00e9ho niektor\u00e9 reformy, napr\u00edklad zdravotn\u00edctva, zasiahnu z\u00e1ujmy r\u00f4znych skup\u00edn, \u010do sa stretne s odporom a \u00fatokmi. Z\u00e1rove\u0148 ubezpe\u010dil, \u017ee u\u017e zaveden\u00e9 reformy, napr. v oblasti vzdel\u00e1vania, s\u00fa dobre pripraven\u00e9.<\/p>\n<p>Zasadnutiu predsedal predseda Sejmu Marek Kuchci\u0144ski. Medzi pr\u00edtomn\u00fdmi boli aj mar\u0161al Sen\u00e1tu Stanis\u0142aw Karczewski, z\u00e1stupca mar\u0161alky Sejmu Joachim Brudzi\u0144ski a hovorky\u0148a strany Pr\u00e1vo a spravodlivos\u0165 Beata Mazurek. N\u00e1v\u0161teva predsedu PiS na Podkarpatsku je s\u00fa\u010das\u0165ou s\u00e9rie stretnut\u00ed so z\u00e1stupcami region\u00e1lnych \u0161trukt\u00far strany.<\/p>\n<p><a href=\"https:\/\/marekkuchcinski.pl\/wp-content\/uploads\/2017\/01\/DSCF0770-001.jpg\"><img fetchpriority=\"high\" decoding=\"async\" class=\"alignnone size-full wp-image-5155\" src=\"https:\/\/marekkuchcinski.pl\/wp-content\/uploads\/2017\/01\/DSCF0770-001.jpg\" alt=\"DSCF0770-001\" width=\"3815\" height=\"2541\" srcset=\"https:\/\/marekkuchcinski.pl\/wp-content\/uploads\/2017\/01\/DSCF0770-001.jpg 2048w, https:\/\/marekkuchcinski.pl\/wp-content\/uploads\/2017\/01\/DSCF0770-001-300x200.jpg 300w, https:\/\/marekkuchcinski.pl\/wp-content\/uploads\/2017\/01\/DSCF0770-001-768x512.jpg 768w, https:\/\/marekkuchcinski.pl\/wp-content\/uploads\/2017\/01\/DSCF0770-001-1024x682.jpg 1024w\" sizes=\"(max-width: 3815px) 100vw, 3815px\" \/><\/a> <a href=\"https:\/\/marekkuchcinski.pl\/wp-content\/uploads\/2017\/01\/DSCF0808.jpg\"><img decoding=\"async\" class=\"alignnone size-full wp-image-5156\" src=\"https:\/\/marekkuchcinski.pl\/wp-content\/uploads\/2017\/01\/DSCF0808.jpg\" alt=\"DSCF0808\" width=\"2216\" height=\"1484\" srcset=\"https:\/\/marekkuchcinski.pl\/wp-content\/uploads\/2017\/01\/DSCF0808.jpg 2048w, https:\/\/marekkuchcinski.pl\/wp-content\/uploads\/2017\/01\/DSCF0808-300x201.jpg 300w, https:\/\/marekkuchcinski.pl\/wp-content\/uploads\/2017\/01\/DSCF0808-768x514.jpg 768w, https:\/\/marekkuchcinski.pl\/wp-content\/uploads\/2017\/01\/DSCF0808-1024x686.jpg 1024w\" sizes=\"(max-width: 2216px) 100vw, 2216px\" \/><\/a> <a href=\"https:\/\/marekkuchcinski.pl\/wp-content\/uploads\/2017\/01\/DSCF0826.jpg\"><img decoding=\"async\" class=\"alignnone size-full wp-image-5157\" src=\"https:\/\/marekkuchcinski.pl\/wp-content\/uploads\/2017\/01\/DSCF0826.jpg\" alt=\"DSCF0826\" width=\"2053\" height=\"1368\" srcset=\"https:\/\/marekkuchcinski.pl\/wp-content\/uploads\/2017\/01\/DSCF0826.jpg 2048w, https:\/\/marekkuchcinski.pl\/wp-content\/uploads\/2017\/01\/DSCF0826-300x200.jpg 300w, https:\/\/marekkuchcinski.pl\/wp-content\/uploads\/2017\/01\/DSCF0826-768x512.jpg 768w, https:\/\/marekkuchcinski.pl\/wp-content\/uploads\/2017\/01\/DSCF0826-1024x682.jpg 1024w\" sizes=\"(max-width: 2053px) 100vw, 2053px\" \/><\/a> <a href=\"https:\/\/marekkuchcinski.pl\/wp-content\/uploads\/2017\/01\/DSCF0785.jpg\"><img loading=\"lazy\" decoding=\"async\" class=\"alignnone size-full wp-image-5158\" src=\"https:\/\/marekkuchcinski.pl\/wp-content\/uploads\/2017\/01\/DSCF0785.jpg\" alt=\"DSCF0785\" width=\"4896\" height=\"2760\" srcset=\"https:\/\/marekkuchcinski.pl\/wp-content\/uploads\/2017\/01\/DSCF0785.jpg 2048w, https:\/\/marekkuchcinski.pl\/wp-content\/uploads\/2017\/01\/DSCF0785-300x169.jpg 300w, https:\/\/marekkuchcinski.pl\/wp-content\/uploads\/2017\/01\/DSCF0785-768x433.jpg 768w, https:\/\/marekkuchcinski.pl\/wp-content\/uploads\/2017\/01\/DSCF0785-1024x577.jpg 1024w\" sizes=\"(max-width: 4896px) 100vw, 4896px\" \/><\/a><a href=\"https:\/\/marekkuchcinski.pl\/wp-content\/uploads\/2017\/01\/DSCF0859.jpg\"><img loading=\"lazy\" decoding=\"async\" class=\"alignnone size-full wp-image-5159\" src=\"https:\/\/marekkuchcinski.pl\/wp-content\/uploads\/2017\/01\/DSCF0859.jpg\" alt=\"DSCF0859\" width=\"2647\" height=\"1768\" srcset=\"https:\/\/marekkuchcinski.pl\/wp-content\/uploads\/2017\/01\/DSCF0859.jpg 2048w, https:\/\/marekkuchcinski.pl\/wp-content\/uploads\/2017\/01\/DSCF0859-300x200.jpg 300w, https:\/\/marekkuchcinski.pl\/wp-content\/uploads\/2017\/01\/DSCF0859-768x513.jpg 768w, https:\/\/marekkuchcinski.pl\/wp-content\/uploads\/2017\/01\/DSCF0859-1024x684.jpg 1024w\" sizes=\"(max-width: 2647px) 100vw, 2647px\" \/><\/a><\/p>\n<p>&nbsp;<\/p>","protected":false},"excerpt":{"rendered":"<p>\u2013 Wprowadzenie zmian nie b\u0119dzie \u0142atwe, ale musimy si\u0119 ich podj\u0105\u0107, aby\u00a0Polska by\u0142a lepsza \u2013 przekonywa\u0142 \u00a0prezes PiS Jaros\u0142aw Kaczy\u0144ski. Dzi\u015b w Rzeszowie odby\u0142o si\u0119 spotkanie lokalnych struktur Prawa i Sprawiedliwo\u015bci. Poruszano na nim temat wybor\u00f3w samorz\u0105dowych, zmiany ordynacji wyborczej, problemy lokalne i og\u00f3lnopolskie. Prezes PiS m\u00f3wi\u0142 o koniecznych zmianach oraz reformach, kt\u00f3re powinny nast\u0105pi\u0107. [&hellip;]<\/p>\n","protected":false},"author":6,"featured_media":5162,"comment_status":"open","ping_status":"open","sticky":false,"template":"","format":"standard","meta":{"ngg_post_thumbnail":0,"footnotes":""},"categories":[49,82,3],"tags":[],"class_list":["post-5153","post","type-post","status-publish","format-standard","has-post-thumbnail","hentry","category-podkarpacie","category-prawo-i-sprawiedliwosc","category-wydarzenia"],"_links":{"self":[{"href":"https:\/\/marekkuchcinski.pl\/sk\/wp-json\/wp\/v2\/posts\/5153","targetHints":{"allow":["GET"]}}],"collection":[{"href":"https:\/\/marekkuchcinski.pl\/sk\/wp-json\/wp\/v2\/posts"}],"about":[{"href":"https:\/\/marekkuchcinski.pl\/sk\/wp-json\/wp\/v2\/types\/post"}],"author":[{"embeddable":true,"href":"https:\/\/marekkuchcinski.pl\/sk\/wp-json\/wp\/v2\/users\/6"}],"replies":[{"embeddable":true,"href":"https:\/\/marekkuchcinski.pl\/sk\/wp-json\/wp\/v2\/comments?post=5153"}],"version-history":[{"count":3,"href":"https:\/\/marekkuchcinski.pl\/sk\/wp-json\/wp\/v2\/posts\/5153\/revisions"}],"predecessor-version":[{"id":5164,"href":"https:\/\/marekkuchcinski.pl\/sk\/wp-json\/wp\/v2\/posts\/5153\/revisions\/5164"}],"wp:featuredmedia":[{"embeddable":true,"href":"https:\/\/marekkuchcinski.pl\/sk\/wp-json\/wp\/v2\/media\/5162"}],"wp:attachment":[{"href":"https:\/\/marekkuchcinski.pl\/sk\/wp-json\/wp\/v2\/media?parent=5153"}],"wp:term":[{"taxonomy":"category","embeddable":true,"href":"https:\/\/marekkuchcinski.pl\/sk\/wp-json\/wp\/v2\/categories?post=5153"},{"taxonomy":"post_tag","embeddable":true,"href":"https:\/\/marekkuchcinski.pl\/sk\/wp-json\/wp\/v2\/tags?post=5153"}],"curies":[{"name":"wp","href":"https:\/\/api.w.org\/{rel}","templated":true}]}}