{"id":5132,"date":"2017-01-29T00:34:41","date_gmt":"2017-01-28T23:34:41","guid":{"rendered":"https:\/\/marekkuchcinski.pl\/?p=5132"},"modified":"2017-01-29T13:43:10","modified_gmt":"2017-01-29T12:43:10","slug":"ingres-metropolity-krakowskiego-abp-marka-jedraszewskiego","status":"publish","type":"post","link":"https:\/\/marekkuchcinski.pl\/sk\/wydarzenia\/ingres-metropolity-krakowskiego-abp-marka-jedraszewskiego\/","title":{"rendered":"Arcibiskup Marek J\u0119draszewski sa stal nov\u00fdm krakovsk\u00fdm arcibiskupom metropolitom po kardin\u00e1lovi Stanis\u0142awovi Dziwiszovi"},"content":{"rendered":"<p>- Vezmite so mnou na seba n\u00e1mahu hl\u00e1sania Krista,\" po\u017eiadal nov\u00fd krakovsk\u00fd arcibiskup Marek J\u0119draszewski veriacich zhroma\u017eden\u00fdch v katedr\u00e1le na Waweli.<\/p>\n<p>Arcibiskup J\u0119draszewski, ktor\u00e9ho vymenoval p\u00e1pe\u017e Franti\u0161ek, nahradil kardin\u00e1la Stanis\u0142awa Dziwisza, ktor\u00fd po 11 rokoch slu\u017eby v arcidiec\u00e9ze odch\u00e1dza do d\u00f4chodku. - \"Za\u010d\u00ednate p\u00edsa\u0165 nov\u00fa str\u00e1nku a my ju budeme p\u00edsa\u0165 s vami,\" povedal kardin\u00e1l Dziwisz svojmu n\u00e1stupcovi.<\/p>\n<p>Arcibiskup Marek J\u0119draszewski po\u010das svojej hom\u00edlie okrem in\u00e9ho povedal, \u017ee bdenie Panny M\u00e1rie nad Po\u013eskom je d\u00f4le\u017eitou s\u00fa\u010das\u0165ou 1050-ro\u010dnej hist\u00f3rie krajiny. - Prezentujte pravdu o Kristovi Kr\u00e1\u013eovi, ktor\u00fa doj\u00edmavo vyjadril sv\u00e4t\u00fd brat Albert na obraze Ecce Homo, kde koruna n\u00e1\u0161ho P\u00e1na hovor\u00ed o jeho nesmiernom utrpen\u00ed a jeho bolestn\u00e1 tv\u00e1r n\u00e1m prikazuje, aby sme svoje srdcia upriamili na ka\u017ed\u00e9ho chudobn\u00e9ho, trpiaceho a ukrivden\u00e9ho \u010dloveka; cho\u010fte s n\u00e1dejou na stretnutie s mlad\u00fdmi \u013eu\u010fmi, ktor\u00ed n\u00e1s tak ned\u00e1vno po\u010das Svetov\u00fdch dn\u00ed ml\u00e1de\u017ee o\u010darili \u010distotou svojho poh\u013eadu a nad\u0161en\u00edm z viery - po\u017eiadal metropolita.<\/p>\n<p>V roku 1997 J\u00e1n Pavol II. vymenoval J\u0119drzejowsk\u00e9ho za pomocn\u00e9ho biskupa poznanskej arcidiec\u00e9zy. Za lod\u017esk\u00e9ho metropolitu ho vymenoval p\u00e1pe\u017e Benedikt XVI. v j\u00fali 2012. Metropolitn\u00e9 p\u00e1lium prijal od p\u00e1pe\u017ea Franti\u0161ka 29. j\u00fana 2013 v Bazilike sv\u00e4t\u00e9ho Petra v R\u00edme. Franti\u0161ek ho 8. decembra 2016 vymenoval za krakovsk\u00e9ho metropolitu (p\u00e1pe\u017esk\u00e1 bula bola pre\u010d\u00edtan\u00e1 na hlavnom olt\u00e1ri po\u010das sl\u00e1vnosti).<\/p>\n<p>Na sl\u00e1vnostnom n\u00e1stupe arcibiskupa Mareka J\u0119draszewsk\u00e9ho sa okrem in\u00fdch z\u00fa\u010dastnili prezident Po\u013eskej republiky Andrzej Duda s man\u017eelkou, predsedovia Sejmu a Sen\u00e1tu, premi\u00e9rka Beata Szyd\u0142o, z\u00e1stupcovia \u0161t\u00e1tnych org\u00e1nov, duchovenstvo a veriaci.<\/p>\n<p>Odch\u00e1dzaj\u00faci krakovsk\u00fd metropolita kardin\u00e1l Stanis\u0142aw Dziwisz bol vyznamenan\u00fd R\u00e1dom bieleho orla. - Cel\u00fd doteraj\u0161\u00ed \u017eivot kardin\u00e1la Dziwisza bol vynikaj\u00facou slu\u017ebou Po\u013eskej republike,\" povedal prezident, ktor\u00fd vyznamenanie odovzdal. - Jeho cesta bola cestou \u017eivota pre Boha, pre bl\u00ed\u017enych, pre Cirkev, ale aj pre Po\u013esko.<\/p>\n<p>Rad sa ude\u013euje za civiln\u00e9 aj vojensk\u00e9 z\u00e1sluhy v \u010dase mieru alebo vojny, na sl\u00e1vu a v prospech Po\u013eskej republiky. Bol zalo\u017een\u00fd v roku 1705 a obnoven\u00fd Sejmom Po\u013eskej republiky z\u00e1konom zo 4. febru\u00e1ra 1921.<\/p>\n<p><a href=\"https:\/\/marekkuchcinski.pl\/wp-content\/uploads\/2017\/01\/KU092442.jpg\"><img fetchpriority=\"high\" decoding=\"async\" class=\"alignnone size-full wp-image-5138\" src=\"https:\/\/marekkuchcinski.pl\/wp-content\/uploads\/2017\/01\/KU092442.jpg\" alt=\"KU092442\" width=\"1800\" height=\"1377\" srcset=\"https:\/\/marekkuchcinski.pl\/wp-content\/uploads\/2017\/01\/KU092442.jpg 1800w, https:\/\/marekkuchcinski.pl\/wp-content\/uploads\/2017\/01\/KU092442-300x230.jpg 300w, https:\/\/marekkuchcinski.pl\/wp-content\/uploads\/2017\/01\/KU092442-768x588.jpg 768w, https:\/\/marekkuchcinski.pl\/wp-content\/uploads\/2017\/01\/KU092442-1024x783.jpg 1024w\" sizes=\"(max-width: 1800px) 100vw, 1800px\" \/><\/a><a href=\"https:\/\/marekkuchcinski.pl\/wp-content\/uploads\/2017\/01\/KU092712.jpg\"><img decoding=\"async\" class=\"alignnone size-full wp-image-5137\" src=\"https:\/\/marekkuchcinski.pl\/wp-content\/uploads\/2017\/01\/KU092712.jpg\" alt=\"KU092712\" width=\"1800\" height=\"1197\" srcset=\"https:\/\/marekkuchcinski.pl\/wp-content\/uploads\/2017\/01\/KU092712.jpg 1800w, https:\/\/marekkuchcinski.pl\/wp-content\/uploads\/2017\/01\/KU092712-300x200.jpg 300w, https:\/\/marekkuchcinski.pl\/wp-content\/uploads\/2017\/01\/KU092712-768x511.jpg 768w, https:\/\/marekkuchcinski.pl\/wp-content\/uploads\/2017\/01\/KU092712-1024x681.jpg 1024w\" sizes=\"(max-width: 1800px) 100vw, 1800px\" \/><\/a><a href=\"https:\/\/marekkuchcinski.pl\/wp-content\/uploads\/2017\/01\/KU094183.jpg\"><img decoding=\"async\" class=\"alignnone size-full wp-image-5133\" src=\"https:\/\/marekkuchcinski.pl\/wp-content\/uploads\/2017\/01\/KU094183.jpg\" alt=\"KU094183\" width=\"1800\" height=\"1200\" srcset=\"https:\/\/marekkuchcinski.pl\/wp-content\/uploads\/2017\/01\/KU094183.jpg 1800w, https:\/\/marekkuchcinski.pl\/wp-content\/uploads\/2017\/01\/KU094183-300x200.jpg 300w, https:\/\/marekkuchcinski.pl\/wp-content\/uploads\/2017\/01\/KU094183-768x512.jpg 768w, https:\/\/marekkuchcinski.pl\/wp-content\/uploads\/2017\/01\/KU094183-1024x683.jpg 1024w\" sizes=\"(max-width: 1800px) 100vw, 1800px\" \/><\/a> <a href=\"https:\/\/marekkuchcinski.pl\/wp-content\/uploads\/2017\/01\/KU094126.jpg\"><img loading=\"lazy\" decoding=\"async\" class=\"alignnone size-full wp-image-5134\" src=\"https:\/\/marekkuchcinski.pl\/wp-content\/uploads\/2017\/01\/KU094126.jpg\" alt=\"KU094126\" width=\"1800\" height=\"1200\" srcset=\"https:\/\/marekkuchcinski.pl\/wp-content\/uploads\/2017\/01\/KU094126.jpg 1800w, https:\/\/marekkuchcinski.pl\/wp-content\/uploads\/2017\/01\/KU094126-300x200.jpg 300w, https:\/\/marekkuchcinski.pl\/wp-content\/uploads\/2017\/01\/KU094126-768x512.jpg 768w, https:\/\/marekkuchcinski.pl\/wp-content\/uploads\/2017\/01\/KU094126-1024x683.jpg 1024w\" sizes=\"(max-width: 1800px) 100vw, 1800px\" \/><\/a> <a href=\"https:\/\/marekkuchcinski.pl\/wp-content\/uploads\/2017\/01\/KA202714.jpg\"><img loading=\"lazy\" decoding=\"async\" class=\"alignnone size-full wp-image-5139\" src=\"https:\/\/marekkuchcinski.pl\/wp-content\/uploads\/2017\/01\/KA202714.jpg\" alt=\"KA202714\" width=\"1800\" height=\"1200\" srcset=\"https:\/\/marekkuchcinski.pl\/wp-content\/uploads\/2017\/01\/KA202714.jpg 1800w, https:\/\/marekkuchcinski.pl\/wp-content\/uploads\/2017\/01\/KA202714-300x200.jpg 300w, https:\/\/marekkuchcinski.pl\/wp-content\/uploads\/2017\/01\/KA202714-768x512.jpg 768w, https:\/\/marekkuchcinski.pl\/wp-content\/uploads\/2017\/01\/KA202714-1024x683.jpg 1024w\" sizes=\"(max-width: 1800px) 100vw, 1800px\" \/><\/a> <a href=\"https:\/\/marekkuchcinski.pl\/wp-content\/uploads\/2017\/01\/KU094205.jpg\"><img loading=\"lazy\" decoding=\"async\" class=\"alignnone size-full wp-image-5140\" src=\"https:\/\/marekkuchcinski.pl\/wp-content\/uploads\/2017\/01\/KU094205.jpg\" alt=\"KU094205\" width=\"1800\" height=\"1200\" srcset=\"https:\/\/marekkuchcinski.pl\/wp-content\/uploads\/2017\/01\/KU094205.jpg 1800w, https:\/\/marekkuchcinski.pl\/wp-content\/uploads\/2017\/01\/KU094205-300x200.jpg 300w, https:\/\/marekkuchcinski.pl\/wp-content\/uploads\/2017\/01\/KU094205-768x512.jpg 768w, https:\/\/marekkuchcinski.pl\/wp-content\/uploads\/2017\/01\/KU094205-1024x683.jpg 1024w\" sizes=\"(max-width: 1800px) 100vw, 1800px\" \/><\/a> <a href=\"https:\/\/marekkuchcinski.pl\/wp-content\/uploads\/2017\/01\/KU094286-2.jpg\"><img loading=\"lazy\" decoding=\"async\" class=\"alignnone size-full wp-image-5141\" src=\"https:\/\/marekkuchcinski.pl\/wp-content\/uploads\/2017\/01\/KU094286-2.jpg\" alt=\"KU094286-2\" width=\"1800\" height=\"1042\" srcset=\"https:\/\/marekkuchcinski.pl\/wp-content\/uploads\/2017\/01\/KU094286-2.jpg 1800w, https:\/\/marekkuchcinski.pl\/wp-content\/uploads\/2017\/01\/KU094286-2-300x174.jpg 300w, https:\/\/marekkuchcinski.pl\/wp-content\/uploads\/2017\/01\/KU094286-2-768x445.jpg 768w, https:\/\/marekkuchcinski.pl\/wp-content\/uploads\/2017\/01\/KU094286-2-1024x593.jpg 1024w\" sizes=\"(max-width: 1800px) 100vw, 1800px\" \/><\/a> <a href=\"https:\/\/marekkuchcinski.pl\/wp-content\/uploads\/2017\/01\/KU094359.jpg\"><img loading=\"lazy\" decoding=\"async\" class=\"alignnone size-full wp-image-5142\" src=\"https:\/\/marekkuchcinski.pl\/wp-content\/uploads\/2017\/01\/KU094359.jpg\" alt=\"KU094359\" width=\"1800\" height=\"1200\" srcset=\"https:\/\/marekkuchcinski.pl\/wp-content\/uploads\/2017\/01\/KU094359.jpg 1800w, https:\/\/marekkuchcinski.pl\/wp-content\/uploads\/2017\/01\/KU094359-300x200.jpg 300w, https:\/\/marekkuchcinski.pl\/wp-content\/uploads\/2017\/01\/KU094359-768x512.jpg 768w, https:\/\/marekkuchcinski.pl\/wp-content\/uploads\/2017\/01\/KU094359-1024x683.jpg 1024w\" sizes=\"(max-width: 1800px) 100vw, 1800px\" \/><\/a> <a href=\"https:\/\/marekkuchcinski.pl\/wp-content\/uploads\/2017\/01\/KU094629.jpg\"><img loading=\"lazy\" decoding=\"async\" class=\"alignnone size-full wp-image-5143\" src=\"https:\/\/marekkuchcinski.pl\/wp-content\/uploads\/2017\/01\/KU094629.jpg\" alt=\"KU094629\" width=\"1800\" height=\"1200\" srcset=\"https:\/\/marekkuchcinski.pl\/wp-content\/uploads\/2017\/01\/KU094629.jpg 1800w, https:\/\/marekkuchcinski.pl\/wp-content\/uploads\/2017\/01\/KU094629-300x200.jpg 300w, https:\/\/marekkuchcinski.pl\/wp-content\/uploads\/2017\/01\/KU094629-768x512.jpg 768w, https:\/\/marekkuchcinski.pl\/wp-content\/uploads\/2017\/01\/KU094629-1024x683.jpg 1024w\" sizes=\"(max-width: 1800px) 100vw, 1800px\" \/><\/a><\/p>\n<p>Z\u00e1pis predsedu Sejmu do Pam\u00e4tnej knihy pri pr\u00edle\u017eitosti uvedenia arcibiskupa Mareka J\u0119draszewsk\u00e9ho do \u00faradu:<\/p>\n<p><em>V tento sl\u00e1vnostn\u00fd de\u0148, ke\u010f Va\u0161a Excelencia za\u010d\u00edna svoju k\u00e1nonick\u00fa a liturgick\u00fa slu\u017ebu v Krakovskej arcidiec\u00e9ze, V\u00e1m zo srdca \u017eel\u00e1m ve\u013ea Bo\u017e\u00edch milost\u00ed, dobr\u00e9 zdravie a silu pri plnen\u00ed Va\u0161ich nov\u00fdch povinnost\u00ed. Zost\u00e1vam v modlitbe.<\/em><\/p>\n<p><a href=\"https:\/\/marekkuchcinski.pl\/wp-content\/uploads\/2017\/01\/KU094640.jpg\"><img loading=\"lazy\" decoding=\"async\" class=\"alignnone size-full wp-image-5151\" src=\"https:\/\/marekkuchcinski.pl\/wp-content\/uploads\/2017\/01\/KU094640.jpg\" alt=\"KU094640\" width=\"1800\" height=\"1200\" srcset=\"https:\/\/marekkuchcinski.pl\/wp-content\/uploads\/2017\/01\/KU094640.jpg 1800w, https:\/\/marekkuchcinski.pl\/wp-content\/uploads\/2017\/01\/KU094640-300x200.jpg 300w, https:\/\/marekkuchcinski.pl\/wp-content\/uploads\/2017\/01\/KU094640-768x512.jpg 768w, https:\/\/marekkuchcinski.pl\/wp-content\/uploads\/2017\/01\/KU094640-1024x683.jpg 1024w\" sizes=\"(max-width: 1800px) 100vw, 1800px\" \/><\/a><\/p>","protected":false},"excerpt":{"rendered":"<p>\u2013 Podejmijcie wraz ze mn\u0105 trud g\u0142oszenia Chrystusa \u2013 prosi\u0142 wiernych zgromadzonych w Katedrze Wawelskiej nowy metropolita krakowski abp Marek J\u0119draszewski. Mianowany przez papie\u017ca Franciszka abp J\u0119draszewski zast\u0105pi\u0142 odchodz\u0105cego na emerytur\u0119 po 11 latach pos\u0142ugi w archidiecezji kardyna\u0142a Stanis\u0142awa Dziwisza. \u2013 Zaczynasz zapisywa\u0107 now\u0105 kart\u0119, a my j\u0105 b\u0119dziemy zapisywa\u0107 razem z Tob\u0105 \u2013 powiedzia\u0142 [&hellip;]<\/p>\n","protected":false},"author":6,"featured_media":5150,"comment_status":"open","ping_status":"open","sticky":false,"template":"","format":"standard","meta":{"ngg_post_thumbnail":0,"footnotes":""},"categories":[3],"tags":[],"class_list":["post-5132","post","type-post","status-publish","format-standard","has-post-thumbnail","hentry","category-wydarzenia"],"_links":{"self":[{"href":"https:\/\/marekkuchcinski.pl\/sk\/wp-json\/wp\/v2\/posts\/5132","targetHints":{"allow":["GET"]}}],"collection":[{"href":"https:\/\/marekkuchcinski.pl\/sk\/wp-json\/wp\/v2\/posts"}],"about":[{"href":"https:\/\/marekkuchcinski.pl\/sk\/wp-json\/wp\/v2\/types\/post"}],"author":[{"embeddable":true,"href":"https:\/\/marekkuchcinski.pl\/sk\/wp-json\/wp\/v2\/users\/6"}],"replies":[{"embeddable":true,"href":"https:\/\/marekkuchcinski.pl\/sk\/wp-json\/wp\/v2\/comments?post=5132"}],"version-history":[{"count":7,"href":"https:\/\/marekkuchcinski.pl\/sk\/wp-json\/wp\/v2\/posts\/5132\/revisions"}],"predecessor-version":[{"id":5165,"href":"https:\/\/marekkuchcinski.pl\/sk\/wp-json\/wp\/v2\/posts\/5132\/revisions\/5165"}],"wp:featuredmedia":[{"embeddable":true,"href":"https:\/\/marekkuchcinski.pl\/sk\/wp-json\/wp\/v2\/media\/5150"}],"wp:attachment":[{"href":"https:\/\/marekkuchcinski.pl\/sk\/wp-json\/wp\/v2\/media?parent=5132"}],"wp:term":[{"taxonomy":"category","embeddable":true,"href":"https:\/\/marekkuchcinski.pl\/sk\/wp-json\/wp\/v2\/categories?post=5132"},{"taxonomy":"post_tag","embeddable":true,"href":"https:\/\/marekkuchcinski.pl\/sk\/wp-json\/wp\/v2\/tags?post=5132"}],"curies":[{"name":"wp","href":"https:\/\/api.w.org\/{rel}","templated":true}]}}