{"id":5049,"date":"2017-01-20T11:12:45","date_gmt":"2017-01-20T10:12:45","guid":{"rendered":"https:\/\/marekkuchcinski.pl\/?p=5049"},"modified":"2017-01-20T11:21:59","modified_gmt":"2017-01-20T10:21:59","slug":"miedzynarodowy-puchar-karpat-narciarstwie-alpejskim-patronatem-marszalka-sejmu","status":"publish","type":"post","link":"https:\/\/marekkuchcinski.pl\/sk\/wydarzenia\/miedzynarodowy-puchar-karpat-narciarstwie-alpejskim-patronatem-marszalka-sejmu\/","title":{"rendered":"Medzin\u00e1rodn\u00fd karpatsk\u00fd poh\u00e1r v alpskom ly\u017eovan\u00ed pod z\u00e1\u0161titou predsedu Sejmu"},"content":{"rendered":"<p>D\u0148a 29. janu\u00e1ra 2017 od 10.00 do 14.00 h sa v Przemy\u015bli uskuto\u010dnia ly\u017eiarske preteky pre osoby bez licencie Po\u013esk\u00e9ho ly\u017eiarskeho zv\u00e4zu. <em>Medzin\u00e1rodn\u00fd karpatsk\u00fd poh\u00e1r v alpskom ly\u017eovan\u00ed<\/em> Z\u00e1\u0161titu prevzali predseda Sejmu Marek Kuchci\u0144ski a predsedovia parlamentov kraj\u00edn Vy\u0161ehradskej skupiny. S\u00fa\u0165a\u017e organizuje prezident mesta Przemy\u015bl v spolupr\u00e1ci s po\u013esk\u00fdm Sejmom, Ministerstvom \u0161portu a cestovn\u00e9ho ruchu, mar\u0161\u00e1lkom Podkarpatsk\u00e9ho vojvodstva a V\u00fdchodn\u00fdm in\u0161tit\u00fatom.<\/p>\n<p>V s\u00fa\u0165a\u017ei v obrovskom slalome bud\u00fa s\u00fa\u0165a\u017ei\u0165 pretek\u00e1ri z karpatsk\u00fdch kraj\u00edn. Pre v\u00ed\u0165azov v jednotliv\u00fdch vekov\u00fdch kateg\u00f3ri\u00e1ch s\u00fa pripraven\u00e9 poh\u00e1re a vecn\u00e9 ceny. Z iniciat\u00edvy predsedu Sejmu sa po skon\u010den\u00ed s\u00fa\u0165a\u017ee uskuto\u010dn\u00ed v N\u00e1rodnom m\u00fazeu Przemysla diskusn\u00e9 stretnutie v r\u00e1mci cyklu \"Eur\u00f3pa Karp\u00e1t\" - venovan\u00e9 aktu\u00e1lnym probl\u00e9mom region\u00e1lnej spolupr\u00e1ce.<\/p>\n<p>Ly\u017eiarske preteky v Przemy\u015bli otvoria medzin\u00e1rodn\u00fd cyklus s\u00fa\u0165a\u017e\u00ed<br \/>\nv zjazdovom ly\u017eovan\u00ed pre Karpatsk\u00fd poh\u00e1r organizovan\u00fd v r\u00f4znych krajin\u00e1ch. Predseda Sejmu a predseda Sen\u00e1tu pl\u00e1nuj\u00fa - s organiza\u010dnou podporou Ministerstva \u0161portu a cestovn\u00e9ho ruchu - zorganizova\u0165 \u010fal\u0161ie s\u00fa\u0165a\u017ee tohto cyklu vo febru\u00e1ri a marci tohto roku. S\u00fa\u0165a\u017e bude z\u00e1rove\u0148 \u010fal\u0161\u00edm prvkom parlamentnej spolupr\u00e1ce v r\u00e1mci Vy\u0161ehradskej skupiny a Karpatskej Eur\u00f3py.<\/p>\n<p><a href=\"https:\/\/marekkuchcinski.pl\/wp-content\/uploads\/2017\/01\/2017-01-20.jpg\"><img fetchpriority=\"high\" decoding=\"async\" class=\"alignnone wp-image-5050\" src=\"https:\/\/marekkuchcinski.pl\/wp-content\/uploads\/2017\/01\/2017-01-20.jpg\" alt=\"2017-01-20\" width=\"632\" height=\"457\" srcset=\"https:\/\/marekkuchcinski.pl\/wp-content\/uploads\/2017\/01\/2017-01-20.jpg 416w, https:\/\/marekkuchcinski.pl\/wp-content\/uploads\/2017\/01\/2017-01-20-300x217.jpg 300w\" sizes=\"(max-width: 632px) 100vw, 632px\" \/><\/a><\/p>","protected":false},"excerpt":{"rendered":"<p>29 stycznia 2017 r. w godz. 10-14\u00a0 w Przemy\u015blu odb\u0119d\u0105 si\u0119 zawody narciarskie dla os\u00f3b nieposiadaj\u0105cych licencji Polskiego Zwi\u0105zku Narciarskiego. Mi\u0119dzynarodowy Puchar Karpat w Narciarstwie Alpejskim patronatem obj\u0119li Marsza\u0142ek Sejmu Marek Kuchci\u0144ski oraz Przewodnicz\u0105cy Parlament\u00f3w pa\u0144stw Grupy Wyszehradzkiej. Zawody organizuje Prezydent Miasta Przemy\u015bla przy wsp\u00f3\u0142udziale Sejmu RP, Ministerstwa Sportu i Turystyki, Marsza\u0142ka Wojew\u00f3dztwa Podkarpackiego oraz [&hellip;]<\/p>","protected":false},"author":6,"featured_media":5050,"comment_status":"open","ping_status":"open","sticky":false,"template":"","format":"standard","meta":{"ngg_post_thumbnail":0,"footnotes":""},"categories":[78,49,3],"tags":[],"class_list":["post-5049","post","type-post","status-publish","format-standard","has-post-thumbnail","hentry","category-europa-karpat","category-podkarpacie","category-wydarzenia"],"yoast_head":"<!-- This site is optimized with the Yoast SEO plugin v24.7 - https:\/\/yoast.com\/wordpress\/plugins\/seo\/ -->\n<title>Mi\u0119dzynarodowy Puchar Karpat w Narciarstwie Alpejskim pod patronatem Marsza\u0142ka Sejmu &#8211; Marek Kuchci\u0144ski<\/title>\n<meta name=\"robots\" content=\"index, follow, max-snippet:-1, max-image-preview:large, max-video-preview:-1\" \/>\n<link rel=\"canonical\" href=\"https:\/\/marekkuchcinski.pl\/sk\/wydarzenia\/miedzynarodowy-puchar-karpat-narciarstwie-alpejskim-patronatem-marszalka-sejmu\/\" \/>\n<meta property=\"og:locale\" content=\"sk_SK\" \/>\n<meta property=\"og:type\" content=\"article\" \/>\n<meta property=\"og:title\" content=\"Mi\u0119dzynarodowy Puchar Karpat w Narciarstwie Alpejskim pod patronatem Marsza\u0142ka Sejmu &#8211; Marek Kuchci\u0144ski\" \/>\n<meta property=\"og:description\" content=\"29 stycznia 2017 r. w godz. 10-14\u00a0 w Przemy\u015blu odb\u0119d\u0105 si\u0119 zawody narciarskie dla os\u00f3b nieposiadaj\u0105cych licencji Polskiego Zwi\u0105zku Narciarskiego. Mi\u0119dzynarodowy Puchar Karpat w Narciarstwie Alpejskim patronatem obj\u0119li Marsza\u0142ek Sejmu Marek Kuchci\u0144ski oraz Przewodnicz\u0105cy Parlament\u00f3w pa\u0144stw Grupy Wyszehradzkiej. Zawody organizuje Prezydent Miasta Przemy\u015bla przy wsp\u00f3\u0142udziale Sejmu RP, Ministerstwa Sportu i Turystyki, Marsza\u0142ka Wojew\u00f3dztwa Podkarpackiego oraz [&hellip;]\" \/>\n<meta property=\"og:url\" content=\"https:\/\/marekkuchcinski.pl\/sk\/wydarzenia\/miedzynarodowy-puchar-karpat-narciarstwie-alpejskim-patronatem-marszalka-sejmu\/\" \/>\n<meta property=\"og:site_name\" content=\"Marek Kuchci\u0144ski\" \/>\n<meta property=\"article:published_time\" content=\"2017-01-20T10:12:45+00:00\" \/>\n<meta property=\"article:modified_time\" content=\"2017-01-20T10:21:59+00:00\" \/>\n<meta property=\"og:image\" content=\"https:\/\/marekkuchcinski.pl\/wp-content\/uploads\/2017\/01\/2017-01-20.jpg\" \/>\n\t<meta property=\"og:image:width\" content=\"416\" \/>\n\t<meta property=\"og:image:height\" content=\"301\" \/>\n\t<meta property=\"og:image:type\" content=\"image\/jpeg\" \/>\n<meta name=\"author\" content=\"admin\" \/>\n<meta name=\"twitter:card\" content=\"summary_large_image\" \/>\n<meta name=\"twitter:label1\" content=\"Autor\" \/>\n\t<meta name=\"twitter:data1\" content=\"admin\" \/>\n\t<meta name=\"twitter:label2\" content=\"Predpokladan\u00fd \u010das \u010d\u00edtania\" \/>\n\t<meta name=\"twitter:data2\" content=\"1 min\u00fata\" \/>\n<script type=\"application\/ld+json\" class=\"yoast-schema-graph\">{\"@context\":\"https:\/\/schema.org\",\"@graph\":[{\"@type\":\"Article\",\"@id\":\"https:\/\/marekkuchcinski.pl\/sk\/wydarzenia\/miedzynarodowy-puchar-karpat-narciarstwie-alpejskim-patronatem-marszalka-sejmu\/#article\",\"isPartOf\":{\"@id\":\"https:\/\/marekkuchcinski.pl\/sk\/wydarzenia\/miedzynarodowy-puchar-karpat-narciarstwie-alpejskim-patronatem-marszalka-sejmu\/\"},\"author\":{\"name\":\"admin\",\"@id\":\"https:\/\/marekkuchcinski.pl\/#\/schema\/person\/6f62700996b4d950b6ea2d1183b6c6be\"},\"headline\":\"Mi\u0119dzynarodowy Puchar Karpat w Narciarstwie Alpejskim pod patronatem Marsza\u0142ka Sejmu\",\"datePublished\":\"2017-01-20T10:12:45+00:00\",\"dateModified\":\"2017-01-20T10:21:59+00:00\",\"mainEntityOfPage\":{\"@id\":\"https:\/\/marekkuchcinski.pl\/sk\/wydarzenia\/miedzynarodowy-puchar-karpat-narciarstwie-alpejskim-patronatem-marszalka-sejmu\/\"},\"wordCount\":211,\"commentCount\":0,\"publisher\":{\"@id\":\"https:\/\/marekkuchcinski.pl\/#organization\"},\"image\":{\"@id\":\"https:\/\/marekkuchcinski.pl\/sk\/wydarzenia\/miedzynarodowy-puchar-karpat-narciarstwie-alpejskim-patronatem-marszalka-sejmu\/#primaryimage\"},\"thumbnailUrl\":\"https:\/\/marekkuchcinski.pl\/wp-content\/uploads\/2017\/01\/2017-01-20.jpg\",\"articleSection\":[\"Europa Karpat\",\"Podkarpacie\",\"Wydarzenia\"],\"inLanguage\":\"sk-SK\",\"potentialAction\":[{\"@type\":\"CommentAction\",\"name\":\"Comment\",\"target\":[\"https:\/\/marekkuchcinski.pl\/sk\/wydarzenia\/miedzynarodowy-puchar-karpat-narciarstwie-alpejskim-patronatem-marszalka-sejmu\/#respond\"]}]},{\"@type\":\"WebPage\",\"@id\":\"https:\/\/marekkuchcinski.pl\/sk\/wydarzenia\/miedzynarodowy-puchar-karpat-narciarstwie-alpejskim-patronatem-marszalka-sejmu\/\",\"url\":\"https:\/\/marekkuchcinski.pl\/sk\/wydarzenia\/miedzynarodowy-puchar-karpat-narciarstwie-alpejskim-patronatem-marszalka-sejmu\/\",\"name\":\"Mi\u0119dzynarodowy Puchar Karpat w Narciarstwie Alpejskim pod patronatem Marsza\u0142ka Sejmu &#8211; Marek Kuchci\u0144ski\",\"isPartOf\":{\"@id\":\"https:\/\/marekkuchcinski.pl\/#website\"},\"primaryImageOfPage\":{\"@id\":\"https:\/\/marekkuchcinski.pl\/sk\/wydarzenia\/miedzynarodowy-puchar-karpat-narciarstwie-alpejskim-patronatem-marszalka-sejmu\/#primaryimage\"},\"image\":{\"@id\":\"https:\/\/marekkuchcinski.pl\/sk\/wydarzenia\/miedzynarodowy-puchar-karpat-narciarstwie-alpejskim-patronatem-marszalka-sejmu\/#primaryimage\"},\"thumbnailUrl\":\"https:\/\/marekkuchcinski.pl\/wp-content\/uploads\/2017\/01\/2017-01-20.jpg\",\"datePublished\":\"2017-01-20T10:12:45+00:00\",\"dateModified\":\"2017-01-20T10:21:59+00:00\",\"breadcrumb\":{\"@id\":\"https:\/\/marekkuchcinski.pl\/sk\/wydarzenia\/miedzynarodowy-puchar-karpat-narciarstwie-alpejskim-patronatem-marszalka-sejmu\/#breadcrumb\"},\"inLanguage\":\"sk-SK\",\"potentialAction\":[{\"@type\":\"ReadAction\",\"target\":[\"https:\/\/marekkuchcinski.pl\/sk\/wydarzenia\/miedzynarodowy-puchar-karpat-narciarstwie-alpejskim-patronatem-marszalka-sejmu\/\"]}]},{\"@type\":\"ImageObject\",\"inLanguage\":\"sk-SK\",\"@id\":\"https:\/\/marekkuchcinski.pl\/sk\/wydarzenia\/miedzynarodowy-puchar-karpat-narciarstwie-alpejskim-patronatem-marszalka-sejmu\/#primaryimage\",\"url\":\"https:\/\/marekkuchcinski.pl\/wp-content\/uploads\/2017\/01\/2017-01-20.jpg\",\"contentUrl\":\"https:\/\/marekkuchcinski.pl\/wp-content\/uploads\/2017\/01\/2017-01-20.jpg\",\"width\":416,\"height\":301},{\"@type\":\"BreadcrumbList\",\"@id\":\"https:\/\/marekkuchcinski.pl\/sk\/wydarzenia\/miedzynarodowy-puchar-karpat-narciarstwie-alpejskim-patronatem-marszalka-sejmu\/#breadcrumb\",\"itemListElement\":[{\"@type\":\"ListItem\",\"position\":1,\"name\":\"Strona g\u0142\u00f3wna\",\"item\":\"https:\/\/marekkuchcinski.pl\/\"},{\"@type\":\"ListItem\",\"position\":2,\"name\":\"Mi\u0119dzynarodowy Puchar Karpat w Narciarstwie Alpejskim pod patronatem Marsza\u0142ka Sejmu\"}]},{\"@type\":\"WebSite\",\"@id\":\"https:\/\/marekkuchcinski.pl\/#website\",\"url\":\"https:\/\/marekkuchcinski.pl\/\",\"name\":\"Marek Kuchci\u0144ski\",\"description\":\"Pose\u0142 na sejm RP &ndash; okr\u0119g nr 22\",\"publisher\":{\"@id\":\"https:\/\/marekkuchcinski.pl\/#organization\"},\"potentialAction\":[{\"@type\":\"SearchAction\",\"target\":{\"@type\":\"EntryPoint\",\"urlTemplate\":\"https:\/\/marekkuchcinski.pl\/?s={search_term_string}\"},\"query-input\":{\"@type\":\"PropertyValueSpecification\",\"valueRequired\":true,\"valueName\":\"search_term_string\"}}],\"inLanguage\":\"sk-SK\"},{\"@type\":\"Organization\",\"@id\":\"https:\/\/marekkuchcinski.pl\/#organization\",\"name\":\"Marek Kuchci\u0144ski\",\"url\":\"https:\/\/marekkuchcinski.pl\/\",\"logo\":{\"@type\":\"ImageObject\",\"inLanguage\":\"sk-SK\",\"@id\":\"https:\/\/marekkuchcinski.pl\/#\/schema\/logo\/image\/\",\"url\":\"https:\/\/marekkuchcinski.pl\/wp-content\/uploads\/2022\/09\/Marek.jpg\",\"contentUrl\":\"https:\/\/marekkuchcinski.pl\/wp-content\/uploads\/2022\/09\/Marek.jpg\",\"width\":1600,\"height\":971,\"caption\":\"Marek Kuchci\u0144ski\"},\"image\":{\"@id\":\"https:\/\/marekkuchcinski.pl\/#\/schema\/logo\/image\/\"}},{\"@type\":\"Person\",\"@id\":\"https:\/\/marekkuchcinski.pl\/#\/schema\/person\/6f62700996b4d950b6ea2d1183b6c6be\",\"name\":\"admin\",\"image\":{\"@type\":\"ImageObject\",\"inLanguage\":\"sk-SK\",\"@id\":\"https:\/\/marekkuchcinski.pl\/#\/schema\/person\/image\/\",\"url\":\"https:\/\/secure.gravatar.com\/avatar\/4bab693b9d55c3d6b52c0296a8765085?s=96&d=mm&r=g\",\"contentUrl\":\"https:\/\/secure.gravatar.com\/avatar\/4bab693b9d55c3d6b52c0296a8765085?s=96&d=mm&r=g\",\"caption\":\"admin\"},\"url\":\"https:\/\/marekkuchcinski.pl\/sk\/author\/marta-olejnik\/\"}]}<\/script>\n<!-- \/ Yoast SEO plugin. -->","yoast_head_json":{"title":"Mi\u0119dzynarodowy Puchar Karpat w Narciarstwie Alpejskim pod patronatem Marsza\u0142ka Sejmu &#8211; Marek Kuchci\u0144ski","robots":{"index":"index","follow":"follow","max-snippet":"max-snippet:-1","max-image-preview":"max-image-preview:large","max-video-preview":"max-video-preview:-1"},"canonical":"https:\/\/marekkuchcinski.pl\/sk\/wydarzenia\/miedzynarodowy-puchar-karpat-narciarstwie-alpejskim-patronatem-marszalka-sejmu\/","og_locale":"sk_SK","og_type":"article","og_title":"Mi\u0119dzynarodowy Puchar Karpat w Narciarstwie Alpejskim pod patronatem Marsza\u0142ka Sejmu &#8211; Marek Kuchci\u0144ski","og_description":"29 stycznia 2017 r. w godz. 10-14\u00a0 w Przemy\u015blu odb\u0119d\u0105 si\u0119 zawody narciarskie dla os\u00f3b nieposiadaj\u0105cych licencji Polskiego Zwi\u0105zku Narciarskiego. Mi\u0119dzynarodowy Puchar Karpat w Narciarstwie Alpejskim patronatem obj\u0119li Marsza\u0142ek Sejmu Marek Kuchci\u0144ski oraz Przewodnicz\u0105cy Parlament\u00f3w pa\u0144stw Grupy Wyszehradzkiej. Zawody organizuje Prezydent Miasta Przemy\u015bla przy wsp\u00f3\u0142udziale Sejmu RP, Ministerstwa Sportu i Turystyki, Marsza\u0142ka Wojew\u00f3dztwa Podkarpackiego oraz [&hellip;]","og_url":"https:\/\/marekkuchcinski.pl\/sk\/wydarzenia\/miedzynarodowy-puchar-karpat-narciarstwie-alpejskim-patronatem-marszalka-sejmu\/","og_site_name":"Marek Kuchci\u0144ski","article_published_time":"2017-01-20T10:12:45+00:00","article_modified_time":"2017-01-20T10:21:59+00:00","og_image":[{"width":416,"height":301,"url":"https:\/\/marekkuchcinski.pl\/wp-content\/uploads\/2017\/01\/2017-01-20.jpg","type":"image\/jpeg"}],"author":"admin","twitter_card":"summary_large_image","twitter_misc":{"Autor":"admin","Predpokladan\u00fd \u010das \u010d\u00edtania":"1 min\u00fata"},"schema":{"@context":"https:\/\/schema.org","@graph":[{"@type":"Article","@id":"https:\/\/marekkuchcinski.pl\/sk\/wydarzenia\/miedzynarodowy-puchar-karpat-narciarstwie-alpejskim-patronatem-marszalka-sejmu\/#article","isPartOf":{"@id":"https:\/\/marekkuchcinski.pl\/sk\/wydarzenia\/miedzynarodowy-puchar-karpat-narciarstwie-alpejskim-patronatem-marszalka-sejmu\/"},"author":{"name":"admin","@id":"https:\/\/marekkuchcinski.pl\/#\/schema\/person\/6f62700996b4d950b6ea2d1183b6c6be"},"headline":"Mi\u0119dzynarodowy Puchar Karpat w Narciarstwie Alpejskim pod patronatem Marsza\u0142ka Sejmu","datePublished":"2017-01-20T10:12:45+00:00","dateModified":"2017-01-20T10:21:59+00:00","mainEntityOfPage":{"@id":"https:\/\/marekkuchcinski.pl\/sk\/wydarzenia\/miedzynarodowy-puchar-karpat-narciarstwie-alpejskim-patronatem-marszalka-sejmu\/"},"wordCount":211,"commentCount":0,"publisher":{"@id":"https:\/\/marekkuchcinski.pl\/#organization"},"image":{"@id":"https:\/\/marekkuchcinski.pl\/sk\/wydarzenia\/miedzynarodowy-puchar-karpat-narciarstwie-alpejskim-patronatem-marszalka-sejmu\/#primaryimage"},"thumbnailUrl":"https:\/\/marekkuchcinski.pl\/wp-content\/uploads\/2017\/01\/2017-01-20.jpg","articleSection":["Europa Karpat","Podkarpacie","Wydarzenia"],"inLanguage":"sk-SK","potentialAction":[{"@type":"CommentAction","name":"Comment","target":["https:\/\/marekkuchcinski.pl\/sk\/wydarzenia\/miedzynarodowy-puchar-karpat-narciarstwie-alpejskim-patronatem-marszalka-sejmu\/#respond"]}]},{"@type":"WebPage","@id":"https:\/\/marekkuchcinski.pl\/sk\/wydarzenia\/miedzynarodowy-puchar-karpat-narciarstwie-alpejskim-patronatem-marszalka-sejmu\/","url":"https:\/\/marekkuchcinski.pl\/sk\/wydarzenia\/miedzynarodowy-puchar-karpat-narciarstwie-alpejskim-patronatem-marszalka-sejmu\/","name":"Mi\u0119dzynarodowy Puchar Karpat w Narciarstwie Alpejskim pod patronatem Marsza\u0142ka Sejmu &#8211; Marek Kuchci\u0144ski","isPartOf":{"@id":"https:\/\/marekkuchcinski.pl\/#website"},"primaryImageOfPage":{"@id":"https:\/\/marekkuchcinski.pl\/sk\/wydarzenia\/miedzynarodowy-puchar-karpat-narciarstwie-alpejskim-patronatem-marszalka-sejmu\/#primaryimage"},"image":{"@id":"https:\/\/marekkuchcinski.pl\/sk\/wydarzenia\/miedzynarodowy-puchar-karpat-narciarstwie-alpejskim-patronatem-marszalka-sejmu\/#primaryimage"},"thumbnailUrl":"https:\/\/marekkuchcinski.pl\/wp-content\/uploads\/2017\/01\/2017-01-20.jpg","datePublished":"2017-01-20T10:12:45+00:00","dateModified":"2017-01-20T10:21:59+00:00","breadcrumb":{"@id":"https:\/\/marekkuchcinski.pl\/sk\/wydarzenia\/miedzynarodowy-puchar-karpat-narciarstwie-alpejskim-patronatem-marszalka-sejmu\/#breadcrumb"},"inLanguage":"sk-SK","potentialAction":[{"@type":"ReadAction","target":["https:\/\/marekkuchcinski.pl\/sk\/wydarzenia\/miedzynarodowy-puchar-karpat-narciarstwie-alpejskim-patronatem-marszalka-sejmu\/"]}]},{"@type":"ImageObject","inLanguage":"sk-SK","@id":"https:\/\/marekkuchcinski.pl\/sk\/wydarzenia\/miedzynarodowy-puchar-karpat-narciarstwie-alpejskim-patronatem-marszalka-sejmu\/#primaryimage","url":"https:\/\/marekkuchcinski.pl\/wp-content\/uploads\/2017\/01\/2017-01-20.jpg","contentUrl":"https:\/\/marekkuchcinski.pl\/wp-content\/uploads\/2017\/01\/2017-01-20.jpg","width":416,"height":301},{"@type":"BreadcrumbList","@id":"https:\/\/marekkuchcinski.pl\/sk\/wydarzenia\/miedzynarodowy-puchar-karpat-narciarstwie-alpejskim-patronatem-marszalka-sejmu\/#breadcrumb","itemListElement":[{"@type":"ListItem","position":1,"name":"Strona g\u0142\u00f3wna","item":"https:\/\/marekkuchcinski.pl\/"},{"@type":"ListItem","position":2,"name":"Mi\u0119dzynarodowy Puchar Karpat w Narciarstwie Alpejskim pod patronatem Marsza\u0142ka Sejmu"}]},{"@type":"WebSite","@id":"https:\/\/marekkuchcinski.pl\/#website","url":"https:\/\/marekkuchcinski.pl\/","name":"Marek Kuchci\u0144ski","description":"Pose\u0142 na sejm RP &ndash; okr\u0119g nr 22","publisher":{"@id":"https:\/\/marekkuchcinski.pl\/#organization"},"potentialAction":[{"@type":"SearchAction","target":{"@type":"EntryPoint","urlTemplate":"https:\/\/marekkuchcinski.pl\/?s={search_term_string}"},"query-input":{"@type":"PropertyValueSpecification","valueRequired":true,"valueName":"search_term_string"}}],"inLanguage":"sk-SK"},{"@type":"Organization","@id":"https:\/\/marekkuchcinski.pl\/#organization","name":"Marek Kuchci\u0144ski","url":"https:\/\/marekkuchcinski.pl\/","logo":{"@type":"ImageObject","inLanguage":"sk-SK","@id":"https:\/\/marekkuchcinski.pl\/#\/schema\/logo\/image\/","url":"https:\/\/marekkuchcinski.pl\/wp-content\/uploads\/2022\/09\/Marek.jpg","contentUrl":"https:\/\/marekkuchcinski.pl\/wp-content\/uploads\/2022\/09\/Marek.jpg","width":1600,"height":971,"caption":"Marek Kuchci\u0144ski"},"image":{"@id":"https:\/\/marekkuchcinski.pl\/#\/schema\/logo\/image\/"}},{"@type":"Person","@id":"https:\/\/marekkuchcinski.pl\/#\/schema\/person\/6f62700996b4d950b6ea2d1183b6c6be","name":"admin","image":{"@type":"ImageObject","inLanguage":"sk-SK","@id":"https:\/\/marekkuchcinski.pl\/#\/schema\/person\/image\/","url":"https:\/\/secure.gravatar.com\/avatar\/4bab693b9d55c3d6b52c0296a8765085?s=96&d=mm&r=g","contentUrl":"https:\/\/secure.gravatar.com\/avatar\/4bab693b9d55c3d6b52c0296a8765085?s=96&d=mm&r=g","caption":"admin"},"url":"https:\/\/marekkuchcinski.pl\/sk\/author\/marta-olejnik\/"}]}},"_links":{"self":[{"href":"https:\/\/marekkuchcinski.pl\/sk\/wp-json\/wp\/v2\/posts\/5049","targetHints":{"allow":["GET"]}}],"collection":[{"href":"https:\/\/marekkuchcinski.pl\/sk\/wp-json\/wp\/v2\/posts"}],"about":[{"href":"https:\/\/marekkuchcinski.pl\/sk\/wp-json\/wp\/v2\/types\/post"}],"author":[{"embeddable":true,"href":"https:\/\/marekkuchcinski.pl\/sk\/wp-json\/wp\/v2\/users\/6"}],"replies":[{"embeddable":true,"href":"https:\/\/marekkuchcinski.pl\/sk\/wp-json\/wp\/v2\/comments?post=5049"}],"version-history":[{"count":6,"href":"https:\/\/marekkuchcinski.pl\/sk\/wp-json\/wp\/v2\/posts\/5049\/revisions"}],"predecessor-version":[{"id":5056,"href":"https:\/\/marekkuchcinski.pl\/sk\/wp-json\/wp\/v2\/posts\/5049\/revisions\/5056"}],"wp:featuredmedia":[{"embeddable":true,"href":"https:\/\/marekkuchcinski.pl\/sk\/wp-json\/wp\/v2\/media\/5050"}],"wp:attachment":[{"href":"https:\/\/marekkuchcinski.pl\/sk\/wp-json\/wp\/v2\/media?parent=5049"}],"wp:term":[{"taxonomy":"category","embeddable":true,"href":"https:\/\/marekkuchcinski.pl\/sk\/wp-json\/wp\/v2\/categories?post=5049"},{"taxonomy":"post_tag","embeddable":true,"href":"https:\/\/marekkuchcinski.pl\/sk\/wp-json\/wp\/v2\/tags?post=5049"}],"curies":[{"name":"wp","href":"https:\/\/api.w.org\/{rel}","templated":true}]}}