{"id":5028,"date":"2017-01-18T15:52:25","date_gmt":"2017-01-18T14:52:25","guid":{"rendered":"https:\/\/marekkuchcinski.pl\/?p=5028"},"modified":"2017-01-19T14:06:39","modified_gmt":"2017-01-19T13:06:39","slug":"marszalek-sejmu-o-integracji-europejskiej-przebudowa-unii-europejskiej-federacje-rozwiaze-najwazniejszych-wspolczesnych-problemow-kontynencie","status":"publish","type":"post","link":"https:\/\/marekkuchcinski.pl\/sk\/wydarzenia\/marszalek-sejmu-o-integracji-europejskiej-przebudowa-unii-europejskiej-federacje-rozwiaze-najwazniejszych-wspolczesnych-problemow-kontynencie\/","title":{"rendered":"Predseda Sejmu o eur\u00f3pskej integr\u00e1cii: Prebudovanie Eur\u00f3pskej \u00fanie na feder\u00e1ciu nevyrie\u0161i najd\u00f4le\u017eitej\u0161ie s\u00fa\u010dasn\u00e9 probl\u00e9my kontinentu"},"content":{"rendered":"<p><strong>Predseda Sejmu Marek Kuchci\u0144ski prevzal z\u00e1\u0161titu nad konferenciou s n\u00e1zvom \"Bud\u00facnos\u0165 eur\u00f3pskej integr\u00e1cie\", ktorej cie\u013eom je odpoveda\u0165 na ot\u00e1zky o bud\u00facnosti eur\u00f3pskej integr\u00e1cie a o tom, ako by mali vyzera\u0165 eur\u00f3pske politiky na prekonanie kr\u00edzy.<\/strong><\/p>\n<p>Predseda Sejmu pri otvoren\u00ed konferencie vyjadril n\u00e1dej na prelom v politike E\u00da po\u010das osl\u00e1v v\u00fdro\u010dia R\u00edmskych zml\u00fav. - Prvotn\u00e9 rozhodnutia sa bud\u00fa musie\u0165 prija\u0165 v R\u00edme a nazna\u010di\u0165 v\u00edziu rozvoja Eur\u00f3pskej \u00fanie - povedal Kuchci\u0144ski.<\/p>\n<p>Predseda parlamentu uviedol, \u017ee \u00dania, ktor\u00e1 je zalo\u017een\u00e1 na dvoch pilieroch - bezpe\u010dnosti a prosperite - prech\u00e1dza obdob\u00edm premien, ktor\u00e9 je na jednej strane spojen\u00e9 s vojnami, nielen na Ukrajine, pozd\u013a\u017e hran\u00edc E\u00da a masovou imigr\u00e1ciou, a na druhej strane s kr\u00edzou a dlhoro\u010dnou stagn\u00e1ciou v mnoh\u00fdch krajin\u00e1ch euroz\u00f3ny.<\/p>\n<p>Pripomenul odchod Spojen\u00e9ho kr\u00e1\u013eovstva, najv\u00e4\u010d\u0161ieho hospod\u00e1rskeho \u0161t\u00e1tu E\u00da, z \u00danie, ale z\u00e1rove\u0148 zd\u00f4raznil, \u017ee v\u00e4\u010d\u0161ina z n\u00e1s by sa rozhodla pre eurorealistick\u00fd smer, ktor\u00fd by sa opieral o rozumn\u00fa anal\u00fdzu n\u00e1kladov a pr\u00ednosov v kombin\u00e1cii s uznan\u00edm z\u00e1kladn\u00fdch eur\u00f3pskych hodn\u00f4t kres\u0165anstva a humanitn\u00fdch vied.<\/p>\n<p>Pod\u013ea predsedu parlamentu neexistuje demokracia bez \u0161t\u00e1tu silne zalo\u017een\u00e9ho na n\u00e1rodnom spolo\u010denstve. Zd\u00f4raznil, \u017ee Eur\u00f3pa je vo svojich po\u010diatkoch kres\u0165ansk\u00e1, ale z\u00e1rove\u0148 pluralitn\u00e1 a tolerantn\u00e1 v kult\u00farnom zmysle, \u010do ur\u010duje jej jedine\u010dn\u00fd charakter a celosvetov\u00fa pr\u00ed\u0165a\u017elivos\u0165. T\u00e1to inakos\u0165 medzi Poliakmi, Franc\u00fazmi, Nemcami... z n\u00e1s rob\u00ed Eur\u00f3panov.<\/p>\n<p>Alternat\u00edvou k nadobudnutiu feder\u00e1lnych \u010d\u0155t E\u00da, \u010do by znamenalo posilnenie nadn\u00e1rodn\u00fdch in\u0161tit\u00faci\u00ed E\u00da a centraliz\u00e1ciu konkr\u00e9tnych polit\u00edk vykon\u00e1van\u00fdch v Eur\u00f3pskej \u00fanii, je projekt predlo\u017een\u00fd Po\u013eskom na obnovu a posilnenie E\u00da - \"Eur\u00f3pa solidarity\", ktor\u00fd hl\u00e1sa spolo\u010denstvo suver\u00e9nnych \u0161t\u00e1tov, usporiadaj\u00facich svoje vz\u0165ahy v r\u00e1mci E\u00da na z\u00e1klade princ\u00edpu slobodn\u00fd so slobodn\u00fdm, rovn\u00fd s rovn\u00fdm. - V tomto dokumente sme uviedli, \u017ee cie\u013eom reformy by nemalo by\u0165 vybudovanie feder\u00e1lneho \u0161t\u00e1tu, ale obnovenie Eur\u00f3pskej \u00fanie ako medzin\u00e1rodnej organiz\u00e1cie zdru\u017euj\u00facej suver\u00e9nne n\u00e1rodn\u00e9 \u0161t\u00e1ty - povedal predseda Sejmu. - Transform\u00e1cia Eur\u00f3pskej \u00fanie na feder\u00e1ciu nevyrie\u0161i najd\u00f4le\u017eitej\u0161ie s\u00fa\u010dasn\u00e9 probl\u00e9my kontinentu. Neoslobod\u00ed ani podnikanie, ani hospod\u00e1rske slobody v \u010dlensk\u00fdch \u0161t\u00e1toch. Naopak, m\u00f4\u017ee prispie\u0165 k n\u00e1rastu protieur\u00f3pskych radik\u00e1lnych n\u00e1lad a postojov,\" tvrd\u00ed.<\/p>\n<p>Konferencia pozost\u00e1vala z dvoch panelov: \"Eur\u00f3pske politiky v \u010dase kr\u00edzy\", ktor\u00fa moderoval Prof. T.G. Grosse, a \"Ak\u00e1 bud\u00facnos\u0165 eur\u00f3pskej integr\u00e1cie?\", ktor\u00fa moderoval Prof. Z. Czachor.<\/p>\n<p>Medzi panelistami boli profesori z UW, SGH, UAM, CEN, UO. a predsedn\u00ed\u010dka V\u00fdboru pre z\u00e1le\u017eitosti Eur\u00f3pskej \u00fanie - poslanky\u0148a Izabela Kloc.<\/p>\n<p><a href=\"https:\/\/marekkuchcinski.pl\/wp-content\/uploads\/2017\/01\/KU097489-1.jpg\"><img fetchpriority=\"high\" decoding=\"async\" class=\"alignnone size-full wp-image-5030\" src=\"https:\/\/marekkuchcinski.pl\/wp-content\/uploads\/2017\/01\/KU097489-1.jpg\" alt=\"KU097489\" width=\"1301\" height=\"868\" srcset=\"https:\/\/marekkuchcinski.pl\/wp-content\/uploads\/2017\/01\/KU097489-1.jpg 1301w, https:\/\/marekkuchcinski.pl\/wp-content\/uploads\/2017\/01\/KU097489-1-300x200.jpg 300w, https:\/\/marekkuchcinski.pl\/wp-content\/uploads\/2017\/01\/KU097489-1-768x512.jpg 768w, https:\/\/marekkuchcinski.pl\/wp-content\/uploads\/2017\/01\/KU097489-1-1024x683.jpg 1024w\" sizes=\"(max-width: 1301px) 100vw, 1301px\" \/><\/a><a href=\"https:\/\/marekkuchcinski.pl\/wp-content\/uploads\/2017\/01\/KU097886.jpg\"><img decoding=\"async\" class=\"alignnone size-full wp-image-5032\" src=\"https:\/\/marekkuchcinski.pl\/wp-content\/uploads\/2017\/01\/KU097886.jpg\" alt=\"KU097886\" width=\"1800\" height=\"1200\" srcset=\"https:\/\/marekkuchcinski.pl\/wp-content\/uploads\/2017\/01\/KU097886.jpg 1800w, https:\/\/marekkuchcinski.pl\/wp-content\/uploads\/2017\/01\/KU097886-300x200.jpg 300w, https:\/\/marekkuchcinski.pl\/wp-content\/uploads\/2017\/01\/KU097886-768x512.jpg 768w, https:\/\/marekkuchcinski.pl\/wp-content\/uploads\/2017\/01\/KU097886-1024x683.jpg 1024w\" sizes=\"(max-width: 1800px) 100vw, 1800px\" \/><\/a> <a href=\"https:\/\/marekkuchcinski.pl\/wp-content\/uploads\/2017\/01\/KU097844.jpg\"><img decoding=\"async\" class=\"alignnone size-full wp-image-5033\" src=\"https:\/\/marekkuchcinski.pl\/wp-content\/uploads\/2017\/01\/KU097844.jpg\" alt=\"KU097844\" width=\"1800\" height=\"1200\" srcset=\"https:\/\/marekkuchcinski.pl\/wp-content\/uploads\/2017\/01\/KU097844.jpg 1800w, https:\/\/marekkuchcinski.pl\/wp-content\/uploads\/2017\/01\/KU097844-300x200.jpg 300w, https:\/\/marekkuchcinski.pl\/wp-content\/uploads\/2017\/01\/KU097844-768x512.jpg 768w, https:\/\/marekkuchcinski.pl\/wp-content\/uploads\/2017\/01\/KU097844-1024x683.jpg 1024w\" sizes=\"(max-width: 1800px) 100vw, 1800px\" \/><\/a> <a href=\"https:\/\/marekkuchcinski.pl\/wp-content\/uploads\/2017\/01\/KU097740.jpg\"><img loading=\"lazy\" decoding=\"async\" class=\"alignnone size-full wp-image-5034\" src=\"https:\/\/marekkuchcinski.pl\/wp-content\/uploads\/2017\/01\/KU097740.jpg\" alt=\"KU097740\" width=\"1800\" height=\"1200\" srcset=\"https:\/\/marekkuchcinski.pl\/wp-content\/uploads\/2017\/01\/KU097740.jpg 1800w, https:\/\/marekkuchcinski.pl\/wp-content\/uploads\/2017\/01\/KU097740-300x200.jpg 300w, https:\/\/marekkuchcinski.pl\/wp-content\/uploads\/2017\/01\/KU097740-768x512.jpg 768w, https:\/\/marekkuchcinski.pl\/wp-content\/uploads\/2017\/01\/KU097740-1024x683.jpg 1024w\" sizes=\"(max-width: 1800px) 100vw, 1800px\" \/><\/a><\/p>\n<p>&nbsp;<\/p>\n<p>&nbsp;<\/p>\n<p>&nbsp;<\/p>","protected":false},"excerpt":{"rendered":"<p>Marsza\u0142ek Sejmu Marek Kuchci\u0144ski obj\u0105\u0142 patronatem konferencj\u0119 \u201ePrzysz\u0142o\u015b\u0107 integracji europejskiej\u201d, maj\u0105cej odpowiedzie\u0107 na pytania, \u00a0jaka jest przysz\u0142o\u015b\u0107 integracji europejskiej i jak powinny wygl\u0105da\u0107 polityki europejskie, aby przezwyci\u0119\u017cy\u0107 kryzys. Inauguruj\u0105cy konferencj\u0119 marsza\u0142ek Sejmu wyrazi\u0142 nadziej\u0119 na prze\u0142om, jaki mo\u017ce nast\u0105pi\u0107 w unijnej polityce podczas obchod\u00f3w rocznicy powstania traktat\u00f3w rzymskich. \u2013 Wst\u0119pne decyzje w Rzymie b\u0119d\u0105 musia\u0142y [&hellip;]<\/p>","protected":false},"author":6,"featured_media":5036,"comment_status":"open","ping_status":"open","sticky":false,"template":"","format":"standard","meta":{"ngg_post_thumbnail":0,"footnotes":""},"categories":[81,50,3],"tags":[],"class_list":["post-5028","post","type-post","status-publish","format-standard","has-post-thumbnail","hentry","category-wiesci-z-sejmu","category-wspolpraca-miedzynarodowa","category-wydarzenia"],"yoast_head":"<!-- This site is optimized with the Yoast SEO plugin v24.7 - https:\/\/yoast.com\/wordpress\/plugins\/seo\/ -->\n<title>Marsza\u0142ek Sejmu o integracji europejskiej: Przebudowa Unii Europejskiej w federacj\u0119 nie rozwi\u0105\u017ce najwa\u017cniejszych wsp\u00f3\u0142czesnych problem\u00f3w na kontynencie &#8211; Marek Kuchci\u0144ski<\/title>\n<meta name=\"robots\" content=\"index, follow, max-snippet:-1, max-image-preview:large, max-video-preview:-1\" \/>\n<link rel=\"canonical\" href=\"https:\/\/marekkuchcinski.pl\/sk\/wydarzenia\/marszalek-sejmu-o-integracji-europejskiej-przebudowa-unii-europejskiej-federacje-rozwiaze-najwazniejszych-wspolczesnych-problemow-kontynencie\/\" \/>\n<meta property=\"og:locale\" content=\"sk_SK\" \/>\n<meta property=\"og:type\" content=\"article\" \/>\n<meta property=\"og:title\" content=\"Marsza\u0142ek Sejmu o integracji europejskiej: Przebudowa Unii Europejskiej w federacj\u0119 nie rozwi\u0105\u017ce najwa\u017cniejszych wsp\u00f3\u0142czesnych problem\u00f3w na kontynencie &#8211; Marek Kuchci\u0144ski\" \/>\n<meta property=\"og:description\" content=\"Marsza\u0142ek Sejmu Marek Kuchci\u0144ski obj\u0105\u0142 patronatem konferencj\u0119 \u201ePrzysz\u0142o\u015b\u0107 integracji europejskiej\u201d, maj\u0105cej odpowiedzie\u0107 na pytania, \u00a0jaka jest przysz\u0142o\u015b\u0107 integracji europejskiej i jak powinny wygl\u0105da\u0107 polityki europejskie, aby przezwyci\u0119\u017cy\u0107 kryzys. Inauguruj\u0105cy konferencj\u0119 marsza\u0142ek Sejmu wyrazi\u0142 nadziej\u0119 na prze\u0142om, jaki mo\u017ce nast\u0105pi\u0107 w unijnej polityce podczas obchod\u00f3w rocznicy powstania traktat\u00f3w rzymskich. \u2013 Wst\u0119pne decyzje w Rzymie b\u0119d\u0105 musia\u0142y [&hellip;]\" \/>\n<meta property=\"og:url\" content=\"https:\/\/marekkuchcinski.pl\/sk\/wydarzenia\/marszalek-sejmu-o-integracji-europejskiej-przebudowa-unii-europejskiej-federacje-rozwiaze-najwazniejszych-wspolczesnych-problemow-kontynencie\/\" \/>\n<meta property=\"og:site_name\" content=\"Marek Kuchci\u0144ski\" \/>\n<meta property=\"article:published_time\" content=\"2017-01-18T14:52:25+00:00\" \/>\n<meta property=\"article:modified_time\" content=\"2017-01-19T13:06:39+00:00\" \/>\n<meta property=\"og:image\" content=\"https:\/\/marekkuchcinski.pl\/wp-content\/uploads\/2017\/01\/KU097844-1.jpg\" \/>\n\t<meta property=\"og:image:width\" content=\"692\" \/>\n\t<meta property=\"og:image:height\" content=\"528\" \/>\n\t<meta property=\"og:image:type\" content=\"image\/jpeg\" \/>\n<meta name=\"author\" content=\"admin\" \/>\n<meta name=\"twitter:card\" content=\"summary_large_image\" \/>\n<meta name=\"twitter:label1\" content=\"Autor\" \/>\n\t<meta name=\"twitter:data1\" content=\"admin\" \/>\n\t<meta name=\"twitter:label2\" content=\"Predpokladan\u00fd \u010das \u010d\u00edtania\" \/>\n\t<meta name=\"twitter:data2\" content=\"2 min\u00faty\" \/>\n<script type=\"application\/ld+json\" class=\"yoast-schema-graph\">{\"@context\":\"https:\/\/schema.org\",\"@graph\":[{\"@type\":\"Article\",\"@id\":\"https:\/\/marekkuchcinski.pl\/cs\/wydarzenia\/marszalek-sejmu-o-integracji-europejskiej-przebudowa-unii-europejskiej-federacje-rozwiaze-najwazniejszych-wspolczesnych-problemow-kontynencie\/#article\",\"isPartOf\":{\"@id\":\"https:\/\/marekkuchcinski.pl\/cs\/wydarzenia\/marszalek-sejmu-o-integracji-europejskiej-przebudowa-unii-europejskiej-federacje-rozwiaze-najwazniejszych-wspolczesnych-problemow-kontynencie\/\"},\"author\":{\"name\":\"admin\",\"@id\":\"https:\/\/marekkuchcinski.pl\/#\/schema\/person\/6f62700996b4d950b6ea2d1183b6c6be\"},\"headline\":\"Marsza\u0142ek Sejmu o integracji europejskiej: Przebudowa Unii Europejskiej w federacj\u0119 nie rozwi\u0105\u017ce najwa\u017cniejszych wsp\u00f3\u0142czesnych problem\u00f3w na kontynencie\",\"datePublished\":\"2017-01-18T14:52:25+00:00\",\"dateModified\":\"2017-01-19T13:06:39+00:00\",\"mainEntityOfPage\":{\"@id\":\"https:\/\/marekkuchcinski.pl\/cs\/wydarzenia\/marszalek-sejmu-o-integracji-europejskiej-przebudowa-unii-europejskiej-federacje-rozwiaze-najwazniejszych-wspolczesnych-problemow-kontynencie\/\"},\"wordCount\":482,\"commentCount\":0,\"publisher\":{\"@id\":\"https:\/\/marekkuchcinski.pl\/#organization\"},\"image\":{\"@id\":\"https:\/\/marekkuchcinski.pl\/cs\/wydarzenia\/marszalek-sejmu-o-integracji-europejskiej-przebudowa-unii-europejskiej-federacje-rozwiaze-najwazniejszych-wspolczesnych-problemow-kontynencie\/#primaryimage\"},\"thumbnailUrl\":\"https:\/\/marekkuchcinski.pl\/wp-content\/uploads\/2017\/01\/KU097844-1.jpg\",\"articleSection\":[\"Wie\u015bci z Sejmu\",\"Wsp\u00f3\u0142praca mi\u0119dzynarodowa\",\"Wydarzenia\"],\"inLanguage\":\"sk-SK\",\"potentialAction\":[{\"@type\":\"CommentAction\",\"name\":\"Comment\",\"target\":[\"https:\/\/marekkuchcinski.pl\/cs\/wydarzenia\/marszalek-sejmu-o-integracji-europejskiej-przebudowa-unii-europejskiej-federacje-rozwiaze-najwazniejszych-wspolczesnych-problemow-kontynencie\/#respond\"]}]},{\"@type\":\"WebPage\",\"@id\":\"https:\/\/marekkuchcinski.pl\/cs\/wydarzenia\/marszalek-sejmu-o-integracji-europejskiej-przebudowa-unii-europejskiej-federacje-rozwiaze-najwazniejszych-wspolczesnych-problemow-kontynencie\/\",\"url\":\"https:\/\/marekkuchcinski.pl\/cs\/wydarzenia\/marszalek-sejmu-o-integracji-europejskiej-przebudowa-unii-europejskiej-federacje-rozwiaze-najwazniejszych-wspolczesnych-problemow-kontynencie\/\",\"name\":\"Marsza\u0142ek Sejmu o integracji europejskiej: Przebudowa Unii Europejskiej w federacj\u0119 nie rozwi\u0105\u017ce najwa\u017cniejszych wsp\u00f3\u0142czesnych problem\u00f3w na kontynencie &#8211; Marek Kuchci\u0144ski\",\"isPartOf\":{\"@id\":\"https:\/\/marekkuchcinski.pl\/#website\"},\"primaryImageOfPage\":{\"@id\":\"https:\/\/marekkuchcinski.pl\/cs\/wydarzenia\/marszalek-sejmu-o-integracji-europejskiej-przebudowa-unii-europejskiej-federacje-rozwiaze-najwazniejszych-wspolczesnych-problemow-kontynencie\/#primaryimage\"},\"image\":{\"@id\":\"https:\/\/marekkuchcinski.pl\/cs\/wydarzenia\/marszalek-sejmu-o-integracji-europejskiej-przebudowa-unii-europejskiej-federacje-rozwiaze-najwazniejszych-wspolczesnych-problemow-kontynencie\/#primaryimage\"},\"thumbnailUrl\":\"https:\/\/marekkuchcinski.pl\/wp-content\/uploads\/2017\/01\/KU097844-1.jpg\",\"datePublished\":\"2017-01-18T14:52:25+00:00\",\"dateModified\":\"2017-01-19T13:06:39+00:00\",\"breadcrumb\":{\"@id\":\"https:\/\/marekkuchcinski.pl\/cs\/wydarzenia\/marszalek-sejmu-o-integracji-europejskiej-przebudowa-unii-europejskiej-federacje-rozwiaze-najwazniejszych-wspolczesnych-problemow-kontynencie\/#breadcrumb\"},\"inLanguage\":\"sk-SK\",\"potentialAction\":[{\"@type\":\"ReadAction\",\"target\":[\"https:\/\/marekkuchcinski.pl\/cs\/wydarzenia\/marszalek-sejmu-o-integracji-europejskiej-przebudowa-unii-europejskiej-federacje-rozwiaze-najwazniejszych-wspolczesnych-problemow-kontynencie\/\"]}]},{\"@type\":\"ImageObject\",\"inLanguage\":\"sk-SK\",\"@id\":\"https:\/\/marekkuchcinski.pl\/cs\/wydarzenia\/marszalek-sejmu-o-integracji-europejskiej-przebudowa-unii-europejskiej-federacje-rozwiaze-najwazniejszych-wspolczesnych-problemow-kontynencie\/#primaryimage\",\"url\":\"https:\/\/marekkuchcinski.pl\/wp-content\/uploads\/2017\/01\/KU097844-1.jpg\",\"contentUrl\":\"https:\/\/marekkuchcinski.pl\/wp-content\/uploads\/2017\/01\/KU097844-1.jpg\",\"width\":692,\"height\":528},{\"@type\":\"BreadcrumbList\",\"@id\":\"https:\/\/marekkuchcinski.pl\/cs\/wydarzenia\/marszalek-sejmu-o-integracji-europejskiej-przebudowa-unii-europejskiej-federacje-rozwiaze-najwazniejszych-wspolczesnych-problemow-kontynencie\/#breadcrumb\",\"itemListElement\":[{\"@type\":\"ListItem\",\"position\":1,\"name\":\"Strona g\u0142\u00f3wna\",\"item\":\"https:\/\/marekkuchcinski.pl\/\"},{\"@type\":\"ListItem\",\"position\":2,\"name\":\"Marsza\u0142ek Sejmu o integracji europejskiej: Przebudowa Unii Europejskiej w federacj\u0119 nie rozwi\u0105\u017ce najwa\u017cniejszych wsp\u00f3\u0142czesnych problem\u00f3w na kontynencie\"}]},{\"@type\":\"WebSite\",\"@id\":\"https:\/\/marekkuchcinski.pl\/#website\",\"url\":\"https:\/\/marekkuchcinski.pl\/\",\"name\":\"Marek Kuchci\u0144ski\",\"description\":\"Pose\u0142 na sejm RP &ndash; okr\u0119g nr 22\",\"publisher\":{\"@id\":\"https:\/\/marekkuchcinski.pl\/#organization\"},\"potentialAction\":[{\"@type\":\"SearchAction\",\"target\":{\"@type\":\"EntryPoint\",\"urlTemplate\":\"https:\/\/marekkuchcinski.pl\/?s={search_term_string}\"},\"query-input\":{\"@type\":\"PropertyValueSpecification\",\"valueRequired\":true,\"valueName\":\"search_term_string\"}}],\"inLanguage\":\"sk-SK\"},{\"@type\":\"Organization\",\"@id\":\"https:\/\/marekkuchcinski.pl\/#organization\",\"name\":\"Marek Kuchci\u0144ski\",\"url\":\"https:\/\/marekkuchcinski.pl\/\",\"logo\":{\"@type\":\"ImageObject\",\"inLanguage\":\"sk-SK\",\"@id\":\"https:\/\/marekkuchcinski.pl\/#\/schema\/logo\/image\/\",\"url\":\"https:\/\/marekkuchcinski.pl\/wp-content\/uploads\/2022\/09\/Marek.jpg\",\"contentUrl\":\"https:\/\/marekkuchcinski.pl\/wp-content\/uploads\/2022\/09\/Marek.jpg\",\"width\":1600,\"height\":971,\"caption\":\"Marek Kuchci\u0144ski\"},\"image\":{\"@id\":\"https:\/\/marekkuchcinski.pl\/#\/schema\/logo\/image\/\"}},{\"@type\":\"Person\",\"@id\":\"https:\/\/marekkuchcinski.pl\/#\/schema\/person\/6f62700996b4d950b6ea2d1183b6c6be\",\"name\":\"admin\",\"image\":{\"@type\":\"ImageObject\",\"inLanguage\":\"sk-SK\",\"@id\":\"https:\/\/marekkuchcinski.pl\/#\/schema\/person\/image\/\",\"url\":\"https:\/\/secure.gravatar.com\/avatar\/4bab693b9d55c3d6b52c0296a8765085?s=96&d=mm&r=g\",\"contentUrl\":\"https:\/\/secure.gravatar.com\/avatar\/4bab693b9d55c3d6b52c0296a8765085?s=96&d=mm&r=g\",\"caption\":\"admin\"},\"url\":\"https:\/\/marekkuchcinski.pl\/sk\/author\/marta-olejnik\/\"}]}<\/script>\n<!-- \/ Yoast SEO plugin. -->","yoast_head_json":{"title":"Marsza\u0142ek Sejmu o integracji europejskiej: Przebudowa Unii Europejskiej w federacj\u0119 nie rozwi\u0105\u017ce najwa\u017cniejszych wsp\u00f3\u0142czesnych problem\u00f3w na kontynencie &#8211; Marek Kuchci\u0144ski","robots":{"index":"index","follow":"follow","max-snippet":"max-snippet:-1","max-image-preview":"max-image-preview:large","max-video-preview":"max-video-preview:-1"},"canonical":"https:\/\/marekkuchcinski.pl\/sk\/wydarzenia\/marszalek-sejmu-o-integracji-europejskiej-przebudowa-unii-europejskiej-federacje-rozwiaze-najwazniejszych-wspolczesnych-problemow-kontynencie\/","og_locale":"sk_SK","og_type":"article","og_title":"Marsza\u0142ek Sejmu o integracji europejskiej: Przebudowa Unii Europejskiej w federacj\u0119 nie rozwi\u0105\u017ce najwa\u017cniejszych wsp\u00f3\u0142czesnych problem\u00f3w na kontynencie &#8211; Marek Kuchci\u0144ski","og_description":"Marsza\u0142ek Sejmu Marek Kuchci\u0144ski obj\u0105\u0142 patronatem konferencj\u0119 \u201ePrzysz\u0142o\u015b\u0107 integracji europejskiej\u201d, maj\u0105cej odpowiedzie\u0107 na pytania, \u00a0jaka jest przysz\u0142o\u015b\u0107 integracji europejskiej i jak powinny wygl\u0105da\u0107 polityki europejskie, aby przezwyci\u0119\u017cy\u0107 kryzys. Inauguruj\u0105cy konferencj\u0119 marsza\u0142ek Sejmu wyrazi\u0142 nadziej\u0119 na prze\u0142om, jaki mo\u017ce nast\u0105pi\u0107 w unijnej polityce podczas obchod\u00f3w rocznicy powstania traktat\u00f3w rzymskich. \u2013 Wst\u0119pne decyzje w Rzymie b\u0119d\u0105 musia\u0142y [&hellip;]","og_url":"https:\/\/marekkuchcinski.pl\/sk\/wydarzenia\/marszalek-sejmu-o-integracji-europejskiej-przebudowa-unii-europejskiej-federacje-rozwiaze-najwazniejszych-wspolczesnych-problemow-kontynencie\/","og_site_name":"Marek Kuchci\u0144ski","article_published_time":"2017-01-18T14:52:25+00:00","article_modified_time":"2017-01-19T13:06:39+00:00","og_image":[{"width":692,"height":528,"url":"https:\/\/marekkuchcinski.pl\/wp-content\/uploads\/2017\/01\/KU097844-1.jpg","type":"image\/jpeg"}],"author":"admin","twitter_card":"summary_large_image","twitter_misc":{"Autor":"admin","Predpokladan\u00fd \u010das \u010d\u00edtania":"2 min\u00faty"},"schema":{"@context":"https:\/\/schema.org","@graph":[{"@type":"Article","@id":"https:\/\/marekkuchcinski.pl\/cs\/wydarzenia\/marszalek-sejmu-o-integracji-europejskiej-przebudowa-unii-europejskiej-federacje-rozwiaze-najwazniejszych-wspolczesnych-problemow-kontynencie\/#article","isPartOf":{"@id":"https:\/\/marekkuchcinski.pl\/cs\/wydarzenia\/marszalek-sejmu-o-integracji-europejskiej-przebudowa-unii-europejskiej-federacje-rozwiaze-najwazniejszych-wspolczesnych-problemow-kontynencie\/"},"author":{"name":"admin","@id":"https:\/\/marekkuchcinski.pl\/#\/schema\/person\/6f62700996b4d950b6ea2d1183b6c6be"},"headline":"Marsza\u0142ek Sejmu o integracji europejskiej: Przebudowa Unii Europejskiej w federacj\u0119 nie rozwi\u0105\u017ce najwa\u017cniejszych wsp\u00f3\u0142czesnych problem\u00f3w na kontynencie","datePublished":"2017-01-18T14:52:25+00:00","dateModified":"2017-01-19T13:06:39+00:00","mainEntityOfPage":{"@id":"https:\/\/marekkuchcinski.pl\/cs\/wydarzenia\/marszalek-sejmu-o-integracji-europejskiej-przebudowa-unii-europejskiej-federacje-rozwiaze-najwazniejszych-wspolczesnych-problemow-kontynencie\/"},"wordCount":482,"commentCount":0,"publisher":{"@id":"https:\/\/marekkuchcinski.pl\/#organization"},"image":{"@id":"https:\/\/marekkuchcinski.pl\/cs\/wydarzenia\/marszalek-sejmu-o-integracji-europejskiej-przebudowa-unii-europejskiej-federacje-rozwiaze-najwazniejszych-wspolczesnych-problemow-kontynencie\/#primaryimage"},"thumbnailUrl":"https:\/\/marekkuchcinski.pl\/wp-content\/uploads\/2017\/01\/KU097844-1.jpg","articleSection":["Wie\u015bci z Sejmu","Wsp\u00f3\u0142praca mi\u0119dzynarodowa","Wydarzenia"],"inLanguage":"sk-SK","potentialAction":[{"@type":"CommentAction","name":"Comment","target":["https:\/\/marekkuchcinski.pl\/cs\/wydarzenia\/marszalek-sejmu-o-integracji-europejskiej-przebudowa-unii-europejskiej-federacje-rozwiaze-najwazniejszych-wspolczesnych-problemow-kontynencie\/#respond"]}]},{"@type":"WebPage","@id":"https:\/\/marekkuchcinski.pl\/cs\/wydarzenia\/marszalek-sejmu-o-integracji-europejskiej-przebudowa-unii-europejskiej-federacje-rozwiaze-najwazniejszych-wspolczesnych-problemow-kontynencie\/","url":"https:\/\/marekkuchcinski.pl\/cs\/wydarzenia\/marszalek-sejmu-o-integracji-europejskiej-przebudowa-unii-europejskiej-federacje-rozwiaze-najwazniejszych-wspolczesnych-problemow-kontynencie\/","name":"Marsza\u0142ek Sejmu o integracji europejskiej: Przebudowa Unii Europejskiej w federacj\u0119 nie rozwi\u0105\u017ce najwa\u017cniejszych wsp\u00f3\u0142czesnych problem\u00f3w na kontynencie &#8211; Marek Kuchci\u0144ski","isPartOf":{"@id":"https:\/\/marekkuchcinski.pl\/#website"},"primaryImageOfPage":{"@id":"https:\/\/marekkuchcinski.pl\/cs\/wydarzenia\/marszalek-sejmu-o-integracji-europejskiej-przebudowa-unii-europejskiej-federacje-rozwiaze-najwazniejszych-wspolczesnych-problemow-kontynencie\/#primaryimage"},"image":{"@id":"https:\/\/marekkuchcinski.pl\/cs\/wydarzenia\/marszalek-sejmu-o-integracji-europejskiej-przebudowa-unii-europejskiej-federacje-rozwiaze-najwazniejszych-wspolczesnych-problemow-kontynencie\/#primaryimage"},"thumbnailUrl":"https:\/\/marekkuchcinski.pl\/wp-content\/uploads\/2017\/01\/KU097844-1.jpg","datePublished":"2017-01-18T14:52:25+00:00","dateModified":"2017-01-19T13:06:39+00:00","breadcrumb":{"@id":"https:\/\/marekkuchcinski.pl\/cs\/wydarzenia\/marszalek-sejmu-o-integracji-europejskiej-przebudowa-unii-europejskiej-federacje-rozwiaze-najwazniejszych-wspolczesnych-problemow-kontynencie\/#breadcrumb"},"inLanguage":"sk-SK","potentialAction":[{"@type":"ReadAction","target":["https:\/\/marekkuchcinski.pl\/cs\/wydarzenia\/marszalek-sejmu-o-integracji-europejskiej-przebudowa-unii-europejskiej-federacje-rozwiaze-najwazniejszych-wspolczesnych-problemow-kontynencie\/"]}]},{"@type":"ImageObject","inLanguage":"sk-SK","@id":"https:\/\/marekkuchcinski.pl\/cs\/wydarzenia\/marszalek-sejmu-o-integracji-europejskiej-przebudowa-unii-europejskiej-federacje-rozwiaze-najwazniejszych-wspolczesnych-problemow-kontynencie\/#primaryimage","url":"https:\/\/marekkuchcinski.pl\/wp-content\/uploads\/2017\/01\/KU097844-1.jpg","contentUrl":"https:\/\/marekkuchcinski.pl\/wp-content\/uploads\/2017\/01\/KU097844-1.jpg","width":692,"height":528},{"@type":"BreadcrumbList","@id":"https:\/\/marekkuchcinski.pl\/cs\/wydarzenia\/marszalek-sejmu-o-integracji-europejskiej-przebudowa-unii-europejskiej-federacje-rozwiaze-najwazniejszych-wspolczesnych-problemow-kontynencie\/#breadcrumb","itemListElement":[{"@type":"ListItem","position":1,"name":"Strona g\u0142\u00f3wna","item":"https:\/\/marekkuchcinski.pl\/"},{"@type":"ListItem","position":2,"name":"Marsza\u0142ek Sejmu o integracji europejskiej: Przebudowa Unii Europejskiej w federacj\u0119 nie rozwi\u0105\u017ce najwa\u017cniejszych wsp\u00f3\u0142czesnych problem\u00f3w na kontynencie"}]},{"@type":"WebSite","@id":"https:\/\/marekkuchcinski.pl\/#website","url":"https:\/\/marekkuchcinski.pl\/","name":"Marek Kuchci\u0144ski","description":"Pose\u0142 na sejm RP &ndash; okr\u0119g nr 22","publisher":{"@id":"https:\/\/marekkuchcinski.pl\/#organization"},"potentialAction":[{"@type":"SearchAction","target":{"@type":"EntryPoint","urlTemplate":"https:\/\/marekkuchcinski.pl\/?s={search_term_string}"},"query-input":{"@type":"PropertyValueSpecification","valueRequired":true,"valueName":"search_term_string"}}],"inLanguage":"sk-SK"},{"@type":"Organization","@id":"https:\/\/marekkuchcinski.pl\/#organization","name":"Marek Kuchci\u0144ski","url":"https:\/\/marekkuchcinski.pl\/","logo":{"@type":"ImageObject","inLanguage":"sk-SK","@id":"https:\/\/marekkuchcinski.pl\/#\/schema\/logo\/image\/","url":"https:\/\/marekkuchcinski.pl\/wp-content\/uploads\/2022\/09\/Marek.jpg","contentUrl":"https:\/\/marekkuchcinski.pl\/wp-content\/uploads\/2022\/09\/Marek.jpg","width":1600,"height":971,"caption":"Marek Kuchci\u0144ski"},"image":{"@id":"https:\/\/marekkuchcinski.pl\/#\/schema\/logo\/image\/"}},{"@type":"Person","@id":"https:\/\/marekkuchcinski.pl\/#\/schema\/person\/6f62700996b4d950b6ea2d1183b6c6be","name":"admin","image":{"@type":"ImageObject","inLanguage":"sk-SK","@id":"https:\/\/marekkuchcinski.pl\/#\/schema\/person\/image\/","url":"https:\/\/secure.gravatar.com\/avatar\/4bab693b9d55c3d6b52c0296a8765085?s=96&d=mm&r=g","contentUrl":"https:\/\/secure.gravatar.com\/avatar\/4bab693b9d55c3d6b52c0296a8765085?s=96&d=mm&r=g","caption":"admin"},"url":"https:\/\/marekkuchcinski.pl\/sk\/author\/marta-olejnik\/"}]}},"_links":{"self":[{"href":"https:\/\/marekkuchcinski.pl\/sk\/wp-json\/wp\/v2\/posts\/5028","targetHints":{"allow":["GET"]}}],"collection":[{"href":"https:\/\/marekkuchcinski.pl\/sk\/wp-json\/wp\/v2\/posts"}],"about":[{"href":"https:\/\/marekkuchcinski.pl\/sk\/wp-json\/wp\/v2\/types\/post"}],"author":[{"embeddable":true,"href":"https:\/\/marekkuchcinski.pl\/sk\/wp-json\/wp\/v2\/users\/6"}],"replies":[{"embeddable":true,"href":"https:\/\/marekkuchcinski.pl\/sk\/wp-json\/wp\/v2\/comments?post=5028"}],"version-history":[{"count":5,"href":"https:\/\/marekkuchcinski.pl\/sk\/wp-json\/wp\/v2\/posts\/5028\/revisions"}],"predecessor-version":[{"id":5047,"href":"https:\/\/marekkuchcinski.pl\/sk\/wp-json\/wp\/v2\/posts\/5028\/revisions\/5047"}],"wp:featuredmedia":[{"embeddable":true,"href":"https:\/\/marekkuchcinski.pl\/sk\/wp-json\/wp\/v2\/media\/5036"}],"wp:attachment":[{"href":"https:\/\/marekkuchcinski.pl\/sk\/wp-json\/wp\/v2\/media?parent=5028"}],"wp:term":[{"taxonomy":"category","embeddable":true,"href":"https:\/\/marekkuchcinski.pl\/sk\/wp-json\/wp\/v2\/categories?post=5028"},{"taxonomy":"post_tag","embeddable":true,"href":"https:\/\/marekkuchcinski.pl\/sk\/wp-json\/wp\/v2\/tags?post=5028"}],"curies":[{"name":"wp","href":"https:\/\/api.w.org\/{rel}","templated":true}]}}