{"id":5005,"date":"2017-01-13T11:20:18","date_gmt":"2017-01-13T10:20:18","guid":{"rendered":"https:\/\/marekkuchcinski.pl\/?p=5005"},"modified":"2017-01-13T11:20:18","modified_gmt":"2017-01-13T10:20:18","slug":"34-posiedzenie-sejmu-rp","status":"publish","type":"post","link":"https:\/\/marekkuchcinski.pl\/sk\/wydarzenia\/34-posiedzenie-sejmu-rp\/","title":{"rendered":"34. zasadnutie po\u013esk\u00e9ho Sejmu"},"content":{"rendered":"<p>Prv\u00fd de\u0148 34. zasadnutia Sejmu sa za\u010dal vzdan\u00edm holdu Stanis\u0142awovi Hniedziewiczovi, Longinovi Komo\u0142owsk\u00e9mu, Januszovi Brochwiczovi-Lewi\u0144sk\u00e9mu alias Gryfovi a Marii \u0141opatkovej.<br \/>\n- Opozi\u010dn\u00ed poslanci u\u017e neobsadzuj\u00fa trib\u00fanu Sejmu,\" povedal predseda parlamentu Marek Kuchci\u0144ski po\u010das druh\u00e9ho d\u0148a 34. zasadnutia Sejmu. - Vzh\u013eadom na to, \u017ee t\u00e1to situ\u00e1cia vyvolala ur\u010dit\u00e9 rozru\u0161enie, rozhodol som sa, \u017ee je potrebn\u00e9 urobi\u0165 hlb\u0161iu anal\u00fdzu udalost\u00ed, ktor\u00e9 sa v posledn\u00fdch t\u00fd\u017ed\u0148och odohrali v po\u013eskom Sejme. Je potrebn\u00e9 vyhl\u00e1si\u0165 dlh\u0161iu prest\u00e1vku, ale e\u0161te predt\u00fdm po\u017eiadam v\u0161etk\u00fdch poslancov, najm\u00e4 predsedov a \u010dlenov predsedn\u00edctiev parlamentn\u00fdch v\u00fdborov, skup\u00edn, bilater\u00e1lnych skup\u00edn a skup\u00edn, ktor\u00e9 pracuj\u00fa aj v medzin\u00e1rodnej oblasti, aby intenz\u00edvne pracovali na odstr\u00e1nen\u00ed vzniknut\u00fdch nevybaven\u00fdch pr\u00edpadov. Naria\u010fujem prest\u00e1vku do 25. janu\u00e1ra 2017 do 9.00 hod.<\/p>\n<p><a href=\"https:\/\/marekkuchcinski.pl\/wp-content\/uploads\/2017\/01\/KU095422.jpg\"><img fetchpriority=\"high\" decoding=\"async\" class=\"alignnone size-full wp-image-5006\" src=\"https:\/\/marekkuchcinski.pl\/wp-content\/uploads\/2017\/01\/KU095422.jpg\" alt=\"KU095422\" width=\"1800\" height=\"1200\" srcset=\"https:\/\/marekkuchcinski.pl\/wp-content\/uploads\/2017\/01\/KU095422.jpg 1800w, https:\/\/marekkuchcinski.pl\/wp-content\/uploads\/2017\/01\/KU095422-300x200.jpg 300w, https:\/\/marekkuchcinski.pl\/wp-content\/uploads\/2017\/01\/KU095422-768x512.jpg 768w, https:\/\/marekkuchcinski.pl\/wp-content\/uploads\/2017\/01\/KU095422-1024x683.jpg 1024w\" sizes=\"(max-width: 1800px) 100vw, 1800px\" \/><\/a><a href=\"https:\/\/marekkuchcinski.pl\/wp-content\/uploads\/2017\/01\/KU095057.jpg\"><img decoding=\"async\" class=\"alignnone size-full wp-image-5007\" src=\"https:\/\/marekkuchcinski.pl\/wp-content\/uploads\/2017\/01\/KU095057.jpg\" alt=\"KU095057\" width=\"1800\" height=\"1200\" srcset=\"https:\/\/marekkuchcinski.pl\/wp-content\/uploads\/2017\/01\/KU095057.jpg 1800w, https:\/\/marekkuchcinski.pl\/wp-content\/uploads\/2017\/01\/KU095057-300x200.jpg 300w, https:\/\/marekkuchcinski.pl\/wp-content\/uploads\/2017\/01\/KU095057-768x512.jpg 768w, https:\/\/marekkuchcinski.pl\/wp-content\/uploads\/2017\/01\/KU095057-1024x683.jpg 1024w\" sizes=\"(max-width: 1800px) 100vw, 1800px\" \/><\/a> <a href=\"https:\/\/marekkuchcinski.pl\/wp-content\/uploads\/2017\/01\/KA201844.jpg\"><img decoding=\"async\" class=\"alignnone size-full wp-image-5008\" src=\"https:\/\/marekkuchcinski.pl\/wp-content\/uploads\/2017\/01\/KA201844.jpg\" alt=\"KA201844\" width=\"1800\" height=\"1200\" srcset=\"https:\/\/marekkuchcinski.pl\/wp-content\/uploads\/2017\/01\/KA201844.jpg 1800w, https:\/\/marekkuchcinski.pl\/wp-content\/uploads\/2017\/01\/KA201844-300x200.jpg 300w, https:\/\/marekkuchcinski.pl\/wp-content\/uploads\/2017\/01\/KA201844-768x512.jpg 768w, https:\/\/marekkuchcinski.pl\/wp-content\/uploads\/2017\/01\/KA201844-1024x683.jpg 1024w\" sizes=\"(max-width: 1800px) 100vw, 1800px\" \/><\/a> <a href=\"https:\/\/marekkuchcinski.pl\/wp-content\/uploads\/2017\/01\/KA201840-2.jpg\"><img loading=\"lazy\" decoding=\"async\" class=\"alignnone size-full wp-image-5009\" src=\"https:\/\/marekkuchcinski.pl\/wp-content\/uploads\/2017\/01\/KA201840-2.jpg\" alt=\"KA201840-2\" width=\"1800\" height=\"1200\" srcset=\"https:\/\/marekkuchcinski.pl\/wp-content\/uploads\/2017\/01\/KA201840-2.jpg 1800w, https:\/\/marekkuchcinski.pl\/wp-content\/uploads\/2017\/01\/KA201840-2-300x200.jpg 300w, https:\/\/marekkuchcinski.pl\/wp-content\/uploads\/2017\/01\/KA201840-2-768x512.jpg 768w, https:\/\/marekkuchcinski.pl\/wp-content\/uploads\/2017\/01\/KA201840-2-1024x683.jpg 1024w\" sizes=\"(max-width: 1800px) 100vw, 1800px\" \/><\/a> <a href=\"https:\/\/marekkuchcinski.pl\/wp-content\/uploads\/2017\/01\/KU094064.jpg\"><img loading=\"lazy\" decoding=\"async\" class=\"alignnone size-full wp-image-5010\" src=\"https:\/\/marekkuchcinski.pl\/wp-content\/uploads\/2017\/01\/KU094064.jpg\" alt=\"KU094064\" width=\"1800\" height=\"1200\" srcset=\"https:\/\/marekkuchcinski.pl\/wp-content\/uploads\/2017\/01\/KU094064.jpg 1800w, https:\/\/marekkuchcinski.pl\/wp-content\/uploads\/2017\/01\/KU094064-300x200.jpg 300w, https:\/\/marekkuchcinski.pl\/wp-content\/uploads\/2017\/01\/KU094064-768x512.jpg 768w, https:\/\/marekkuchcinski.pl\/wp-content\/uploads\/2017\/01\/KU094064-1024x683.jpg 1024w\" sizes=\"(max-width: 1800px) 100vw, 1800px\" \/><\/a><\/p>","protected":false},"excerpt":{"rendered":"<p>Pierwszy dzie\u0144 34. posiedzenia Sejmu pos\u0142owie zacz\u0119li od z\u0142o\u017cenia ho\u0142du\u00a0Stanis\u0142awowi Hniedziewiczowi, Longinowi Komo\u0142owskiego, Januszowi Brochwicz-Lewi\u0144skiemu ps. Gryf i Marii \u0141opatkowej. \u2013 Pos\u0142owie opozycji przestaj\u0105 okupowa\u0107 sejmow\u0105 m\u00f3wnic\u0119 \u2013 powiedzia\u0142 podczas drugiego dnia 34. posiedzenia Sejmu marsza\u0142ek Marek Kuchci\u0144ski. \u2013 W zwi\u0105zku z tym, \u017ce ta sytuacja spowodowa\u0142a pewne perturbacje, uzna\u0142em, \u017ce trzeba dokona\u0107 g\u0142\u0119bszej analizy [&hellip;]<\/p>\n","protected":false},"author":6,"featured_media":5006,"comment_status":"open","ping_status":"open","sticky":false,"template":"","format":"standard","meta":{"ngg_post_thumbnail":0,"footnotes":""},"categories":[81,3],"tags":[],"class_list":["post-5005","post","type-post","status-publish","format-standard","has-post-thumbnail","hentry","category-wiesci-z-sejmu","category-wydarzenia"],"_links":{"self":[{"href":"https:\/\/marekkuchcinski.pl\/sk\/wp-json\/wp\/v2\/posts\/5005","targetHints":{"allow":["GET"]}}],"collection":[{"href":"https:\/\/marekkuchcinski.pl\/sk\/wp-json\/wp\/v2\/posts"}],"about":[{"href":"https:\/\/marekkuchcinski.pl\/sk\/wp-json\/wp\/v2\/types\/post"}],"author":[{"embeddable":true,"href":"https:\/\/marekkuchcinski.pl\/sk\/wp-json\/wp\/v2\/users\/6"}],"replies":[{"embeddable":true,"href":"https:\/\/marekkuchcinski.pl\/sk\/wp-json\/wp\/v2\/comments?post=5005"}],"version-history":[{"count":1,"href":"https:\/\/marekkuchcinski.pl\/sk\/wp-json\/wp\/v2\/posts\/5005\/revisions"}],"predecessor-version":[{"id":5011,"href":"https:\/\/marekkuchcinski.pl\/sk\/wp-json\/wp\/v2\/posts\/5005\/revisions\/5011"}],"wp:featuredmedia":[{"embeddable":true,"href":"https:\/\/marekkuchcinski.pl\/sk\/wp-json\/wp\/v2\/media\/5006"}],"wp:attachment":[{"href":"https:\/\/marekkuchcinski.pl\/sk\/wp-json\/wp\/v2\/media?parent=5005"}],"wp:term":[{"taxonomy":"category","embeddable":true,"href":"https:\/\/marekkuchcinski.pl\/sk\/wp-json\/wp\/v2\/categories?post=5005"},{"taxonomy":"post_tag","embeddable":true,"href":"https:\/\/marekkuchcinski.pl\/sk\/wp-json\/wp\/v2\/tags?post=5005"}],"curies":[{"name":"wp","href":"https:\/\/api.w.org\/{rel}","templated":true}]}}