{"id":4933,"date":"2016-12-29T22:35:53","date_gmt":"2016-12-29T21:35:53","guid":{"rendered":"https:\/\/marekkuchcinski.pl\/?p=4933"},"modified":"2016-12-30T19:27:50","modified_gmt":"2016-12-30T18:27:50","slug":"sesja-naukowa-poswiecona-abp-ignacemu-tokarczukowi","status":"publish","type":"post","link":"https:\/\/marekkuchcinski.pl\/sk\/wydarzenia\/sesja-naukowa-poswiecona-abp-ignacemu-tokarczukowi\/","title":{"rendered":"Vedeck\u00e9 zasadnutie venovan\u00e9 arcibiskupovi metropolitovi Przemy\u015bla, arcibiskupovi Ignacymu Tokarczukovi"},"content":{"rendered":"<p>Pri pr\u00edle\u017eitosti \u0161tvrt\u00e9ho v\u00fdro\u010dia \u00famrtia arcibiskupa Ign\u00e1ca Tokarczuka sa konalo vedeck\u00e9 zasadnutie venovan\u00e9 tomuto ve\u013ek\u00e9mu pastierovi. Konferenciu pripravili In\u0161tit\u00fat n\u00e1rodnej pam\u00e4ti pobo\u010dka v Rzeszowe, N\u00e1rodn\u00e9 m\u00fazeum v Przemy\u015bli, Katedra hist\u00f3rie a kult\u00farneho dedi\u010dstva P\u00e1pe\u017eskej univerzity J\u00e1na Pavla II. v Krakove a Arcikatol\u00edcka farnos\u0165 sv\u00e4t\u00e9ho J\u00e1na Krstite\u013ea a Nanebovzatia Panny M\u00e1rie v Przemy\u015bli. Konferenciu zorganizovala Arcikatol\u00edcka farnos\u0165 sv\u00e4t\u00e9ho J\u00e1na Krstite\u013ea a Nanebovzatia Panny M\u00e1rie v Przemy\u015bli. Predn\u00e1\u0161aj\u00facimi boli:<\/p>\n<ul>\n<li><em>Dr. Jan Musia\u0142 - Nepravosl\u00e1vne publik\u00e1cie przemyskej diec\u00e9zy v 80. rokoch 20. storo\u010dia<\/em><\/li>\n<li><em>Dr. Mariusz Krzysztofi\u0144ski - Prezent\u00e1cia knihy Non omnis moriar. Arcibiskup Ignacy Tokarczuk vo svojich pam\u00e4tiach<\/em><\/li>\n<li><em>Prof. J\u00f3zef Wo\u0142cza\u0144ski - Prezent\u00e1cia knihy - \"Miloval som t\u00fdchto \u013eud\u00ed cel\u00fdm srdcom a oddanos\u0165ou\". Spomienky 1918-1976\u00a0<\/em><\/li>\n<\/ul>\n<p>Arcibiskup Ignacy Tokarczuk je ikonou boja proti komunizmu. Bol radik\u00e1lny a ne\u00fastupn\u00fd. Sledovan\u00fd a prenasledovan\u00fd bezpe\u010dnostnou slu\u017ebou sa nikdy nevzdal v boji za slobodu a pravdu. Vtedaj\u0161ie \u00farady pova\u017eovali przemysk\u00e9ho metropolitu za nepriate\u013ea Cirkvi \u010d\u00edslo tri, hne\u010f po J\u00e1novi Pavlovi II. a kardin\u00e1lovi Stefanovi Wyszy\u0144skom. V polovici 70. rokov 20. storo\u010dia ohlasoval p\u00e1d komunistick\u00e9ho syst\u00e9mu a cestu utl\u00e1\u010dan\u00fdch n\u00e1rodov k slobode. Podporoval Solidaritu, repres\u00edvne zlo\u017eky a radil otcovi Jerzymu Popie\u0142uszkovi. V\u010faka nemu bolo v Przemy\u0161lskej diec\u00e9ze zriaden\u00fdch 220 nov\u00fdch farnost\u00ed.<\/p>\n<p><a href=\"https:\/\/marekkuchcinski.pl\/wp-content\/uploads\/2016\/12\/tokarczuk.jpg\"><img fetchpriority=\"high\" decoding=\"async\" class=\"alignnone wp-image-4937\" src=\"https:\/\/marekkuchcinski.pl\/wp-content\/uploads\/2016\/12\/tokarczuk.jpg\" alt=\"tokarczuk\" width=\"781\" height=\"588\" srcset=\"https:\/\/marekkuchcinski.pl\/wp-content\/uploads\/2016\/12\/tokarczuk.jpg 619w, https:\/\/marekkuchcinski.pl\/wp-content\/uploads\/2016\/12\/tokarczuk-300x226.jpg 300w\" sizes=\"(max-width: 781px) 100vw, 781px\" \/><\/a><a href=\"https:\/\/marekkuchcinski.pl\/wp-content\/uploads\/2016\/12\/DSC09911.jpg\"><img decoding=\"async\" class=\"alignnone size-full wp-image-4953\" src=\"https:\/\/marekkuchcinski.pl\/wp-content\/uploads\/2016\/12\/DSC09911.jpg\" alt=\"dsc09911\" width=\"1021\" height=\"554\" srcset=\"https:\/\/marekkuchcinski.pl\/wp-content\/uploads\/2016\/12\/DSC09911.jpg 1021w, https:\/\/marekkuchcinski.pl\/wp-content\/uploads\/2016\/12\/DSC09911-300x163.jpg 300w, https:\/\/marekkuchcinski.pl\/wp-content\/uploads\/2016\/12\/DSC09911-768x417.jpg 768w\" sizes=\"(max-width: 1021px) 100vw, 1021px\" \/><\/a><a href=\"https:\/\/marekkuchcinski.pl\/wp-content\/uploads\/2016\/12\/DSC0092-001-1.jpg\"><img decoding=\"async\" class=\"alignnone size-full wp-image-4946\" src=\"https:\/\/marekkuchcinski.pl\/wp-content\/uploads\/2016\/12\/DSC0092-001-1.jpg\" alt=\"_dsc0092-001\" width=\"1872\" height=\"1403\" srcset=\"https:\/\/marekkuchcinski.pl\/wp-content\/uploads\/2016\/12\/DSC0092-001-1.jpg 1872w, https:\/\/marekkuchcinski.pl\/wp-content\/uploads\/2016\/12\/DSC0092-001-1-300x225.jpg 300w, https:\/\/marekkuchcinski.pl\/wp-content\/uploads\/2016\/12\/DSC0092-001-1-768x576.jpg 768w, https:\/\/marekkuchcinski.pl\/wp-content\/uploads\/2016\/12\/DSC0092-001-1-1024x767.jpg 1024w\" sizes=\"(max-width: 1872px) 100vw, 1872px\" \/><\/a>Na sn\u00edmke z\u013eava: Dariusz Iwaneczko, riadite\u013e IPN v Rzeszowe, riadite\u013e Zemsk\u00e9ho m\u00fazea v Przemy\u015bli<br \/>\nJan Jarosz a mar\u0161al Sejmu Marek Kuchci\u0144ski <a href=\"https:\/\/marekkuchcinski.pl\/wp-content\/uploads\/2016\/12\/DSC0017.jpg\"><img loading=\"lazy\" decoding=\"async\" class=\"alignnone wp-image-4949 size-full\" src=\"https:\/\/marekkuchcinski.pl\/wp-content\/uploads\/2016\/12\/DSC0017.jpg\" alt=\"_dsc0017\" width=\"3207\" height=\"2142\" srcset=\"https:\/\/marekkuchcinski.pl\/wp-content\/uploads\/2016\/12\/DSC0017.jpg 2048w, https:\/\/marekkuchcinski.pl\/wp-content\/uploads\/2016\/12\/DSC0017-300x200.jpg 300w, https:\/\/marekkuchcinski.pl\/wp-content\/uploads\/2016\/12\/DSC0017-768x513.jpg 768w, https:\/\/marekkuchcinski.pl\/wp-content\/uploads\/2016\/12\/DSC0017-1024x684.jpg 1024w\" sizes=\"(max-width: 3207px) 100vw, 3207px\" \/><\/a> <a href=\"https:\/\/marekkuchcinski.pl\/wp-content\/uploads\/2016\/12\/DSC0027.jpg\"><img loading=\"lazy\" decoding=\"async\" class=\"alignnone size-full wp-image-4950\" src=\"https:\/\/marekkuchcinski.pl\/wp-content\/uploads\/2016\/12\/DSC0027.jpg\" alt=\"_dsc0027\" width=\"1950\" height=\"1306\" srcset=\"https:\/\/marekkuchcinski.pl\/wp-content\/uploads\/2016\/12\/DSC0027.jpg 1950w, https:\/\/marekkuchcinski.pl\/wp-content\/uploads\/2016\/12\/DSC0027-300x201.jpg 300w, https:\/\/marekkuchcinski.pl\/wp-content\/uploads\/2016\/12\/DSC0027-768x514.jpg 768w, https:\/\/marekkuchcinski.pl\/wp-content\/uploads\/2016\/12\/DSC0027-1024x686.jpg 1024w\" sizes=\"(max-width: 1950px) 100vw, 1950px\" \/><\/a><\/p>\n<p>&nbsp;<\/p>\n<p>&nbsp;<\/p>","protected":false},"excerpt":{"rendered":"<p>W\u00a0czwart\u0105\u00a0rocznic\u0119 \u015bmierci ks. abp. Ignacego Tokarczuka odby\u0142a si\u0119 sesja naukowa po\u015bwi\u0119cona wielkiemu pasterzowi. Konferencj\u0119\u00a0przygotowa\u0142\u00a0Instytut Pami\u0119ci Narodowej Oddzia\u0142 w Rzeszowie,\u00a0Muzeum Narodowe Ziemi Przemyskiej w Przemy\u015blu,\u00a0Wydzia\u0142 Historii i Dziedzictwa Kulturowego\u00a0Uniwersytetu Papieskiego Jana Paw\u0142a II w Krakowie oraz\u00a0Parafi\u0119 Archikatedralna pw. \u015aw. Jana Chrzciciela i Wniebowzi\u0119cia NMP w Przemy\u015blu. Prelegentami byli: dr Jan Musia\u0142 \u2013\u00a0Bezdebitowe wydawnictwa diecezji przemyskiej w [&hellip;]<\/p>\n","protected":false},"author":6,"featured_media":4937,"comment_status":"open","ping_status":"open","sticky":false,"template":"","format":"standard","meta":{"ngg_post_thumbnail":0,"footnotes":""},"categories":[49,77,3],"tags":[],"class_list":["post-4933","post","type-post","status-publish","format-standard","has-post-thumbnail","hentry","category-podkarpacie","category-wazne-daty","category-wydarzenia"],"_links":{"self":[{"href":"https:\/\/marekkuchcinski.pl\/sk\/wp-json\/wp\/v2\/posts\/4933","targetHints":{"allow":["GET"]}}],"collection":[{"href":"https:\/\/marekkuchcinski.pl\/sk\/wp-json\/wp\/v2\/posts"}],"about":[{"href":"https:\/\/marekkuchcinski.pl\/sk\/wp-json\/wp\/v2\/types\/post"}],"author":[{"embeddable":true,"href":"https:\/\/marekkuchcinski.pl\/sk\/wp-json\/wp\/v2\/users\/6"}],"replies":[{"embeddable":true,"href":"https:\/\/marekkuchcinski.pl\/sk\/wp-json\/wp\/v2\/comments?post=4933"}],"version-history":[{"count":15,"href":"https:\/\/marekkuchcinski.pl\/sk\/wp-json\/wp\/v2\/posts\/4933\/revisions"}],"predecessor-version":[{"id":4956,"href":"https:\/\/marekkuchcinski.pl\/sk\/wp-json\/wp\/v2\/posts\/4933\/revisions\/4956"}],"wp:featuredmedia":[{"embeddable":true,"href":"https:\/\/marekkuchcinski.pl\/sk\/wp-json\/wp\/v2\/media\/4937"}],"wp:attachment":[{"href":"https:\/\/marekkuchcinski.pl\/sk\/wp-json\/wp\/v2\/media?parent=4933"}],"wp:term":[{"taxonomy":"category","embeddable":true,"href":"https:\/\/marekkuchcinski.pl\/sk\/wp-json\/wp\/v2\/categories?post=4933"},{"taxonomy":"post_tag","embeddable":true,"href":"https:\/\/marekkuchcinski.pl\/sk\/wp-json\/wp\/v2\/tags?post=4933"}],"curies":[{"name":"wp","href":"https:\/\/api.w.org\/{rel}","templated":true}]}}