{"id":4908,"date":"2016-12-20T16:26:08","date_gmt":"2016-12-20T15:26:08","guid":{"rendered":"https:\/\/marekkuchcinski.pl\/?p=4908"},"modified":"2016-12-20T16:32:31","modified_gmt":"2016-12-20T15:32:31","slug":"list-kondolencyjny-marszalka-sejmu-przewodniczacego-parlamentu-niemiec","status":"publish","type":"post","link":"https:\/\/marekkuchcinski.pl\/sk\/wydarzenia\/list-kondolencyjny-marszalka-sejmu-przewodniczacego-parlamentu-niemiec\/","title":{"rendered":"S\u00fastrastn\u00fd list predsedu Sejmu predsedovi nemeck\u00e9ho parlamentu"},"content":{"rendered":"<p><a href=\"https:\/\/marekkuchcinski.pl\/wp-content\/uploads\/2016\/12\/LK.jpg\"><img fetchpriority=\"high\" decoding=\"async\" class=\"alignnone size-full wp-image-4910\" src=\"https:\/\/marekkuchcinski.pl\/wp-content\/uploads\/2016\/12\/LK.jpg\" alt=\"lk\" width=\"892\" height=\"1178\" srcset=\"https:\/\/marekkuchcinski.pl\/wp-content\/uploads\/2016\/12\/LK.jpg 892w, https:\/\/marekkuchcinski.pl\/wp-content\/uploads\/2016\/12\/LK-227x300.jpg 227w, https:\/\/marekkuchcinski.pl\/wp-content\/uploads\/2016\/12\/LK-768x1014.jpg 768w, https:\/\/marekkuchcinski.pl\/wp-content\/uploads\/2016\/12\/LK-775x1024.jpg 775w\" sizes=\"(max-width: 892px) 100vw, 892px\" \/><\/a><\/p>\n<p>19. decembra do\u0161lo v nemeckom hlavnom meste k teroristick\u00e9mu \u00fatoku, pri ktorom zahynulo 12 \u013eud\u00ed a 48 bolo zranen\u00fdch. Medzi obe\u0165ami trag\u00e9die je aj Poliak. Zastrelil ho terorista, ktor\u00fd sa zmocnil po\u013esk\u00e9ho n\u00e1kladn\u00e9ho auta a potom vrazil do davu zhroma\u017eden\u00e9ho na viano\u010dnom pikniku.<\/p>","protected":false},"excerpt":{"rendered":"<p>19. decembra do\u0161lo v nemeckom hlavnom meste k teroristick\u00e9mu \u00fatoku, pri ktorom zahynulo 12 \u013eud\u00ed a 48 bolo zranen\u00fdch. Medzi obe\u0165ami trag\u00e9die je aj Poliak. Zastrelil ho terorista, ktor\u00fd sa zmocnil po\u013esk\u00e9ho n\u00e1kladn\u00e9ho auta a potom vrazil do davu zhroma\u017eden\u00e9ho na viano\u010dnom pikniku.<\/p>","protected":false},"author":6,"featured_media":4910,"comment_status":"open","ping_status":"open","sticky":false,"template":"","format":"standard","meta":{"ngg_post_thumbnail":0,"footnotes":""},"categories":[3],"tags":[],"class_list":["post-4908","post","type-post","status-publish","format-standard","has-post-thumbnail","hentry","category-wydarzenia"],"_links":{"self":[{"href":"https:\/\/marekkuchcinski.pl\/sk\/wp-json\/wp\/v2\/posts\/4908","targetHints":{"allow":["GET"]}}],"collection":[{"href":"https:\/\/marekkuchcinski.pl\/sk\/wp-json\/wp\/v2\/posts"}],"about":[{"href":"https:\/\/marekkuchcinski.pl\/sk\/wp-json\/wp\/v2\/types\/post"}],"author":[{"embeddable":true,"href":"https:\/\/marekkuchcinski.pl\/sk\/wp-json\/wp\/v2\/users\/6"}],"replies":[{"embeddable":true,"href":"https:\/\/marekkuchcinski.pl\/sk\/wp-json\/wp\/v2\/comments?post=4908"}],"version-history":[{"count":3,"href":"https:\/\/marekkuchcinski.pl\/sk\/wp-json\/wp\/v2\/posts\/4908\/revisions"}],"predecessor-version":[{"id":4913,"href":"https:\/\/marekkuchcinski.pl\/sk\/wp-json\/wp\/v2\/posts\/4908\/revisions\/4913"}],"wp:featuredmedia":[{"embeddable":true,"href":"https:\/\/marekkuchcinski.pl\/sk\/wp-json\/wp\/v2\/media\/4910"}],"wp:attachment":[{"href":"https:\/\/marekkuchcinski.pl\/sk\/wp-json\/wp\/v2\/media?parent=4908"}],"wp:term":[{"taxonomy":"category","embeddable":true,"href":"https:\/\/marekkuchcinski.pl\/sk\/wp-json\/wp\/v2\/categories?post=4908"},{"taxonomy":"post_tag","embeddable":true,"href":"https:\/\/marekkuchcinski.pl\/sk\/wp-json\/wp\/v2\/tags?post=4908"}],"curies":[{"name":"wp","href":"https:\/\/api.w.org\/{rel}","templated":true}]}}