{"id":4900,"date":"2016-12-18T13:34:47","date_gmt":"2016-12-18T12:34:47","guid":{"rendered":"https:\/\/marekkuchcinski.pl\/?p=4900"},"modified":"2016-12-20T13:38:33","modified_gmt":"2016-12-20T12:38:33","slug":"33-posiedzenie-sejmu-rp","status":"publish","type":"post","link":"https:\/\/marekkuchcinski.pl\/sk\/wiesci-z-sejmu\/33-posiedzenie-sejmu-rp\/","title":{"rendered":"33. zasadnutie po\u013esk\u00e9ho Sejmu"},"content":{"rendered":"<p>Po\u013esk\u00fd Sejm na svojom 33. zasadnut\u00ed prijal<strong> rozpo\u010det na rok 2017<\/strong>PLN, v ktorom sa pr\u00edjmy odhaduj\u00fa na 325,4 miliardy PLN a v\u00fddavky na maxim\u00e1lne 384,8 miliardy PLN. To znamen\u00e1, \u017ee rozpo\u010dtov\u00fd deficit neprekro\u010d\u00ed 59,3 mld. Pr\u00edjmy rozpo\u010dtu eur\u00f3pskych fondov dosiahnu 60,2 miliardy PLN a v\u00fddavky 69,8 miliardy PLN. Z\u00e1porn\u00fd v\u00fdsledok bude na \u00farovni 9,6 mld. Z\u00e1kladn\u00e9 makroekonomick\u00e9 \u00fadaje: hospod\u00e1rsky rast dosiahne 3,6 %, priemern\u00e1 ro\u010dn\u00e1 infl\u00e1cia 1,3 %, rast nomin\u00e1lnych miezd 5,0 %, zamestnanos\u0165 sa zv\u00fd\u0161i o 0,7 % a s\u00fakromn\u00e1 spotreba (t. j. v sektore dom\u00e1cnost\u00ed a nekomer\u010dn\u00fdch in\u0161tit\u00faci\u00ed) o 5,5 %. Deficit sektora verejn\u00fdch financi\u00ed je pl\u00e1novan\u00fd na \u00farovni pribli\u017ene 2,9 % HDP.<\/p>\n<p>Sejm prijal <strong>z\u00e1kon o v\u00fdsluhov\u00fdch pr\u00edspevkoch pr\u00edslu\u0161n\u00edkov Policajn\u00e9ho zboru, \u00daradu pre vn\u00fatorn\u00fa bezpe\u010dnos\u0165, Zahrani\u010dnej spravodajskej slu\u017eby, Vojenskej kontrarozviedky, Vojenskej spravodajskej slu\u017eby, \u00dastredn\u00e9ho protikorup\u010dn\u00e9ho \u00faradu, Pohrani\u010dnej str\u00e1\u017ee, \u00daradu na ochranu vl\u00e1dy, \u0160t\u00e1tneho po\u017eiarneho dozoru a Zboru v\u00e4zenskej a justi\u010dnej str\u00e1\u017ee a ich rodinn\u00fdch pr\u00edslu\u0161n\u00edkov, t. j. <\/strong>Takzvan\u00fd z\u00e1kon o \"debyrokracii\", ktor\u00fd stanovuje zn\u00ed\u017eenie d\u00f4chodkov a invalidn\u00fdch d\u00e1vok pre d\u00f4stojn\u00edkov, ktor\u00ed sl\u00fa\u017eili v rokoch 1944-1990, okrem in\u00e9ho v bezpe\u010dnostn\u00fdch slu\u017eb\u00e1ch.<\/p>\n<p><strong>Poslanci sa dohodli na kone\u010dnom znen\u00ed z\u00e1kona, ktor\u00fd obsahuje u\u013eah\u010denia pre podnikate\u013eov v r\u00e1mci bal\u00edka \"100 zmien pre firmy\"<\/strong>. Cie\u013eom z\u00e1kona o zmene a doplnen\u00ed niektor\u00fdch z\u00e1konov s cie\u013eom zlep\u0161i\u0165 pr\u00e1vne prostredie pre podnikate\u013eov je zjednodu\u0161i\u0165 a zlep\u0161i\u0165 pr\u00e1vne podmienky na vykon\u00e1vanie podnikate\u013eskej \u010dinnosti a zv\u00fd\u0161i\u0165 konkurencieschopnos\u0165 hospod\u00e1rstva.<\/p>\n<p>Sejm zv\u00e1\u017eil stanovisko Sen\u00e1tu <strong>o zmen\u00e1ch a doplneniach z\u00e1konov o produkcii os\u00edv a ochrane rastl\u00edn, ktor\u00fdmi sa po\u013esk\u00e9 pr\u00e1vne predpisy prisp\u00f4sobuj\u00fa smerniciam E\u00da t\u00fdkaj\u00facim sa produkcie os\u00edv a ovocn\u00fdch drev\u00edn<\/strong>. Z\u00e1kon tie\u017e umo\u017e\u0148uje zap\u00edsa\u0165 do n\u00e1rodn\u00e9ho registra odrody druhov, na ktor\u00e9 sa nevz\u0165ahuj\u00fa pr\u00e1vne predpisy E\u00da, ale ktor\u00e9 sa v Po\u013esku tradi\u010dne pestuj\u00fa, a preto s\u00fa d\u00f4le\u017eit\u00e9 z hospod\u00e1rskeho h\u013eadiska alebo z d\u00f4vodu potreby zachovania biodiverzity rastl\u00edn.<\/p>\n<p><strong>Novela z\u00e1kona o v\u00fdskumn\u00fdch in\u0161tit\u00faci\u00e1ch <\/strong>posil\u0148uje doh\u013ead ministra nad \u00fastavmi. Minister, ktor\u00fd vykon\u00e1va doh\u013ead nad \u00fastavom, vymen\u00fava a odvol\u00e1va riadite\u013ea a jeho z\u00e1stupcu na dobu neur\u010dit\u00fa.<\/p>","protected":false},"excerpt":{"rendered":"<p>Podczas 33. posiedzenia Sejm RP uchwali\u0142 bud\u017cet na rok 2017, w kt\u00f3rym szacowane dochody wynios\u0105 325,4 mld z\u0142, a wydatki nie b\u0119d\u0105 wy\u017csze ni\u017c 384,8 mld z\u0142. Oznacza to, \u017ce deficyt bud\u017cetowy nie przekroczy 59,3 mld z\u0142. Dochody bud\u017cetu \u015brodk\u00f3w europejskich wynios\u0105 60,2 mld z\u0142, a wydatki &#8211; 69,8 mld z\u0142. Ujemny wynik b\u0119dzie na [&hellip;]<\/p>\n","protected":false},"author":6,"featured_media":4901,"comment_status":"open","ping_status":"open","sticky":false,"template":"","format":"standard","meta":{"ngg_post_thumbnail":0,"footnotes":""},"categories":[81],"tags":[],"class_list":["post-4900","post","type-post","status-publish","format-standard","has-post-thumbnail","hentry","category-wiesci-z-sejmu"],"_links":{"self":[{"href":"https:\/\/marekkuchcinski.pl\/sk\/wp-json\/wp\/v2\/posts\/4900","targetHints":{"allow":["GET"]}}],"collection":[{"href":"https:\/\/marekkuchcinski.pl\/sk\/wp-json\/wp\/v2\/posts"}],"about":[{"href":"https:\/\/marekkuchcinski.pl\/sk\/wp-json\/wp\/v2\/types\/post"}],"author":[{"embeddable":true,"href":"https:\/\/marekkuchcinski.pl\/sk\/wp-json\/wp\/v2\/users\/6"}],"replies":[{"embeddable":true,"href":"https:\/\/marekkuchcinski.pl\/sk\/wp-json\/wp\/v2\/comments?post=4900"}],"version-history":[{"count":1,"href":"https:\/\/marekkuchcinski.pl\/sk\/wp-json\/wp\/v2\/posts\/4900\/revisions"}],"predecessor-version":[{"id":4902,"href":"https:\/\/marekkuchcinski.pl\/sk\/wp-json\/wp\/v2\/posts\/4900\/revisions\/4902"}],"wp:featuredmedia":[{"embeddable":true,"href":"https:\/\/marekkuchcinski.pl\/sk\/wp-json\/wp\/v2\/media\/4901"}],"wp:attachment":[{"href":"https:\/\/marekkuchcinski.pl\/sk\/wp-json\/wp\/v2\/media?parent=4900"}],"wp:term":[{"taxonomy":"category","embeddable":true,"href":"https:\/\/marekkuchcinski.pl\/sk\/wp-json\/wp\/v2\/categories?post=4900"},{"taxonomy":"post_tag","embeddable":true,"href":"https:\/\/marekkuchcinski.pl\/sk\/wp-json\/wp\/v2\/tags?post=4900"}],"curies":[{"name":"wp","href":"https:\/\/api.w.org\/{rel}","templated":true}]}}