{"id":4888,"date":"2016-12-16T16:24:50","date_gmt":"2016-12-16T15:24:50","guid":{"rendered":"https:\/\/marekkuchcinski.pl\/?p=4888"},"modified":"2016-12-16T16:31:57","modified_gmt":"2016-12-16T15:31:57","slug":"sejm-podjal-uchwale-ws-pacyfikacji-kopalni-wujek","status":"publish","type":"post","link":"https:\/\/marekkuchcinski.pl\/sk\/wydarzenia\/sejm-podjal-uchwale-ws-pacyfikacji-kopalni-wujek\/","title":{"rendered":"Sejm prijal uznesenie o pacifik\u00e1cii bane Wujek"},"content":{"rendered":"<p><b>W<span class=\"m_-6398031786522648878gmail-apple-converted-space\">\u00a0<\/span>Katovice<span class=\"m_-6398031786522648878gmail-apple-converted-space\">\u00a0<\/span>pobo\u010dky<span class=\"m_-6398031786522648878gmail-apple-converted-space\">\u00a0<\/span>ZOMO<span class=\"m_-6398031786522648878gmail-apple-converted-space\">\u00a0<\/span>a vojsk\u00e1 vyrobili<span class=\"m_-6398031786522648878gmail-apple-converted-space\">\u00a0<\/span>pacifik\u00e1cia bane Wujek, pri ktorej zahynulo 9 ban\u00edkov a 21 bolo zranen\u00fdch.<\/b>.<\/p>\n<p>Po\u013esk\u00fd parlament prijal uznesenie, ktor\u00fdm vzdal hold obetiam t\u00fdchto udalost\u00ed.<\/p>\n<div style=\"width: 640px;\" class=\"wp-video\"><video class=\"wp-video-shortcode\" id=\"video-4888-1\" width=\"640\" height=\"480\" preload=\"metadata\" controls=\"controls\"><source type=\"video\/mp4\" src=\"https:\/\/marekkuchcinski.pl\/wp-content\/uploads\/2016\/12\/144110-144435-Segment-2-1.mp4?_=1\" \/><a href=\"https:\/\/marekkuchcinski.pl\/wp-content\/uploads\/2016\/12\/144110-144435-Segment-2-1.mp4\">https:\/\/marekkuchcinski.pl\/wp-content\/uploads\/2016\/12\/144110-144435-Segment-2-1.mp4<\/a><\/video><\/div>","protected":false},"excerpt":{"rendered":"<p>V Katoviciach jednotky ZOMO (Robotn\u00edcke obrann\u00e9 sily) a arm\u00e1da spacifikovali ba\u0148u Wujek, pri\u010dom zabili dev\u00e4\u0165 ban\u00edkov a 21 \u010fal\u0161\u00edch zranili. Po\u013esk\u00fd Sejm prijal uznesenie, ktor\u00fdm vzdal hold obetiam t\u00fdchto udalost\u00ed.<\/p>","protected":false},"author":6,"featured_media":4892,"comment_status":"open","ping_status":"open","sticky":false,"template":"","format":"standard","meta":{"ngg_post_thumbnail":0,"footnotes":""},"categories":[77,81,3],"tags":[],"class_list":["post-4888","post","type-post","status-publish","format-standard","has-post-thumbnail","hentry","category-wazne-daty","category-wiesci-z-sejmu","category-wydarzenia"],"_links":{"self":[{"href":"https:\/\/marekkuchcinski.pl\/sk\/wp-json\/wp\/v2\/posts\/4888","targetHints":{"allow":["GET"]}}],"collection":[{"href":"https:\/\/marekkuchcinski.pl\/sk\/wp-json\/wp\/v2\/posts"}],"about":[{"href":"https:\/\/marekkuchcinski.pl\/sk\/wp-json\/wp\/v2\/types\/post"}],"author":[{"embeddable":true,"href":"https:\/\/marekkuchcinski.pl\/sk\/wp-json\/wp\/v2\/users\/6"}],"replies":[{"embeddable":true,"href":"https:\/\/marekkuchcinski.pl\/sk\/wp-json\/wp\/v2\/comments?post=4888"}],"version-history":[{"count":1,"href":"https:\/\/marekkuchcinski.pl\/sk\/wp-json\/wp\/v2\/posts\/4888\/revisions"}],"predecessor-version":[{"id":4891,"href":"https:\/\/marekkuchcinski.pl\/sk\/wp-json\/wp\/v2\/posts\/4888\/revisions\/4891"}],"wp:featuredmedia":[{"embeddable":true,"href":"https:\/\/marekkuchcinski.pl\/sk\/wp-json\/wp\/v2\/media\/4892"}],"wp:attachment":[{"href":"https:\/\/marekkuchcinski.pl\/sk\/wp-json\/wp\/v2\/media?parent=4888"}],"wp:term":[{"taxonomy":"category","embeddable":true,"href":"https:\/\/marekkuchcinski.pl\/sk\/wp-json\/wp\/v2\/categories?post=4888"},{"taxonomy":"post_tag","embeddable":true,"href":"https:\/\/marekkuchcinski.pl\/sk\/wp-json\/wp\/v2\/tags?post=4888"}],"curies":[{"name":"wp","href":"https:\/\/api.w.org\/{rel}","templated":true}]}}