{"id":4799,"date":"2016-12-05T14:56:42","date_gmt":"2016-12-05T13:56:42","guid":{"rendered":"https:\/\/marekkuchcinski.pl\/?p=4799"},"modified":"2016-12-16T16:34:47","modified_gmt":"2016-12-16T15:34:47","slug":"prelekcja-ipn-wyjatkowe-przejawy-oporu-spolecznego-oraz-przejawy-solidarnosci-miedzynarodowej-polsce-czechoslowacji-wegrzech","status":"publish","type":"post","link":"https:\/\/marekkuchcinski.pl\/sk\/wydarzenia\/prelekcja-ipn-wyjatkowe-przejawy-oporu-spolecznego-oraz-przejawy-solidarnosci-miedzynarodowej-polsce-czechoslowacji-wegrzech\/","title":{"rendered":"Predn\u00e1\u0161ka IPN: V\u00fdnimo\u010dn\u00e9 prejavy soci\u00e1lneho odporu a prejavy medzin\u00e1rodnej solidarity v Po\u013esku, \u010ceskoslovensku a Ma\u010farsku"},"content":{"rendered":"<p>- Po\u013esko je pre n\u00e1s pr\u00edkladom v starostlivosti o n\u00e1rodn\u00fa pam\u00e4\u0165. Osud n\u00e1s prin\u00fatil dr\u017ea\u0165 spolu,\" povedal predseda ma\u010farsk\u00e9ho parlamentu Laszlo K\u00f6v\u00e9r po\u010das predn\u00e1\u0161ky IPN v Przemy\u015bli.<\/p>\n<p>Predn\u00e1\u0161ka sa zaoberala vz\u0165ahmi medzi spolo\u010dnos\u0165ami v krajin\u00e1ch dne\u0161nej Vy\u0161ehradskej skupiny po\u010das obdobia komunizmu, po\u010das udalost\u00ed v roku 1956 v Po\u013esku, Ma\u010farsku a v roku 1968 v \u010ceskoslovensku. Pripomenula sa postava Ryszarda Siwieca, rod\u00e1ka z Przemy\u015bla, ktor\u00fd sa v roku 1968 up\u00e1lil po\u010das do\u017einkov\u00fdch sl\u00e1vnost\u00ed na \u0160tadi\u00f3ne 10. v\u00fdro\u010dia vo Var\u0161ave pred o\u010dami vtedaj\u0161\u00edch \u00faradov na protest proti intervencii vojsk Var\u0161avskej zmluvy v \u010ceskoslovensku. K\u00f6v\u00e9r zd\u00f4raznil, \u017ee ma\u010farsk\u00e1 verejnos\u0165 v tom \u010dase nevedela o existencii \u013eud\u00ed ako Siwiec. Podobne ako v Po\u013esku pr\u00edslu\u0161n\u00e9 slu\u017eby kryli protesty proti komunistickej vl\u00e1de. - M\u00e1me podobn\u00e9ho ducha. T\u00ed, ktor\u00ed nemuseli bojova\u0165 za slobodu ako Po\u013esko alebo Ma\u010farsko, n\u00e1s nikdy nepochopia,\" povedal prezident.<\/p>\n<p>Predn\u00e1\u0161ka \u00dastavu pam\u00e4ti n\u00e1roda bola vyvrcholen\u00edm stretnutia predsedov parlamentov kraj\u00edn Vy\u0161ehradskej skupiny. - Vyvodzujeme z\u00e1very z minulosti, pripom\u00edname si ju... Ale hovor\u00edme aj o bud\u00facnosti na\u0161ich kraj\u00edn, o bud\u00facnosti Eur\u00f3py, preto\u017ee n\u00e1m predsa ide o ka\u017ed\u00e9ho \u010dloveka, o na\u0161e rodiny, spolo\u010dnosti, na\u0161ich bl\u00edzkych,\" uzavrel predn\u00e1\u0161ku predseda Sejmu Marek Kuchci\u0144ski.<\/p>\n<p>Projekt \"<strong>V\u00fdnimo\u010dn\u00e9 prejavy soci\u00e1lneho odporu a prejavy medzin\u00e1rodnej solidarity v Po\u013esku, \u010ceskoslovensku a Ma\u010farsku\"<\/strong> predstavil riadite\u013e pobo\u010dky \u00dastavu pam\u00e4ti n\u00e1roda v Rzeszowe Dr. Dariusz Iwaneczko. Prezent\u00e1ciu sprev\u00e1dzala v\u00fdstava <strong>\"Budape\u0161\u0165 '56\u2033<\/strong>\u00a0- o ma\u010farskom povstan\u00ed v roku 1956, ke\u010f Ma\u010fari, ktor\u00ed sympatizovali s Poliakmi a okt\u00f3brov\u00fdmi zmenami v Po\u013esku, vy\u0161li do ul\u00edc. Ich t\u00fa\u017eba po slobode prer\u00e1stla do protikomunistick\u00e9ho povstania, ktor\u00e9 sovietska arm\u00e1da krvavo potla\u010dila v novembri 1956. Poliaci potom spont\u00e1nne zorganizovali pomocn\u00fa kampa\u0148, posielali lieky, krv a slov\u00e1 povzbudenia pozd\u013a\u017e Dunaja. Ma\u010fari v roku 1956 vydali svedectvo o svojej l\u00e1ske k slobode. Ich povstanie mo\u017eno prirovna\u0165 k Var\u0161avsk\u00e9mu povstaniu, rovnako tragick\u00e9mu a rovnako osamel\u00e9mu a \u00a0<strong>\"Krik siv\u00e9ho mu\u017ea. Ryszard Siwiec (1909-1968)\".<\/strong> Cie\u013eom v\u00fdstavy je pripomen\u00fa\u0165 si osobu Ryszarda Siwieca. V\u00fdstava vznikla v s\u00favislosti so 40. v\u00fdro\u010d\u00edm jeho samoup\u00e1lenia na var\u0161avskom \u0160tadi\u00f3ne 10. v\u00fdro\u010dia na protest proti inv\u00e1zii vojsk Var\u0161avskej zmluvy do \u010ceskoslovenska. V\u00fdstava predstavuje materi\u00e1ly zo zbierok \u00dastavu pam\u00e4ti n\u00e1roda a rodiny Ryszarda Siwieca, ktor\u00e9 dokumentuj\u00fa jeho \u017eivot a tragick\u00fa smr\u0165. Bol humanista, horliv\u00fd katol\u00edk a horliv\u00fd vlastenec, ktor\u00fd doma pestoval n\u00e1rodn\u00e9 trad\u00edcie. V\u00e1\u0161e\u0148 Ryszarda Siwieca bola literat\u00fara a mal obrovsk\u00fa zbierku kn\u00edh, ktor\u00e1 obsahovala pribli\u017ene 3 000 zv\u00e4zkov. Bol akt\u00edvnym \u0161portovcom, v\u00fdborn\u00fdm ly\u017eiarom a plavcom. Dlh\u00e9 roky p\u00edsal pamflety na svojom s\u00fakromnom p\u00edsacom stroji \"Erica\" a podpisoval ich pseudonymom Jan Polak. Nikdy sa nezmieril s politickou situ\u00e1ciou v Po\u013esku po sovietskej inv\u00e1zii.<\/p>\n<p><a href=\"https:\/\/marekkuchcinski.pl\/wp-content\/uploads\/2016\/12\/KU090089.jpg\"><img fetchpriority=\"high\" decoding=\"async\" class=\"alignnone size-full wp-image-4801\" src=\"https:\/\/marekkuchcinski.pl\/wp-content\/uploads\/2016\/12\/KU090089.jpg\" alt=\"ku090089\" width=\"1800\" height=\"1200\" srcset=\"https:\/\/marekkuchcinski.pl\/wp-content\/uploads\/2016\/12\/KU090089.jpg 1800w, https:\/\/marekkuchcinski.pl\/wp-content\/uploads\/2016\/12\/KU090089-300x200.jpg 300w, https:\/\/marekkuchcinski.pl\/wp-content\/uploads\/2016\/12\/KU090089-768x512.jpg 768w, https:\/\/marekkuchcinski.pl\/wp-content\/uploads\/2016\/12\/KU090089-1024x683.jpg 1024w\" sizes=\"(max-width: 1800px) 100vw, 1800px\" \/><\/a> <a href=\"https:\/\/marekkuchcinski.pl\/wp-content\/uploads\/2016\/12\/KU090002.jpg\"><img decoding=\"async\" class=\"alignnone size-full wp-image-4802\" src=\"https:\/\/marekkuchcinski.pl\/wp-content\/uploads\/2016\/12\/KU090002.jpg\" alt=\"ku090002\" width=\"1800\" height=\"1200\" srcset=\"https:\/\/marekkuchcinski.pl\/wp-content\/uploads\/2016\/12\/KU090002.jpg 1800w, https:\/\/marekkuchcinski.pl\/wp-content\/uploads\/2016\/12\/KU090002-300x200.jpg 300w, https:\/\/marekkuchcinski.pl\/wp-content\/uploads\/2016\/12\/KU090002-768x512.jpg 768w, https:\/\/marekkuchcinski.pl\/wp-content\/uploads\/2016\/12\/KU090002-1024x683.jpg 1024w\" sizes=\"(max-width: 1800px) 100vw, 1800px\" \/><\/a><a href=\"https:\/\/marekkuchcinski.pl\/wp-content\/uploads\/2016\/12\/KU089976.jpg\"><img decoding=\"async\" class=\"alignnone size-full wp-image-4811\" src=\"https:\/\/marekkuchcinski.pl\/wp-content\/uploads\/2016\/12\/KU089976.jpg\" alt=\"ku089976\" width=\"1800\" height=\"1200\" srcset=\"https:\/\/marekkuchcinski.pl\/wp-content\/uploads\/2016\/12\/KU089976.jpg 1800w, https:\/\/marekkuchcinski.pl\/wp-content\/uploads\/2016\/12\/KU089976-300x200.jpg 300w, https:\/\/marekkuchcinski.pl\/wp-content\/uploads\/2016\/12\/KU089976-768x512.jpg 768w, https:\/\/marekkuchcinski.pl\/wp-content\/uploads\/2016\/12\/KU089976-1024x683.jpg 1024w\" sizes=\"(max-width: 1800px) 100vw, 1800px\" \/><\/a><\/p>\n<p>Riadite\u013e pobo\u010dky In\u0161tit\u00fatu n\u00e1rodnej pam\u00e4ti v Rzeszowe Dariusz Iwaneczko<\/p>\n<p><a href=\"https:\/\/marekkuchcinski.pl\/wp-content\/uploads\/2016\/12\/KU089886.jpg\"><img loading=\"lazy\" decoding=\"async\" class=\"alignnone size-full wp-image-4803\" src=\"https:\/\/marekkuchcinski.pl\/wp-content\/uploads\/2016\/12\/KU089886.jpg\" alt=\"ku089886\" width=\"1800\" height=\"1200\" srcset=\"https:\/\/marekkuchcinski.pl\/wp-content\/uploads\/2016\/12\/KU089886.jpg 1800w, https:\/\/marekkuchcinski.pl\/wp-content\/uploads\/2016\/12\/KU089886-300x200.jpg 300w, https:\/\/marekkuchcinski.pl\/wp-content\/uploads\/2016\/12\/KU089886-768x512.jpg 768w, https:\/\/marekkuchcinski.pl\/wp-content\/uploads\/2016\/12\/KU089886-1024x683.jpg 1024w\" sizes=\"(max-width: 1800px) 100vw, 1800px\" \/><\/a> <a href=\"https:\/\/marekkuchcinski.pl\/wp-content\/uploads\/2016\/12\/KU089934.jpg\"><img loading=\"lazy\" decoding=\"async\" class=\"alignnone size-full wp-image-4804\" src=\"https:\/\/marekkuchcinski.pl\/wp-content\/uploads\/2016\/12\/KU089934.jpg\" alt=\"ku089934\" width=\"1800\" height=\"1200\" srcset=\"https:\/\/marekkuchcinski.pl\/wp-content\/uploads\/2016\/12\/KU089934.jpg 1800w, https:\/\/marekkuchcinski.pl\/wp-content\/uploads\/2016\/12\/KU089934-300x200.jpg 300w, https:\/\/marekkuchcinski.pl\/wp-content\/uploads\/2016\/12\/KU089934-768x512.jpg 768w, https:\/\/marekkuchcinski.pl\/wp-content\/uploads\/2016\/12\/KU089934-1024x683.jpg 1024w\" sizes=\"(max-width: 1800px) 100vw, 1800px\" \/><\/a><\/p>\n<p>&nbsp;<\/p>","protected":false},"excerpt":{"rendered":"<p>\u2013 Polska jest dla nas przyk\u0142adem w piel\u0119gnowaniu pami\u0119ci narodowej. Los sprawi\u0142, \u017ce trzymamy si\u0119 razem \u2013 powiedzia\u0142 przewodnicz\u0105cy parlamentu W\u0119gier Laszlo K\u00f6v\u00e9r podczas prelekcji IPN w Przemy\u015blu. Prelekcja przybli\u017cy\u0142a relacje spo\u0142ecze\u0144stw kraj\u00f3w dzisiejszej Grupy Wyszehradzkiej w okresie komunizmu, podczas wydarze\u0144 wydarzenia roku 1956 w Polsce, na W\u0119grzech i 1968 r. w Czechos\u0142owacji. Przypomniano posta\u0107 [&hellip;]<\/p>\n","protected":false},"author":6,"featured_media":4807,"comment_status":"open","ping_status":"open","sticky":false,"template":"","format":"standard","meta":{"ngg_post_thumbnail":0,"footnotes":""},"categories":[49,50,3],"tags":[],"class_list":["post-4799","post","type-post","status-publish","format-standard","has-post-thumbnail","hentry","category-podkarpacie","category-wspolpraca-miedzynarodowa","category-wydarzenia"],"_links":{"self":[{"href":"https:\/\/marekkuchcinski.pl\/sk\/wp-json\/wp\/v2\/posts\/4799","targetHints":{"allow":["GET"]}}],"collection":[{"href":"https:\/\/marekkuchcinski.pl\/sk\/wp-json\/wp\/v2\/posts"}],"about":[{"href":"https:\/\/marekkuchcinski.pl\/sk\/wp-json\/wp\/v2\/types\/post"}],"author":[{"embeddable":true,"href":"https:\/\/marekkuchcinski.pl\/sk\/wp-json\/wp\/v2\/users\/6"}],"replies":[{"embeddable":true,"href":"https:\/\/marekkuchcinski.pl\/sk\/wp-json\/wp\/v2\/comments?post=4799"}],"version-history":[{"count":3,"href":"https:\/\/marekkuchcinski.pl\/sk\/wp-json\/wp\/v2\/posts\/4799\/revisions"}],"predecessor-version":[{"id":4813,"href":"https:\/\/marekkuchcinski.pl\/sk\/wp-json\/wp\/v2\/posts\/4799\/revisions\/4813"}],"wp:featuredmedia":[{"embeddable":true,"href":"https:\/\/marekkuchcinski.pl\/sk\/wp-json\/wp\/v2\/media\/4807"}],"wp:attachment":[{"href":"https:\/\/marekkuchcinski.pl\/sk\/wp-json\/wp\/v2\/media?parent=4799"}],"wp:term":[{"taxonomy":"category","embeddable":true,"href":"https:\/\/marekkuchcinski.pl\/sk\/wp-json\/wp\/v2\/categories?post=4799"},{"taxonomy":"post_tag","embeddable":true,"href":"https:\/\/marekkuchcinski.pl\/sk\/wp-json\/wp\/v2\/tags?post=4799"}],"curies":[{"name":"wp","href":"https:\/\/api.w.org\/{rel}","templated":true}]}}