{"id":4693,"date":"2016-11-29T16:26:04","date_gmt":"2016-11-29T15:26:04","guid":{"rendered":"https:\/\/marekkuchcinski.pl\/?p=4693"},"modified":"2016-11-29T16:27:37","modified_gmt":"2016-11-29T15:27:37","slug":"jubileusz-przemyskiej-pwsw-udzialem-marszalka-sejmu-rp","status":"publish","type":"post","link":"https:\/\/marekkuchcinski.pl\/sk\/wydarzenia\/jubileusz-przemyskiej-pwsw-udzialem-marszalka-sejmu-rp\/","title":{"rendered":"Jubileum PWSW v Przemy\u015bli za \u00fa\u010dasti predsedu po\u013esk\u00e9ho parlamentu"},"content":{"rendered":"<p>Od chv\u00edle, ke\u010f s\u00fa\u010dasn\u00fd predseda Sejmu Marek Kuchci\u0144ski predlo\u017eil my\u0161lienku zalo\u017eenia medzin\u00e1rodnej univerzity, uplynulo 20 rokov a od jej vzniku 15 rokov. - Znovuz\u00edskanie suverenity Po\u013eska a eur\u00f3pska integr\u00e1cia vytvorili nov\u00fd priestor pre rozvoj mesta Przemy\u015bl. V t\u00fdchto podmienkach sme sa u\u017e v polovici 90. rokov usilovali o zalo\u017eenie verejnej vysokej \u0161koly, Przemy\u0161\u013eanskej akad\u00e9mie, pri\u010dom sme z\u00edskali podporu a ochotu predn\u00e1\u0161a\u0165 od v\u00fdznamn\u00fdch po\u013esk\u00fdch a zahrani\u010dn\u00fdch intelektu\u00e1lov, ako s\u00fa Bohdan Cywi\u0144ski, Roger Scruton, Czes\u0142aw Mi\u0142osz, Andrzej Wincenz, Piotr Wandycz, Jaros\u0142aw Pieka\u0142kiewicz, Zdzis\u0142aw Najder, Jerzy Giedroy\u0107, Gustaw Henryk-Grudzi\u0144ski a Lech Kaczy\u0144ski,\" povedal predseda parlamentu po\u010das sl\u00e1vnostn\u00fdch osl\u00e1v 15. v\u00fdro\u010dia zalo\u017eenia Przemy\u0161\u013eanskej akad\u00e9mie. Sl\u00e1vnos\u0165 sa konala pri pr\u00edle\u017eitosti 15. v\u00fdro\u010dia zalo\u017eenia \u0160t\u00e1tnej vysokej \u0161koly v\u00fdchodnej Eur\u00f3py v Przemy\u015bli.<\/p>\n<p><a href=\"https:\/\/marekkuchcinski.pl\/wp-content\/uploads\/2016\/11\/DSCF8880.jpg\"><img fetchpriority=\"high\" decoding=\"async\" class=\"alignnone size-full wp-image-4694\" src=\"https:\/\/marekkuchcinski.pl\/wp-content\/uploads\/2016\/11\/DSCF8880.jpg\" alt=\"dscf8880\" width=\"3892\" height=\"2593\" srcset=\"https:\/\/marekkuchcinski.pl\/wp-content\/uploads\/2016\/11\/DSCF8880.jpg 2048w, https:\/\/marekkuchcinski.pl\/wp-content\/uploads\/2016\/11\/DSCF8880-300x200.jpg 300w, https:\/\/marekkuchcinski.pl\/wp-content\/uploads\/2016\/11\/DSCF8880-768x512.jpg 768w, https:\/\/marekkuchcinski.pl\/wp-content\/uploads\/2016\/11\/DSCF8880-1024x682.jpg 1024w\" sizes=\"(max-width: 3892px) 100vw, 3892px\" \/><\/a><\/p>\n<p>V roku 2001 bola v Przemy\u015bli zalo\u017een\u00e1 odborn\u00e1 vysok\u00e1 \u0161kola, ale h\u013eadali sme sp\u00f4soby, ako ju transformova\u0165 na akad\u00e9miu,\" povedal profesor Jan Draus, dlhoro\u010dn\u00fd a prv\u00fd rektor przemyskej univerzity.<\/p>\n<p><a href=\"https:\/\/marekkuchcinski.pl\/wp-content\/uploads\/2016\/11\/KU083288.jpg\"><img decoding=\"async\" class=\"alignnone size-full wp-image-4695\" src=\"https:\/\/marekkuchcinski.pl\/wp-content\/uploads\/2016\/11\/KU083288.jpg\" alt=\"ku083288\" width=\"1800\" height=\"1200\" srcset=\"https:\/\/marekkuchcinski.pl\/wp-content\/uploads\/2016\/11\/KU083288.jpg 1800w, https:\/\/marekkuchcinski.pl\/wp-content\/uploads\/2016\/11\/KU083288-300x200.jpg 300w, https:\/\/marekkuchcinski.pl\/wp-content\/uploads\/2016\/11\/KU083288-768x512.jpg 768w, https:\/\/marekkuchcinski.pl\/wp-content\/uploads\/2016\/11\/KU083288-1024x683.jpg 1024w\" sizes=\"(max-width: 1800px) 100vw, 1800px\" \/><\/a><\/p>\n<p>- T\u00e1to univerzita mala by\u0165 miestom stret\u00e1vania, u\u010denia a pr\u00e1ce na pomedz\u00ed kult\u00far strednej a v\u00fdchodnej Eur\u00f3py,\" spom\u00edna Marek Kuchci\u0144ski.<\/p>\n<p><a href=\"https:\/\/marekkuchcinski.pl\/wp-content\/uploads\/2016\/11\/KU083113.jpg\"><img decoding=\"async\" class=\"alignnone size-full wp-image-4696\" src=\"https:\/\/marekkuchcinski.pl\/wp-content\/uploads\/2016\/11\/KU083113.jpg\" alt=\"ku083113\" width=\"1800\" height=\"1200\" srcset=\"https:\/\/marekkuchcinski.pl\/wp-content\/uploads\/2016\/11\/KU083113.jpg 1800w, https:\/\/marekkuchcinski.pl\/wp-content\/uploads\/2016\/11\/KU083113-300x200.jpg 300w, https:\/\/marekkuchcinski.pl\/wp-content\/uploads\/2016\/11\/KU083113-768x512.jpg 768w, https:\/\/marekkuchcinski.pl\/wp-content\/uploads\/2016\/11\/KU083113-1024x683.jpg 1024w\" sizes=\"(max-width: 1800px) 100vw, 1800px\" \/><\/a><\/p>\n<p>T\u00e1to my\u0161lienka zostala zachovan\u00e1 a program univerzity je v s\u00falade so s\u00fa\u010dasnou po\u013eskou zahrani\u010dnou politikou, ktorej cie\u013eom je posilni\u0165 postavenie n\u00e1\u0161ho regi\u00f3nu v Eur\u00f3pskej \u00fanii a posilni\u0165 spolupr\u00e1cu vo Vy\u0161ehradskej skupine, ako aj podpori\u0165 Ukrajinu a Gruz\u00ednsko v ich euroatlantick\u00fdch amb\u00edci\u00e1ch.<\/p>\n<p><a href=\"https:\/\/marekkuchcinski.pl\/wp-content\/uploads\/2016\/11\/KU082956.jpg\"><img loading=\"lazy\" decoding=\"async\" class=\"alignnone size-full wp-image-4697\" src=\"https:\/\/marekkuchcinski.pl\/wp-content\/uploads\/2016\/11\/KU082956.jpg\" alt=\"ku082956\" width=\"1800\" height=\"1200\" srcset=\"https:\/\/marekkuchcinski.pl\/wp-content\/uploads\/2016\/11\/KU082956.jpg 1800w, https:\/\/marekkuchcinski.pl\/wp-content\/uploads\/2016\/11\/KU082956-300x200.jpg 300w, https:\/\/marekkuchcinski.pl\/wp-content\/uploads\/2016\/11\/KU082956-768x512.jpg 768w, https:\/\/marekkuchcinski.pl\/wp-content\/uploads\/2016\/11\/KU082956-1024x683.jpg 1024w\" sizes=\"(max-width: 1800px) 100vw, 1800px\" \/><\/a><\/p>\n<p>- Nejde len o typick\u00e9 politick\u00e9 ot\u00e1zky, ale aj o vytv\u00e1ranie impulzov pre medzin\u00e1rodn\u00fa spolupr\u00e1cu, posil\u0148ovanie hospod\u00e1rskeho potenci\u00e1lu cel\u00e9ho karpatsk\u00e9ho makroregi\u00f3nu, realiz\u00e1ciu infra\u0161trukt\u00farnych invest\u00edci\u00ed, formovanie celej strednej a v\u00fdchodnej Eur\u00f3py - povedal Marek Kuchci\u0144ski.<\/p>\n<p><a href=\"https:\/\/marekkuchcinski.pl\/wp-content\/uploads\/2016\/11\/KA207500.jpg\"><img loading=\"lazy\" decoding=\"async\" class=\"alignnone size-full wp-image-4698\" src=\"https:\/\/marekkuchcinski.pl\/wp-content\/uploads\/2016\/11\/KA207500.jpg\" alt=\"ka207500\" width=\"1800\" height=\"1200\" srcset=\"https:\/\/marekkuchcinski.pl\/wp-content\/uploads\/2016\/11\/KA207500.jpg 1800w, https:\/\/marekkuchcinski.pl\/wp-content\/uploads\/2016\/11\/KA207500-300x200.jpg 300w, https:\/\/marekkuchcinski.pl\/wp-content\/uploads\/2016\/11\/KA207500-768x512.jpg 768w, https:\/\/marekkuchcinski.pl\/wp-content\/uploads\/2016\/11\/KA207500-1024x683.jpg 1024w\" sizes=\"(max-width: 1800px) 100vw, 1800px\" \/><\/a>Pod\u013ea mar\u0161ala s\u00fa programy ako V\u00fdchodn\u00e9 partnerstvo, iniciat\u00edva po\u013esko-\u0161v\u00e9dskej diplomacie, ktor\u00e1 sa za\u010dala pred nieko\u013ek\u00fdmi rokmi, alebo <em>Karpatsk\u00e1 Eur\u00f3pa, vr\u00e1tane pl\u00e1novanej novej Karpatskej strat\u00e9gie <\/em>a cesty <em>Cez Carpathiu<\/em> ktor\u00e1 je jadrom celej komunika\u010dnej siete medzi severom a juhom Eur\u00f3py s r\u00f4znymi vetvami. \u010eal\u0161\u00edm pr\u00edkladom je my\u0161lienka, ktor\u00e1 sa objavila po\u010das rokovan\u00ed v Przemy\u015bli, spusti\u0165 transeur\u00f3psku r\u00fdchlostn\u00fa cestu Kyjev - Par\u00ed\u017e cez Przemy\u015bl. Alebo pl\u00e1n vybudova\u0165 vodn\u00e9 cesty sp\u00e1jaj\u00face Odru s Dunajom a Balt cez Vislu s \u010ciernym morom.<\/p>\n<p><a href=\"https:\/\/marekkuchcinski.pl\/wp-content\/uploads\/2016\/11\/KU083209.jpg\"><img loading=\"lazy\" decoding=\"async\" class=\"alignnone size-full wp-image-4704\" src=\"https:\/\/marekkuchcinski.pl\/wp-content\/uploads\/2016\/11\/KU083209.jpg\" alt=\"ku083209\" width=\"1800\" height=\"1200\" srcset=\"https:\/\/marekkuchcinski.pl\/wp-content\/uploads\/2016\/11\/KU083209.jpg 1800w, https:\/\/marekkuchcinski.pl\/wp-content\/uploads\/2016\/11\/KU083209-300x200.jpg 300w, https:\/\/marekkuchcinski.pl\/wp-content\/uploads\/2016\/11\/KU083209-768x512.jpg 768w, https:\/\/marekkuchcinski.pl\/wp-content\/uploads\/2016\/11\/KU083209-1024x683.jpg 1024w\" sizes=\"(max-width: 1800px) 100vw, 1800px\" \/><\/a><\/p>\n<p>Predseda \u0161v\u00e9dskeho parlamentu (Riksdag) Urban Ahlin, ktor\u00fd sprev\u00e1dzal predsedu parlamentu na sl\u00e1vnosti, zd\u00f4raznil, \u017ee Przemy\u015bl je miestom, kde sa kri\u017euj\u00fa mnoh\u00e9 cesty - n\u00e1bo\u017eensk\u00e9 cesty, trad\u00edcie a konfesie, symbol multikulturalizmu.<\/p>\n<p>- \u0160v\u00e9dsko a Po\u013esko s\u00fa inici\u00e1tormi V\u00fdchodn\u00e9ho partnerstva, ktor\u00e9 predpoklad\u00e1 spolupr\u00e1cu E\u00da so \u0161iestimi v\u00fdchodoeur\u00f3pskymi krajinami vr\u00e1tane Ukrajiny.<\/p>\n<p><a href=\"https:\/\/marekkuchcinski.pl\/wp-content\/uploads\/2016\/11\/DSCF8905-002.jpg\"><img loading=\"lazy\" decoding=\"async\" class=\"alignnone size-full wp-image-4701\" src=\"https:\/\/marekkuchcinski.pl\/wp-content\/uploads\/2016\/11\/DSCF8905-002.jpg\" alt=\"dscf8905-002\" width=\"2924\" height=\"1953\" srcset=\"https:\/\/marekkuchcinski.pl\/wp-content\/uploads\/2016\/11\/DSCF8905-002.jpg 2048w, https:\/\/marekkuchcinski.pl\/wp-content\/uploads\/2016\/11\/DSCF8905-002-300x200.jpg 300w, https:\/\/marekkuchcinski.pl\/wp-content\/uploads\/2016\/11\/DSCF8905-002-768x513.jpg 768w, https:\/\/marekkuchcinski.pl\/wp-content\/uploads\/2016\/11\/DSCF8905-002-1024x684.jpg 1024w\" sizes=\"(max-width: 2924px) 100vw, 2924px\" \/><\/a><\/p>\n<p>- Ak sa k susedom spr\u00e1vame dobre, spolupracujeme s nimi, vyjdeme z toho dobre. Tu m\u00e1me energiu na spolupr\u00e1cu s tak\u00fdm ve\u013ek\u00fdm susedom, ak\u00fdm je Ukrajina,\" vysvetlil Ahlin.<\/p>\n<p><a href=\"https:\/\/marekkuchcinski.pl\/wp-content\/uploads\/2016\/11\/KA207669.jpg\"><img loading=\"lazy\" decoding=\"async\" class=\"alignnone size-full wp-image-4699\" src=\"https:\/\/marekkuchcinski.pl\/wp-content\/uploads\/2016\/11\/KA207669.jpg\" alt=\"ka207669\" width=\"1800\" height=\"1200\" srcset=\"https:\/\/marekkuchcinski.pl\/wp-content\/uploads\/2016\/11\/KA207669.jpg 1800w, https:\/\/marekkuchcinski.pl\/wp-content\/uploads\/2016\/11\/KA207669-300x200.jpg 300w, https:\/\/marekkuchcinski.pl\/wp-content\/uploads\/2016\/11\/KA207669-768x512.jpg 768w, https:\/\/marekkuchcinski.pl\/wp-content\/uploads\/2016\/11\/KA207669-1024x683.jpg 1024w\" sizes=\"(max-width: 1800px) 100vw, 1800px\" \/><\/a><\/p>\n<p>V parku Lubomirski sa predseda parlamentu stretol s novin\u00e1rmi, ktor\u00fdm pribl\u00ed\u017eil ciele n\u00e1v\u0161tevy prezidenta Ahlina: vr\u00e1tane n\u00e1v\u0161tevy po\u013esko-ukrajinskej schengenskej hranice, obozn\u00e1menia sa s probl\u00e9mami a predbe\u017en\u00fdch rokovan\u00ed o u\u013eah\u010den\u00ed pohybu os\u00f4b a tovaru cez t\u00fato hranicu.<\/p>\n<p>-\u00a0<em>Juh a v\u00fdchod Eur\u00f3py n\u00fati h\u013eada\u0165 recept na posilnenie bezpe\u010dnosti \u013eud\u00ed na celom kontinente<\/em>\u00a0- poznamenal predseda Sejmu. Mali by sme sa zamyslie\u0165 nad sp\u00f4sobmi, ako posilni\u0165 V\u00fdchodn\u00e9 partnerstvo, ktor\u00e9 v posledn\u00fdch rokoch za\u017e\u00edva kr\u00edzy a potrebuje nov\u00fa in\u0161pir\u00e1ciu.<\/p>\n<p><a href=\"https:\/\/marekkuchcinski.pl\/wp-content\/uploads\/2016\/11\/KU083018.jpg\"><img loading=\"lazy\" decoding=\"async\" class=\"alignnone size-full wp-image-4705\" src=\"https:\/\/marekkuchcinski.pl\/wp-content\/uploads\/2016\/11\/KU083018.jpg\" alt=\"ku083018\" width=\"1800\" height=\"1200\" srcset=\"https:\/\/marekkuchcinski.pl\/wp-content\/uploads\/2016\/11\/KU083018.jpg 1800w, https:\/\/marekkuchcinski.pl\/wp-content\/uploads\/2016\/11\/KU083018-300x200.jpg 300w, https:\/\/marekkuchcinski.pl\/wp-content\/uploads\/2016\/11\/KU083018-768x512.jpg 768w, https:\/\/marekkuchcinski.pl\/wp-content\/uploads\/2016\/11\/KU083018-1024x683.jpg 1024w\" sizes=\"(max-width: 1800px) 100vw, 1800px\" \/><\/a><\/p>\n<p>Marek Kuchci\u0144ski tie\u017e zd\u00f4raznil rast\u00faci v\u00fdznam parlamentnej diplomacie. - Preto pod\u013ea neho vznikla my\u0161lienka, aby predseda Riksdagu pred po\u013esko-\u0161v\u00e9dskym f\u00f3rom pri\u0161iel na po\u013esko-ukrajinsk\u00fa hranicu a pozrel sa, ak\u00e9 s\u00fa v\u00fdzvy.<\/p>\n<p><a href=\"https:\/\/marekkuchcinski.pl\/wp-content\/uploads\/2016\/11\/DSCF8820.jpg\"><img loading=\"lazy\" decoding=\"async\" class=\"alignnone size-full wp-image-4708\" src=\"https:\/\/marekkuchcinski.pl\/wp-content\/uploads\/2016\/11\/DSCF8820.jpg\" alt=\"dscf8820\" width=\"3235\" height=\"2760\" srcset=\"https:\/\/marekkuchcinski.pl\/wp-content\/uploads\/2016\/11\/DSCF8820.jpg 2048w, https:\/\/marekkuchcinski.pl\/wp-content\/uploads\/2016\/11\/DSCF8820-300x256.jpg 300w, https:\/\/marekkuchcinski.pl\/wp-content\/uploads\/2016\/11\/DSCF8820-768x655.jpg 768w, https:\/\/marekkuchcinski.pl\/wp-content\/uploads\/2016\/11\/DSCF8820-1024x874.jpg 1024w\" sizes=\"(max-width: 3235px) 100vw, 3235px\" \/><\/a><\/p>\n<p>PWSW vzdel\u00e1va viac ako tis\u00edc \u0161tudentov na 13 fakult\u00e1ch. Hlavn\u00e9 s\u00eddlo univerzity sa nach\u00e1dza v parku Lubomirski v okrese Bako\u0144czyce v meste Przemy\u015bl. S\u00eddlo univerzitn\u00fdch org\u00e1nov sa nach\u00e1dza v historickom pal\u00e1ci Lubomirski.<\/p>\n<p><a href=\"https:\/\/marekkuchcinski.pl\/wp-content\/uploads\/2016\/11\/DSCF8816.jpg\"><img loading=\"lazy\" decoding=\"async\" class=\"alignnone size-full wp-image-4709\" src=\"https:\/\/marekkuchcinski.pl\/wp-content\/uploads\/2016\/11\/DSCF8816.jpg\" alt=\"dscf8816\" width=\"4896\" height=\"2760\" srcset=\"https:\/\/marekkuchcinski.pl\/wp-content\/uploads\/2016\/11\/DSCF8816.jpg 2048w, https:\/\/marekkuchcinski.pl\/wp-content\/uploads\/2016\/11\/DSCF8816-300x169.jpg 300w, https:\/\/marekkuchcinski.pl\/wp-content\/uploads\/2016\/11\/DSCF8816-768x433.jpg 768w, https:\/\/marekkuchcinski.pl\/wp-content\/uploads\/2016\/11\/DSCF8816-1024x577.jpg 1024w\" sizes=\"(max-width: 4896px) 100vw, 4896px\" \/><\/a><\/p>\n<p>&nbsp;<\/p>\n<p>&nbsp;<\/p>","protected":false},"excerpt":{"rendered":"<p>Min\u0119\u0142o 20 lat, odk\u0105d obecny marsza\u0142ek Sejmu Marek Kuchci\u0144ski przedstawi\u0142\u00a0ide\u0119 utworzenia mi\u0119dzynarodowej uczelni, a 15 od jej powstania.\u00a0\u2013\u00a0Odzyskanie przez Polsk\u0119 suwerenno\u015bci, integracja europejska stworzy\u0142y now\u0105 przestrze\u0144 dla rozwoju Przemy\u015bla. W tych warunkach, ju\u017c w po\u0142owie lat 1990. podj\u0119li\u015bmy starania o za\u0142o\u017cenie publicznej uczelni, Akademii Przemyskiej, uzyskuj\u0105c poparcie i ch\u0119\u0107 wyk\u0142ad\u00f3w w\u015br\u00f3d wybitnych polskich i zagranicznych [&hellip;]<\/p>\n","protected":false},"author":6,"featured_media":4696,"comment_status":"open","ping_status":"open","sticky":false,"template":"","format":"standard","meta":{"ngg_post_thumbnail":0,"footnotes":""},"categories":[49,50,3],"tags":[],"class_list":["post-4693","post","type-post","status-publish","format-standard","has-post-thumbnail","hentry","category-podkarpacie","category-wspolpraca-miedzynarodowa","category-wydarzenia"],"_links":{"self":[{"href":"https:\/\/marekkuchcinski.pl\/sk\/wp-json\/wp\/v2\/posts\/4693","targetHints":{"allow":["GET"]}}],"collection":[{"href":"https:\/\/marekkuchcinski.pl\/sk\/wp-json\/wp\/v2\/posts"}],"about":[{"href":"https:\/\/marekkuchcinski.pl\/sk\/wp-json\/wp\/v2\/types\/post"}],"author":[{"embeddable":true,"href":"https:\/\/marekkuchcinski.pl\/sk\/wp-json\/wp\/v2\/users\/6"}],"replies":[{"embeddable":true,"href":"https:\/\/marekkuchcinski.pl\/sk\/wp-json\/wp\/v2\/comments?post=4693"}],"version-history":[{"count":2,"href":"https:\/\/marekkuchcinski.pl\/sk\/wp-json\/wp\/v2\/posts\/4693\/revisions"}],"predecessor-version":[{"id":4711,"href":"https:\/\/marekkuchcinski.pl\/sk\/wp-json\/wp\/v2\/posts\/4693\/revisions\/4711"}],"wp:featuredmedia":[{"embeddable":true,"href":"https:\/\/marekkuchcinski.pl\/sk\/wp-json\/wp\/v2\/media\/4696"}],"wp:attachment":[{"href":"https:\/\/marekkuchcinski.pl\/sk\/wp-json\/wp\/v2\/media?parent=4693"}],"wp:term":[{"taxonomy":"category","embeddable":true,"href":"https:\/\/marekkuchcinski.pl\/sk\/wp-json\/wp\/v2\/categories?post=4693"},{"taxonomy":"post_tag","embeddable":true,"href":"https:\/\/marekkuchcinski.pl\/sk\/wp-json\/wp\/v2\/tags?post=4693"}],"curies":[{"name":"wp","href":"https:\/\/api.w.org\/{rel}","templated":true}]}}