{"id":4615,"date":"2016-11-24T15:41:39","date_gmt":"2016-11-24T14:41:39","guid":{"rendered":"https:\/\/marekkuchcinski.pl\/?p=4615"},"modified":"2016-11-24T15:43:51","modified_gmt":"2016-11-24T14:43:51","slug":"dialog-spoleczny-droga-normalnosci-zjazd-delegatow-nszz-solidarnosc","status":"publish","type":"post","link":"https:\/\/marekkuchcinski.pl\/sk\/wydarzenia\/dialog-spoleczny-droga-normalnosci-zjazd-delegatow-nszz-solidarnosc\/","title":{"rendered":"Soci\u00e1lny dial\u00f3g ako cesta k normalite - Kongres deleg\u00e1tov NSZZ \"Solidarita\""},"content":{"rendered":"<p><strong>- Je to \u010das na bilancovanie a hodnotenie va\u0161ich doteraj\u0161\u00edch aktiv\u00edt, ako aj na poh\u013ead do bud\u00facnosti a na\u010drtnutie va\u0161ich pl\u00e1nov. \u00dalohy, ktor\u00e9 si kladiete, s\u00fa v\u017edy ambici\u00f3zne a s\u00fa zameran\u00e9 na obranu pr\u00e1v po\u013enohospod\u00e1rskej komunity. Ste dedi\u010dmi my\u0161lienok, ktor\u00fdmi sa po\u013enohospod\u00e1ri riadili pred viac ako tromi desa\u0165ro\u010diami. V tom \u010dase ste s ve\u013ek\u00fdm odhodlan\u00edm vzdorovali komunistick\u00e9mu re\u017eimu, bojovali ste za slobodu slova a n\u00e1zoru, \u00factu k tvrdej pr\u00e1ci na p\u00f4de a \u00factu k majetku. <\/strong>nap\u00edsal v liste deleg\u00e1tom 28. celo\u0161t\u00e1tneho zjazdu deleg\u00e1tov NSZZ \"Solidarita\" v P\u0142ocku.<strong> \u00a0- Silu ste \u010derpali z jednoty a podpory Cirkvi, ako aj robotn\u00edkov a inteligencie. Toto kr\u00e1sne dedi\u010dstvo Solidarity je zdrojom ve\u013ekej hrdosti, ale aj z\u00e1v\u00e4zkom pre s\u00fa\u010dasn\u00fdch \u010dlenov \u00danie. Je nemo\u017en\u00e9 prece\u0148ova\u0165 v\u00e1\u0161 pr\u00ednos k demokratick\u00fdm zmen\u00e1m v na\u0161ej krajine a predov\u0161etk\u00fdm v\u00e1\u0161 v\u00fdznamn\u00fd podiel na rozvoji po\u013esk\u00e9ho vidieka. V s\u00fa\u010dasnosti sa dom\u00e1ce po\u013enohospod\u00e1rstvo nel\u00ed\u0161i od eur\u00f3pskych \u0161tandardov a na\u0161e potraviny na\u010falej dob\u00fdvaj\u00fa nov\u00e9 spotrebite\u013esk\u00e9 trhy a te\u0161ia sa vynikaj\u00facej povesti.<\/strong> - zd\u00f4raznil re\u010dn\u00edk.<\/p>\n<p>Prezident Po\u013eskej republiky Andrzej Duda, ktor\u00fd sa z\u00fa\u010dastnil na sl\u00e1vnostnom ceremoni\u00e1li, po\u010fakoval za d\u00f4veru, ktor\u00fa Solidarite prejavila s\u00fa\u010dasn\u00e1 vl\u00e1da, a ubezpe\u010dil, \u017ee z\u00e1v\u00e4zky prijat\u00e9 po\u010das volebnej kampane v s\u00favislosti so Solidaritou sa bud\u00fa postupne plni\u0165. Ako pr\u00edklad u\u017e splnen\u00fdch s\u013eubov Andrzej Duda uviedol zn\u00ed\u017eenie veku odchodu do d\u00f4chodku, ktor\u00e9 schv\u00e1lil Sejm.<\/p>\n<p>Najzasl\u00fa\u017eilej\u0161\u00edm \u010dlenom zdru\u017eenia udelil prezident \u0161t\u00e1tne vyznamenania: Zlat\u00e9 kr\u00ed\u017ee za z\u00e1sluhy a Rytierske kr\u00ed\u017ee R\u00e1du Polonia Restituta.<\/p>\n<p>Najd\u00f4le\u017eitej\u0161ia \u010das\u0165 dohovoru sa t\u00fdka \u00falohy soci\u00e1lneho dial\u00f3gu, ako aj fungovania Rady pre soci\u00e1lny dial\u00f3g, ktor\u00fa predseda zriadil v roku 2015. Rada pre soci\u00e1lny dial\u00f3g (RDS).<\/p>\n<p>\u00da\u010dastn\u00edci kongresu sa z\u00fa\u010dastnia na panelovej diskusii \"Kodifik\u00e1cia pracovn\u00e9ho pr\u00e1va ako pr\u00edle\u017eitos\u0165 na rozvoj soci\u00e1lneho dial\u00f3gu\", ktor\u00fa pripravili odborn\u00edci z N\u00e1rodnej komisie NSZZ \"S\".<\/p>\n<p>Ned\u00e1vno bola v r\u00e1mci Rady pre soci\u00e1lny dial\u00f3g zriaden\u00e1 pracovn\u00e1 skupina pre eur\u00f3psky soci\u00e1lny dial\u00f3g, ktorej moder\u00e1tormi s\u00fa z\u00e1stupcovia zamestn\u00e1vate\u013eov - zo strany Po\u013esk\u00e9ho zdru\u017eenia remesiel a odborov - zo strany NSZZ \"S\". Cie\u013eom skupiny je okrem in\u00e9ho podporova\u0165, koordinova\u0165 a monitorova\u0165 \u010dinnosti zameran\u00e9 na \u00fa\u010dinn\u00e9 vykon\u00e1vanie r\u00e1mcov\u00fdch doh\u00f4d a dojednan\u00ed t\u00fdkaj\u00facich sa eur\u00f3pskeho soci\u00e1lneho dial\u00f3gu v Po\u013esku a na posilnenie \u00falohy odborov a zamestn\u00e1vate\u013eov v iniciat\u00edvach s\u00favisiacich s procesom hospod\u00e1rskeho riadenia v E\u00da.<\/p>\n<p>Zajtra deleg\u00e1ti zmenia \u0161tat\u00fat zv\u00e4zu a tie\u017e zhodnotia v\u00fdsledky doteraj\u0161ej pr\u00e1ce N\u00e1rodnej komisie solidarity NSZZ.<\/p>","protected":false},"excerpt":{"rendered":"<p>\u2013 Przed Pa\u0144stwem czas podsumowa\u0144 i oceny dotychczasowych dzia\u0142a\u0144, a tak\u017ce spojrzenia w przysz\u0142o\u015b\u0107 i nakre\u015blenia plan\u00f3w. Zadania, jakie sobie stawiacie s\u0105 zawsze ambitne i maj\u0105 na celu obron\u0119 praw rolniczej spo\u0142eczno\u015bci. Jeste\u015bcie Pa\u0144stwo spadkobiercami idei, jakie przy\u015bwieca\u0142y rolnikom ponad trzy dekady temu. W\u00f3wczas z\u00a0ogromn\u0105 determinacj\u0105 sprzeciwili\u015bcie si\u0119 komunistycznej w\u0142adzy, walcz\u0105c o wolno\u015b\u0107 s\u0142owa i\u00a0przekona\u0144, [&hellip;]<\/p>\n","protected":false},"author":6,"featured_media":4618,"comment_status":"open","ping_status":"open","sticky":false,"template":"","format":"standard","meta":{"ngg_post_thumbnail":0,"footnotes":""},"categories":[82,3],"tags":[],"class_list":["post-4615","post","type-post","status-publish","format-standard","has-post-thumbnail","hentry","category-prawo-i-sprawiedliwosc","category-wydarzenia"],"_links":{"self":[{"href":"https:\/\/marekkuchcinski.pl\/sk\/wp-json\/wp\/v2\/posts\/4615","targetHints":{"allow":["GET"]}}],"collection":[{"href":"https:\/\/marekkuchcinski.pl\/sk\/wp-json\/wp\/v2\/posts"}],"about":[{"href":"https:\/\/marekkuchcinski.pl\/sk\/wp-json\/wp\/v2\/types\/post"}],"author":[{"embeddable":true,"href":"https:\/\/marekkuchcinski.pl\/sk\/wp-json\/wp\/v2\/users\/6"}],"replies":[{"embeddable":true,"href":"https:\/\/marekkuchcinski.pl\/sk\/wp-json\/wp\/v2\/comments?post=4615"}],"version-history":[{"count":1,"href":"https:\/\/marekkuchcinski.pl\/sk\/wp-json\/wp\/v2\/posts\/4615\/revisions"}],"predecessor-version":[{"id":4617,"href":"https:\/\/marekkuchcinski.pl\/sk\/wp-json\/wp\/v2\/posts\/4615\/revisions\/4617"}],"wp:featuredmedia":[{"embeddable":true,"href":"https:\/\/marekkuchcinski.pl\/sk\/wp-json\/wp\/v2\/media\/4618"}],"wp:attachment":[{"href":"https:\/\/marekkuchcinski.pl\/sk\/wp-json\/wp\/v2\/media?parent=4615"}],"wp:term":[{"taxonomy":"category","embeddable":true,"href":"https:\/\/marekkuchcinski.pl\/sk\/wp-json\/wp\/v2\/categories?post=4615"},{"taxonomy":"post_tag","embeddable":true,"href":"https:\/\/marekkuchcinski.pl\/sk\/wp-json\/wp\/v2\/tags?post=4615"}],"curies":[{"name":"wp","href":"https:\/\/api.w.org\/{rel}","templated":true}]}}