{"id":4611,"date":"2016-11-24T11:48:48","date_gmt":"2016-11-24T10:48:48","guid":{"rendered":"https:\/\/marekkuchcinski.pl\/?p=4611"},"modified":"2016-12-16T13:53:03","modified_gmt":"2016-12-16T12:53:03","slug":"kuchcinski-budowa-rozbudowa-przejsc-granicznych-drogowych-lotniczych-kolejowych-fundament-wspolpracy-tej-czesci-europy","status":"publish","type":"post","link":"https:\/\/marekkuchcinski.pl\/sk\/wydarzenia\/kuchcinski-budowa-rozbudowa-przejsc-granicznych-drogowych-lotniczych-kolejowych-fundament-wspolpracy-tej-czesci-europy\/","title":{"rendered":"Kuchci\u0144ski: V\u00fdstavba a roz\u0161irovanie cestn\u00fdch, vzdu\u0161n\u00fdch a \u017eelezni\u010dn\u00fdch hrani\u010dn\u00fdch priechodov s\u00fa z\u00e1kladom spolupr\u00e1ce v tejto \u010dasti Eur\u00f3py"},"content":{"rendered":"<div class=\"entry\">\n<div id=\"artykul\">\n<p class=\"first\"><strong>Za \u00fa\u010dasti ministrov infra\u0161trukt\u00fary Po\u013eska a Ukrajiny a predsedu Sejmu Mareka Kuchcinsk\u00e9ho sa v Krasiczyne (Podkarpatsko) uskuto\u010dnilo v\u00fdjazdov\u00e9 zasadnutie v\u00fdboru Sejmu pre infra\u0161trukt\u00faru. Na stretnut\u00ed sa okrem in\u00e9ho diskutovalo o v\u00fdstavbe hrani\u010dn\u00e9ho priechodu Malhovice-Ni\u017eankovice.<\/strong><\/p>\n<p>Predseda Sejmu Marek Kuchcinski vyhl\u00e1sil, \u017ee v\u00edta iniciat\u00edvu na vybudovanie nov\u00e9ho hrani\u010dn\u00e9ho priechodu s Ukrajinou.<\/p>\n<blockquote><p><strong>- Ide o z\u00e1le\u017eitos\u0165, ktor\u00e1 by mala zjednoti\u0165 cel\u00fa Eur\u00f3pu. Je dobr\u00e9, \u017ee v na\u0161ej \u010dasti Eur\u00f3py ur\u00fdch\u013eujeme budovanie r\u00f4znych foriem spolupr\u00e1ce a prepojen\u00ed. Z\u00e1kladom spolupr\u00e1ce je v\u00fdstavba a roz\u0161irovanie cestn\u00fdch, vzdu\u0161n\u00fdch a \u017eelezni\u010dn\u00fdch hrani\u010dn\u00fdch priechodov. \u010eakujeme za t\u00fato iniciat\u00edvu.<\/strong>\u00a0- povedal.<\/p><\/blockquote>\n<p>Pod\u013ea Kuchcinsk\u00e9ho by Po\u013esko malo podpori\u0165 \"my\u0161lienku spojenia Kyjeva s Par\u00ed\u017eom\". \"Aj ja osobne z cel\u00e9ho srdca podporujem tento transeur\u00f3psky expres,\" dodal.<\/p>\n<\/div>\n<p class=\"first\"><a href=\"https:\/\/marekkuchcinski.pl\/wp-content\/uploads\/2016\/11\/Zrzut-ekranu-2016-12-16-o-13.36.26.jpg\"><img fetchpriority=\"high\" decoding=\"async\" class=\"alignnone size-full wp-image-4885\" src=\"https:\/\/marekkuchcinski.pl\/wp-content\/uploads\/2016\/11\/Zrzut-ekranu-2016-12-16-o-13.36.26.jpg\" alt=\"zrzut-ekranu-2016-12-16-o-13-36-26\" width=\"1901\" height=\"1269\" srcset=\"https:\/\/marekkuchcinski.pl\/wp-content\/uploads\/2016\/11\/Zrzut-ekranu-2016-12-16-o-13.36.26.jpg 1901w, https:\/\/marekkuchcinski.pl\/wp-content\/uploads\/2016\/11\/Zrzut-ekranu-2016-12-16-o-13.36.26-300x200.jpg 300w, https:\/\/marekkuchcinski.pl\/wp-content\/uploads\/2016\/11\/Zrzut-ekranu-2016-12-16-o-13.36.26-768x513.jpg 768w, https:\/\/marekkuchcinski.pl\/wp-content\/uploads\/2016\/11\/Zrzut-ekranu-2016-12-16-o-13.36.26-1024x684.jpg 1024w\" sizes=\"(max-width: 1901px) 100vw, 1901px\" \/><\/a><\/p>\n<div id=\"artykul\">\n<p class=\"second\">Predseda v\u00fdboru pre infra\u0161trukt\u00faru Bogdan Rzonca zd\u00f4raznil, \u017ee bez dobrej cestnej a \u017eelezni\u010dnej infra\u0161trukt\u00fary nie s\u00fa dobr\u00e9 hospod\u00e1rske vz\u0165ahy.<\/p>\n<blockquote><p>-\u00a0<strong>Medzi Po\u013eskom a Ukrajinou existuje nieko\u013eko hrani\u010dn\u00fdch priechodov, ale nie je ich dos\u0165, ur\u010dite je mo\u017en\u00e9 vybudova\u0165 \u010fal\u0161\u00ed priechod v Malhowiciach-Ni\u017eankowiciach. Po\u013esk\u00e1 aj ukrajinsk\u00e1 strana s\u00fa za tento prechod. Pr\u00edtomnos\u0165 oboch ministrov vo v\u00fdbore je d\u00f4kazom toho, \u017ee nechceme hovori\u0165 zbyto\u010dne, len o nejak\u00fdch v\u00fdzvach alebo vyhl\u00e1seniach, ale o nevyhnutnosti vybudovania tejto kri\u017eovatky.<\/strong>\u00a0- dodal.<\/p><\/blockquote>\n<p>Upozornil, \u017ee pl\u00e1novan\u00fd priechod bude pozost\u00e1va\u0165 z jednej budovy, v ktorej bud\u00fa hrani\u010dn\u00e9 slu\u017eby oboch kraj\u00edn spolo\u010dne odbavova\u0165 cestuj\u00facich.<\/p>\n<p>\"V\u00fdrazne sa t\u00fdm zn\u00ed\u017eia n\u00e1klady na v\u00fdstavbu kri\u017eovatky a na tom sa zhodli obe strany,\" povedal Rzonca. Na jeho \u017eiados\u0165 v\u00fdbor prijal aj de-sider\u00e1tum adresovan\u00e9 predsedovi vl\u00e1dy, v ktorom ho vyzval na vypracovanie ekonomickej anal\u00fdzy \u017eelezni\u010dn\u00e9ho spojenia Kyjev - Vroclav - Dr\u00e1\u017e\u010fany - Par\u00ed\u017e.<\/p>\n<p>Pod\u013ea hovorkyne Podkarpatsk\u00e9ho vojvodstva Ma\u0142gorzaty Waksmundzkej-Szarek v s\u00fa\u010dasnosti prebiehaj\u00fa pr\u00e1ce na vypracovan\u00ed funk\u010dno-technick\u00e9ho programu prechodu a v roku 2017 bude vypracovan\u00e1 technick\u00e1 dokument\u00e1cia.<\/p>\n<p>Hovorca zd\u00f4raznil, \u017ee na vytvorenie priechodu je potrebn\u00e9 zlep\u0161i\u0165 cestn\u00fa infra\u0161trukt\u00faru na ukrajinskej strane. Ak sa tak stane, kri\u017eovatka by mohla by\u0165 postaven\u00e1 do roku 2019.<\/p>\n<p>&nbsp;<\/p>\n<p>Minister infra\u0161trukt\u00fary a v\u00fdstavby Andrzej Adamczyk, ktor\u00fd pred za\u010diatkom zasadnutia komisie hovoril so svoj\u00edm ukrajinsk\u00fdm kolegom Volodymyrom Omelanom, uviedol, \u017ee rozhovor sa okrem in\u00e9ho t\u00fdkal mo\u017enosti rozvoja \u017eelezni\u010dnej dopravy na trase Przemy\u015bl - \u013dvov.<\/p>\n<blockquote><p>-\u00a0<strong>Existuje tak\u00e1 mo\u017enos\u0165 prev\u00e1dzkova\u0165 spojenie bez prelo\u017eenia \u017eelezni\u010dn\u00fdch podvozkov (vzh\u013eadom na rozchod kolies). Budeme o tom diskutova\u0165. Toto spojenie chceme prepoji\u0165 s vlakmi, ktor\u00e9 bud\u00fa prem\u00e1va\u0165 z Przemy\u015bla do vn\u00fatrozemia<\/strong>\u00a0- dodal.<\/p><\/blockquote>\n<p>Minister uviedol, \u017ee sa s Omelanom dohodli, \u017ee v polovici decembra za\u010dne po\u013esko-ukrajinsk\u00fd t\u00edm h\u013eada\u0165 rie\u0161enia v oblasti \u017eelezni\u010dnej dopravy.<\/p>\n<p>V s\u00favislosti s my\u0161lienkou za\u010da\u0165 prev\u00e1dzku spojenia Kyjev - Vroclav - Dr\u00e1\u017e\u010fany - Par\u00ed\u017e Adamczyk zd\u00f4raznil, \u017ee najprv sa musia vykona\u0165 ekonomick\u00e9 anal\u00fdzy.<\/p>\n<blockquote><p>-\u00a0<strong>O tejto ot\u00e1zke bude rokova\u0165 po\u013esko-ukrajinsk\u00fd t\u00edm, ktor\u00fd vytvor\u00edme v decembri. Zv\u00e1\u017eime aj mo\u017enos\u0165, \u017ee spojenie Kyjev - Przemy\u015bl bude na \u0161irokom rozchode, pri\u010dom spojenie z Przemy\u015bla bude nasledova\u0165.<\/strong>\u00a0- dodal \u0161\u00e9f ministerstva infra\u0161trukt\u00fary.<\/p><\/blockquote>\n<p>Na zasadnut\u00ed v\u00fdboru sa z\u00fa\u010dastnili aj z\u00e1stupcovia v\u00fdboru pre infra\u0161trukt\u00faru Najvy\u0161\u0161ej rady (parlamentu) Ukrajiny.<\/p>\n<p><a href=\"https:\/\/marekkuchcinski.pl\/wp-content\/uploads\/2016\/11\/Zrzut-ekranu-2016-12-16-o-13.36.26.jpg\"><img fetchpriority=\"high\" decoding=\"async\" class=\"alignnone size-full wp-image-4885\" src=\"https:\/\/marekkuchcinski.pl\/wp-content\/uploads\/2016\/11\/Zrzut-ekranu-2016-12-16-o-13.36.26.jpg\" alt=\"zrzut-ekranu-2016-12-16-o-13-36-26\" width=\"1901\" height=\"1269\" srcset=\"https:\/\/marekkuchcinski.pl\/wp-content\/uploads\/2016\/11\/Zrzut-ekranu-2016-12-16-o-13.36.26.jpg 1901w, https:\/\/marekkuchcinski.pl\/wp-content\/uploads\/2016\/11\/Zrzut-ekranu-2016-12-16-o-13.36.26-300x200.jpg 300w, https:\/\/marekkuchcinski.pl\/wp-content\/uploads\/2016\/11\/Zrzut-ekranu-2016-12-16-o-13.36.26-768x513.jpg 768w, https:\/\/marekkuchcinski.pl\/wp-content\/uploads\/2016\/11\/Zrzut-ekranu-2016-12-16-o-13.36.26-1024x684.jpg 1024w\" sizes=\"(max-width: 1901px) 100vw, 1901px\" \/><\/a><\/p>\n<p><em><strong>PAP<\/strong><\/em><\/p>\n<\/div>\n<\/div>\n<div class=\"related\"><\/div>","protected":false},"excerpt":{"rendered":"<p>Z udzia\u0142em ministr\u00f3w infrastruktury Polski i Ukrainy oraz marsza\u0142ka Sejmu Marka Kuchci\u0144skiego odby\u0142o si\u0119 w Krasiczynie (Podkarpackie) wyjazdowe posiedzenie sejmowej komisji infrastruktury. Na spotkaniu rozmawiano m.in. o budowie przej\u015bcia granicznego Malhowice-Ni\u017cankowice. Marsza\u0142ek Sejmu Marek Kuchci\u0144ski zapewnia\u0142, \u017ce cieszy si\u0119 z inicjatywy wybudowania nowego przej\u015bcia granicznego z Ukrain\u0105. \u2013 Jest to sprawa, kt\u00f3ra powinna \u0142\u0105czy\u0107 ca\u0142\u0105 [&hellip;]<\/p>\n","protected":false},"author":6,"featured_media":4612,"comment_status":"open","ping_status":"open","sticky":false,"template":"","format":"standard","meta":{"ngg_post_thumbnail":0,"footnotes":""},"categories":[49,82,50,3],"tags":[],"class_list":["post-4611","post","type-post","status-publish","format-standard","has-post-thumbnail","hentry","category-podkarpacie","category-prawo-i-sprawiedliwosc","category-wspolpraca-miedzynarodowa","category-wydarzenia"],"_links":{"self":[{"href":"https:\/\/marekkuchcinski.pl\/sk\/wp-json\/wp\/v2\/posts\/4611","targetHints":{"allow":["GET"]}}],"collection":[{"href":"https:\/\/marekkuchcinski.pl\/sk\/wp-json\/wp\/v2\/posts"}],"about":[{"href":"https:\/\/marekkuchcinski.pl\/sk\/wp-json\/wp\/v2\/types\/post"}],"author":[{"embeddable":true,"href":"https:\/\/marekkuchcinski.pl\/sk\/wp-json\/wp\/v2\/users\/6"}],"replies":[{"embeddable":true,"href":"https:\/\/marekkuchcinski.pl\/sk\/wp-json\/wp\/v2\/comments?post=4611"}],"version-history":[{"count":4,"href":"https:\/\/marekkuchcinski.pl\/sk\/wp-json\/wp\/v2\/posts\/4611\/revisions"}],"predecessor-version":[{"id":4887,"href":"https:\/\/marekkuchcinski.pl\/sk\/wp-json\/wp\/v2\/posts\/4611\/revisions\/4887"}],"wp:featuredmedia":[{"embeddable":true,"href":"https:\/\/marekkuchcinski.pl\/sk\/wp-json\/wp\/v2\/media\/4612"}],"wp:attachment":[{"href":"https:\/\/marekkuchcinski.pl\/sk\/wp-json\/wp\/v2\/media?parent=4611"}],"wp:term":[{"taxonomy":"category","embeddable":true,"href":"https:\/\/marekkuchcinski.pl\/sk\/wp-json\/wp\/v2\/categories?post=4611"},{"taxonomy":"post_tag","embeddable":true,"href":"https:\/\/marekkuchcinski.pl\/sk\/wp-json\/wp\/v2\/tags?post=4611"}],"curies":[{"name":"wp","href":"https:\/\/api.w.org\/{rel}","templated":true}]}}