{"id":4559,"date":"2018-11-16T13:54:42","date_gmt":"2018-11-16T12:54:42","guid":{"rendered":"https:\/\/marekkuchcinski.pl\/?p=4559"},"modified":"2019-04-21T19:57:08","modified_gmt":"2019-04-21T17:57:08","slug":"notyfikacja-panstwa-polskiego","status":"publish","type":"post","link":"https:\/\/marekkuchcinski.pl\/sk\/wydarzenia\/notyfikacja-panstwa-polskiego\/","title":{"rendered":"Ozn\u00e1menie po\u013esk\u00e9ho \u0161t\u00e1tu"},"content":{"rendered":"<p>J\u00f3zef Pi\u0142sudski poslal 16. novembra telegram prezidentovi Spojen\u00fdch \u0161t\u00e1tov americk\u00fdch a vl\u00e1dam Ve\u013ekej Brit\u00e1nie, Franc\u00fazska, Talianska, Japonska a Nemecka, ako aj vl\u00e1dam v\u0161etk\u00fdch kraj\u00edn z\u00fa\u010dastnen\u00fdch na vojne a neutr\u00e1lnych kraj\u00edn, v ktorom ozn\u00e1mil existenciu po\u013esk\u00e9ho \u0161t\u00e1tu.<\/p>\n<p><strong><a href=\"https:\/\/marekkuchcinski.pl\/wp-content\/uploads\/2016\/11\/0003NDLJDWIVTH0H-C116-F4.jpg\"><img fetchpriority=\"high\" decoding=\"async\" class=\"alignnone size-full wp-image-4561\" src=\"https:\/\/marekkuchcinski.pl\/wp-content\/uploads\/2016\/11\/0003NDLJDWIVTH0H-C116-F4.jpg\" alt=\"0003ndljdwivth0h-c116-f4\" width=\"625\" height=\"398\" srcset=\"https:\/\/marekkuchcinski.pl\/wp-content\/uploads\/2016\/11\/0003NDLJDWIVTH0H-C116-F4.jpg 625w, https:\/\/marekkuchcinski.pl\/wp-content\/uploads\/2016\/11\/0003NDLJDWIVTH0H-C116-F4-300x191.jpg 300w\" sizes=\"(max-width: 625px) 100vw, 625px\" \/><\/a>\"<\/strong>Ako vrchn\u00fd velite\u013e po\u013eskej arm\u00e1dy chcem ozn\u00e1mi\u0165 vl\u00e1dam a n\u00e1rodom, vojensk\u00fdm aj neutr\u00e1lnym, existenciu nez\u00e1visl\u00e9ho po\u013esk\u00e9ho \u0161t\u00e1tu, ktor\u00fd zah\u0155\u0148a v\u0161etky \u00fazemia zjednoten\u00e9ho Po\u013eska. Politick\u00e1 situ\u00e1cia v Po\u013esku a okupa\u010dn\u00e9 jarmo zatia\u013e neumo\u017enili po\u013esk\u00e9mu n\u00e1rodu vyjadri\u0165 slobodn\u00fd n\u00e1zor na svoj osud. V\u010faka zmen\u00e1m, ktor\u00e9 nastali v d\u00f4sledku ve\u013ek\u00fdch v\u00ed\u0165azstiev spojeneck\u00fdch arm\u00e1d, je obnovenie nez\u00e1vislosti a suverenity Po\u013eska u\u017e hotovou vecou.<\/p>\n<p>Po\u013esk\u00fd \u0161t\u00e1t vznik\u00e1 z v\u00f4le cel\u00e9ho n\u00e1roda a je zalo\u017een\u00fd na demokratick\u00fdch z\u00e1kladoch. Po\u013esk\u00e1 vl\u00e1da nahrad\u00ed vl\u00e1du n\u00e1silia, ktor\u00e1 za\u0165a\u017eovala osud Po\u013eska sto \u0161tyridsa\u0165 rokov, syst\u00e9mom zalo\u017een\u00fdm na poriadku a spravodlivosti. Spoliehaj\u00fac sa na po\u013esk\u00fa arm\u00e1du pod moj\u00edm velen\u00edm d\u00fafam, \u017ee odteraz \u017eiadna cudzia arm\u00e1da nevst\u00fapi do Po\u013eska sk\u00f4r, ako ofici\u00e1lne vyjadr\u00edme svoju v\u00f4\u013eu v tejto veci. Som presved\u010den\u00fd, \u017ee mocn\u00e9 demokracie Z\u00e1padu poskytn\u00fa svoju pomoc a bratsk\u00fa podporu znovuzrodenej a nez\u00e1vislej Po\u013eskej republike.<\/p>\n<p>&nbsp;<\/p>\n\n\n<figure class=\"wp-block-image\"><img decoding=\"async\" width=\"625\" height=\"398\" src=\"https:\/\/marekkuchcinski.pl\/wp-content\/uploads\/2019\/04\/pils.jpg\" alt=\"\" class=\"wp-image-15000\" srcset=\"https:\/\/marekkuchcinski.pl\/wp-content\/uploads\/2019\/04\/pils.jpg 625w, https:\/\/marekkuchcinski.pl\/wp-content\/uploads\/2019\/04\/pils-300x191.jpg 300w\" sizes=\"(max-width: 625px) 100vw, 625px\" \/><\/figure>","protected":false},"excerpt":{"rendered":"<p>16 listopada J\u00f3zef Pi\u0142sudski wystosowa\u0142 do prezydenta Stan\u00f3w Zjednoczonych oraz rz\u0105d\u00f3w: brytyjskiego, francuskiego, w\u0142oskiego, japo\u0144skiego i&nbsp;niemieckiego oraz do rz\u0105d\u00f3w wszystkich pa\u0144stw uczestnicz\u0105cych w&nbsp;wojnie i&nbsp;neutralnych telegram, w&nbsp;kt\u00f3rym poinformowa\u0142 o&nbsp;istnieniu Pa\u0144stwa Polskiego. \u201eJako W\u00f3dz Naczelny Armii Polskiej pragn\u0119 notyfikowa\u0107 rz\u0105dom i&nbsp;narodom wojuj\u0105cym i&nbsp;neutralnym istnienie Pa\u0144stwa Polskiego Niepodleg\u0142ego, obejmuj\u0105cego wszystkie ziemie zjednoczonej Polski. Sytuacja polityczna w&nbsp;Polsce i&nbsp;jarzmo okupacji [&hellip;]<\/p>\n","protected":false},"author":6,"featured_media":0,"comment_status":"open","ping_status":"open","sticky":false,"template":"","format":"standard","meta":{"ngg_post_thumbnail":0,"footnotes":""},"categories":[77,3],"tags":[],"class_list":["post-4559","post","type-post","status-publish","format-standard","hentry","category-wazne-daty","category-wydarzenia"],"_links":{"self":[{"href":"https:\/\/marekkuchcinski.pl\/sk\/wp-json\/wp\/v2\/posts\/4559","targetHints":{"allow":["GET"]}}],"collection":[{"href":"https:\/\/marekkuchcinski.pl\/sk\/wp-json\/wp\/v2\/posts"}],"about":[{"href":"https:\/\/marekkuchcinski.pl\/sk\/wp-json\/wp\/v2\/types\/post"}],"author":[{"embeddable":true,"href":"https:\/\/marekkuchcinski.pl\/sk\/wp-json\/wp\/v2\/users\/6"}],"replies":[{"embeddable":true,"href":"https:\/\/marekkuchcinski.pl\/sk\/wp-json\/wp\/v2\/comments?post=4559"}],"version-history":[{"count":2,"href":"https:\/\/marekkuchcinski.pl\/sk\/wp-json\/wp\/v2\/posts\/4559\/revisions"}],"predecessor-version":[{"id":15001,"href":"https:\/\/marekkuchcinski.pl\/sk\/wp-json\/wp\/v2\/posts\/4559\/revisions\/15001"}],"wp:attachment":[{"href":"https:\/\/marekkuchcinski.pl\/sk\/wp-json\/wp\/v2\/media?parent=4559"}],"wp:term":[{"taxonomy":"category","embeddable":true,"href":"https:\/\/marekkuchcinski.pl\/sk\/wp-json\/wp\/v2\/categories?post=4559"},{"taxonomy":"post_tag","embeddable":true,"href":"https:\/\/marekkuchcinski.pl\/sk\/wp-json\/wp\/v2\/tags?post=4559"}],"curies":[{"name":"wp","href":"https:\/\/api.w.org\/{rel}","templated":true}]}}