{"id":4499,"date":"2016-11-14T11:03:07","date_gmt":"2016-11-14T10:03:07","guid":{"rendered":"https:\/\/marekkuchcinski.pl\/?p=4499"},"modified":"2016-11-14T12:46:58","modified_gmt":"2016-11-14T11:46:58","slug":"spotkanie-ks-stanislawem-bartminskim-opozycyjnym-specjalista-spraw-niemozliwych","status":"publish","type":"post","link":"https:\/\/marekkuchcinski.pl\/sk\/wydarzenia\/spotkanie-ks-stanislawem-bartminskim-opozycyjnym-specjalista-spraw-niemozliwych\/","title":{"rendered":"Stretnutie s otcom Stanislawom Bartminsk\u00fdm, odborn\u00edkom opoz\u00edcie na nemo\u017en\u00e9"},"content":{"rendered":"<p>- V\u010faka l\u00e1skavosti a otvorenosti, rozhodnosti a odvahe, osobn\u00e9mu nasadeniu a nespo\u010detn\u00fdm iniciat\u00edvam reverenda a predov\u0161etk\u00fdm jeho dobr\u00e9mu srdcu boli \u010dasy Po\u013eskej \u013eudovej republiky pre po\u013enohospod\u00e1rov a demokratick\u00fa opoz\u00edciu menej pochm\u00farne. Osobne m\u00f4\u017eem dosved\u010di\u0165, \u017ee v Krasiczyne na fare sa t\u00e1to opoz\u00edcia v\u00fdborne rozv\u00edjala,\" spom\u00edna Mons. Marek Kuchci\u0144ski.<\/p>\n<p>Far\u00e1r, ktor\u00fd oslavuje 80. narodeniny, sa v sobotu stretol s predsedom Sejmu. Ako nap\u00edsal v pozv\u00e1nke: \"P\u00edsmo hovor\u00ed, \u017ee miera \u013eudsk\u00e9ho \u017eivota je sedemdesiat rokov. A ke\u010f sme siln\u00ed, aj osemdesiatnici. Ke\u010f\u017ee som vy\u010derpal limit, ktor\u00fd mi d\u00e1va Sv\u00e4t\u00e9 p\u00edsmo, rozhodol som sa stretn\u00fa\u0165 s \u013eu\u010fmi, ktor\u00fdm za svoj - pod\u013ea mnoh\u00fdch - dlh\u00fd \u017eivot v\u010fa\u010d\u00edm za ve\u013ea, v\u010faka ktor\u00fdm bolo mo\u017en\u00e9 - tie\u017e pod\u013ea mnoh\u00fdch - uskuto\u010dni\u0165 niektor\u00e9 moje pastora\u010dn\u00e9 a soci\u00e1lne z\u00e1mery.\"<\/p>\n<p>- Nie je \u013eahk\u00e9 n\u00e1js\u0165 tie spr\u00e1vne slov\u00e1 na ocenenie jubilanta, ktor\u00fd urobil to\u013eko dobr\u00e9ho pre in\u00fdch \u013eud\u00ed a Podkarpatsk\u00fd regi\u00f3n,\" mysl\u00ed si predseda Sejmu Marek Kuchci\u0144ski. - Nie je mo\u017en\u00e9 vymenova\u0165 v\u0161etky z\u00e1sluhy ctihodn\u00e9ho k\u0148aza. Chcel by som v\u0161ak pripomen\u00fa\u0165 temn\u00e9 \u010dasy stann\u00e9ho pr\u00e1va a mimoriadnu aktivitu reverenda pri organizovan\u00ed pomoci ban\u00edkom a robotn\u00edkom v Sliezsku a Novej Hute, obetiam pacifik\u00e1cie bane Wujek, internovan\u00fdm a t\u00fdm, ktor\u00ed boli potl\u00e1\u010dan\u00ed za odpor vo\u010di re\u017eimov\u00fdm org\u00e1nom. Dnes, z poh\u013eadu mnoh\u00fdch rokov, sa t\u00e1to pomoc jav\u00ed ako prirodzen\u00e1.Treba si v\u0161ak uvedomi\u0165, \u017ee po 13. decembri bol nedostatok liekov, potrav\u00edn a z\u00e1kladn\u00fdch potrieb a priemern\u00fd Poliak \u017eil ve\u013emi skromne z mesa\u010dn\u00e9ho platu. Far\u00e1r robil ve\u013ek\u00e9 veci - \u00faspe\u0161ne organizoval zbierky pe\u0148az\u00ed pre rodiny ban\u00edkov a potrav\u00edn pre obyvate\u013eov Sliezska. T\u00fdm dok\u00e1zal, \u017ee v ka\u017edej situ\u00e1cii, aj v tej bezn\u00e1dejnej, treba nie\u010do urobi\u0165, aby sa nie\u010do zmenilo, a nie zosta\u0165 pas\u00edvny tv\u00e1rou v tv\u00e1r \u013eudsk\u00e9mu ne\u0161\u0165astiu a totalitnej moci. Boj proti komunizmu nebol len o \u0161trajkoch a publika\u010dnej \u010dinnosti, ale aj o po\u017eiadavke \u00facty k \u010dloveku a jeho d\u00f4stojn\u00e9mu \u017eivotu. Rozsiahla pomoc sa nep\u00e1\u010dila bezpe\u010dnostnej slu\u017ebe, ale neust\u00e1le prosby a vysok\u00e9 kol\u00e9gi\u00e1 otca Stanislava neodradili. Naopak, e\u0161te s v\u00e4\u010d\u0161ou energiou pracoval v prospech utl\u00e1\u010dan\u00fdch. Zamestn\u00e1val prepusten\u00fdch z pr\u00e1ce a t\u00ed, ktor\u00fdch h\u013eadali re\u017eimov\u00e9 slu\u017eby, nach\u00e1dzali azyl na fare. Ver\u00edm, \u017ee v tom \u010dase pochopil lep\u0161ie ako mnoh\u00ed z n\u00e1s, \u017ee najlep\u0161\u00edm sp\u00f4sobom boja proti komunizmu je solidarita naprie\u010d soci\u00e1lnymi rozdielmi a akt\u00edvna pr\u00e1ca pre dobro in\u00fdch,\" dod\u00e1va predseda parlamentu.<\/p>\n<p>N\u00e1silie, zastra\u0161ovanie ob\u010danov a atmosf\u00e9ra neistoty, ktor\u00fa slu\u017eby neust\u00e1le podnecovali, vyvol\u00e1vali na jednej strane ned\u00f4veru a na druhej strane potrebu spolo\u010denstva. V\u010faka svojej mimoriadnej schopnosti pozorne po\u010d\u00fava\u0165 \u013eud\u00ed k\u0148az videl potrebu budova\u0165 duchovn\u00fa jednotu. Na v\u00fdsledky \u010dinnosti otca Stanislava sme nemuseli dlho \u010daka\u0165 a rekolekcie organizovan\u00e9 pre po\u013enohospod\u00e1rov z cel\u00e9ho Po\u013eska prispeli k vytvoreniu celon\u00e1rodnej pastora\u010dnej slu\u017eby pre po\u013enohospod\u00e1rov, ktor\u00e1 p\u00f4sob\u00ed vo farnosti sv\u00e4t\u00e9ho Martina. Tieto rekolekcie boli jedine\u010dn\u00e9 - sprostredkovali nesfal\u0161ovan\u00fa hist\u00f3riu Po\u013eska a jeho bohat\u00fa kult\u00faru, prinavracali d\u00f4stojnos\u0165 a \u00factu k tvrdej pr\u00e1ci na p\u00f4de a u\u010dili n\u00e1le\u017eit\u00fdm pr\u00e1vam. Umo\u017enili tie\u017e vytvori\u0165 \u0161trukt\u00fary Celopo\u013esk\u00e9ho v\u00fdboru odporu po\u013enohospod\u00e1rov.<\/p>\n<p><em>foto: krasiczynskaplebania.parafia.info.pl<\/em><\/p>\n<p><a href=\"https:\/\/marekkuchcinski.pl\/wp-content\/uploads\/2016\/11\/1-img154.jpg\"><img fetchpriority=\"high\" decoding=\"async\" class=\"alignnone wp-image-4500\" src=\"https:\/\/marekkuchcinski.pl\/wp-content\/uploads\/2016\/11\/1-img154.jpg\" alt=\"1-img154\" width=\"731\" height=\"488\" srcset=\"https:\/\/marekkuchcinski.pl\/wp-content\/uploads\/2016\/11\/1-img154.jpg 590w, https:\/\/marekkuchcinski.pl\/wp-content\/uploads\/2016\/11\/1-img154-300x200.jpg 300w\" sizes=\"(max-width: 731px) 100vw, 731px\" \/><\/a><\/p>\n<p><a href=\"https:\/\/marekkuchcinski.pl\/wp-content\/uploads\/2016\/11\/1-ded-001.jpg\"><img decoding=\"async\" class=\"alignnone wp-image-4501\" src=\"https:\/\/marekkuchcinski.pl\/wp-content\/uploads\/2016\/11\/1-ded-001.jpg\" alt=\"1-ded-001\" width=\"719\" height=\"661\" srcset=\"https:\/\/marekkuchcinski.pl\/wp-content\/uploads\/2016\/11\/1-ded-001.jpg 372w, https:\/\/marekkuchcinski.pl\/wp-content\/uploads\/2016\/11\/1-ded-001-300x276.jpg 300w\" sizes=\"(max-width: 719px) 100vw, 719px\" \/><\/a><\/p>","protected":false},"excerpt":{"rendered":"<p>\u2013 \u017byczliwo\u015b\u0107 i otwarto\u015b\u0107, determinacja i odwaga, osobiste zaanga\u017cowanie i niezliczane inicjatywy Ksi\u0119dza Proboszcza, a przede wszystkim dobre serce sprawi\u0142y. \u017ce czasy PRL-u dla rolnik\u00f3w oraz opozycji demokratycznej by\u0142y mniej mroczne. Osobi\u015bcie mog\u0119 za\u015bwiadczy\u0107, \u017ce w Krasiczynie na plebanii ta opozycja rozwija\u0142a si\u0119 znakomicie \u2013 wspomina Ksi\u0119dza pra\u0142ata marsza\u0142ek Marek Kuchci\u0144ski. Obchodz\u0105cy 80. urodziny duszpasterz\u00a0spotka\u0142 [&hellip;]<\/p>\n","protected":false},"author":6,"featured_media":4500,"comment_status":"open","ping_status":"open","sticky":false,"template":"","format":"standard","meta":{"ngg_post_thumbnail":0,"footnotes":""},"categories":[49,3],"tags":[],"class_list":["post-4499","post","type-post","status-publish","format-standard","has-post-thumbnail","hentry","category-podkarpacie","category-wydarzenia"],"_links":{"self":[{"href":"https:\/\/marekkuchcinski.pl\/sk\/wp-json\/wp\/v2\/posts\/4499","targetHints":{"allow":["GET"]}}],"collection":[{"href":"https:\/\/marekkuchcinski.pl\/sk\/wp-json\/wp\/v2\/posts"}],"about":[{"href":"https:\/\/marekkuchcinski.pl\/sk\/wp-json\/wp\/v2\/types\/post"}],"author":[{"embeddable":true,"href":"https:\/\/marekkuchcinski.pl\/sk\/wp-json\/wp\/v2\/users\/6"}],"replies":[{"embeddable":true,"href":"https:\/\/marekkuchcinski.pl\/sk\/wp-json\/wp\/v2\/comments?post=4499"}],"version-history":[{"count":3,"href":"https:\/\/marekkuchcinski.pl\/sk\/wp-json\/wp\/v2\/posts\/4499\/revisions"}],"predecessor-version":[{"id":4508,"href":"https:\/\/marekkuchcinski.pl\/sk\/wp-json\/wp\/v2\/posts\/4499\/revisions\/4508"}],"wp:featuredmedia":[{"embeddable":true,"href":"https:\/\/marekkuchcinski.pl\/sk\/wp-json\/wp\/v2\/media\/4500"}],"wp:attachment":[{"href":"https:\/\/marekkuchcinski.pl\/sk\/wp-json\/wp\/v2\/media?parent=4499"}],"wp:term":[{"taxonomy":"category","embeddable":true,"href":"https:\/\/marekkuchcinski.pl\/sk\/wp-json\/wp\/v2\/categories?post=4499"},{"taxonomy":"post_tag","embeddable":true,"href":"https:\/\/marekkuchcinski.pl\/sk\/wp-json\/wp\/v2\/tags?post=4499"}],"curies":[{"name":"wp","href":"https:\/\/api.w.org\/{rel}","templated":true}]}}