{"id":4405,"date":"2016-11-08T11:57:51","date_gmt":"2016-11-08T10:57:51","guid":{"rendered":"https:\/\/marekkuchcinski.pl\/?p=4405"},"modified":"2016-11-08T12:32:18","modified_gmt":"2016-11-08T11:32:18","slug":"via-carpatia-wielka-szansa-dla-polski-europy","status":"publish","type":"post","link":"https:\/\/marekkuchcinski.pl\/sk\/wydarzenia\/via-carpatia-wielka-szansa-dla-polski-europy\/","title":{"rendered":"Via Carpatia - ve\u013ek\u00e1 pr\u00edle\u017eitos\u0165 pre Po\u013esko a Eur\u00f3pu"},"content":{"rendered":"<p>Via Carpatia je pr\u00edle\u017eitos\u0165ou pre Podkarpatsko, ale aj pre cel\u00e9 Po\u013esko a stredn\u00fa a v\u00fdchodn\u00fa Eur\u00f3pu, povedala premi\u00e9rka Beata Szyd\u0142o po\u010das konferencie \"10 rokov \u0141a\u0144cutskej deklar\u00e1cie - Via Carpatia dnes, v\u00fdzvy do bud\u00facnosti\" v \u0141a\u0144cute. - Je to trasa, ktor\u00e1 m\u00e1 mimoriadne d\u00f4le\u017eit\u00fd a strategick\u00fd v\u00fdznam, - dodala.<\/p>\n<p>- Chceme, aby sa stredn\u00e1 a v\u00fdchodn\u00e1 Eur\u00f3pa otvorila svetu a rozv\u00edjala sa, preto\u017ee dobre rozvinut\u00e1 stredn\u00e1 a v\u00fdchodn\u00e1 Eur\u00f3pa je tie\u017e z\u00e1rukou v\u00e4\u010d\u0161ej bezpe\u010dnosti regi\u00f3nu. (...) Som presved\u010den\u00e1, \u017ee Via Carpatia bude ma\u0165 strategick\u00fd v\u00fdznam pre eur\u00f3psku politiku - povedala premi\u00e9rka Szyd\u0142o.<\/p>\n<p>Minister infra\u0161trukt\u00fary a v\u00fdstavby Andrzej Adamczyk poznamenal, \u017ee projekt Via Carpatia je jedn\u00fdm z najd\u00f4le\u017eitej\u0161\u00edch v Eur\u00f3pe.<\/p>\n<p>- Chceme, aby sa ot\u00e1zka Via Carpatia stala \u017eivou t\u00e9mou na n\u00e1rodnom a eur\u00f3pskom f\u00f3re. Ide o jeden z najd\u00f4le\u017eitej\u0161\u00edch dopravn\u00fdch projektov pre Po\u013esko a Eur\u00f3pu - povedal.<\/p>\n<p>Na konferencii sa z\u00fa\u010dastnil aj europoslanec Tomasz Por\u0119ba.<\/p>\n<p>- Cesta Via Carpatia by mala by\u0165 zaraden\u00e1 medzi strategick\u00e9 cesty Eur\u00f3pskej \u00fanie. (...) Financovanie tohto projektu je zabezpe\u010den\u00e9. M\u00e1me podporu vl\u00e1d kraj\u00edn okolo Via Carpatia, Eur\u00f3pskej rady a Eur\u00f3pskeho parlamentu. (...) Som presved\u010den\u00fd, \u017ee cesta Via Carpatia bude postaven\u00e1. Chcel by som sa po\u010fakova\u0165 v\u0161etk\u00fdm, ktor\u00ed do nej prispievaj\u00fa, - zd\u00f4raznil.<\/p>\n<p>- Projekt Via Carpatia sa kone\u010dne stal vlajkov\u00fdm projektom po\u013eskej vl\u00e1dy. Pre Po\u013esko je to obrovsk\u00e1 v\u00fdzva, ale aj \u0161anca na vyrovnanie rozvojov\u00fdch pr\u00edle\u017eitost\u00ed - povedal poslanec Por\u0119ba.<\/p>\n<p><em>text: pis.org<\/em><\/p>\n<p><a href=\"https:\/\/marekkuchcinski.pl\/wp-content\/uploads\/2016\/11\/30207163464_7ac8973707_o-1.jpg\"><img fetchpriority=\"high\" decoding=\"async\" class=\"alignnone size-full wp-image-4409\" src=\"https:\/\/marekkuchcinski.pl\/wp-content\/uploads\/2016\/11\/30207163464_7ac8973707_o-1.jpg\" alt=\"30207163464_7ac8973707_o\" width=\"996\" height=\"664\" srcset=\"https:\/\/marekkuchcinski.pl\/wp-content\/uploads\/2016\/11\/30207163464_7ac8973707_o-1.jpg 996w, https:\/\/marekkuchcinski.pl\/wp-content\/uploads\/2016\/11\/30207163464_7ac8973707_o-1-300x200.jpg 300w, https:\/\/marekkuchcinski.pl\/wp-content\/uploads\/2016\/11\/30207163464_7ac8973707_o-1-768x512.jpg 768w\" sizes=\"(max-width: 996px) 100vw, 996px\" \/><\/a><\/p>\n<p>Na Ministerstve infra\u0161trukt\u00fary a v\u00fdstavby sa 3. marca konala medzin\u00e1rodn\u00e1 konferencia o realiz\u00e1cii rozvoja cestnej trasy Via Carpatia. Z\u00e1stupcovia \u010ceskej republiky, Gr\u00e9cka, Litvy, Ma\u010farska, Po\u013eska, Slovenska, Turecka a Ukrajiny podp\u00edsali deklar\u00e1ciu o posilnen\u00ed spolupr\u00e1ce v karpatskom regi\u00f3ne a realiz\u00e1cii projektu Via Carpatia.<br \/>\n- Nastal \u010das, ke\u010f sa sny kone\u010dne premenia na skutky,\" povedal vtedaj\u0161\u00ed predseda Sejmu Marek Kuchci\u0144ski.<\/p>\n<p><a href=\"https:\/\/marekkuchcinski.pl\/wp-content\/uploads\/2016\/11\/via-Mk.jpg\"><img decoding=\"async\" class=\"alignnone size-full wp-image-4412\" src=\"https:\/\/marekkuchcinski.pl\/wp-content\/uploads\/2016\/11\/via-Mk.jpg\" alt=\"via-mk\" width=\"800\" height=\"450\" srcset=\"https:\/\/marekkuchcinski.pl\/wp-content\/uploads\/2016\/11\/via-Mk.jpg 800w, https:\/\/marekkuchcinski.pl\/wp-content\/uploads\/2016\/11\/via-Mk-300x169.jpg 300w, https:\/\/marekkuchcinski.pl\/wp-content\/uploads\/2016\/11\/via-Mk-768x432.jpg 768w\" sizes=\"(max-width: 800px) 100vw, 800px\" \/><\/a><\/p>\n<p>&nbsp;<\/p>","protected":false},"excerpt":{"rendered":"<p>Via Carpatia jest szans\u0105 dla regionu podkarpackiego, ale tak\u017ce dla ca\u0142ej Polski i Europy \u015arodkowo-Wschodniej &#8211; powiedzia\u0142a Premier Beata Szyd\u0142o podczas konferencji \u201e10 lat Deklaracji \u0141a\u0144cuckiej &#8211; Via Carpatia dzi\u015b, wyzwania na przysz\u0142o\u015b\u0107\u201d w \u0141a\u0144cucie. &#8211; Jest szlakiem, kt\u00f3ry ma niezwykle wa\u017cne i strategiczne znaczenie &#8211; doda\u0142a. &#8211; Chcemy, by Europa \u015arodkowo-Wschodnia otworzy\u0142a si\u0119 na [&hellip;]<\/p>\n","protected":false},"author":6,"featured_media":4406,"comment_status":"open","ping_status":"open","sticky":false,"template":"","format":"standard","meta":{"ngg_post_thumbnail":0,"footnotes":""},"categories":[49,82,50,3],"tags":[],"class_list":["post-4405","post","type-post","status-publish","format-standard","has-post-thumbnail","hentry","category-podkarpacie","category-prawo-i-sprawiedliwosc","category-wspolpraca-miedzynarodowa","category-wydarzenia"],"_links":{"self":[{"href":"https:\/\/marekkuchcinski.pl\/sk\/wp-json\/wp\/v2\/posts\/4405","targetHints":{"allow":["GET"]}}],"collection":[{"href":"https:\/\/marekkuchcinski.pl\/sk\/wp-json\/wp\/v2\/posts"}],"about":[{"href":"https:\/\/marekkuchcinski.pl\/sk\/wp-json\/wp\/v2\/types\/post"}],"author":[{"embeddable":true,"href":"https:\/\/marekkuchcinski.pl\/sk\/wp-json\/wp\/v2\/users\/6"}],"replies":[{"embeddable":true,"href":"https:\/\/marekkuchcinski.pl\/sk\/wp-json\/wp\/v2\/comments?post=4405"}],"version-history":[{"count":3,"href":"https:\/\/marekkuchcinski.pl\/sk\/wp-json\/wp\/v2\/posts\/4405\/revisions"}],"predecessor-version":[{"id":4413,"href":"https:\/\/marekkuchcinski.pl\/sk\/wp-json\/wp\/v2\/posts\/4405\/revisions\/4413"}],"wp:featuredmedia":[{"embeddable":true,"href":"https:\/\/marekkuchcinski.pl\/sk\/wp-json\/wp\/v2\/media\/4406"}],"wp:attachment":[{"href":"https:\/\/marekkuchcinski.pl\/sk\/wp-json\/wp\/v2\/media?parent=4405"}],"wp:term":[{"taxonomy":"category","embeddable":true,"href":"https:\/\/marekkuchcinski.pl\/sk\/wp-json\/wp\/v2\/categories?post=4405"},{"taxonomy":"post_tag","embeddable":true,"href":"https:\/\/marekkuchcinski.pl\/sk\/wp-json\/wp\/v2\/tags?post=4405"}],"curies":[{"name":"wp","href":"https:\/\/api.w.org\/{rel}","templated":true}]}}