{"id":438,"date":"2014-02-26T14:36:51","date_gmt":"2014-02-26T13:36:51","guid":{"rendered":"https:\/\/marekkuchcinski.pl\/?p=438"},"modified":"2016-08-25T16:58:47","modified_gmt":"2016-08-25T14:58:47","slug":"otwarte-mistrzostwa-sp-nr-1-w-lyzwiarstwie-szybkim-pod-honorowym-patronatem-wicemarszalka-sejmu-rp-marka-kuchcinskiego","status":"publish","type":"post","link":"https:\/\/marekkuchcinski.pl\/sk\/wydarzenia\/otwarte-mistrzostwa-sp-nr-1-w-lyzwiarstwie-szybkim-pod-honorowym-patronatem-wicemarszalka-sejmu-rp-marka-kuchcinskiego\/","title":{"rendered":"Otvoren\u00e9 majstrovstv\u00e1 Z\u00e1kladnej \u0161koly \u010d. 1 v r\u00fdchlokor\u010du\u013eovan\u00ed pod \u010destnou z\u00e1\u0161titou podpredsedu Sejmu Mareka Kuchci\u0144sk\u00e9ho"},"content":{"rendered":"<p><img decoding=\"async\" class=\"alignleft size-full wp-image-437\" src=\"https:\/\/marekkuchcinski.pl\/wp-content\/uploads\/2014\/02\/otwarte_mistrzostwa_SP1.JPG\" width=\"160\" height=\"71\" alt=\"otwarte mistrzostwa SP1\" style=\"float: left;\" srcset=\"https:\/\/marekkuchcinski.pl\/wp-content\/uploads\/2014\/02\/otwarte_mistrzostwa_SP1.JPG 1000w, https:\/\/marekkuchcinski.pl\/wp-content\/uploads\/2014\/02\/otwarte_mistrzostwa_SP1-300x134.jpg 300w, https:\/\/marekkuchcinski.pl\/wp-content\/uploads\/2014\/02\/otwarte_mistrzostwa_SP1-768x343.jpg 768w\" sizes=\"(max-width: 160px) 100vw, 160px\" \/>V piatok 21. febru\u00e1ra 2014 sa na mestskom zimnom \u0161tadi\u00f3ne v Przemy\u015bli uskuto\u010dnili 6. otvoren\u00e9 majstrovstv\u00e1 o poh\u00e1r riadite\u013ea Z\u00e1kladnej \u0161koly \u010d. 1 v r\u00fdchlokor\u010du\u013eovan\u00ed, nad ktor\u00fdmi prevzali \u010destn\u00fa z\u00e1\u0161titu podpredseda po\u013esk\u00e9ho parlamentu Marek Kuchci\u0144ski a prezident mesta Przemy\u015bl Robert Choma. S\u00fa\u0165a\u017ee sa z\u00fa\u010dastnilo 112 \u0161tudentov. Vysok\u00e1 \u00fa\u010das\u0165 uk\u00e1zala, ak\u00fd ve\u013ek\u00fd je z\u00e1ujem o kor\u010du\u013eovanie a \u017ee t\u00e1to s\u00fa\u0165a\u017e m\u00e1 mimoriadny v\u00fdznam.<\/p>\n<p>  <!--more-->  <\/p>\n<p>S\u00fa\u0165a\u017ee sa z\u00fa\u010dastnili tieto vekov\u00e9 kateg\u00f3rie: triedy I-II, potom III-IV a nakoniec V-VI.<\/p>\n<p>V\u00ed\u0165azi boli odmenen\u00ed medailami, poh\u00e1rmi a vecn\u00fdmi cenami, ktor\u00e9 okrem in\u00e9ho financoval podpredseda Sejmu Marek Kuchci\u0144ski.<\/p>\n<p>Vzh\u013eadom na zasadnutie po\u013esk\u00e9ho parlamentu, ktor\u00e9 sa konalo v ten de\u0148, v mene podpredsedu parlamentu odovzdal ocenenia W\u0142adys\u0142aw Bukowski, radn\u00fd mestskej rady v Przemy\u015bli.<\/p>","protected":false},"excerpt":{"rendered":"<p>W pi\u0105tek 21 lutego 2014 r. na lodowisku miejskim w Przemy\u015blu odby\u0142y si\u0119 ju\u017c VI Otwarte Mistrzostwa o&nbsp;Puchar Dyrektora Szko\u0142y Podstawowej nr 1 w \u0142y\u017cwiarstwie szybkim pod honorowym patronatem Wicemarsza\u0142ka na Sejm RP Marka Kuchci\u0144skiego, oraz Prezydenta Miasta Przemy\u015bla Roberta Chomy. W zawodach wzi\u0119\u0142o udzia\u0142 112 uczni\u00f3w. Du\u017ca frekwencja pokaza\u0142a jak du\u017cym zainteresowaniem cieszy si\u0119 [&hellip;]<\/p>","protected":false},"author":6,"featured_media":437,"comment_status":"open","ping_status":"open","sticky":false,"template":"","format":"standard","meta":{"ngg_post_thumbnail":0,"footnotes":""},"categories":[3],"tags":[],"class_list":["post-438","post","type-post","status-publish","format-standard","has-post-thumbnail","hentry","category-wydarzenia"],"yoast_head":"<!-- This site is optimized with the Yoast SEO plugin v24.7 - https:\/\/yoast.com\/wordpress\/plugins\/seo\/ -->\n<title>Otwarte Mistrzostwa SP nr 1 w \u0142y\u017cwiarstwie szybkim pod honorowym patronatem wicemarsza\u0142ka Sejmu RP Marka Kuchci\u0144skiego &#8211; Marek Kuchci\u0144ski<\/title>\n<meta name=\"robots\" content=\"index, follow, max-snippet:-1, max-image-preview:large, max-video-preview:-1\" \/>\n<link rel=\"canonical\" href=\"https:\/\/marekkuchcinski.pl\/sk\/wydarzenia\/otwarte-mistrzostwa-sp-nr-1-w-lyzwiarstwie-szybkim-pod-honorowym-patronatem-wicemarszalka-sejmu-rp-marka-kuchcinskiego\/\" \/>\n<meta property=\"og:locale\" content=\"sk_SK\" \/>\n<meta property=\"og:type\" content=\"article\" \/>\n<meta property=\"og:title\" content=\"Otwarte Mistrzostwa SP nr 1 w \u0142y\u017cwiarstwie szybkim pod honorowym patronatem wicemarsza\u0142ka Sejmu RP Marka Kuchci\u0144skiego &#8211; Marek Kuchci\u0144ski\" \/>\n<meta property=\"og:description\" content=\"W pi\u0105tek 21 lutego 2014 r. na lodowisku miejskim w Przemy\u015blu odby\u0142y si\u0119 ju\u017c VI Otwarte Mistrzostwa o&nbsp;Puchar Dyrektora Szko\u0142y Podstawowej nr 1 w \u0142y\u017cwiarstwie szybkim pod honorowym patronatem Wicemarsza\u0142ka na Sejm RP Marka Kuchci\u0144skiego, oraz Prezydenta Miasta Przemy\u015bla Roberta Chomy. W zawodach wzi\u0119\u0142o udzia\u0142 112 uczni\u00f3w. Du\u017ca frekwencja pokaza\u0142a jak du\u017cym zainteresowaniem cieszy si\u0119 [&hellip;]\" \/>\n<meta property=\"og:url\" content=\"https:\/\/marekkuchcinski.pl\/sk\/wydarzenia\/otwarte-mistrzostwa-sp-nr-1-w-lyzwiarstwie-szybkim-pod-honorowym-patronatem-wicemarszalka-sejmu-rp-marka-kuchcinskiego\/\" \/>\n<meta property=\"og:site_name\" content=\"Marek Kuchci\u0144ski\" \/>\n<meta property=\"article:published_time\" content=\"2014-02-26T13:36:51+00:00\" \/>\n<meta property=\"article:modified_time\" content=\"2016-08-25T14:58:47+00:00\" \/>\n<meta property=\"og:image\" content=\"https:\/\/marekkuchcinski.pl\/wp-content\/uploads\/2014\/02\/otwarte_mistrzostwa_SP1.JPG\" \/>\n\t<meta property=\"og:image:width\" content=\"1000\" \/>\n\t<meta property=\"og:image:height\" content=\"446\" \/>\n\t<meta property=\"og:image:type\" content=\"image\/jpeg\" \/>\n<meta name=\"author\" content=\"admin\" \/>\n<meta name=\"twitter:card\" content=\"summary_large_image\" \/>\n<meta name=\"twitter:label1\" content=\"Autor\" \/>\n\t<meta name=\"twitter:data1\" content=\"admin\" \/>\n\t<meta name=\"twitter:label2\" content=\"Predpokladan\u00fd \u010das \u010d\u00edtania\" \/>\n\t<meta name=\"twitter:data2\" content=\"1 min\u00fata\" \/>\n<script type=\"application\/ld+json\" class=\"yoast-schema-graph\">{\"@context\":\"https:\/\/schema.org\",\"@graph\":[{\"@type\":\"Article\",\"@id\":\"https:\/\/marekkuchcinski.pl\/cs\/wydarzenia\/otwarte-mistrzostwa-sp-nr-1-w-lyzwiarstwie-szybkim-pod-honorowym-patronatem-wicemarszalka-sejmu-rp-marka-kuchcinskiego\/#article\",\"isPartOf\":{\"@id\":\"https:\/\/marekkuchcinski.pl\/cs\/wydarzenia\/otwarte-mistrzostwa-sp-nr-1-w-lyzwiarstwie-szybkim-pod-honorowym-patronatem-wicemarszalka-sejmu-rp-marka-kuchcinskiego\/\"},\"author\":{\"name\":\"admin\",\"@id\":\"https:\/\/marekkuchcinski.pl\/#\/schema\/person\/6f62700996b4d950b6ea2d1183b6c6be\"},\"headline\":\"Otwarte Mistrzostwa SP nr 1 w \u0142y\u017cwiarstwie szybkim pod honorowym patronatem wicemarsza\u0142ka Sejmu RP Marka Kuchci\u0144skiego\",\"datePublished\":\"2014-02-26T13:36:51+00:00\",\"dateModified\":\"2016-08-25T14:58:47+00:00\",\"mainEntityOfPage\":{\"@id\":\"https:\/\/marekkuchcinski.pl\/cs\/wydarzenia\/otwarte-mistrzostwa-sp-nr-1-w-lyzwiarstwie-szybkim-pod-honorowym-patronatem-wicemarszalka-sejmu-rp-marka-kuchcinskiego\/\"},\"wordCount\":162,\"commentCount\":0,\"publisher\":{\"@id\":\"https:\/\/marekkuchcinski.pl\/#organization\"},\"image\":{\"@id\":\"https:\/\/marekkuchcinski.pl\/cs\/wydarzenia\/otwarte-mistrzostwa-sp-nr-1-w-lyzwiarstwie-szybkim-pod-honorowym-patronatem-wicemarszalka-sejmu-rp-marka-kuchcinskiego\/#primaryimage\"},\"thumbnailUrl\":\"https:\/\/marekkuchcinski.pl\/wp-content\/uploads\/2014\/02\/otwarte_mistrzostwa_SP1.JPG\",\"articleSection\":[\"Wydarzenia\"],\"inLanguage\":\"sk-SK\",\"potentialAction\":[{\"@type\":\"CommentAction\",\"name\":\"Comment\",\"target\":[\"https:\/\/marekkuchcinski.pl\/cs\/wydarzenia\/otwarte-mistrzostwa-sp-nr-1-w-lyzwiarstwie-szybkim-pod-honorowym-patronatem-wicemarszalka-sejmu-rp-marka-kuchcinskiego\/#respond\"]}]},{\"@type\":\"WebPage\",\"@id\":\"https:\/\/marekkuchcinski.pl\/cs\/wydarzenia\/otwarte-mistrzostwa-sp-nr-1-w-lyzwiarstwie-szybkim-pod-honorowym-patronatem-wicemarszalka-sejmu-rp-marka-kuchcinskiego\/\",\"url\":\"https:\/\/marekkuchcinski.pl\/cs\/wydarzenia\/otwarte-mistrzostwa-sp-nr-1-w-lyzwiarstwie-szybkim-pod-honorowym-patronatem-wicemarszalka-sejmu-rp-marka-kuchcinskiego\/\",\"name\":\"Otwarte Mistrzostwa SP nr 1 w \u0142y\u017cwiarstwie szybkim pod honorowym patronatem wicemarsza\u0142ka Sejmu RP Marka Kuchci\u0144skiego &#8211; Marek Kuchci\u0144ski\",\"isPartOf\":{\"@id\":\"https:\/\/marekkuchcinski.pl\/#website\"},\"primaryImageOfPage\":{\"@id\":\"https:\/\/marekkuchcinski.pl\/cs\/wydarzenia\/otwarte-mistrzostwa-sp-nr-1-w-lyzwiarstwie-szybkim-pod-honorowym-patronatem-wicemarszalka-sejmu-rp-marka-kuchcinskiego\/#primaryimage\"},\"image\":{\"@id\":\"https:\/\/marekkuchcinski.pl\/cs\/wydarzenia\/otwarte-mistrzostwa-sp-nr-1-w-lyzwiarstwie-szybkim-pod-honorowym-patronatem-wicemarszalka-sejmu-rp-marka-kuchcinskiego\/#primaryimage\"},\"thumbnailUrl\":\"https:\/\/marekkuchcinski.pl\/wp-content\/uploads\/2014\/02\/otwarte_mistrzostwa_SP1.JPG\",\"datePublished\":\"2014-02-26T13:36:51+00:00\",\"dateModified\":\"2016-08-25T14:58:47+00:00\",\"breadcrumb\":{\"@id\":\"https:\/\/marekkuchcinski.pl\/cs\/wydarzenia\/otwarte-mistrzostwa-sp-nr-1-w-lyzwiarstwie-szybkim-pod-honorowym-patronatem-wicemarszalka-sejmu-rp-marka-kuchcinskiego\/#breadcrumb\"},\"inLanguage\":\"sk-SK\",\"potentialAction\":[{\"@type\":\"ReadAction\",\"target\":[\"https:\/\/marekkuchcinski.pl\/cs\/wydarzenia\/otwarte-mistrzostwa-sp-nr-1-w-lyzwiarstwie-szybkim-pod-honorowym-patronatem-wicemarszalka-sejmu-rp-marka-kuchcinskiego\/\"]}]},{\"@type\":\"ImageObject\",\"inLanguage\":\"sk-SK\",\"@id\":\"https:\/\/marekkuchcinski.pl\/cs\/wydarzenia\/otwarte-mistrzostwa-sp-nr-1-w-lyzwiarstwie-szybkim-pod-honorowym-patronatem-wicemarszalka-sejmu-rp-marka-kuchcinskiego\/#primaryimage\",\"url\":\"https:\/\/marekkuchcinski.pl\/wp-content\/uploads\/2014\/02\/otwarte_mistrzostwa_SP1.JPG\",\"contentUrl\":\"https:\/\/marekkuchcinski.pl\/wp-content\/uploads\/2014\/02\/otwarte_mistrzostwa_SP1.JPG\",\"width\":1000,\"height\":446,\"caption\":\"otwarte mistrzostwa SP1\"},{\"@type\":\"BreadcrumbList\",\"@id\":\"https:\/\/marekkuchcinski.pl\/cs\/wydarzenia\/otwarte-mistrzostwa-sp-nr-1-w-lyzwiarstwie-szybkim-pod-honorowym-patronatem-wicemarszalka-sejmu-rp-marka-kuchcinskiego\/#breadcrumb\",\"itemListElement\":[{\"@type\":\"ListItem\",\"position\":1,\"name\":\"Strona g\u0142\u00f3wna\",\"item\":\"https:\/\/marekkuchcinski.pl\/\"},{\"@type\":\"ListItem\",\"position\":2,\"name\":\"Otwarte Mistrzostwa SP nr 1 w \u0142y\u017cwiarstwie szybkim pod honorowym patronatem wicemarsza\u0142ka Sejmu RP Marka Kuchci\u0144skiego\"}]},{\"@type\":\"WebSite\",\"@id\":\"https:\/\/marekkuchcinski.pl\/#website\",\"url\":\"https:\/\/marekkuchcinski.pl\/\",\"name\":\"Marek Kuchci\u0144ski\",\"description\":\"Pose\u0142 na sejm RP &ndash; okr\u0119g nr 22\",\"publisher\":{\"@id\":\"https:\/\/marekkuchcinski.pl\/#organization\"},\"potentialAction\":[{\"@type\":\"SearchAction\",\"target\":{\"@type\":\"EntryPoint\",\"urlTemplate\":\"https:\/\/marekkuchcinski.pl\/?s={search_term_string}\"},\"query-input\":{\"@type\":\"PropertyValueSpecification\",\"valueRequired\":true,\"valueName\":\"search_term_string\"}}],\"inLanguage\":\"sk-SK\"},{\"@type\":\"Organization\",\"@id\":\"https:\/\/marekkuchcinski.pl\/#organization\",\"name\":\"Marek Kuchci\u0144ski\",\"url\":\"https:\/\/marekkuchcinski.pl\/\",\"logo\":{\"@type\":\"ImageObject\",\"inLanguage\":\"sk-SK\",\"@id\":\"https:\/\/marekkuchcinski.pl\/#\/schema\/logo\/image\/\",\"url\":\"https:\/\/marekkuchcinski.pl\/wp-content\/uploads\/2022\/09\/Marek.jpg\",\"contentUrl\":\"https:\/\/marekkuchcinski.pl\/wp-content\/uploads\/2022\/09\/Marek.jpg\",\"width\":1600,\"height\":971,\"caption\":\"Marek Kuchci\u0144ski\"},\"image\":{\"@id\":\"https:\/\/marekkuchcinski.pl\/#\/schema\/logo\/image\/\"}},{\"@type\":\"Person\",\"@id\":\"https:\/\/marekkuchcinski.pl\/#\/schema\/person\/6f62700996b4d950b6ea2d1183b6c6be\",\"name\":\"admin\",\"image\":{\"@type\":\"ImageObject\",\"inLanguage\":\"sk-SK\",\"@id\":\"https:\/\/marekkuchcinski.pl\/#\/schema\/person\/image\/\",\"url\":\"https:\/\/secure.gravatar.com\/avatar\/4bab693b9d55c3d6b52c0296a8765085?s=96&d=mm&r=g\",\"contentUrl\":\"https:\/\/secure.gravatar.com\/avatar\/4bab693b9d55c3d6b52c0296a8765085?s=96&d=mm&r=g\",\"caption\":\"admin\"},\"url\":\"https:\/\/marekkuchcinski.pl\/sk\/author\/marta-olejnik\/\"}]}<\/script>\n<!-- \/ Yoast SEO plugin. -->","yoast_head_json":{"title":"Otwarte Mistrzostwa SP nr 1 w \u0142y\u017cwiarstwie szybkim pod honorowym patronatem wicemarsza\u0142ka Sejmu RP Marka Kuchci\u0144skiego &#8211; Marek Kuchci\u0144ski","robots":{"index":"index","follow":"follow","max-snippet":"max-snippet:-1","max-image-preview":"max-image-preview:large","max-video-preview":"max-video-preview:-1"},"canonical":"https:\/\/marekkuchcinski.pl\/sk\/wydarzenia\/otwarte-mistrzostwa-sp-nr-1-w-lyzwiarstwie-szybkim-pod-honorowym-patronatem-wicemarszalka-sejmu-rp-marka-kuchcinskiego\/","og_locale":"sk_SK","og_type":"article","og_title":"Otwarte Mistrzostwa SP nr 1 w \u0142y\u017cwiarstwie szybkim pod honorowym patronatem wicemarsza\u0142ka Sejmu RP Marka Kuchci\u0144skiego &#8211; Marek Kuchci\u0144ski","og_description":"W pi\u0105tek 21 lutego 2014 r. na lodowisku miejskim w Przemy\u015blu odby\u0142y si\u0119 ju\u017c VI Otwarte Mistrzostwa o&nbsp;Puchar Dyrektora Szko\u0142y Podstawowej nr 1 w \u0142y\u017cwiarstwie szybkim pod honorowym patronatem Wicemarsza\u0142ka na Sejm RP Marka Kuchci\u0144skiego, oraz Prezydenta Miasta Przemy\u015bla Roberta Chomy. W zawodach wzi\u0119\u0142o udzia\u0142 112 uczni\u00f3w. Du\u017ca frekwencja pokaza\u0142a jak du\u017cym zainteresowaniem cieszy si\u0119 [&hellip;]","og_url":"https:\/\/marekkuchcinski.pl\/sk\/wydarzenia\/otwarte-mistrzostwa-sp-nr-1-w-lyzwiarstwie-szybkim-pod-honorowym-patronatem-wicemarszalka-sejmu-rp-marka-kuchcinskiego\/","og_site_name":"Marek Kuchci\u0144ski","article_published_time":"2014-02-26T13:36:51+00:00","article_modified_time":"2016-08-25T14:58:47+00:00","og_image":[{"width":1000,"height":446,"url":"https:\/\/marekkuchcinski.pl\/wp-content\/uploads\/2014\/02\/otwarte_mistrzostwa_SP1.JPG","type":"image\/jpeg"}],"author":"admin","twitter_card":"summary_large_image","twitter_misc":{"Autor":"admin","Predpokladan\u00fd \u010das \u010d\u00edtania":"1 min\u00fata"},"schema":{"@context":"https:\/\/schema.org","@graph":[{"@type":"Article","@id":"https:\/\/marekkuchcinski.pl\/cs\/wydarzenia\/otwarte-mistrzostwa-sp-nr-1-w-lyzwiarstwie-szybkim-pod-honorowym-patronatem-wicemarszalka-sejmu-rp-marka-kuchcinskiego\/#article","isPartOf":{"@id":"https:\/\/marekkuchcinski.pl\/cs\/wydarzenia\/otwarte-mistrzostwa-sp-nr-1-w-lyzwiarstwie-szybkim-pod-honorowym-patronatem-wicemarszalka-sejmu-rp-marka-kuchcinskiego\/"},"author":{"name":"admin","@id":"https:\/\/marekkuchcinski.pl\/#\/schema\/person\/6f62700996b4d950b6ea2d1183b6c6be"},"headline":"Otwarte Mistrzostwa SP nr 1 w \u0142y\u017cwiarstwie szybkim pod honorowym patronatem wicemarsza\u0142ka Sejmu RP Marka Kuchci\u0144skiego","datePublished":"2014-02-26T13:36:51+00:00","dateModified":"2016-08-25T14:58:47+00:00","mainEntityOfPage":{"@id":"https:\/\/marekkuchcinski.pl\/cs\/wydarzenia\/otwarte-mistrzostwa-sp-nr-1-w-lyzwiarstwie-szybkim-pod-honorowym-patronatem-wicemarszalka-sejmu-rp-marka-kuchcinskiego\/"},"wordCount":162,"commentCount":0,"publisher":{"@id":"https:\/\/marekkuchcinski.pl\/#organization"},"image":{"@id":"https:\/\/marekkuchcinski.pl\/cs\/wydarzenia\/otwarte-mistrzostwa-sp-nr-1-w-lyzwiarstwie-szybkim-pod-honorowym-patronatem-wicemarszalka-sejmu-rp-marka-kuchcinskiego\/#primaryimage"},"thumbnailUrl":"https:\/\/marekkuchcinski.pl\/wp-content\/uploads\/2014\/02\/otwarte_mistrzostwa_SP1.JPG","articleSection":["Wydarzenia"],"inLanguage":"sk-SK","potentialAction":[{"@type":"CommentAction","name":"Comment","target":["https:\/\/marekkuchcinski.pl\/cs\/wydarzenia\/otwarte-mistrzostwa-sp-nr-1-w-lyzwiarstwie-szybkim-pod-honorowym-patronatem-wicemarszalka-sejmu-rp-marka-kuchcinskiego\/#respond"]}]},{"@type":"WebPage","@id":"https:\/\/marekkuchcinski.pl\/cs\/wydarzenia\/otwarte-mistrzostwa-sp-nr-1-w-lyzwiarstwie-szybkim-pod-honorowym-patronatem-wicemarszalka-sejmu-rp-marka-kuchcinskiego\/","url":"https:\/\/marekkuchcinski.pl\/cs\/wydarzenia\/otwarte-mistrzostwa-sp-nr-1-w-lyzwiarstwie-szybkim-pod-honorowym-patronatem-wicemarszalka-sejmu-rp-marka-kuchcinskiego\/","name":"Otwarte Mistrzostwa SP nr 1 w \u0142y\u017cwiarstwie szybkim pod honorowym patronatem wicemarsza\u0142ka Sejmu RP Marka Kuchci\u0144skiego &#8211; Marek Kuchci\u0144ski","isPartOf":{"@id":"https:\/\/marekkuchcinski.pl\/#website"},"primaryImageOfPage":{"@id":"https:\/\/marekkuchcinski.pl\/cs\/wydarzenia\/otwarte-mistrzostwa-sp-nr-1-w-lyzwiarstwie-szybkim-pod-honorowym-patronatem-wicemarszalka-sejmu-rp-marka-kuchcinskiego\/#primaryimage"},"image":{"@id":"https:\/\/marekkuchcinski.pl\/cs\/wydarzenia\/otwarte-mistrzostwa-sp-nr-1-w-lyzwiarstwie-szybkim-pod-honorowym-patronatem-wicemarszalka-sejmu-rp-marka-kuchcinskiego\/#primaryimage"},"thumbnailUrl":"https:\/\/marekkuchcinski.pl\/wp-content\/uploads\/2014\/02\/otwarte_mistrzostwa_SP1.JPG","datePublished":"2014-02-26T13:36:51+00:00","dateModified":"2016-08-25T14:58:47+00:00","breadcrumb":{"@id":"https:\/\/marekkuchcinski.pl\/cs\/wydarzenia\/otwarte-mistrzostwa-sp-nr-1-w-lyzwiarstwie-szybkim-pod-honorowym-patronatem-wicemarszalka-sejmu-rp-marka-kuchcinskiego\/#breadcrumb"},"inLanguage":"sk-SK","potentialAction":[{"@type":"ReadAction","target":["https:\/\/marekkuchcinski.pl\/cs\/wydarzenia\/otwarte-mistrzostwa-sp-nr-1-w-lyzwiarstwie-szybkim-pod-honorowym-patronatem-wicemarszalka-sejmu-rp-marka-kuchcinskiego\/"]}]},{"@type":"ImageObject","inLanguage":"sk-SK","@id":"https:\/\/marekkuchcinski.pl\/cs\/wydarzenia\/otwarte-mistrzostwa-sp-nr-1-w-lyzwiarstwie-szybkim-pod-honorowym-patronatem-wicemarszalka-sejmu-rp-marka-kuchcinskiego\/#primaryimage","url":"https:\/\/marekkuchcinski.pl\/wp-content\/uploads\/2014\/02\/otwarte_mistrzostwa_SP1.JPG","contentUrl":"https:\/\/marekkuchcinski.pl\/wp-content\/uploads\/2014\/02\/otwarte_mistrzostwa_SP1.JPG","width":1000,"height":446,"caption":"otwarte mistrzostwa SP1"},{"@type":"BreadcrumbList","@id":"https:\/\/marekkuchcinski.pl\/cs\/wydarzenia\/otwarte-mistrzostwa-sp-nr-1-w-lyzwiarstwie-szybkim-pod-honorowym-patronatem-wicemarszalka-sejmu-rp-marka-kuchcinskiego\/#breadcrumb","itemListElement":[{"@type":"ListItem","position":1,"name":"Strona g\u0142\u00f3wna","item":"https:\/\/marekkuchcinski.pl\/"},{"@type":"ListItem","position":2,"name":"Otwarte Mistrzostwa SP nr 1 w \u0142y\u017cwiarstwie szybkim pod honorowym patronatem wicemarsza\u0142ka Sejmu RP Marka Kuchci\u0144skiego"}]},{"@type":"WebSite","@id":"https:\/\/marekkuchcinski.pl\/#website","url":"https:\/\/marekkuchcinski.pl\/","name":"Marek Kuchci\u0144ski","description":"Pose\u0142 na sejm RP &ndash; okr\u0119g nr 22","publisher":{"@id":"https:\/\/marekkuchcinski.pl\/#organization"},"potentialAction":[{"@type":"SearchAction","target":{"@type":"EntryPoint","urlTemplate":"https:\/\/marekkuchcinski.pl\/?s={search_term_string}"},"query-input":{"@type":"PropertyValueSpecification","valueRequired":true,"valueName":"search_term_string"}}],"inLanguage":"sk-SK"},{"@type":"Organization","@id":"https:\/\/marekkuchcinski.pl\/#organization","name":"Marek Kuchci\u0144ski","url":"https:\/\/marekkuchcinski.pl\/","logo":{"@type":"ImageObject","inLanguage":"sk-SK","@id":"https:\/\/marekkuchcinski.pl\/#\/schema\/logo\/image\/","url":"https:\/\/marekkuchcinski.pl\/wp-content\/uploads\/2022\/09\/Marek.jpg","contentUrl":"https:\/\/marekkuchcinski.pl\/wp-content\/uploads\/2022\/09\/Marek.jpg","width":1600,"height":971,"caption":"Marek Kuchci\u0144ski"},"image":{"@id":"https:\/\/marekkuchcinski.pl\/#\/schema\/logo\/image\/"}},{"@type":"Person","@id":"https:\/\/marekkuchcinski.pl\/#\/schema\/person\/6f62700996b4d950b6ea2d1183b6c6be","name":"admin","image":{"@type":"ImageObject","inLanguage":"sk-SK","@id":"https:\/\/marekkuchcinski.pl\/#\/schema\/person\/image\/","url":"https:\/\/secure.gravatar.com\/avatar\/4bab693b9d55c3d6b52c0296a8765085?s=96&d=mm&r=g","contentUrl":"https:\/\/secure.gravatar.com\/avatar\/4bab693b9d55c3d6b52c0296a8765085?s=96&d=mm&r=g","caption":"admin"},"url":"https:\/\/marekkuchcinski.pl\/sk\/author\/marta-olejnik\/"}]}},"_links":{"self":[{"href":"https:\/\/marekkuchcinski.pl\/sk\/wp-json\/wp\/v2\/posts\/438","targetHints":{"allow":["GET"]}}],"collection":[{"href":"https:\/\/marekkuchcinski.pl\/sk\/wp-json\/wp\/v2\/posts"}],"about":[{"href":"https:\/\/marekkuchcinski.pl\/sk\/wp-json\/wp\/v2\/types\/post"}],"author":[{"embeddable":true,"href":"https:\/\/marekkuchcinski.pl\/sk\/wp-json\/wp\/v2\/users\/6"}],"replies":[{"embeddable":true,"href":"https:\/\/marekkuchcinski.pl\/sk\/wp-json\/wp\/v2\/comments?post=438"}],"version-history":[{"count":1,"href":"https:\/\/marekkuchcinski.pl\/sk\/wp-json\/wp\/v2\/posts\/438\/revisions"}],"predecessor-version":[{"id":1438,"href":"https:\/\/marekkuchcinski.pl\/sk\/wp-json\/wp\/v2\/posts\/438\/revisions\/1438"}],"wp:featuredmedia":[{"embeddable":true,"href":"https:\/\/marekkuchcinski.pl\/sk\/wp-json\/wp\/v2\/media\/437"}],"wp:attachment":[{"href":"https:\/\/marekkuchcinski.pl\/sk\/wp-json\/wp\/v2\/media?parent=438"}],"wp:term":[{"taxonomy":"category","embeddable":true,"href":"https:\/\/marekkuchcinski.pl\/sk\/wp-json\/wp\/v2\/categories?post=438"},{"taxonomy":"post_tag","embeddable":true,"href":"https:\/\/marekkuchcinski.pl\/sk\/wp-json\/wp\/v2\/tags?post=438"}],"curies":[{"name":"wp","href":"https:\/\/api.w.org\/{rel}","templated":true}]}}