{"id":4373,"date":"2016-11-06T08:49:32","date_gmt":"2016-11-06T07:49:32","guid":{"rendered":"https:\/\/marekkuchcinski.pl\/?p=4373"},"modified":"2016-11-06T08:49:32","modified_gmt":"2016-11-06T07:49:32","slug":"krzyz-wschodni-dla-niosacych-pomoc-polakom-wschodzie","status":"publish","type":"post","link":"https:\/\/marekkuchcinski.pl\/sk\/wydarzenia\/krzyz-wschodni-dla-niosacych-pomoc-polakom-wschodzie\/","title":{"rendered":"V\u00fdchodn\u00fd kr\u00ed\u017e pre t\u00fdch, ktor\u00ed pom\u00e1haj\u00fa Poliakom na v\u00fdchode"},"content":{"rendered":"<header class=\"article-header\">\n<p class=\"lead\"><strong>Sejm v piatok jednomyse\u013ene schv\u00e1lil z\u00e1kon o zriaden\u00ed V\u00fdchodn\u00e9ho kr\u00ed\u017ea, vyznamenania pre cudzincov, ktor\u00ed pom\u00e1hali Poliakom na v\u00fdchode prenasledovan\u00fdm v rokoch 1937 a\u017e 1959 kv\u00f4li ich n\u00e1rodnosti.<\/strong><\/p>\n<\/header>\n<div class=\"article-content\">\n<div class=\"article-content-text\">\n<p>V\u00fdchodn\u00fd kr\u00ed\u017e ude\u013euje prezident na n\u00e1vrh ministra zahrani\u010dn\u00fdch vec\u00ed. Ved\u00faci ministerstva zahrani\u010dn\u00fdch vec\u00ed pod\u00e1va \u017eiadosti z vlastn\u00e9ho podnetu alebo z podnetu veter\u00e1nskych zdru\u017een\u00ed a spolkov, spolo\u010densk\u00fdch organiz\u00e1ci\u00ed, ved\u00faceho \u00daradu pre z\u00e1le\u017eitosti veter\u00e1nov a s\u00fakromn\u00fdch os\u00f4b po konzult\u00e1cii s predsedom \u00dastavu pam\u00e4ti n\u00e1roda. Vyznamenan\u00e1 osoba dostane bezplatne odznak kr\u00ed\u017ea, ktor\u00fd jej bol udelen\u00fd, a preukaz. Kr\u00ed\u017e m\u00f4\u017ee by\u0165 udelen\u00fd aj posmrtne.<\/p>\n<p>Sejm v piatok okrem in\u00e9ho prijal novelu, pod\u013ea ktorej z\u00e1kon o zriaden\u00ed V\u00fdchodn\u00e9ho kr\u00ed\u017ea nadobudne \u00fa\u010dinnos\u0165 \u0161es\u0165 mesiacov po jeho uverejnen\u00ed v Zbierke z\u00e1konov. V p\u00f4vodnom n\u00e1vrhu sa uv\u00e1dzalo, \u017ee z\u00e1kon nadobudne \u00fa\u010dinnos\u0165 d\u0148om uverejnenia.<\/p>\n<p>Micha\u0142 Dworczyk (Pr\u00e1vo a spravodlivos\u0165), predseda V\u00fdboru Sejmu pre styk s Poliakmi v zahrani\u010d\u00ed, uviedol, \u017ee V\u00fdchodn\u00fd kr\u00ed\u017e je vyznamenanie pre cudzincov, ktor\u00ed zachra\u0148ovali Poliakov v rokoch 1937 a\u017e 1959.<\/p>\n<p>Ako zd\u00f4raznil, rok 1937 bol rokom oper\u00e1cie NKVD Po\u013esko, za\u010diatkom masov\u00fdch represi\u00ed, ktor\u00e9 zasiahli najprv Poliakov v Sovietskom zv\u00e4ze a po 17. septembri 1939 aj Poliakov \u017eij\u00facich vo v\u00fdchodnom pohrani\u010d\u00ed. V roku 1959 bola ukon\u010den\u00e1 druh\u00e1 repatri\u00e1cia Poliakov z v\u00fdchodn\u00e9ho pohrani\u010dia.<\/p>\n<p>\"Uctenie pamiatky \u013eud\u00ed, ktor\u00ed \u010dasto riskovali vlastn\u00e9 \u017eivoty, aby zachr\u00e1nili na\u0161ich krajanov, je na\u0161ou mor\u00e1lnou povinnos\u0165ou, je to povinnos\u0165 po\u013esk\u00e9ho \u0161t\u00e1tu. Ich konanie bolo prejavom odvahy, pr\u00edkladom kres\u0165ansk\u00e9ho milosrdenstva a \u013eudskosti v t\u00fdch ne\u013eudsk\u00fdch \u010dasoch,\" zd\u00f4raznil Dworczyk.<\/p>\n<p>Ako zd\u00f4raznil, zriaden\u00edm tohto vyznamenania si po\u013esk\u00fd \u0161t\u00e1t uct\u00ed \u013eud\u00ed, ktor\u00ed sa hrdinsky zasl\u00fa\u017eili o pomoc na\u0161im krajanom v t\u00fdchto tragick\u00fdch chv\u00ed\u013each. \"T\u00e1to v\u00fdzdoba bude pripom\u00edna\u0165 nielen Poliakom, ale aj n\u00e1rodom na V\u00fdchode, \u017ee my Poliaci si pam\u00e4t\u00e1me, \u017ee sme v\u010fa\u010dn\u00ed za pomoc, ktor\u00fa sme preuk\u00e1zali ka\u017ed\u00e9mu z na\u0161ich krajanov,\" povedal poslanec PiS.<\/p>\n<p>Zd\u00f4raznil, \u017ee ocenenie bude tie\u017e d\u00f4kazom toho, \u017ee \"Poliaci si m\u00f4\u017eu pripom\u00edna\u0165 svoju dramatick\u00fa hist\u00f3riu bez nen\u00e1visti, bez toho, aby vyu\u017e\u00edvali kolekt\u00edvnu zodpovednos\u0165 a obvi\u0148ovali zo zlo\u010dinov cel\u00e9 n\u00e1rody a spolo\u010denstv\u00e1\".<\/p>\n<p>\"Zriaden\u00edm V\u00fdchodn\u00e9ho kr\u00ed\u017ea si pripom\u00edname nielen tieto dramatick\u00e9 udalosti, ale aj hist\u00f3riu a dedi\u010dstvo pohrani\u010dia prvej a druhej republiky. Je to ve\u013emi d\u00f4le\u017eit\u00e9, je to s\u00fa\u010das\u0165 na\u0161ej po\u013eskej identity,\" povedal Dworczyk. Ako dodal, zriadenie V\u00fdchodn\u00e9ho kr\u00ed\u017ea bude tie\u017e \"d\u00f4le\u017eit\u00fdm n\u00e1strojom na uskuto\u010d\u0148ovanie historickej politiky.<\/p>\n<p><em>text: rp.pl<\/em><\/p>\n<p><a href=\"https:\/\/marekkuchcinski.pl\/wp-content\/uploads\/2016\/11\/AR-161109607.jpgMaxW980imageversionMainTopic1.jpeg\"><img fetchpriority=\"high\" decoding=\"async\" class=\"alignnone size-full wp-image-4374\" src=\"https:\/\/marekkuchcinski.pl\/wp-content\/uploads\/2016\/11\/AR-161109607.jpgMaxW980imageversionMainTopic1.jpeg\" alt=\"ar-161109607-jpgmaxw980imageversionmaintopic1\" width=\"766\" height=\"438\" srcset=\"https:\/\/marekkuchcinski.pl\/wp-content\/uploads\/2016\/11\/AR-161109607.jpgMaxW980imageversionMainTopic1.jpeg 766w, https:\/\/marekkuchcinski.pl\/wp-content\/uploads\/2016\/11\/AR-161109607.jpgMaxW980imageversionMainTopic1-300x172.jpeg 300w\" sizes=\"(max-width: 766px) 100vw, 766px\" \/><\/a><\/p>\n<\/div>\n<\/div>","protected":false},"excerpt":{"rendered":"<p>Sejm jednog\u0142o\u015bnie uchwali\u0142 w pi\u0105tek ustaw\u0119 ustanawiaj\u0105c\u0105 Krzy\u017c Wschodni \u2013 odznaczenie dla obcokrajowc\u00f3w, kt\u00f3rzy nie\u015bli pomoc Polakom na Wschodzie prze\u015bladowanym w latach 1937-1959 ze wzgl\u0119du na ich narodowo\u015b\u0107. Krzy\u017c Wschodni ma nadawa\u0107 prezydent na wniosek ministra spraw zagranicznych. Szef MSZ ma przedstawia\u0107 wnioski z w\u0142asnej inicjatywy lub z inicjatywy zwi\u0105zk\u00f3w i stowarzysze\u0144 kombatanckich, organizacji spo\u0142ecznych, [&hellip;]<\/p>\n","protected":false},"author":6,"featured_media":4374,"comment_status":"open","ping_status":"open","sticky":false,"template":"","format":"standard","meta":{"ngg_post_thumbnail":0,"footnotes":""},"categories":[81,3],"tags":[],"class_list":["post-4373","post","type-post","status-publish","format-standard","has-post-thumbnail","hentry","category-wiesci-z-sejmu","category-wydarzenia"],"_links":{"self":[{"href":"https:\/\/marekkuchcinski.pl\/sk\/wp-json\/wp\/v2\/posts\/4373","targetHints":{"allow":["GET"]}}],"collection":[{"href":"https:\/\/marekkuchcinski.pl\/sk\/wp-json\/wp\/v2\/posts"}],"about":[{"href":"https:\/\/marekkuchcinski.pl\/sk\/wp-json\/wp\/v2\/types\/post"}],"author":[{"embeddable":true,"href":"https:\/\/marekkuchcinski.pl\/sk\/wp-json\/wp\/v2\/users\/6"}],"replies":[{"embeddable":true,"href":"https:\/\/marekkuchcinski.pl\/sk\/wp-json\/wp\/v2\/comments?post=4373"}],"version-history":[{"count":1,"href":"https:\/\/marekkuchcinski.pl\/sk\/wp-json\/wp\/v2\/posts\/4373\/revisions"}],"predecessor-version":[{"id":4375,"href":"https:\/\/marekkuchcinski.pl\/sk\/wp-json\/wp\/v2\/posts\/4373\/revisions\/4375"}],"wp:featuredmedia":[{"embeddable":true,"href":"https:\/\/marekkuchcinski.pl\/sk\/wp-json\/wp\/v2\/media\/4374"}],"wp:attachment":[{"href":"https:\/\/marekkuchcinski.pl\/sk\/wp-json\/wp\/v2\/media?parent=4373"}],"wp:term":[{"taxonomy":"category","embeddable":true,"href":"https:\/\/marekkuchcinski.pl\/sk\/wp-json\/wp\/v2\/categories?post=4373"},{"taxonomy":"post_tag","embeddable":true,"href":"https:\/\/marekkuchcinski.pl\/sk\/wp-json\/wp\/v2\/tags?post=4373"}],"curies":[{"name":"wp","href":"https:\/\/api.w.org\/{rel}","templated":true}]}}