{"id":4362,"date":"2016-11-03T22:26:34","date_gmt":"2016-11-03T21:26:34","guid":{"rendered":"https:\/\/marekkuchcinski.pl\/?p=4362"},"modified":"2016-11-05T16:37:27","modified_gmt":"2016-11-05T15:37:27","slug":"inauguracja-akcji-niepodlegla","status":"publish","type":"post","link":"https:\/\/marekkuchcinski.pl\/sk\/wydarzenia\/inauguracja-akcji-niepodlegla\/","title":{"rendered":"Sl\u00e1vnostn\u00e9 otvorenie projektu M\u00e1me nez\u00e1vislos\u0165!"},"content":{"rendered":"<p>M\u00fazeum J\u00f3zefa Pi\u0142sudsk\u00e9ho organizuje kampa\u0148 M\u00e1me nez\u00e1vislos\u0165 u\u017e po \u0161tvrt\u00fdkr\u00e1t! Jej s\u00fa\u010das\u0165ou je radostn\u00e1 oslava postupn\u00fdch v\u00fdro\u010d\u00ed znovuz\u00edskania nez\u00e1vislosti Po\u013eska. Ka\u017edoro\u010dne vyz\u00fdva Poliakov na bezplatn\u00e9 zasielanie poh\u013eadn\u00edc a elektronick\u00fdch poh\u013eadn\u00edc s prianiami pri pr\u00edle\u017eitosti \u0161t\u00e1tneho sviatku nez\u00e1vislosti. Kampa\u0148 sa kon\u00e1 pod \u010destnou z\u00e1\u0161titou predsedu Sejmu.<\/p>\n<p><iframe title=\"Otvorenie kampane M\u00e1me nez\u00e1vislos\u0165! Predseda Sejmu Marek Kuchci\u0144ski\" width=\"800\" height=\"450\" src=\"https:\/\/www.youtube.com\/embed\/nW5D0FVrTWA?feature=oembed\" frameborder=\"0\" allow=\"accelerometer; autoplay; clipboard-write; encrypted-media; gyroscope; picture-in-picture\" allowfullscreen><\/iframe><\/p>\n<p><a href=\"https:\/\/marekkuchcinski.pl\/wp-content\/uploads\/2016\/11\/KU068925.jpg\"><img fetchpriority=\"high\" decoding=\"async\" class=\"alignnone size-full wp-image-4363\" src=\"https:\/\/marekkuchcinski.pl\/wp-content\/uploads\/2016\/11\/KU068925.jpg\" alt=\"ku068925\" width=\"1800\" height=\"1348\" srcset=\"https:\/\/marekkuchcinski.pl\/wp-content\/uploads\/2016\/11\/KU068925.jpg 1800w, https:\/\/marekkuchcinski.pl\/wp-content\/uploads\/2016\/11\/KU068925-300x225.jpg 300w, https:\/\/marekkuchcinski.pl\/wp-content\/uploads\/2016\/11\/KU068925-768x575.jpg 768w, https:\/\/marekkuchcinski.pl\/wp-content\/uploads\/2016\/11\/KU068925-1024x767.jpg 1024w\" sizes=\"(max-width: 1800px) 100vw, 1800px\" \/><\/a> <a href=\"https:\/\/marekkuchcinski.pl\/wp-content\/uploads\/2016\/11\/KU068881.jpg\"><img decoding=\"async\" class=\"alignnone size-full wp-image-4364\" src=\"https:\/\/marekkuchcinski.pl\/wp-content\/uploads\/2016\/11\/KU068881.jpg\" alt=\"ku068881\" width=\"1800\" height=\"1200\" srcset=\"https:\/\/marekkuchcinski.pl\/wp-content\/uploads\/2016\/11\/KU068881.jpg 1800w, https:\/\/marekkuchcinski.pl\/wp-content\/uploads\/2016\/11\/KU068881-300x200.jpg 300w, https:\/\/marekkuchcinski.pl\/wp-content\/uploads\/2016\/11\/KU068881-768x512.jpg 768w, https:\/\/marekkuchcinski.pl\/wp-content\/uploads\/2016\/11\/KU068881-1024x683.jpg 1024w\" sizes=\"(max-width: 1800px) 100vw, 1800px\" \/><\/a><\/p>","protected":false},"excerpt":{"rendered":"<p>M\u00fazeum J\u00f3zefa Pi\u0142sudsk\u00e9ho organizuje kampa\u0148 M\u00e1me nez\u00e1vislos\u0165 u\u017e po \u0161tvrt\u00fdkr\u00e1t! Jej s\u00fa\u010das\u0165ou je radostn\u00e1 oslava postupn\u00fdch v\u00fdro\u010d\u00ed znovuz\u00edskania nez\u00e1vislosti Po\u013eska. Ka\u017edoro\u010dne vyz\u00fdva Poliakov na bezplatn\u00e9 zasielanie poh\u013eadn\u00edc a elektronick\u00fdch poh\u013eadn\u00edc s prianiami pri pr\u00edle\u017eitosti \u0161t\u00e1tneho sviatku nez\u00e1vislosti. Kampa\u0148 sa kon\u00e1 pod \u010destnou z\u00e1\u0161titou predsedu Sejmu.<\/p>","protected":false},"author":6,"featured_media":0,"comment_status":"open","ping_status":"open","sticky":false,"template":"","format":"video","meta":{"ngg_post_thumbnail":0,"footnotes":""},"categories":[81,3],"tags":[],"class_list":["post-4362","post","type-post","status-publish","format-video","hentry","category-wiesci-z-sejmu","category-wydarzenia","post_format-post-format-video"],"_links":{"self":[{"href":"https:\/\/marekkuchcinski.pl\/sk\/wp-json\/wp\/v2\/posts\/4362","targetHints":{"allow":["GET"]}}],"collection":[{"href":"https:\/\/marekkuchcinski.pl\/sk\/wp-json\/wp\/v2\/posts"}],"about":[{"href":"https:\/\/marekkuchcinski.pl\/sk\/wp-json\/wp\/v2\/types\/post"}],"author":[{"embeddable":true,"href":"https:\/\/marekkuchcinski.pl\/sk\/wp-json\/wp\/v2\/users\/6"}],"replies":[{"embeddable":true,"href":"https:\/\/marekkuchcinski.pl\/sk\/wp-json\/wp\/v2\/comments?post=4362"}],"version-history":[{"count":4,"href":"https:\/\/marekkuchcinski.pl\/sk\/wp-json\/wp\/v2\/posts\/4362\/revisions"}],"predecessor-version":[{"id":4369,"href":"https:\/\/marekkuchcinski.pl\/sk\/wp-json\/wp\/v2\/posts\/4362\/revisions\/4369"}],"wp:attachment":[{"href":"https:\/\/marekkuchcinski.pl\/sk\/wp-json\/wp\/v2\/media?parent=4362"}],"wp:term":[{"taxonomy":"category","embeddable":true,"href":"https:\/\/marekkuchcinski.pl\/sk\/wp-json\/wp\/v2\/categories?post=4362"},{"taxonomy":"post_tag","embeddable":true,"href":"https:\/\/marekkuchcinski.pl\/sk\/wp-json\/wp\/v2\/tags?post=4362"}],"curies":[{"name":"wp","href":"https:\/\/api.w.org\/{rel}","templated":true}]}}