{"id":4163,"date":"2016-10-18T20:37:26","date_gmt":"2016-10-18T18:37:26","guid":{"rendered":"https:\/\/marekkuchcinski.pl\/?p=4163"},"modified":"2016-10-19T09:42:21","modified_gmt":"2016-10-19T07:42:21","slug":"potrzebne-sa-mlodziezowe-rady","status":"publish","type":"post","link":"https:\/\/marekkuchcinski.pl\/sk\/wiesci-z-sejmu\/potrzebne-sa-mlodziezowe-rady\/","title":{"rendered":"\u010ci a pre koho s\u00fa rady ml\u00e1de\u017ee potrebn\u00e9"},"content":{"rendered":"<p><strong>O tom, \u010di je v Po\u013esku potrebn\u00e9 zriadi\u0165 a zachova\u0165 rady ml\u00e1de\u017ee, diskutovali \u00fa\u010dastn\u00edci konferencie v po\u013eskom Sejme<\/strong><\/p>\n<p>List predsedu Sejmu Mareka Kuchci\u0144sk\u00e9ho mlad\u00fdm \u013eu\u010fom<\/p>\n<p>&nbsp;<\/p>\n<p>Chcel by som zd\u00f4razni\u0165 svoju ve\u013ek\u00fa rados\u0165 z toho, \u017ee v po\u013eskom Sejme m\u00f4\u017eeme hosti\u0165 po\u010detn\u00fdch z\u00e1stupcov ml\u00e1de\u017en\u00edckych r\u00e1d a z\u00e1stupcov miestnych samospr\u00e1v a mimovl\u00e1dneho sektora. Srde\u010dne v\u00edtam samotn\u00e9 zainteresovan\u00e9 strany a v\u0161etk\u00fdch, ktor\u00ed sa do diskusie zap\u00e1jaj\u00fa so z\u00e1ujmom o osud mladej gener\u00e1cie v na\u0161ej vlasti.<\/p>\n<p>T\u00e9ma dne\u0161n\u00e9ho stretnutia \"S\u00fa rady ml\u00e1de\u017ee potrebn\u00e9 a pre koho?\" je d\u00f4le\u017eit\u00e1 nielen pre t\u00fato gener\u00e1ciu, ale aj pre pozit\u00edvny v\u00fdvoj celej na\u0161ej krajiny. Investova\u0165 do ml\u00e1de\u017ee predsa znamen\u00e1 budova\u0165 pevn\u00e9 z\u00e1klady ob\u010dianskej spolo\u010dnosti. Preto sa na tomto procese mus\u00edme podie\u013ea\u0165 spolo\u010dne a, \u010do je d\u00f4le\u017eit\u00e9, \u00fa\u010dinne, a preto mus\u00edme pokra\u010dova\u0165 v podpore a tvorbe ml\u00e1de\u017en\u00edckych polit\u00edk.<\/p>\n<p>Uvedomujem si, a zd\u00f4raz\u0148ujem to s plnou zodpovednos\u0165ou, \u017ee mus\u00edme prija\u0165 opatrenia, aby sme reagovali na potreby mlad\u00fdch \u013eud\u00ed a umo\u017enili im z\u00fa\u010dast\u0148ova\u0165 sa na verejnom, spolo\u010denskom, kult\u00farnom a politickom \u017eivote na rovnakom z\u00e1klade ako ostatn\u00e9 soci\u00e1lne skupiny.<\/p>\n<p>Kroky \u0161t\u00e1tu vo\u010di mlad\u00fdm \u013eu\u010fom v tejto oblasti by v\u0161ak nemali prebieha\u0165 bez konzult\u00e1ci\u00ed s mlad\u00fdmi \u013eu\u010fmi - preto pova\u017eujem na\u0161u spolo\u010dn\u00fa diskusiu o fungovan\u00ed r\u00e1d ml\u00e1de\u017ee pri samospr\u00e1vnych celkoch za mimoriadne potrebn\u00fa a som ve\u013emi r\u00e1d, \u017ee vznikla parlamentn\u00e1 skupina, ktor\u00e1 v Sejme akt\u00edvne pracuje na podpore ich \u010dinnosti.<\/p>\n<p>Uvedomujem si, \u017ee posil\u0148ovanie r\u00e1d ml\u00e1de\u017ee v samospr\u00e1vnych celkoch je ve\u013emi d\u00f4le\u017eit\u00fd proces, ale e\u0161te n\u00e1s \u010dak\u00e1 ve\u013ea pr\u00e1ce, aby sme dobre pripravili integrovan\u00fa politiku vo\u010di mlad\u00fdm \u013eu\u010fom, ktor\u00e1 vych\u00e1dza z ich potrieb.<\/p>\n<p>Preto s\u00fa potrebn\u00e9 stretnutia, ako je to dne\u0161n\u00e9. Spolo\u010dn\u00e1 diskusia, v\u00fdmena n\u00e1zorov a sk\u00fasenost\u00ed z\u00e1stupcov r\u00f4znych kruhov m\u00f4\u017ee prinies\u0165 mnoho v\u00fdhod a predov\u0161etk\u00fdm m\u00f4\u017ee pom\u00f4c\u0165 identifikova\u0165 \u00falohy, ktor\u00e9 je potrebn\u00e9 v tejto mimoriadne d\u00f4le\u017eitej z\u00e1le\u017eitosti vykona\u0165.<\/p>\n<p>Mlad\u00ed \u013eudia s\u00fa vo svojej podstate bystrej\u0161\u00edmi pozorovate\u013emi ka\u017edodenn\u00e9ho \u017eivota; jasnej\u0161ie vidia probl\u00e9my, ktor\u00e9 aj n\u00e1m dospel\u00fdm br\u00e1nia v spokojnosti. Tento mlad\u00edcky entuziazmus, citlivos\u0165 a odhodlanie rie\u0161i\u0165 zlo\u017eit\u00e9 probl\u00e9my je to, \u010do krajina potrebuje.<\/p>\n<p>Mo\u017eno pr\u00e1ve tu, medzi z\u00e1stupcami ml\u00e1de\u017en\u00edckych r\u00e1d, sa nach\u00e1dzaj\u00fa bud\u00faci poslanci a ministri. \u013dudia, ktor\u00ed prevezm\u00fa zodpovednos\u0165 za osud Po\u013eska. Musia v\u0161ak by\u0165 na to dobre pripraven\u00ed. Z\u00e1rukou prosperity Po\u013eska s\u00fa toti\u017e \u013eudia so \u0161irok\u00fdmi obzormi. Kompetentn\u00fd. Efekt\u00edvna a zodpovedn\u00e1. \u013dudia, ktor\u00ed ch\u00e1pu potrebu presadzova\u0165 verejn\u00e9 z\u00e1le\u017eitosti a z\u00e1ujmy. Kreat\u00edvny, nez\u00e1visl\u00fd, otvoren\u00fd.<\/p>\n<p>V Sejme, ktor\u00fd je tvorcom aj str\u00e1\u017ecom pr\u00e1va, si uvedomujeme po\u010detn\u00e9 probl\u00e9my mladej gener\u00e1cie a ot\u00e1zky, ktor\u00e9 sa jej t\u00fdkaj\u00fa. Zvl\u00e1dnutie v\u0161etk\u00fdch \u00faloh, ktor\u00e9 sa klad\u00fa na mlad\u00fdch \u013eud\u00ed, si vy\u017eaduje obrovsk\u00e9 mno\u017estvo pr\u00e1ce nielen zo strany samotn\u00fdch mlad\u00fdch \u013eud\u00ed, ale aj reformy a zmeny potrebn\u00e9 na ich spr\u00e1vny rozvoj.<\/p>\n<p>Viem, \u017ee po\u013esk\u00fd parlament by mal a mus\u00ed zohr\u00e1va\u0165 svoju \u00falohu v tomto procese. Preto prij\u00edmame opatrenia vo finan\u010dnej, hospod\u00e1rskej a soci\u00e1lnej oblasti. Meniaca sa realita si od n\u00e1s toti\u017e vy\u017eaduje nov\u00e9 legislat\u00edvne rie\u0161enia.<\/p>\n<p>Mlad\u00ed \u013eudia s\u00fa na\u0161ou n\u00e1dejou - n\u00e1dejou Po\u013eska. Ver\u00edme, \u017ee sa dok\u00e1\u017eu akt\u00edvne a kon\u0161trukt\u00edvne zapoji\u0165 do hlavn\u00e9ho pr\u00fadu \u017eivota miestnej a \u0161t\u00e1tnej spr\u00e1vy. Prijat\u00e9 pr\u00e1vne predpisy by to mali umo\u017eni\u0165 a u\u013eah\u010di\u0165.<\/p>\n<p>Preto v\u00e1m v\u0161etk\u00fdm, ktor\u00ed sa po\u010das dne\u0161n\u00e9ho rokovania podel\u00edte o svoje my\u0161lienky, n\u00e1deje a o\u010dak\u00e1vania, \u017eel\u00e1m skuto\u010dne plodn\u00fa diskusiu a kon\u0161trukt\u00edvne z\u00e1very, ktor\u00e9, ako v\u00e1s ubezpe\u010dujem, vyu\u017eijeme pri na\u0161ej legislat\u00edvnej pr\u00e1ci v oblasti ml\u00e1de\u017en\u00edckej politiky.<\/p>\n<p>&nbsp;<\/p>","protected":false},"excerpt":{"rendered":"<p>O tym, czy w Polsce istnieje potrzeba powo\u0142ywania i utrzymywania rad m\u0142odzie\u017cowych, dyskutowali uczestnicy konferencji w Sejmie RP List marsza\u0142ka Sejmu Marka Kuchci\u0144skiego do m\u0142odzie\u017cy &nbsp; chcia\u0142bym podkre\u015bli\u0107 swoj\u0105 ogromn\u0105 rado\u015b\u0107 z faktu, i\u017c mo\u017cemy go\u015bci\u0107 w polskim Sejmie liczne grono reprezentant\u00f3w M\u0142odzie\u017cowych Rad oraz przedstawicieli samorz\u0105d\u00f3w i sektora pozarz\u0105dowego. Witam serdecznie samych zainteresowanych oraz [&hellip;]<\/p>","protected":false},"author":6,"featured_media":4164,"comment_status":"open","ping_status":"open","sticky":false,"template":"","format":"standard","meta":{"ngg_post_thumbnail":0,"footnotes":""},"categories":[81],"tags":[],"class_list":["post-4163","post","type-post","status-publish","format-standard","has-post-thumbnail","hentry","category-wiesci-z-sejmu"],"yoast_head":"<!-- This site is optimized with the Yoast SEO plugin v24.7 - https:\/\/yoast.com\/wordpress\/plugins\/seo\/ -->\n<title>Czy i komu potrzebne s\u0105 M\u0142odzie\u017cowe Rady &#8211; Marek Kuchci\u0144ski<\/title>\n<meta name=\"robots\" content=\"index, follow, max-snippet:-1, max-image-preview:large, max-video-preview:-1\" \/>\n<link rel=\"canonical\" href=\"https:\/\/marekkuchcinski.pl\/sk\/wiesci-z-sejmu\/potrzebne-sa-mlodziezowe-rady\/\" \/>\n<meta property=\"og:locale\" content=\"sk_SK\" \/>\n<meta property=\"og:type\" content=\"article\" \/>\n<meta property=\"og:title\" content=\"Czy i komu potrzebne s\u0105 M\u0142odzie\u017cowe Rady &#8211; Marek Kuchci\u0144ski\" \/>\n<meta property=\"og:description\" content=\"O tym, czy w Polsce istnieje potrzeba powo\u0142ywania i utrzymywania rad m\u0142odzie\u017cowych, dyskutowali uczestnicy konferencji w Sejmie RP List marsza\u0142ka Sejmu Marka Kuchci\u0144skiego do m\u0142odzie\u017cy &nbsp; chcia\u0142bym podkre\u015bli\u0107 swoj\u0105 ogromn\u0105 rado\u015b\u0107 z faktu, i\u017c mo\u017cemy go\u015bci\u0107 w polskim Sejmie liczne grono reprezentant\u00f3w M\u0142odzie\u017cowych Rad oraz przedstawicieli samorz\u0105d\u00f3w i sektora pozarz\u0105dowego. Witam serdecznie samych zainteresowanych oraz [&hellip;]\" \/>\n<meta property=\"og:url\" content=\"https:\/\/marekkuchcinski.pl\/sk\/wiesci-z-sejmu\/potrzebne-sa-mlodziezowe-rady\/\" \/>\n<meta property=\"og:site_name\" content=\"Marek Kuchci\u0144ski\" \/>\n<meta property=\"article:published_time\" content=\"2016-10-18T18:37:26+00:00\" \/>\n<meta property=\"article:modified_time\" content=\"2016-10-19T07:42:21+00:00\" \/>\n<meta property=\"og:image\" content=\"https:\/\/marekkuchcinski.pl\/wp-content\/uploads\/2016\/10\/m\u0142.jpg\" \/>\n\t<meta property=\"og:image:width\" content=\"1200\" \/>\n\t<meta property=\"og:image:height\" content=\"800\" \/>\n\t<meta property=\"og:image:type\" content=\"image\/jpeg\" \/>\n<meta name=\"author\" content=\"admin\" \/>\n<meta name=\"twitter:card\" content=\"summary_large_image\" \/>\n<meta name=\"twitter:label1\" content=\"Autor\" \/>\n\t<meta name=\"twitter:data1\" content=\"admin\" \/>\n\t<meta name=\"twitter:label2\" content=\"Predpokladan\u00fd \u010das \u010d\u00edtania\" \/>\n\t<meta name=\"twitter:data2\" content=\"3 min\u00faty\" \/>\n<script type=\"application\/ld+json\" class=\"yoast-schema-graph\">{\"@context\":\"https:\/\/schema.org\",\"@graph\":[{\"@type\":\"Article\",\"@id\":\"https:\/\/marekkuchcinski.pl\/sk\/wiesci-z-sejmu\/potrzebne-sa-mlodziezowe-rady\/#article\",\"isPartOf\":{\"@id\":\"https:\/\/marekkuchcinski.pl\/sk\/wiesci-z-sejmu\/potrzebne-sa-mlodziezowe-rady\/\"},\"author\":{\"name\":\"admin\",\"@id\":\"https:\/\/marekkuchcinski.pl\/#\/schema\/person\/6f62700996b4d950b6ea2d1183b6c6be\"},\"headline\":\"Czy i komu potrzebne s\u0105 M\u0142odzie\u017cowe Rady\",\"datePublished\":\"2016-10-18T18:37:26+00:00\",\"dateModified\":\"2016-10-19T07:42:21+00:00\",\"mainEntityOfPage\":{\"@id\":\"https:\/\/marekkuchcinski.pl\/sk\/wiesci-z-sejmu\/potrzebne-sa-mlodziezowe-rady\/\"},\"wordCount\":648,\"commentCount\":0,\"publisher\":{\"@id\":\"https:\/\/marekkuchcinski.pl\/#organization\"},\"image\":{\"@id\":\"https:\/\/marekkuchcinski.pl\/sk\/wiesci-z-sejmu\/potrzebne-sa-mlodziezowe-rady\/#primaryimage\"},\"thumbnailUrl\":\"https:\/\/marekkuchcinski.pl\/wp-content\/uploads\/2016\/10\/m\u0142.jpg\",\"articleSection\":[\"Wie\u015bci z Sejmu\"],\"inLanguage\":\"sk-SK\",\"potentialAction\":[{\"@type\":\"CommentAction\",\"name\":\"Comment\",\"target\":[\"https:\/\/marekkuchcinski.pl\/sk\/wiesci-z-sejmu\/potrzebne-sa-mlodziezowe-rady\/#respond\"]}]},{\"@type\":\"WebPage\",\"@id\":\"https:\/\/marekkuchcinski.pl\/sk\/wiesci-z-sejmu\/potrzebne-sa-mlodziezowe-rady\/\",\"url\":\"https:\/\/marekkuchcinski.pl\/sk\/wiesci-z-sejmu\/potrzebne-sa-mlodziezowe-rady\/\",\"name\":\"Czy i komu potrzebne s\u0105 M\u0142odzie\u017cowe Rady &#8211; Marek Kuchci\u0144ski\",\"isPartOf\":{\"@id\":\"https:\/\/marekkuchcinski.pl\/#website\"},\"primaryImageOfPage\":{\"@id\":\"https:\/\/marekkuchcinski.pl\/sk\/wiesci-z-sejmu\/potrzebne-sa-mlodziezowe-rady\/#primaryimage\"},\"image\":{\"@id\":\"https:\/\/marekkuchcinski.pl\/sk\/wiesci-z-sejmu\/potrzebne-sa-mlodziezowe-rady\/#primaryimage\"},\"thumbnailUrl\":\"https:\/\/marekkuchcinski.pl\/wp-content\/uploads\/2016\/10\/m\u0142.jpg\",\"datePublished\":\"2016-10-18T18:37:26+00:00\",\"dateModified\":\"2016-10-19T07:42:21+00:00\",\"breadcrumb\":{\"@id\":\"https:\/\/marekkuchcinski.pl\/sk\/wiesci-z-sejmu\/potrzebne-sa-mlodziezowe-rady\/#breadcrumb\"},\"inLanguage\":\"sk-SK\",\"potentialAction\":[{\"@type\":\"ReadAction\",\"target\":[\"https:\/\/marekkuchcinski.pl\/sk\/wiesci-z-sejmu\/potrzebne-sa-mlodziezowe-rady\/\"]}]},{\"@type\":\"ImageObject\",\"inLanguage\":\"sk-SK\",\"@id\":\"https:\/\/marekkuchcinski.pl\/sk\/wiesci-z-sejmu\/potrzebne-sa-mlodziezowe-rady\/#primaryimage\",\"url\":\"https:\/\/marekkuchcinski.pl\/wp-content\/uploads\/2016\/10\/m\u0142.jpg\",\"contentUrl\":\"https:\/\/marekkuchcinski.pl\/wp-content\/uploads\/2016\/10\/m\u0142.jpg\",\"width\":1200,\"height\":800},{\"@type\":\"BreadcrumbList\",\"@id\":\"https:\/\/marekkuchcinski.pl\/sk\/wiesci-z-sejmu\/potrzebne-sa-mlodziezowe-rady\/#breadcrumb\",\"itemListElement\":[{\"@type\":\"ListItem\",\"position\":1,\"name\":\"Strona g\u0142\u00f3wna\",\"item\":\"https:\/\/marekkuchcinski.pl\/\"},{\"@type\":\"ListItem\",\"position\":2,\"name\":\"Czy i komu potrzebne s\u0105 M\u0142odzie\u017cowe Rady\"}]},{\"@type\":\"WebSite\",\"@id\":\"https:\/\/marekkuchcinski.pl\/#website\",\"url\":\"https:\/\/marekkuchcinski.pl\/\",\"name\":\"Marek Kuchci\u0144ski\",\"description\":\"Pose\u0142 na sejm RP &ndash; okr\u0119g nr 22\",\"publisher\":{\"@id\":\"https:\/\/marekkuchcinski.pl\/#organization\"},\"potentialAction\":[{\"@type\":\"SearchAction\",\"target\":{\"@type\":\"EntryPoint\",\"urlTemplate\":\"https:\/\/marekkuchcinski.pl\/?s={search_term_string}\"},\"query-input\":{\"@type\":\"PropertyValueSpecification\",\"valueRequired\":true,\"valueName\":\"search_term_string\"}}],\"inLanguage\":\"sk-SK\"},{\"@type\":\"Organization\",\"@id\":\"https:\/\/marekkuchcinski.pl\/#organization\",\"name\":\"Marek Kuchci\u0144ski\",\"url\":\"https:\/\/marekkuchcinski.pl\/\",\"logo\":{\"@type\":\"ImageObject\",\"inLanguage\":\"sk-SK\",\"@id\":\"https:\/\/marekkuchcinski.pl\/#\/schema\/logo\/image\/\",\"url\":\"https:\/\/marekkuchcinski.pl\/wp-content\/uploads\/2022\/09\/Marek.jpg\",\"contentUrl\":\"https:\/\/marekkuchcinski.pl\/wp-content\/uploads\/2022\/09\/Marek.jpg\",\"width\":1600,\"height\":971,\"caption\":\"Marek Kuchci\u0144ski\"},\"image\":{\"@id\":\"https:\/\/marekkuchcinski.pl\/#\/schema\/logo\/image\/\"}},{\"@type\":\"Person\",\"@id\":\"https:\/\/marekkuchcinski.pl\/#\/schema\/person\/6f62700996b4d950b6ea2d1183b6c6be\",\"name\":\"admin\",\"image\":{\"@type\":\"ImageObject\",\"inLanguage\":\"sk-SK\",\"@id\":\"https:\/\/marekkuchcinski.pl\/#\/schema\/person\/image\/\",\"url\":\"https:\/\/secure.gravatar.com\/avatar\/4bab693b9d55c3d6b52c0296a8765085?s=96&d=mm&r=g\",\"contentUrl\":\"https:\/\/secure.gravatar.com\/avatar\/4bab693b9d55c3d6b52c0296a8765085?s=96&d=mm&r=g\",\"caption\":\"admin\"},\"url\":\"https:\/\/marekkuchcinski.pl\/sk\/author\/marta-olejnik\/\"}]}<\/script>\n<!-- \/ Yoast SEO plugin. -->","yoast_head_json":{"title":"Czy i komu potrzebne s\u0105 M\u0142odzie\u017cowe Rady &#8211; Marek Kuchci\u0144ski","robots":{"index":"index","follow":"follow","max-snippet":"max-snippet:-1","max-image-preview":"max-image-preview:large","max-video-preview":"max-video-preview:-1"},"canonical":"https:\/\/marekkuchcinski.pl\/sk\/wiesci-z-sejmu\/potrzebne-sa-mlodziezowe-rady\/","og_locale":"sk_SK","og_type":"article","og_title":"Czy i komu potrzebne s\u0105 M\u0142odzie\u017cowe Rady &#8211; Marek Kuchci\u0144ski","og_description":"O tym, czy w Polsce istnieje potrzeba powo\u0142ywania i utrzymywania rad m\u0142odzie\u017cowych, dyskutowali uczestnicy konferencji w Sejmie RP List marsza\u0142ka Sejmu Marka Kuchci\u0144skiego do m\u0142odzie\u017cy &nbsp; chcia\u0142bym podkre\u015bli\u0107 swoj\u0105 ogromn\u0105 rado\u015b\u0107 z faktu, i\u017c mo\u017cemy go\u015bci\u0107 w polskim Sejmie liczne grono reprezentant\u00f3w M\u0142odzie\u017cowych Rad oraz przedstawicieli samorz\u0105d\u00f3w i sektora pozarz\u0105dowego. Witam serdecznie samych zainteresowanych oraz [&hellip;]","og_url":"https:\/\/marekkuchcinski.pl\/sk\/wiesci-z-sejmu\/potrzebne-sa-mlodziezowe-rady\/","og_site_name":"Marek Kuchci\u0144ski","article_published_time":"2016-10-18T18:37:26+00:00","article_modified_time":"2016-10-19T07:42:21+00:00","og_image":[{"width":1200,"height":800,"url":"https:\/\/marekkuchcinski.pl\/wp-content\/uploads\/2016\/10\/m\u0142.jpg","type":"image\/jpeg"}],"author":"admin","twitter_card":"summary_large_image","twitter_misc":{"Autor":"admin","Predpokladan\u00fd \u010das \u010d\u00edtania":"3 min\u00faty"},"schema":{"@context":"https:\/\/schema.org","@graph":[{"@type":"Article","@id":"https:\/\/marekkuchcinski.pl\/sk\/wiesci-z-sejmu\/potrzebne-sa-mlodziezowe-rady\/#article","isPartOf":{"@id":"https:\/\/marekkuchcinski.pl\/sk\/wiesci-z-sejmu\/potrzebne-sa-mlodziezowe-rady\/"},"author":{"name":"admin","@id":"https:\/\/marekkuchcinski.pl\/#\/schema\/person\/6f62700996b4d950b6ea2d1183b6c6be"},"headline":"Czy i komu potrzebne s\u0105 M\u0142odzie\u017cowe Rady","datePublished":"2016-10-18T18:37:26+00:00","dateModified":"2016-10-19T07:42:21+00:00","mainEntityOfPage":{"@id":"https:\/\/marekkuchcinski.pl\/sk\/wiesci-z-sejmu\/potrzebne-sa-mlodziezowe-rady\/"},"wordCount":648,"commentCount":0,"publisher":{"@id":"https:\/\/marekkuchcinski.pl\/#organization"},"image":{"@id":"https:\/\/marekkuchcinski.pl\/sk\/wiesci-z-sejmu\/potrzebne-sa-mlodziezowe-rady\/#primaryimage"},"thumbnailUrl":"https:\/\/marekkuchcinski.pl\/wp-content\/uploads\/2016\/10\/m\u0142.jpg","articleSection":["Wie\u015bci z Sejmu"],"inLanguage":"sk-SK","potentialAction":[{"@type":"CommentAction","name":"Comment","target":["https:\/\/marekkuchcinski.pl\/sk\/wiesci-z-sejmu\/potrzebne-sa-mlodziezowe-rady\/#respond"]}]},{"@type":"WebPage","@id":"https:\/\/marekkuchcinski.pl\/sk\/wiesci-z-sejmu\/potrzebne-sa-mlodziezowe-rady\/","url":"https:\/\/marekkuchcinski.pl\/sk\/wiesci-z-sejmu\/potrzebne-sa-mlodziezowe-rady\/","name":"Czy i komu potrzebne s\u0105 M\u0142odzie\u017cowe Rady &#8211; Marek Kuchci\u0144ski","isPartOf":{"@id":"https:\/\/marekkuchcinski.pl\/#website"},"primaryImageOfPage":{"@id":"https:\/\/marekkuchcinski.pl\/sk\/wiesci-z-sejmu\/potrzebne-sa-mlodziezowe-rady\/#primaryimage"},"image":{"@id":"https:\/\/marekkuchcinski.pl\/sk\/wiesci-z-sejmu\/potrzebne-sa-mlodziezowe-rady\/#primaryimage"},"thumbnailUrl":"https:\/\/marekkuchcinski.pl\/wp-content\/uploads\/2016\/10\/m\u0142.jpg","datePublished":"2016-10-18T18:37:26+00:00","dateModified":"2016-10-19T07:42:21+00:00","breadcrumb":{"@id":"https:\/\/marekkuchcinski.pl\/sk\/wiesci-z-sejmu\/potrzebne-sa-mlodziezowe-rady\/#breadcrumb"},"inLanguage":"sk-SK","potentialAction":[{"@type":"ReadAction","target":["https:\/\/marekkuchcinski.pl\/sk\/wiesci-z-sejmu\/potrzebne-sa-mlodziezowe-rady\/"]}]},{"@type":"ImageObject","inLanguage":"sk-SK","@id":"https:\/\/marekkuchcinski.pl\/sk\/wiesci-z-sejmu\/potrzebne-sa-mlodziezowe-rady\/#primaryimage","url":"https:\/\/marekkuchcinski.pl\/wp-content\/uploads\/2016\/10\/m\u0142.jpg","contentUrl":"https:\/\/marekkuchcinski.pl\/wp-content\/uploads\/2016\/10\/m\u0142.jpg","width":1200,"height":800},{"@type":"BreadcrumbList","@id":"https:\/\/marekkuchcinski.pl\/sk\/wiesci-z-sejmu\/potrzebne-sa-mlodziezowe-rady\/#breadcrumb","itemListElement":[{"@type":"ListItem","position":1,"name":"Strona g\u0142\u00f3wna","item":"https:\/\/marekkuchcinski.pl\/"},{"@type":"ListItem","position":2,"name":"Czy i komu potrzebne s\u0105 M\u0142odzie\u017cowe Rady"}]},{"@type":"WebSite","@id":"https:\/\/marekkuchcinski.pl\/#website","url":"https:\/\/marekkuchcinski.pl\/","name":"Marek Kuchci\u0144ski","description":"Pose\u0142 na sejm RP &ndash; okr\u0119g nr 22","publisher":{"@id":"https:\/\/marekkuchcinski.pl\/#organization"},"potentialAction":[{"@type":"SearchAction","target":{"@type":"EntryPoint","urlTemplate":"https:\/\/marekkuchcinski.pl\/?s={search_term_string}"},"query-input":{"@type":"PropertyValueSpecification","valueRequired":true,"valueName":"search_term_string"}}],"inLanguage":"sk-SK"},{"@type":"Organization","@id":"https:\/\/marekkuchcinski.pl\/#organization","name":"Marek Kuchci\u0144ski","url":"https:\/\/marekkuchcinski.pl\/","logo":{"@type":"ImageObject","inLanguage":"sk-SK","@id":"https:\/\/marekkuchcinski.pl\/#\/schema\/logo\/image\/","url":"https:\/\/marekkuchcinski.pl\/wp-content\/uploads\/2022\/09\/Marek.jpg","contentUrl":"https:\/\/marekkuchcinski.pl\/wp-content\/uploads\/2022\/09\/Marek.jpg","width":1600,"height":971,"caption":"Marek Kuchci\u0144ski"},"image":{"@id":"https:\/\/marekkuchcinski.pl\/#\/schema\/logo\/image\/"}},{"@type":"Person","@id":"https:\/\/marekkuchcinski.pl\/#\/schema\/person\/6f62700996b4d950b6ea2d1183b6c6be","name":"admin","image":{"@type":"ImageObject","inLanguage":"sk-SK","@id":"https:\/\/marekkuchcinski.pl\/#\/schema\/person\/image\/","url":"https:\/\/secure.gravatar.com\/avatar\/4bab693b9d55c3d6b52c0296a8765085?s=96&d=mm&r=g","contentUrl":"https:\/\/secure.gravatar.com\/avatar\/4bab693b9d55c3d6b52c0296a8765085?s=96&d=mm&r=g","caption":"admin"},"url":"https:\/\/marekkuchcinski.pl\/sk\/author\/marta-olejnik\/"}]}},"_links":{"self":[{"href":"https:\/\/marekkuchcinski.pl\/sk\/wp-json\/wp\/v2\/posts\/4163","targetHints":{"allow":["GET"]}}],"collection":[{"href":"https:\/\/marekkuchcinski.pl\/sk\/wp-json\/wp\/v2\/posts"}],"about":[{"href":"https:\/\/marekkuchcinski.pl\/sk\/wp-json\/wp\/v2\/types\/post"}],"author":[{"embeddable":true,"href":"https:\/\/marekkuchcinski.pl\/sk\/wp-json\/wp\/v2\/users\/6"}],"replies":[{"embeddable":true,"href":"https:\/\/marekkuchcinski.pl\/sk\/wp-json\/wp\/v2\/comments?post=4163"}],"version-history":[{"count":1,"href":"https:\/\/marekkuchcinski.pl\/sk\/wp-json\/wp\/v2\/posts\/4163\/revisions"}],"predecessor-version":[{"id":4165,"href":"https:\/\/marekkuchcinski.pl\/sk\/wp-json\/wp\/v2\/posts\/4163\/revisions\/4165"}],"wp:featuredmedia":[{"embeddable":true,"href":"https:\/\/marekkuchcinski.pl\/sk\/wp-json\/wp\/v2\/media\/4164"}],"wp:attachment":[{"href":"https:\/\/marekkuchcinski.pl\/sk\/wp-json\/wp\/v2\/media?parent=4163"}],"wp:term":[{"taxonomy":"category","embeddable":true,"href":"https:\/\/marekkuchcinski.pl\/sk\/wp-json\/wp\/v2\/categories?post=4163"},{"taxonomy":"post_tag","embeddable":true,"href":"https:\/\/marekkuchcinski.pl\/sk\/wp-json\/wp\/v2\/tags?post=4163"}],"curies":[{"name":"wp","href":"https:\/\/api.w.org\/{rel}","templated":true}]}}