{"id":4105,"date":"2016-10-15T16:10:35","date_gmt":"2016-10-15T14:10:35","guid":{"rendered":"https:\/\/marekkuchcinski.pl\/?p=4105"},"modified":"2016-10-18T12:18:06","modified_gmt":"2016-10-18T10:18:06","slug":"sejm-konferencja-o-zrownowazonym-rozwoju-swietle-rozwoju-duchowego","status":"publish","type":"post","link":"https:\/\/marekkuchcinski.pl\/sk\/wiesci-z-sejmu\/sejm-konferencja-o-zrownowazonym-rozwoju-swietle-rozwoju-duchowego\/","title":{"rendered":"Sejm: konferencia o trvalo udr\u017eate\u013enom rozvoji vo svetle duchovn\u00e9ho rozvoja"},"content":{"rendered":"<p><strong>Z iniciat\u00edvy prefekta Sv\u00e4tej stolice kardin\u00e1la Gerharda M\u00fcllera sa konala medzin\u00e1rodn\u00e1 konferencia na t\u00e9mu \"Udr\u017eate\u013en\u00fd rozvoj vo svetle encykliky Laudato Si. Konferencia sa zaoberala najd\u00f4le\u017eitej\u0161\u00edmi probl\u00e9mami sveta, ako s\u00fa: nedostatok kvalitnej vody, \u010dist\u00fd vzduch, degrad\u00e1cia p\u00f4dy, proces dezertifik\u00e1cie, hlad, migr\u00e1cia, vyl\u00fa\u010denie, biodiverzita a zmena kl\u00edmy.<\/strong><\/p>\n<p>Konferencia sa konala v s\u00e1le Sejmu, ktor\u00fa viedol predseda Sejmu Marek Kuchci\u0144ski. Svoj prejav za\u010dal cit\u00e1tom slov p\u00e1pe\u017ea Franti\u0161ka. - Starostlivos\u0165 o \u017eivotn\u00e9 prostredie a ochrana stvorenia m\u00e1 soci\u00e1lny rozmer, na ktor\u00fd \u010dasto zab\u00fadame. Upozor\u0148uje na to, ako ve\u013emi ni\u010denie a degrad\u00e1cia pr\u00edrodn\u00e9ho prostredia ovplyv\u0148uje samotn\u00e9ho \u010dloveka - povedal predseda parlamentu.  Rozvoj, ktor\u00fd sa vo svete uskuto\u010d\u0148uje v\u010faka \u010dloveku - v r\u00f4znych dimenzi\u00e1ch: technick\u00fd, ekonomick\u00fd a kult\u00farny pokrok - si pre svoju plnos\u0165 v\u017edy vy\u017eaduje duchovn\u00fd rozvoj, v\u010faka ktor\u00e9mu je rozumn\u00fd \u010dlovek schopn\u00fd spr\u00e1vne spravova\u0165 jemu zveren\u00e9 prostredie a zodpovedne obmedzova\u0165 svoje mo\u017enosti - povedal Marek Kuchci\u0144ski.<\/p>\n<p><a href=\"https:\/\/marekkuchcinski.pl\/wp-content\/uploads\/2016\/10\/na-wyr.jpg\"><img fetchpriority=\"high\" decoding=\"async\" class=\"alignnone size-full wp-image-4107\" src=\"https:\/\/marekkuchcinski.pl\/wp-content\/uploads\/2016\/10\/na-wyr.jpg\" alt=\"na-wyr\" width=\"1800\" height=\"1200\" srcset=\"https:\/\/marekkuchcinski.pl\/wp-content\/uploads\/2016\/10\/na-wyr.jpg 1800w, https:\/\/marekkuchcinski.pl\/wp-content\/uploads\/2016\/10\/na-wyr-300x200.jpg 300w, https:\/\/marekkuchcinski.pl\/wp-content\/uploads\/2016\/10\/na-wyr-768x512.jpg 768w, https:\/\/marekkuchcinski.pl\/wp-content\/uploads\/2016\/10\/na-wyr-1024x683.jpg 1024w\" sizes=\"(max-width: 1800px) 100vw, 1800px\" \/><\/a><\/p>\n<p>Kardin\u00e1l upozornil na pas\u00e1\u017e encykliky, v ktorej Sv\u00e4t\u00fd Otec p\u00ed\u0161e o ekologickom obr\u00e1ten\u00ed a povzbudzuje n\u00e1s, aby sme sa v\u00e1\u017ene zamysleli nad ekologickou kr\u00edzou, ktor\u00e1 zasiahla cel\u00e9 \u013eudstvo. - Ide tu teda o postoj, ktor\u00fd podporuje stretnutie s Kristom. Ide o vyvodenie v\u0161etk\u00fdch d\u00f4sledkov potrebn\u00fdch pre dobr\u00e9 vz\u0165ahy, vz\u0165ahy s in\u00fdmi \u013eu\u010fmi, s okol\u00edm,\" povedal prefekt.<\/p>\n<p><a href=\"https:\/\/marekkuchcinski.pl\/wp-content\/uploads\/2016\/10\/do-t.jpg\"><img decoding=\"async\" class=\"alignnone size-full wp-image-4109\" src=\"https:\/\/marekkuchcinski.pl\/wp-content\/uploads\/2016\/10\/do-t.jpg\" alt=\"do-t\" width=\"1800\" height=\"1200\" srcset=\"https:\/\/marekkuchcinski.pl\/wp-content\/uploads\/2016\/10\/do-t.jpg 1800w, https:\/\/marekkuchcinski.pl\/wp-content\/uploads\/2016\/10\/do-t-300x200.jpg 300w, https:\/\/marekkuchcinski.pl\/wp-content\/uploads\/2016\/10\/do-t-768x512.jpg 768w, https:\/\/marekkuchcinski.pl\/wp-content\/uploads\/2016\/10\/do-t-1024x683.jpg 1024w\" sizes=\"(max-width: 1800px) 100vw, 1800px\" \/><\/a><\/p>\n<p>Ma\u0142gorzata Sadurska, ktor\u00e1 zastupovala prezidenta Po\u013eskej republiky, uviedla, \u017ee encyklika Laudato Si sa neobmedzuje len na pripomenutie zrejmej skuto\u010dnosti, \u017ee z\u00e1klad biologickej existencie n\u00e1s v\u0161etk\u00fdch z\u00e1vis\u00ed od stavu pr\u00edrodn\u00e9ho prostredia. Rozober\u00e1 tie\u017e duchovn\u00e9, mor\u00e1lne a soci\u00e1lne d\u00f4sledky na\u0161ich rozhodnut\u00ed t\u00fdkaj\u00facich sa \u0161ir\u0161ieho prostredia \u013eudsk\u00e9ho \u017eivota.<\/p>\n<p><a href=\"https:\/\/marekkuchcinski.pl\/wp-content\/uploads\/2016\/10\/sa.jpg\"><img decoding=\"async\" class=\"alignnone size-full wp-image-4111\" src=\"https:\/\/marekkuchcinski.pl\/wp-content\/uploads\/2016\/10\/sa.jpg\" alt=\"sa\" width=\"1800\" height=\"1200\" srcset=\"https:\/\/marekkuchcinski.pl\/wp-content\/uploads\/2016\/10\/sa.jpg 1800w, https:\/\/marekkuchcinski.pl\/wp-content\/uploads\/2016\/10\/sa-300x200.jpg 300w, https:\/\/marekkuchcinski.pl\/wp-content\/uploads\/2016\/10\/sa-768x512.jpg 768w, https:\/\/marekkuchcinski.pl\/wp-content\/uploads\/2016\/10\/sa-1024x683.jpg 1024w\" sizes=\"(max-width: 1800px) 100vw, 1800px\" \/><\/a><\/p>\n<p>Minister \u017eivotn\u00e9ho prostredia profesor Jan Szyszko, ktor\u00fd bol jedn\u00fdm zo sponzorov konferencie, hovoril o ve\u013ekej pr\u00edle\u017eitosti, ktor\u00fa pre Po\u013esko predstavuje Par\u00ed\u017eska dohoda. Po\u013esko mus\u00ed t\u00fato pr\u00edle\u017eitos\u0165 vyu\u017ei\u0165.<\/p>\n<p><a href=\"https:\/\/marekkuchcinski.pl\/wp-content\/uploads\/2016\/10\/KU045991.jpg\"><img loading=\"lazy\" decoding=\"async\" class=\"alignnone size-full wp-image-4110\" src=\"https:\/\/marekkuchcinski.pl\/wp-content\/uploads\/2016\/10\/KU045991.jpg\" alt=\"ku045991\" width=\"1800\" height=\"1200\" srcset=\"https:\/\/marekkuchcinski.pl\/wp-content\/uploads\/2016\/10\/KU045991.jpg 1800w, https:\/\/marekkuchcinski.pl\/wp-content\/uploads\/2016\/10\/KU045991-300x200.jpg 300w, https:\/\/marekkuchcinski.pl\/wp-content\/uploads\/2016\/10\/KU045991-768x512.jpg 768w, https:\/\/marekkuchcinski.pl\/wp-content\/uploads\/2016\/10\/KU045991-1024x683.jpg 1024w\" sizes=\"(max-width: 1800px) 100vw, 1800px\" \/><\/a><\/p>\n<p>V mene premi\u00e9rky Beaty Szyd\u0142o list pre\u010d\u00edtal podpredseda vl\u00e1dy Mateusz Morawiecki. Upozornil na potrebu budovania novej solidarity tv\u00e1rou v tv\u00e1r environment\u00e1lnej kr\u00edze.<\/p>\n<p>- Sv\u00e4t\u00fd Otec zd\u00f4raz\u0148uje, \u017ee v\u0161etci mus\u00edme spolo\u010dne odpoveda\u0165 na volanie zeme i chudobn\u00fdch. Dne\u0161n\u00e1 konferencia je vhodnou odpove\u010fou na p\u00e1pe\u017eovu v\u00fdzvu obnovi\u0165 dial\u00f3g o tom, ako budova\u0165 bud\u00facnos\u0165 na\u0161ej plan\u00e9ty,\" povedal Morawiecki.<\/p>\n<p><a href=\"https:\/\/marekkuchcinski.pl\/wp-content\/uploads\/2016\/10\/KU045891.jpg\"><img loading=\"lazy\" decoding=\"async\" class=\"alignnone size-full wp-image-4112\" src=\"https:\/\/marekkuchcinski.pl\/wp-content\/uploads\/2016\/10\/KU045891.jpg\" alt=\"ku045891\" width=\"1800\" height=\"1200\" srcset=\"https:\/\/marekkuchcinski.pl\/wp-content\/uploads\/2016\/10\/KU045891.jpg 1800w, https:\/\/marekkuchcinski.pl\/wp-content\/uploads\/2016\/10\/KU045891-300x200.jpg 300w, https:\/\/marekkuchcinski.pl\/wp-content\/uploads\/2016\/10\/KU045891-768x512.jpg 768w, https:\/\/marekkuchcinski.pl\/wp-content\/uploads\/2016\/10\/KU045891-1024x683.jpg 1024w\" sizes=\"(max-width: 1800px) 100vw, 1800px\" \/><\/a><\/p>\n<p>&nbsp;<\/p>","protected":false},"excerpt":{"rendered":"<p>Z inicjatywy prefekta Stolicy Apostolskiej ks. kard. Gerharda M\u00fcllera odby\u0142a si\u0119 mi\u0119dzynarodowa konferencja \u201eZr\u00f3wnowa\u017cony rozw\u00f3j w \u015bwietle encykliki Laudato Si\u201d. Konferencja dotyczy\u0142a najwa\u017cniejszych problem\u00f3w \u015bwiata, takich jak: brak dobrej wody, czystego powietrza, degradacja gleb, proces pustynnienia, g\u0142\u00f3d, migracje, wykluczenie, bior\u00f3\u017cnorodno\u015b\u0107 i zmiany klimatyczne. Konferencja mia\u0142a miejsce w sali obrad Sejmu, gospodarzem by\u0142 marsza\u0142ek Sejmu Marek [&hellip;]<\/p>","protected":false},"author":6,"featured_media":4107,"comment_status":"open","ping_status":"open","sticky":false,"template":"","format":"standard","meta":{"ngg_post_thumbnail":0,"footnotes":""},"categories":[81,50,3],"tags":[],"class_list":["post-4105","post","type-post","status-publish","format-standard","has-post-thumbnail","hentry","category-wiesci-z-sejmu","category-wspolpraca-miedzynarodowa","category-wydarzenia"],"yoast_head":"<!-- This site is optimized with the Yoast SEO plugin v24.7 - https:\/\/yoast.com\/wordpress\/plugins\/seo\/ -->\n<title>Sejm: konferencja o zr\u00f3wnowa\u017conym rozwoju w \u015bwietle rozwoju duchowego &#8211; Marek Kuchci\u0144ski<\/title>\n<meta name=\"robots\" content=\"index, follow, max-snippet:-1, max-image-preview:large, max-video-preview:-1\" \/>\n<link rel=\"canonical\" href=\"https:\/\/marekkuchcinski.pl\/sk\/wiesci-z-sejmu\/sejm-konferencja-o-zrownowazonym-rozwoju-swietle-rozwoju-duchowego\/\" \/>\n<meta property=\"og:locale\" content=\"sk_SK\" \/>\n<meta property=\"og:type\" content=\"article\" \/>\n<meta property=\"og:title\" content=\"Sejm: konferencja o zr\u00f3wnowa\u017conym rozwoju w \u015bwietle rozwoju duchowego &#8211; Marek Kuchci\u0144ski\" \/>\n<meta property=\"og:description\" content=\"Z inicjatywy prefekta Stolicy Apostolskiej ks. kard. Gerharda M\u00fcllera odby\u0142a si\u0119 mi\u0119dzynarodowa konferencja \u201eZr\u00f3wnowa\u017cony rozw\u00f3j w \u015bwietle encykliki Laudato Si\u201d. Konferencja dotyczy\u0142a najwa\u017cniejszych problem\u00f3w \u015bwiata, takich jak: brak dobrej wody, czystego powietrza, degradacja gleb, proces pustynnienia, g\u0142\u00f3d, migracje, wykluczenie, bior\u00f3\u017cnorodno\u015b\u0107 i zmiany klimatyczne. Konferencja mia\u0142a miejsce w sali obrad Sejmu, gospodarzem by\u0142 marsza\u0142ek Sejmu Marek [&hellip;]\" \/>\n<meta property=\"og:url\" content=\"https:\/\/marekkuchcinski.pl\/sk\/wiesci-z-sejmu\/sejm-konferencja-o-zrownowazonym-rozwoju-swietle-rozwoju-duchowego\/\" \/>\n<meta property=\"og:site_name\" content=\"Marek Kuchci\u0144ski\" \/>\n<meta property=\"article:published_time\" content=\"2016-10-15T14:10:35+00:00\" \/>\n<meta property=\"article:modified_time\" content=\"2016-10-18T10:18:06+00:00\" \/>\n<meta property=\"og:image\" content=\"https:\/\/marekkuchcinski.pl\/wp-content\/uploads\/2016\/10\/na-wyr.jpg\" \/>\n\t<meta property=\"og:image:width\" content=\"1800\" \/>\n\t<meta property=\"og:image:height\" content=\"1200\" \/>\n\t<meta property=\"og:image:type\" content=\"image\/jpeg\" \/>\n<meta name=\"author\" content=\"admin\" \/>\n<meta name=\"twitter:card\" content=\"summary_large_image\" \/>\n<meta name=\"twitter:label1\" content=\"Autor\" \/>\n\t<meta name=\"twitter:data1\" content=\"admin\" \/>\n\t<meta name=\"twitter:label2\" content=\"Predpokladan\u00fd \u010das \u010d\u00edtania\" \/>\n\t<meta name=\"twitter:data2\" content=\"2 min\u00faty\" \/>\n<script type=\"application\/ld+json\" class=\"yoast-schema-graph\">{\"@context\":\"https:\/\/schema.org\",\"@graph\":[{\"@type\":\"Article\",\"@id\":\"https:\/\/marekkuchcinski.pl\/wiesci-z-sejmu\/sejm-konferencja-o-zrownowazonym-rozwoju-swietle-rozwoju-duchowego\/#article\",\"isPartOf\":{\"@id\":\"https:\/\/marekkuchcinski.pl\/wiesci-z-sejmu\/sejm-konferencja-o-zrownowazonym-rozwoju-swietle-rozwoju-duchowego\/\"},\"author\":{\"name\":\"admin\",\"@id\":\"https:\/\/marekkuchcinski.pl\/#\/schema\/person\/6f62700996b4d950b6ea2d1183b6c6be\"},\"headline\":\"Sejm: konferencja o zr\u00f3wnowa\u017conym rozwoju w \u015bwietle rozwoju duchowego\",\"datePublished\":\"2016-10-15T14:10:35+00:00\",\"dateModified\":\"2016-10-18T10:18:06+00:00\",\"mainEntityOfPage\":{\"@id\":\"https:\/\/marekkuchcinski.pl\/wiesci-z-sejmu\/sejm-konferencja-o-zrownowazonym-rozwoju-swietle-rozwoju-duchowego\/\"},\"wordCount\":410,\"commentCount\":0,\"publisher\":{\"@id\":\"https:\/\/marekkuchcinski.pl\/#organization\"},\"image\":{\"@id\":\"https:\/\/marekkuchcinski.pl\/wiesci-z-sejmu\/sejm-konferencja-o-zrownowazonym-rozwoju-swietle-rozwoju-duchowego\/#primaryimage\"},\"thumbnailUrl\":\"https:\/\/marekkuchcinski.pl\/wp-content\/uploads\/2016\/10\/na-wyr.jpg\",\"articleSection\":[\"Wie\u015bci z Sejmu\",\"Wsp\u00f3\u0142praca mi\u0119dzynarodowa\",\"Wydarzenia\"],\"inLanguage\":\"sk-SK\",\"potentialAction\":[{\"@type\":\"CommentAction\",\"name\":\"Comment\",\"target\":[\"https:\/\/marekkuchcinski.pl\/wiesci-z-sejmu\/sejm-konferencja-o-zrownowazonym-rozwoju-swietle-rozwoju-duchowego\/#respond\"]}]},{\"@type\":\"WebPage\",\"@id\":\"https:\/\/marekkuchcinski.pl\/wiesci-z-sejmu\/sejm-konferencja-o-zrownowazonym-rozwoju-swietle-rozwoju-duchowego\/\",\"url\":\"https:\/\/marekkuchcinski.pl\/wiesci-z-sejmu\/sejm-konferencja-o-zrownowazonym-rozwoju-swietle-rozwoju-duchowego\/\",\"name\":\"Sejm: konferencja o zr\u00f3wnowa\u017conym rozwoju w \u015bwietle rozwoju duchowego &#8211; Marek Kuchci\u0144ski\",\"isPartOf\":{\"@id\":\"https:\/\/marekkuchcinski.pl\/#website\"},\"primaryImageOfPage\":{\"@id\":\"https:\/\/marekkuchcinski.pl\/wiesci-z-sejmu\/sejm-konferencja-o-zrownowazonym-rozwoju-swietle-rozwoju-duchowego\/#primaryimage\"},\"image\":{\"@id\":\"https:\/\/marekkuchcinski.pl\/wiesci-z-sejmu\/sejm-konferencja-o-zrownowazonym-rozwoju-swietle-rozwoju-duchowego\/#primaryimage\"},\"thumbnailUrl\":\"https:\/\/marekkuchcinski.pl\/wp-content\/uploads\/2016\/10\/na-wyr.jpg\",\"datePublished\":\"2016-10-15T14:10:35+00:00\",\"dateModified\":\"2016-10-18T10:18:06+00:00\",\"breadcrumb\":{\"@id\":\"https:\/\/marekkuchcinski.pl\/wiesci-z-sejmu\/sejm-konferencja-o-zrownowazonym-rozwoju-swietle-rozwoju-duchowego\/#breadcrumb\"},\"inLanguage\":\"sk-SK\",\"potentialAction\":[{\"@type\":\"ReadAction\",\"target\":[\"https:\/\/marekkuchcinski.pl\/wiesci-z-sejmu\/sejm-konferencja-o-zrownowazonym-rozwoju-swietle-rozwoju-duchowego\/\"]}]},{\"@type\":\"ImageObject\",\"inLanguage\":\"sk-SK\",\"@id\":\"https:\/\/marekkuchcinski.pl\/wiesci-z-sejmu\/sejm-konferencja-o-zrownowazonym-rozwoju-swietle-rozwoju-duchowego\/#primaryimage\",\"url\":\"https:\/\/marekkuchcinski.pl\/wp-content\/uploads\/2016\/10\/na-wyr.jpg\",\"contentUrl\":\"https:\/\/marekkuchcinski.pl\/wp-content\/uploads\/2016\/10\/na-wyr.jpg\",\"width\":1800,\"height\":1200},{\"@type\":\"BreadcrumbList\",\"@id\":\"https:\/\/marekkuchcinski.pl\/wiesci-z-sejmu\/sejm-konferencja-o-zrownowazonym-rozwoju-swietle-rozwoju-duchowego\/#breadcrumb\",\"itemListElement\":[{\"@type\":\"ListItem\",\"position\":1,\"name\":\"Strona g\u0142\u00f3wna\",\"item\":\"https:\/\/marekkuchcinski.pl\/\"},{\"@type\":\"ListItem\",\"position\":2,\"name\":\"Sejm: konferencja o zr\u00f3wnowa\u017conym rozwoju w \u015bwietle rozwoju duchowego\"}]},{\"@type\":\"WebSite\",\"@id\":\"https:\/\/marekkuchcinski.pl\/#website\",\"url\":\"https:\/\/marekkuchcinski.pl\/\",\"name\":\"Marek Kuchci\u0144ski\",\"description\":\"Pose\u0142 na sejm RP &ndash; okr\u0119g nr 22\",\"publisher\":{\"@id\":\"https:\/\/marekkuchcinski.pl\/#organization\"},\"potentialAction\":[{\"@type\":\"SearchAction\",\"target\":{\"@type\":\"EntryPoint\",\"urlTemplate\":\"https:\/\/marekkuchcinski.pl\/?s={search_term_string}\"},\"query-input\":{\"@type\":\"PropertyValueSpecification\",\"valueRequired\":true,\"valueName\":\"search_term_string\"}}],\"inLanguage\":\"sk-SK\"},{\"@type\":\"Organization\",\"@id\":\"https:\/\/marekkuchcinski.pl\/#organization\",\"name\":\"Marek Kuchci\u0144ski\",\"url\":\"https:\/\/marekkuchcinski.pl\/\",\"logo\":{\"@type\":\"ImageObject\",\"inLanguage\":\"sk-SK\",\"@id\":\"https:\/\/marekkuchcinski.pl\/#\/schema\/logo\/image\/\",\"url\":\"https:\/\/marekkuchcinski.pl\/wp-content\/uploads\/2022\/09\/Marek.jpg\",\"contentUrl\":\"https:\/\/marekkuchcinski.pl\/wp-content\/uploads\/2022\/09\/Marek.jpg\",\"width\":1600,\"height\":971,\"caption\":\"Marek Kuchci\u0144ski\"},\"image\":{\"@id\":\"https:\/\/marekkuchcinski.pl\/#\/schema\/logo\/image\/\"}},{\"@type\":\"Person\",\"@id\":\"https:\/\/marekkuchcinski.pl\/#\/schema\/person\/6f62700996b4d950b6ea2d1183b6c6be\",\"name\":\"admin\",\"image\":{\"@type\":\"ImageObject\",\"inLanguage\":\"sk-SK\",\"@id\":\"https:\/\/marekkuchcinski.pl\/#\/schema\/person\/image\/\",\"url\":\"https:\/\/secure.gravatar.com\/avatar\/4bab693b9d55c3d6b52c0296a8765085?s=96&d=mm&r=g\",\"contentUrl\":\"https:\/\/secure.gravatar.com\/avatar\/4bab693b9d55c3d6b52c0296a8765085?s=96&d=mm&r=g\",\"caption\":\"admin\"},\"url\":\"https:\/\/marekkuchcinski.pl\/sk\/author\/marta-olejnik\/\"}]}<\/script>\n<!-- \/ Yoast SEO plugin. -->","yoast_head_json":{"title":"Sejm: konferencja o zr\u00f3wnowa\u017conym rozwoju w \u015bwietle rozwoju duchowego &#8211; Marek Kuchci\u0144ski","robots":{"index":"index","follow":"follow","max-snippet":"max-snippet:-1","max-image-preview":"max-image-preview:large","max-video-preview":"max-video-preview:-1"},"canonical":"https:\/\/marekkuchcinski.pl\/sk\/wiesci-z-sejmu\/sejm-konferencja-o-zrownowazonym-rozwoju-swietle-rozwoju-duchowego\/","og_locale":"sk_SK","og_type":"article","og_title":"Sejm: konferencja o zr\u00f3wnowa\u017conym rozwoju w \u015bwietle rozwoju duchowego &#8211; Marek Kuchci\u0144ski","og_description":"Z inicjatywy prefekta Stolicy Apostolskiej ks. kard. Gerharda M\u00fcllera odby\u0142a si\u0119 mi\u0119dzynarodowa konferencja \u201eZr\u00f3wnowa\u017cony rozw\u00f3j w \u015bwietle encykliki Laudato Si\u201d. Konferencja dotyczy\u0142a najwa\u017cniejszych problem\u00f3w \u015bwiata, takich jak: brak dobrej wody, czystego powietrza, degradacja gleb, proces pustynnienia, g\u0142\u00f3d, migracje, wykluczenie, bior\u00f3\u017cnorodno\u015b\u0107 i zmiany klimatyczne. Konferencja mia\u0142a miejsce w sali obrad Sejmu, gospodarzem by\u0142 marsza\u0142ek Sejmu Marek [&hellip;]","og_url":"https:\/\/marekkuchcinski.pl\/sk\/wiesci-z-sejmu\/sejm-konferencja-o-zrownowazonym-rozwoju-swietle-rozwoju-duchowego\/","og_site_name":"Marek Kuchci\u0144ski","article_published_time":"2016-10-15T14:10:35+00:00","article_modified_time":"2016-10-18T10:18:06+00:00","og_image":[{"width":1800,"height":1200,"url":"https:\/\/marekkuchcinski.pl\/wp-content\/uploads\/2016\/10\/na-wyr.jpg","type":"image\/jpeg"}],"author":"admin","twitter_card":"summary_large_image","twitter_misc":{"Autor":"admin","Predpokladan\u00fd \u010das \u010d\u00edtania":"2 min\u00faty"},"schema":{"@context":"https:\/\/schema.org","@graph":[{"@type":"Article","@id":"https:\/\/marekkuchcinski.pl\/wiesci-z-sejmu\/sejm-konferencja-o-zrownowazonym-rozwoju-swietle-rozwoju-duchowego\/#article","isPartOf":{"@id":"https:\/\/marekkuchcinski.pl\/wiesci-z-sejmu\/sejm-konferencja-o-zrownowazonym-rozwoju-swietle-rozwoju-duchowego\/"},"author":{"name":"admin","@id":"https:\/\/marekkuchcinski.pl\/#\/schema\/person\/6f62700996b4d950b6ea2d1183b6c6be"},"headline":"Sejm: konferencja o zr\u00f3wnowa\u017conym rozwoju w \u015bwietle rozwoju duchowego","datePublished":"2016-10-15T14:10:35+00:00","dateModified":"2016-10-18T10:18:06+00:00","mainEntityOfPage":{"@id":"https:\/\/marekkuchcinski.pl\/wiesci-z-sejmu\/sejm-konferencja-o-zrownowazonym-rozwoju-swietle-rozwoju-duchowego\/"},"wordCount":410,"commentCount":0,"publisher":{"@id":"https:\/\/marekkuchcinski.pl\/#organization"},"image":{"@id":"https:\/\/marekkuchcinski.pl\/wiesci-z-sejmu\/sejm-konferencja-o-zrownowazonym-rozwoju-swietle-rozwoju-duchowego\/#primaryimage"},"thumbnailUrl":"https:\/\/marekkuchcinski.pl\/wp-content\/uploads\/2016\/10\/na-wyr.jpg","articleSection":["Wie\u015bci z Sejmu","Wsp\u00f3\u0142praca mi\u0119dzynarodowa","Wydarzenia"],"inLanguage":"sk-SK","potentialAction":[{"@type":"CommentAction","name":"Comment","target":["https:\/\/marekkuchcinski.pl\/wiesci-z-sejmu\/sejm-konferencja-o-zrownowazonym-rozwoju-swietle-rozwoju-duchowego\/#respond"]}]},{"@type":"WebPage","@id":"https:\/\/marekkuchcinski.pl\/wiesci-z-sejmu\/sejm-konferencja-o-zrownowazonym-rozwoju-swietle-rozwoju-duchowego\/","url":"https:\/\/marekkuchcinski.pl\/wiesci-z-sejmu\/sejm-konferencja-o-zrownowazonym-rozwoju-swietle-rozwoju-duchowego\/","name":"Sejm: konferencja o zr\u00f3wnowa\u017conym rozwoju w \u015bwietle rozwoju duchowego &#8211; Marek Kuchci\u0144ski","isPartOf":{"@id":"https:\/\/marekkuchcinski.pl\/#website"},"primaryImageOfPage":{"@id":"https:\/\/marekkuchcinski.pl\/wiesci-z-sejmu\/sejm-konferencja-o-zrownowazonym-rozwoju-swietle-rozwoju-duchowego\/#primaryimage"},"image":{"@id":"https:\/\/marekkuchcinski.pl\/wiesci-z-sejmu\/sejm-konferencja-o-zrownowazonym-rozwoju-swietle-rozwoju-duchowego\/#primaryimage"},"thumbnailUrl":"https:\/\/marekkuchcinski.pl\/wp-content\/uploads\/2016\/10\/na-wyr.jpg","datePublished":"2016-10-15T14:10:35+00:00","dateModified":"2016-10-18T10:18:06+00:00","breadcrumb":{"@id":"https:\/\/marekkuchcinski.pl\/wiesci-z-sejmu\/sejm-konferencja-o-zrownowazonym-rozwoju-swietle-rozwoju-duchowego\/#breadcrumb"},"inLanguage":"sk-SK","potentialAction":[{"@type":"ReadAction","target":["https:\/\/marekkuchcinski.pl\/wiesci-z-sejmu\/sejm-konferencja-o-zrownowazonym-rozwoju-swietle-rozwoju-duchowego\/"]}]},{"@type":"ImageObject","inLanguage":"sk-SK","@id":"https:\/\/marekkuchcinski.pl\/wiesci-z-sejmu\/sejm-konferencja-o-zrownowazonym-rozwoju-swietle-rozwoju-duchowego\/#primaryimage","url":"https:\/\/marekkuchcinski.pl\/wp-content\/uploads\/2016\/10\/na-wyr.jpg","contentUrl":"https:\/\/marekkuchcinski.pl\/wp-content\/uploads\/2016\/10\/na-wyr.jpg","width":1800,"height":1200},{"@type":"BreadcrumbList","@id":"https:\/\/marekkuchcinski.pl\/wiesci-z-sejmu\/sejm-konferencja-o-zrownowazonym-rozwoju-swietle-rozwoju-duchowego\/#breadcrumb","itemListElement":[{"@type":"ListItem","position":1,"name":"Strona g\u0142\u00f3wna","item":"https:\/\/marekkuchcinski.pl\/"},{"@type":"ListItem","position":2,"name":"Sejm: konferencja o zr\u00f3wnowa\u017conym rozwoju w \u015bwietle rozwoju duchowego"}]},{"@type":"WebSite","@id":"https:\/\/marekkuchcinski.pl\/#website","url":"https:\/\/marekkuchcinski.pl\/","name":"Marek Kuchci\u0144ski","description":"Pose\u0142 na sejm RP &ndash; okr\u0119g nr 22","publisher":{"@id":"https:\/\/marekkuchcinski.pl\/#organization"},"potentialAction":[{"@type":"SearchAction","target":{"@type":"EntryPoint","urlTemplate":"https:\/\/marekkuchcinski.pl\/?s={search_term_string}"},"query-input":{"@type":"PropertyValueSpecification","valueRequired":true,"valueName":"search_term_string"}}],"inLanguage":"sk-SK"},{"@type":"Organization","@id":"https:\/\/marekkuchcinski.pl\/#organization","name":"Marek Kuchci\u0144ski","url":"https:\/\/marekkuchcinski.pl\/","logo":{"@type":"ImageObject","inLanguage":"sk-SK","@id":"https:\/\/marekkuchcinski.pl\/#\/schema\/logo\/image\/","url":"https:\/\/marekkuchcinski.pl\/wp-content\/uploads\/2022\/09\/Marek.jpg","contentUrl":"https:\/\/marekkuchcinski.pl\/wp-content\/uploads\/2022\/09\/Marek.jpg","width":1600,"height":971,"caption":"Marek Kuchci\u0144ski"},"image":{"@id":"https:\/\/marekkuchcinski.pl\/#\/schema\/logo\/image\/"}},{"@type":"Person","@id":"https:\/\/marekkuchcinski.pl\/#\/schema\/person\/6f62700996b4d950b6ea2d1183b6c6be","name":"admin","image":{"@type":"ImageObject","inLanguage":"sk-SK","@id":"https:\/\/marekkuchcinski.pl\/#\/schema\/person\/image\/","url":"https:\/\/secure.gravatar.com\/avatar\/4bab693b9d55c3d6b52c0296a8765085?s=96&d=mm&r=g","contentUrl":"https:\/\/secure.gravatar.com\/avatar\/4bab693b9d55c3d6b52c0296a8765085?s=96&d=mm&r=g","caption":"admin"},"url":"https:\/\/marekkuchcinski.pl\/sk\/author\/marta-olejnik\/"}]}},"_links":{"self":[{"href":"https:\/\/marekkuchcinski.pl\/sk\/wp-json\/wp\/v2\/posts\/4105","targetHints":{"allow":["GET"]}}],"collection":[{"href":"https:\/\/marekkuchcinski.pl\/sk\/wp-json\/wp\/v2\/posts"}],"about":[{"href":"https:\/\/marekkuchcinski.pl\/sk\/wp-json\/wp\/v2\/types\/post"}],"author":[{"embeddable":true,"href":"https:\/\/marekkuchcinski.pl\/sk\/wp-json\/wp\/v2\/users\/6"}],"replies":[{"embeddable":true,"href":"https:\/\/marekkuchcinski.pl\/sk\/wp-json\/wp\/v2\/comments?post=4105"}],"version-history":[{"count":2,"href":"https:\/\/marekkuchcinski.pl\/sk\/wp-json\/wp\/v2\/posts\/4105\/revisions"}],"predecessor-version":[{"id":4114,"href":"https:\/\/marekkuchcinski.pl\/sk\/wp-json\/wp\/v2\/posts\/4105\/revisions\/4114"}],"wp:featuredmedia":[{"embeddable":true,"href":"https:\/\/marekkuchcinski.pl\/sk\/wp-json\/wp\/v2\/media\/4107"}],"wp:attachment":[{"href":"https:\/\/marekkuchcinski.pl\/sk\/wp-json\/wp\/v2\/media?parent=4105"}],"wp:term":[{"taxonomy":"category","embeddable":true,"href":"https:\/\/marekkuchcinski.pl\/sk\/wp-json\/wp\/v2\/categories?post=4105"},{"taxonomy":"post_tag","embeddable":true,"href":"https:\/\/marekkuchcinski.pl\/sk\/wp-json\/wp\/v2\/tags?post=4105"}],"curies":[{"name":"wp","href":"https:\/\/api.w.org\/{rel}","templated":true}]}}