{"id":4056,"date":"2016-10-12T15:13:03","date_gmt":"2016-10-12T13:13:03","guid":{"rendered":"https:\/\/marekkuchcinski.pl\/?p=4056"},"modified":"2016-10-14T07:58:24","modified_gmt":"2016-10-14T05:58:24","slug":"bratyslawa-zegna-dzis-michala-kovaca-pierwszego-prezydenta-slowacji","status":"publish","type":"post","link":"https:\/\/marekkuchcinski.pl\/sk\/wydarzenia\/bratyslawa-zegna-dzis-michala-kovaca-pierwszego-prezydenta-slowacji\/","title":{"rendered":"Bratislava sa l\u00fa\u010di s prv\u00fdm prezidentom SR Michalom Kov\u00e1\u010dom"},"content":{"rendered":"<p><strong>Michal Kov\u00e1\u010d, slovensk\u00fd politik a ekon\u00f3m, poslanec, minister, predseda Feder\u00e1lneho zhroma\u017edenia, prezident Slovenskej republiky v rokoch 1993 a\u017e 1998, zomrel 5. okt\u00f3bra. \u0160t\u00e1tny pohreb prezidenta sa dnes konal v Bratislave s vojensk\u00fdmi poctami.<\/strong><\/p>\n<p>Michal Kov\u00e1\u010d bol opozi\u010dn\u00fdm aktivistom, okrem in\u00e9ho p\u00f4sobil v Hnut\u00ed za demokratick\u00e9 Slovensko, podporoval proeur\u00f3psky kurz Slovenska a bol \u0161t\u00e1tnikom. Predseda Sejmu ho v kondolen\u010dnom liste na slovenskom ve\u013evyslanectve ozna\u010dil za hrdinu na\u0161ich \u010dias. Zd\u00f4raznil, \u017ee za dne\u0161n\u00fd demokratick\u00fd poriadok v Eur\u00f3pe v\u010fa\u010d\u00edme \u013eu\u010fom ako Kov\u00e1\u010d.<\/p>\n<p>V roku 1994 bol Michal Kov\u00e1\u010d vyznamenan\u00fd Ve\u013ek\u00fdm kr\u00ed\u017eom R\u00e1du za z\u00e1sluhy Po\u013eskej republiky a o tri roky nesk\u00f4r R\u00e1dom Bieleho orla.<\/p>\n<p>&nbsp;<\/p>\n<p><a href=\"https:\/\/marekkuchcinski.pl\/wp-content\/uploads\/2016\/10\/k3.jpg\"><img fetchpriority=\"high\" decoding=\"async\" class=\"alignnone wp-image-4057\" src=\"https:\/\/marekkuchcinski.pl\/wp-content\/uploads\/2016\/10\/k3.jpg\" alt=\"k3\" width=\"998\" height=\"793\" srcset=\"https:\/\/marekkuchcinski.pl\/wp-content\/uploads\/2016\/10\/k3.jpg 963w, https:\/\/marekkuchcinski.pl\/wp-content\/uploads\/2016\/10\/k3-300x238.jpg 300w, https:\/\/marekkuchcinski.pl\/wp-content\/uploads\/2016\/10\/k3-768x610.jpg 768w\" sizes=\"(max-width: 998px) 100vw, 998px\" \/><\/a><\/p>\n<p>Foto: http:\/\/spectator.sme.sk\/<\/p>","protected":false},"excerpt":{"rendered":"<p>5 pa\u017adziernika zmar\u0142 \u00a0Michal Kov\u00e1\u010d, s\u0142owacki polityk i ekonomista, parlamentarzysta, minister, przewodnicz\u0105cy Zgromadzenia Federalnego, w latach 1993\u20131998 prezydent S\u0142owacji. Dzi\u015b w Bratys\u0142awie, w\u015br\u00f3d wojskowych honor\u00f3w, odby\u0142 si\u0119 pa\u0144stwowy pogrzeb prezydenta. Michal Kov\u00e1\u010d by\u0142 opozycjonist\u0105, dzia\u0142a\u0142 m.in. w\u00a0Ruchu na rzecz Demokratycznej S\u0142owacji, by\u0142 zwolennikiem proeuropejskiego kursu S\u0142owacji, m\u0119\u017cem stanu. W li\u015bcie kondolencyjnym w ambasadzie S\u0142owacji marsza\u0142ek [&hellip;]<\/p>\n","protected":false},"author":6,"featured_media":4062,"comment_status":"open","ping_status":"open","sticky":false,"template":"","format":"standard","meta":{"ngg_post_thumbnail":0,"footnotes":""},"categories":[77,3],"tags":[],"class_list":["post-4056","post","type-post","status-publish","format-standard","has-post-thumbnail","hentry","category-wazne-daty","category-wydarzenia"],"_links":{"self":[{"href":"https:\/\/marekkuchcinski.pl\/sk\/wp-json\/wp\/v2\/posts\/4056","targetHints":{"allow":["GET"]}}],"collection":[{"href":"https:\/\/marekkuchcinski.pl\/sk\/wp-json\/wp\/v2\/posts"}],"about":[{"href":"https:\/\/marekkuchcinski.pl\/sk\/wp-json\/wp\/v2\/types\/post"}],"author":[{"embeddable":true,"href":"https:\/\/marekkuchcinski.pl\/sk\/wp-json\/wp\/v2\/users\/6"}],"replies":[{"embeddable":true,"href":"https:\/\/marekkuchcinski.pl\/sk\/wp-json\/wp\/v2\/comments?post=4056"}],"version-history":[{"count":8,"href":"https:\/\/marekkuchcinski.pl\/sk\/wp-json\/wp\/v2\/posts\/4056\/revisions"}],"predecessor-version":[{"id":4084,"href":"https:\/\/marekkuchcinski.pl\/sk\/wp-json\/wp\/v2\/posts\/4056\/revisions\/4084"}],"wp:featuredmedia":[{"embeddable":true,"href":"https:\/\/marekkuchcinski.pl\/sk\/wp-json\/wp\/v2\/media\/4062"}],"wp:attachment":[{"href":"https:\/\/marekkuchcinski.pl\/sk\/wp-json\/wp\/v2\/media?parent=4056"}],"wp:term":[{"taxonomy":"category","embeddable":true,"href":"https:\/\/marekkuchcinski.pl\/sk\/wp-json\/wp\/v2\/categories?post=4056"},{"taxonomy":"post_tag","embeddable":true,"href":"https:\/\/marekkuchcinski.pl\/sk\/wp-json\/wp\/v2\/tags?post=4056"}],"curies":[{"name":"wp","href":"https:\/\/api.w.org\/{rel}","templated":true}]}}