{"id":3971,"date":"2016-10-07T22:00:03","date_gmt":"2016-10-07T20:00:03","guid":{"rendered":"https:\/\/marekkuchcinski.pl\/?p=3971"},"modified":"2016-10-08T09:57:43","modified_gmt":"2016-10-08T07:57:43","slug":"marszalek-kuchcinski-bratyslawie-proponuje-prawo-inicjatywy-ustawodaw-dla-parl-kilku-panstw-dzialajacych-wspolnie-oraz-weta","status":"publish","type":"post","link":"https:\/\/marekkuchcinski.pl\/sk\/wydarzenia\/marszalek-kuchcinski-bratyslawie-proponuje-prawo-inicjatywy-ustawodaw-dla-parl-kilku-panstw-dzialajacych-wspolnie-oraz-weta\/","title":{"rendered":"Predn\u00e1\u0161aj\u00faci Kuchci\u0144ski v Bratislave: Navrhujem pr\u00e1vo z\u00e1konodarnej iniciat\u00edvy pre parlamenty viacer\u00fdch spolo\u010dne konaj\u00facich \u0161t\u00e1tov a pr\u00e1vo veta"},"content":{"rendered":"<nav class=\"nav\">\u00a0<\/nav>\n<div class=\"top-menu-main\">\n<div id=\"main\" class=\"main\">\n<div id=\"view:_id1:_id2:content\" class=\"content wide komunikat\">\n<div id=\"title_content\">\n<div id=\"contentBody\">\n<div id=\"view:_id1:_id2:facetMain\">\n<div class=\"komunikatImage\"><strong>Dnes sa v Bratislave konal parlamentn\u00fd samit s predsedami parlamentov E\u00da. Po\u013esko zastupovali predsedovia Sejmu Marek Kuchci\u0144ski a Sen\u00e1tu Stanis\u0142aw Karczewski. T\u00e9mami diskusie boli aktu\u00e1lne eur\u00f3pske z\u00e1le\u017eitosti.<\/strong><\/div>\n<div class=\"domino-richtext xspInputFieldRichText\">\n<p dir=\"ltr\">Zasadnutie sa konalo v r\u00e1mci slovensk\u00e9ho predsedn\u00edctva v Rade Eur\u00f3pskej \u00fanie. Hostite\u013eom bol predseda N\u00e1rodnej rady SR Andrej Danko. Samit bol zorganizovan\u00fd v reakcii na ned\u00e1vny v\u00fdvoj v Eur\u00f3pe, najm\u00e4 v s\u00favislosti s v\u00fdsledkom britsk\u00e9ho referenda o \u010fal\u0161om \u010dlenstve v Eur\u00f3pskej \u00fanii.<\/p>\n<p dir=\"ltr\">Rozprava bola rozdelen\u00e1 na dve samostatn\u00e9 zasadnutia. V prvej \u010dasti sa diskutovalo o s\u00fa\u010dasn\u00fdch v\u00fdzvach: ohrozenie eur\u00f3pskej jednoty a preklenutie priepasti medzi E\u00da a jej ob\u010danmi. V druhej \u010dasti sa diskutovalo o \u00falohe n\u00e1rodn\u00fdch parlamentov a s\u00fadr\u017enosti v spolo\u010denstve. Cie\u013eom dne\u0161n\u00e9ho stretnutia bolo poskytn\u00fa\u0165 priestor na v\u00fdmenu n\u00e1zorov a stanov\u00edsk k aktu\u00e1lnym eur\u00f3pskym ot\u00e1zkam, aby bolo mo\u017en\u00e9 formulova\u0165 \u00fa\u010dinn\u00e9 n\u00e1vrhy do bud\u00facnosti.<\/p>\n<p dir=\"ltr\">V druhej \u010dasti zasadnutia sa slova ujal predseda Sejmu Marek Kuchcinski. Po\u010das samitu absolvoval aj nieko\u013eko bilater\u00e1lnych stretnut\u00ed, okrem in\u00fdch s predsedami Andrejom Dankom, Loretou Grau\u017einien\u00e9, Inara Murniece a Urbanom Ahlinom.<\/p>\n<p dir=\"ltr\"><strong>Pr\u00edhovor predsedu Sejmu Mareka Kuchci\u0144sk\u00e9ho<br \/>\nNeform\u00e1lne stretnutie predsedov parlamentov E\u00da po\u010das predsedn\u00edctva Slovenskej republiky<br \/>\nBratislava, 7. okt\u00f3bra 2016.<\/strong><\/p>\n<p dir=\"ltr\">\u010eakujem ve\u013emi pekne, p\u00e1n predseda,<br \/>\nD\u00e1my a p\u00e1ni,<\/p>\n<p dir=\"ltr\">V prvom rade by som sa chcel pripoji\u0165 k po\u010fakovaniu p\u00e1novi Adrejovi Dankovi za zorganizovanie n\u00e1\u0161ho stretnutia v takom kr\u00e1tkom \u010dase, aby sme mohli diskutova\u0165 o aktu\u00e1lnych ot\u00e1zkach t\u00fdkaj\u00facich sa fungovania Eur\u00f3pskej \u00fanie [...].<\/p>\n<p dir=\"ltr\">Zd\u00e1 sa mi, \u017ee predseda Danko, ke\u010f charakterizoval eur\u00f3psku situ\u00e1ciu, ke\u010f hovoril o bud\u00facnosti Eur\u00f3py, ju vynikaj\u00faco vyjadril dvoma slovami [...]: zjednoten\u00ed v rozmanitosti. Zd\u00e1 sa mi, \u017ee toto je symbol a cie\u013e n\u00e1\u0161ho konania. Mysl\u00edm si, \u017ee by sme mali ma\u0165 na pam\u00e4ti nieko\u013eko podmienok. Jednou z nich je st\u00e1\u0165 si za hodnotami, o ktor\u00fdch ste hovorili. Pre m\u0148a je pr\u00edkladom vytrvalosti pri skuto\u010dn\u00fdch hodnot\u00e1ch, a mysl\u00edm to v plnom zmysle slova, odkaz na solidaritu medzi krajinami Eur\u00f3py a Eur\u00f3pskej \u00fanie. Solidarita by mala by\u0165 skuto\u010dnou solidaritou, a nie falo\u0161nou solidaritou. Hodnoty by mali by\u0165 skuto\u010dne pochopen\u00e9. Pr\u00edkladom falo\u0161n\u00e9ho ch\u00e1pania hodnoty, akou je solidarita, je napr\u00edklad v oblasti energetickej bezpe\u010dnosti organiz\u00e1cia a v\u00fdstavba plynovodu Nord Stream [...] na \u00fakor z\u00e1ujmov Po\u013eska a, mysl\u00edm, mnoh\u00fdch \u010fal\u0161\u00edch pobaltsk\u00fdch \u0161t\u00e1tov. Tomuto by sme mali venova\u0165 pozornos\u0165.<\/p>\n<p dir=\"ltr\">\u010co by sme mali urobi\u0165, ako by sme mali obnovi\u0165 Eur\u00f3pu a Eur\u00f3psku \u00faniu s oh\u013eadom na na\u0161e parlamenty? Chcel by som sa pripoji\u0165 k [...] hlasu predsedu franc\u00fazskeho Sen\u00e1tu, ktor\u00fd predlo\u017eil konkr\u00e9tne n\u00e1vrhy, ktor\u00e9 by st\u00e1li za zv\u00e1\u017eenie. Bolo by vhodn\u00e9 vytvori\u0165 osobitn\u00fa pracovn\u00fa skupinu, napr\u00edklad v r\u00e1mci s\u00fa\u010dasn\u00e9ho slovensk\u00e9ho predsedn\u00edctva, ktor\u00e1 by diskutovala o konkr\u00e9tnych n\u00e1vrhoch. S\u00fahlas\u00edm s t\u00fdm, \u017ee pred\u013a\u017eenie lehoty (na vyjadrenie k eur\u00f3pskym dokumentom) je potrebn\u00e9, aby na\u0161e n\u00e1rodn\u00e9 parlamenty mali \u010das na anal\u00fdzu projektov a dokumentov E\u00da. Zd\u00e1 sa mi, \u017ee 12-t\u00fd\u017ed\u0148ov\u00e1 lehota je mo\u017eno pr\u00edli\u0161 kr\u00e1tka. V ka\u017edom pr\u00edpade to v\u0161ak v podstate znamen\u00e1, \u017ee je potrebn\u00e9 zmeni\u0165 a doplni\u0165 Eur\u00f3psku zmluvu.<\/p>\n<p dir=\"ltr\">Domnievam sa, \u017ee ako z\u00e1stupcovia n\u00e1rodn\u00fdch parlamentov by sme mali navrhn\u00fa\u0165 zavedenie pr\u00e1va veta pre jednotliv\u00e9 konkr\u00e9tne projekty pripraven\u00e9 Eur\u00f3pskou komisiou alebo Eur\u00f3pskym parlamentom, napr\u00edklad v situ\u00e1cii, ke\u010f \u0161tvrtina alebo tretina \u010dlensk\u00fdch \u0161t\u00e1tov nes\u00fahlas\u00ed s konkr\u00e9tnym n\u00e1vrhom. Som presved\u010den\u00fd, \u017ee \"zelen\u00e1 karta\", ktor\u00fa navrhol m\u00f4j kolega z Franc\u00fazska, je najlep\u0161\u00edm n\u00e1vrhom na zapojenie na\u0161ich n\u00e1rodn\u00fdch parlamentov, a teda z\u00e1stupcov na\u0161ich n\u00e1rodov, preto\u017ee ka\u017ed\u00fd z n\u00e1s zastupuje suver\u00e9na, t. j. na\u0161e n\u00e1rody. T\u00fdmto sp\u00f4sobom zap\u00e1jame na\u0161e n\u00e1rody do pr\u00e1ce na spolo\u010dnom budovan\u00ed bud\u00facnosti Eur\u00f3pskej \u00fanie, \u010do m\u00f4\u017ee vies\u0165 k zv\u00fd\u0161eniu z\u00e1ujmu a \u00fa\u010dasti na vo\u013eb\u00e1ch do Eur\u00f3pskeho parlamentu, kde sa \u00fa\u010das\u0165 pohybuje okolo 20 %. Tak je to napr\u00edklad v Po\u013esku. Takzvan\u00e1 zelen\u00e1 karta je pr\u00edkladom toho, ako sa m\u00f4\u017eeme zapoji\u0165 do iniciat\u00edvy na formulovanie na\u0161ich r\u00f4znych n\u00e1vrhov.<\/p>\n<p dir=\"ltr\">Zd\u00e1 sa mi, \u017ee by sme mali vzia\u0165 do \u00favahy \u010fal\u0161iu okolnos\u0165. Zastupujeme Eur\u00f3psku \u00faniu, je n\u00e1s 27. Spolu so Spojen\u00fdm kr\u00e1\u013eovstvom, \u0160vaj\u010diarskom a \u010fal\u0161\u00edmi spolupracuj\u00facimi krajinami je n\u00e1s viac ako 30. Existuje v\u0161ak pribli\u017ene tucet kraj\u00edn, ktor\u00e9 s\u00fa mimo Eur\u00f3pskej \u00fanie, ale s\u00fa v Eur\u00f3pe: [...] na Balk\u00e1ne a vo v\u00fdchodnej Eur\u00f3pe. Sila Eur\u00f3pskej \u00fanie vzrastie a dynamika eur\u00f3pskej integr\u00e1cie sa zv\u00fd\u0161i, ak budeme myslie\u0165 otvorene a ak sa budeme usilova\u0165 o spolupr\u00e1cu so v\u0161etk\u00fdmi krajinami Eur\u00f3py. [...] siln\u00e1 Eur\u00f3pska \u00fania sa vyzna\u010duje silou celej Eur\u00f3py. Cel\u00e1 Eur\u00f3pa m\u00f4\u017ee d\u00f4verova\u0165 Eur\u00f3pskej \u00fanii, ak sa star\u00e1 o z\u00e1ujmy celej Eur\u00f3py. Mali by sme myslie\u0165 aj na na\u0161ich v\u00fdchodn\u00fdch susedov, na Ukrajinu, kde prebieha vojna. Na hraniciach Schengenu a Eur\u00f3pskej \u00fanie prebieha vojna. Mali by sme myslie\u0165 na krajiny Kaukazu, Balk\u00e1nu, ktor\u00e9 \u010dakaj\u00fa na Eur\u00f3psku \u00faniu a chc\u00fa do nej vst\u00fapi\u0165. O takejto spolupr\u00e1ci by sme mali uva\u017eova\u0165. Aj to by bol jeden z prvkov h\u013eadania \u00fa\u010dinn\u00e9ho rie\u0161enia probl\u00e9mov migr\u00e1cie.<\/p>\n<p dir=\"ltr\">V\u0161etci sa zhodneme na tom, \u017ee potrebujeme odoln\u00fa a siln\u00fa E\u00da, a zmeny, ktor\u00e9 tu dnes predstavujeme, id\u00fa t\u00fdmto smerom - ako posilni\u0165 Eur\u00f3psku \u00faniu, aby sme sa c\u00edtili bezpe\u010dnej\u0161ie a viac zapojili na\u0161ich ob\u010danov do spolo\u010dn\u00e9ho z\u00e1ujmu o spolo\u010dn\u00fa eur\u00f3psku civiliz\u00e1ciu.<\/p>\n<p dir=\"ltr\"><em>Text: Kancel\u00e1ria Sejmu<\/em><\/p>\n<p dir=\"ltr\"><em>Foto: http:\/\/www.eu2016.sk\/<\/em><\/p>\n<p dir=\"ltr\"><a href=\"https:\/\/marekkuchcinski.pl\/wp-content\/uploads\/2016\/10\/door-step-2016-10-07_30132484446_o.jpg\"><img fetchpriority=\"high\" decoding=\"async\" class=\"alignnone size-full wp-image-3972\" src=\"https:\/\/marekkuchcinski.pl\/wp-content\/uploads\/2016\/10\/door-step-2016-10-07_30132484446_o.jpg\" alt=\"door-step-2016-10-07_30132484446_o\" width=\"1200\" height=\"800\" srcset=\"https:\/\/marekkuchcinski.pl\/wp-content\/uploads\/2016\/10\/door-step-2016-10-07_30132484446_o.jpg 1200w, https:\/\/marekkuchcinski.pl\/wp-content\/uploads\/2016\/10\/door-step-2016-10-07_30132484446_o-300x200.jpg 300w, https:\/\/marekkuchcinski.pl\/wp-content\/uploads\/2016\/10\/door-step-2016-10-07_30132484446_o-768x512.jpg 768w, https:\/\/marekkuchcinski.pl\/wp-content\/uploads\/2016\/10\/door-step-2016-10-07_30132484446_o-1024x683.jpg 1024w\" sizes=\"(max-width: 1200px) 100vw, 1200px\" \/><\/a> <a href=\"https:\/\/marekkuchcinski.pl\/wp-content\/uploads\/2016\/10\/door-step-2016-10-07_30132484896_o.jpg\"><img decoding=\"async\" class=\"alignnone size-full wp-image-3973\" src=\"https:\/\/marekkuchcinski.pl\/wp-content\/uploads\/2016\/10\/door-step-2016-10-07_30132484896_o.jpg\" alt=\"door-step-2016-10-07_30132484896_o\" width=\"1200\" height=\"800\" srcset=\"https:\/\/marekkuchcinski.pl\/wp-content\/uploads\/2016\/10\/door-step-2016-10-07_30132484896_o.jpg 1200w, https:\/\/marekkuchcinski.pl\/wp-content\/uploads\/2016\/10\/door-step-2016-10-07_30132484896_o-300x200.jpg 300w, https:\/\/marekkuchcinski.pl\/wp-content\/uploads\/2016\/10\/door-step-2016-10-07_30132484896_o-768x512.jpg 768w, https:\/\/marekkuchcinski.pl\/wp-content\/uploads\/2016\/10\/door-step-2016-10-07_30132484896_o-1024x683.jpg 1024w\" sizes=\"(max-width: 1200px) 100vw, 1200px\" \/><\/a> <a href=\"https:\/\/marekkuchcinski.pl\/wp-content\/uploads\/2016\/10\/family-photo-2016-10-07_30082963231_o.jpg\"><img decoding=\"async\" class=\"alignnone size-full wp-image-3974\" src=\"https:\/\/marekkuchcinski.pl\/wp-content\/uploads\/2016\/10\/family-photo-2016-10-07_30082963231_o.jpg\" alt=\"family-photo-2016-10-07_30082963231_o\" width=\"1200\" height=\"800\" srcset=\"https:\/\/marekkuchcinski.pl\/wp-content\/uploads\/2016\/10\/family-photo-2016-10-07_30082963231_o.jpg 1200w, https:\/\/marekkuchcinski.pl\/wp-content\/uploads\/2016\/10\/family-photo-2016-10-07_30082963231_o-300x200.jpg 300w, https:\/\/marekkuchcinski.pl\/wp-content\/uploads\/2016\/10\/family-photo-2016-10-07_30082963231_o-768x512.jpg 768w, https:\/\/marekkuchcinski.pl\/wp-content\/uploads\/2016\/10\/family-photo-2016-10-07_30082963231_o-1024x683.jpg 1024w\" sizes=\"(max-width: 1200px) 100vw, 1200px\" \/><\/a> <a href=\"https:\/\/marekkuchcinski.pl\/wp-content\/uploads\/2016\/10\/handshake-bratislava-informal-parliamentary-summit-2016-10-07_30052398212_o.jpg\"><img loading=\"lazy\" decoding=\"async\" class=\"alignnone size-full wp-image-3975\" src=\"https:\/\/marekkuchcinski.pl\/wp-content\/uploads\/2016\/10\/handshake-bratislava-informal-parliamentary-summit-2016-10-07_30052398212_o.jpg\" alt=\"handshake-bratislava-informal-parliamentary-summit-2016-10-07_30052398212_o\" width=\"1200\" height=\"800\" srcset=\"https:\/\/marekkuchcinski.pl\/wp-content\/uploads\/2016\/10\/handshake-bratislava-informal-parliamentary-summit-2016-10-07_30052398212_o.jpg 1200w, https:\/\/marekkuchcinski.pl\/wp-content\/uploads\/2016\/10\/handshake-bratislava-informal-parliamentary-summit-2016-10-07_30052398212_o-300x200.jpg 300w, https:\/\/marekkuchcinski.pl\/wp-content\/uploads\/2016\/10\/handshake-bratislava-informal-parliamentary-summit-2016-10-07_30052398212_o-768x512.jpg 768w, https:\/\/marekkuchcinski.pl\/wp-content\/uploads\/2016\/10\/handshake-bratislava-informal-parliamentary-summit-2016-10-07_30052398212_o-1024x683.jpg 1024w\" sizes=\"(max-width: 1200px) 100vw, 1200px\" \/><\/a> <a href=\"https:\/\/marekkuchcinski.pl\/wp-content\/uploads\/2016\/10\/handshake-bratislava-informal-parliamentary-summit-2016-10-07_30082375691_o.jpg\"><img loading=\"lazy\" decoding=\"async\" class=\"alignnone size-full wp-image-3976\" src=\"https:\/\/marekkuchcinski.pl\/wp-content\/uploads\/2016\/10\/handshake-bratislava-informal-parliamentary-summit-2016-10-07_30082375691_o.jpg\" alt=\"handshake-bratislava-informal-parliamentary-summit-2016-10-07_30082375691_o\" width=\"1200\" height=\"800\" srcset=\"https:\/\/marekkuchcinski.pl\/wp-content\/uploads\/2016\/10\/handshake-bratislava-informal-parliamentary-summit-2016-10-07_30082375691_o.jpg 1200w, https:\/\/marekkuchcinski.pl\/wp-content\/uploads\/2016\/10\/handshake-bratislava-informal-parliamentary-summit-2016-10-07_30082375691_o-300x200.jpg 300w, https:\/\/marekkuchcinski.pl\/wp-content\/uploads\/2016\/10\/handshake-bratislava-informal-parliamentary-summit-2016-10-07_30082375691_o-768x512.jpg 768w, https:\/\/marekkuchcinski.pl\/wp-content\/uploads\/2016\/10\/handshake-bratislava-informal-parliamentary-summit-2016-10-07_30082375691_o-1024x683.jpg 1024w\" sizes=\"(max-width: 1200px) 100vw, 1200px\" \/><\/a> <a href=\"https:\/\/marekkuchcinski.pl\/wp-content\/uploads\/2016\/10\/handshake-bratislava-informal-parliamentary-summit-2016-10-07_30166706635_o.jpg\"><img loading=\"lazy\" decoding=\"async\" class=\"alignnone size-full wp-image-3977\" src=\"https:\/\/marekkuchcinski.pl\/wp-content\/uploads\/2016\/10\/handshake-bratislava-informal-parliamentary-summit-2016-10-07_30166706635_o.jpg\" alt=\"handshake-bratislava-informal-parliamentary-summit-2016-10-07_30166706635_o\" width=\"1200\" height=\"800\" srcset=\"https:\/\/marekkuchcinski.pl\/wp-content\/uploads\/2016\/10\/handshake-bratislava-informal-parliamentary-summit-2016-10-07_30166706635_o.jpg 1200w, https:\/\/marekkuchcinski.pl\/wp-content\/uploads\/2016\/10\/handshake-bratislava-informal-parliamentary-summit-2016-10-07_30166706635_o-300x200.jpg 300w, https:\/\/marekkuchcinski.pl\/wp-content\/uploads\/2016\/10\/handshake-bratislava-informal-parliamentary-summit-2016-10-07_30166706635_o-768x512.jpg 768w, https:\/\/marekkuchcinski.pl\/wp-content\/uploads\/2016\/10\/handshake-bratislava-informal-parliamentary-summit-2016-10-07_30166706635_o-1024x683.jpg 1024w\" sizes=\"(max-width: 1200px) 100vw, 1200px\" \/><\/a> <a href=\"https:\/\/marekkuchcinski.pl\/wp-content\/uploads\/2016\/10\/tour-de-table-bratislava-informal-parliamentary-summit-2016-10-07_29872682530_o.jpg\"><img loading=\"lazy\" decoding=\"async\" class=\"alignnone size-full wp-image-3978\" src=\"https:\/\/marekkuchcinski.pl\/wp-content\/uploads\/2016\/10\/tour-de-table-bratislava-informal-parliamentary-summit-2016-10-07_29872682530_o.jpg\" alt=\"tour-de-table-bratislava-informal-parliamentary-summit-2016-10-07_29872682530_o\" width=\"1190\" height=\"800\" srcset=\"https:\/\/marekkuchcinski.pl\/wp-content\/uploads\/2016\/10\/tour-de-table-bratislava-informal-parliamentary-summit-2016-10-07_29872682530_o.jpg 1190w, https:\/\/marekkuchcinski.pl\/wp-content\/uploads\/2016\/10\/tour-de-table-bratislava-informal-parliamentary-summit-2016-10-07_29872682530_o-300x202.jpg 300w, https:\/\/marekkuchcinski.pl\/wp-content\/uploads\/2016\/10\/tour-de-table-bratislava-informal-parliamentary-summit-2016-10-07_29872682530_o-768x516.jpg 768w, https:\/\/marekkuchcinski.pl\/wp-content\/uploads\/2016\/10\/tour-de-table-bratislava-informal-parliamentary-summit-2016-10-07_29872682530_o-1024x688.jpg 1024w\" sizes=\"(max-width: 1190px) 100vw, 1190px\" \/><\/a> <a href=\"https:\/\/marekkuchcinski.pl\/wp-content\/uploads\/2016\/10\/tour-de-table-bratislava-informal-parliamentary-summit-2016-10-07_30053843572_o.jpg\"><img loading=\"lazy\" decoding=\"async\" class=\"alignnone size-full wp-image-3979\" src=\"https:\/\/marekkuchcinski.pl\/wp-content\/uploads\/2016\/10\/tour-de-table-bratislava-informal-parliamentary-summit-2016-10-07_30053843572_o.jpg\" alt=\"tour-de-table-bratislava-informal-parliamentary-summit-2016-10-07_30053843572_o\" width=\"1200\" height=\"800\" srcset=\"https:\/\/marekkuchcinski.pl\/wp-content\/uploads\/2016\/10\/tour-de-table-bratislava-informal-parliamentary-summit-2016-10-07_30053843572_o.jpg 1200w, https:\/\/marekkuchcinski.pl\/wp-content\/uploads\/2016\/10\/tour-de-table-bratislava-informal-parliamentary-summit-2016-10-07_30053843572_o-300x200.jpg 300w, https:\/\/marekkuchcinski.pl\/wp-content\/uploads\/2016\/10\/tour-de-table-bratislava-informal-parliamentary-summit-2016-10-07_30053843572_o-768x512.jpg 768w, https:\/\/marekkuchcinski.pl\/wp-content\/uploads\/2016\/10\/tour-de-table-bratislava-informal-parliamentary-summit-2016-10-07_30053843572_o-1024x683.jpg 1024w\" sizes=\"(max-width: 1200px) 100vw, 1200px\" \/><\/a> <a href=\"https:\/\/marekkuchcinski.pl\/wp-content\/uploads\/2016\/10\/tour-de-table-bratislava-informal-parliamentary-summit-2016-10-07_30133576006_o.jpg\"><img loading=\"lazy\" decoding=\"async\" class=\"alignnone size-full wp-image-3980\" src=\"https:\/\/marekkuchcinski.pl\/wp-content\/uploads\/2016\/10\/tour-de-table-bratislava-informal-parliamentary-summit-2016-10-07_30133576006_o.jpg\" alt=\"tour-de-table-bratislava-informal-parliamentary-summit-2016-10-07_30133576006_o\" width=\"1202\" height=\"800\" srcset=\"https:\/\/marekkuchcinski.pl\/wp-content\/uploads\/2016\/10\/tour-de-table-bratislava-informal-parliamentary-summit-2016-10-07_30133576006_o.jpg 1202w, https:\/\/marekkuchcinski.pl\/wp-content\/uploads\/2016\/10\/tour-de-table-bratislava-informal-parliamentary-summit-2016-10-07_30133576006_o-300x200.jpg 300w, https:\/\/marekkuchcinski.pl\/wp-content\/uploads\/2016\/10\/tour-de-table-bratislava-informal-parliamentary-summit-2016-10-07_30133576006_o-768x511.jpg 768w, https:\/\/marekkuchcinski.pl\/wp-content\/uploads\/2016\/10\/tour-de-table-bratislava-informal-parliamentary-summit-2016-10-07_30133576006_o-1024x682.jpg 1024w\" sizes=\"(max-width: 1202px) 100vw, 1202px\" \/><\/a><\/p>\n<\/div>\n<\/div>\n<\/div>\n<\/div>\n<\/div>\n<\/div>\n<\/div>\n<div id=\"view:_id1:_id2:bottom\"><\/div>","protected":false},"excerpt":{"rendered":"<p>\u00a0 Dzi\u015b w Bratys\u0142awie odby\u0142 si\u0119 szczyt parlamentarny z udzia\u0142em przewodnicz\u0105cych Parlament\u00f3w UE. Polsk\u0119 reprezentowali marsza\u0142kowie Sejmu Marek Kuchci\u0144ski i Senatu Stanis\u0142aw Karczewski.\u00a0Tematami rozm\u00f3w\u00a0by\u0142y bie\u017c\u0105ce sprawy europejskie. Spotkanie odby\u0142o si\u0119 w ramach s\u0142owackiego przewodnictwa w Radzie Unii Europejskiej. Jego gospodarzem by\u0142 przewodnicz\u0105cy s\u0142owackiej Rady Narodowej Andrej Danko. Szczyt zorganizowany zosta\u0142 w odpowiedzi na ostatnie wydarzenia [&hellip;]<\/p>","protected":false},"author":6,"featured_media":3977,"comment_status":"open","ping_status":"open","sticky":false,"template":"","format":"standard","meta":{"ngg_post_thumbnail":0,"footnotes":""},"categories":[50,3],"tags":[],"class_list":["post-3971","post","type-post","status-publish","format-standard","has-post-thumbnail","hentry","category-wspolpraca-miedzynarodowa","category-wydarzenia"],"yoast_head":"<!-- This site is optimized with the Yoast SEO plugin v24.7 - https:\/\/yoast.com\/wordpress\/plugins\/seo\/ -->\n<title>Marsza\u0142ek Kuchci\u0144ski w Bratys\u0142awie: Proponuj\u0119 prawo do inicjatywy ustawodaw. dla parl. kilku pa\u0144stw dzia\u0142aj\u0105cych wsp\u00f3lnie oraz do weta &#8211; Marek Kuchci\u0144ski<\/title>\n<meta name=\"robots\" content=\"index, follow, max-snippet:-1, max-image-preview:large, max-video-preview:-1\" \/>\n<link rel=\"canonical\" href=\"https:\/\/marekkuchcinski.pl\/sk\/wydarzenia\/marszalek-kuchcinski-bratyslawie-proponuje-prawo-inicjatywy-ustawodaw-dla-parl-kilku-panstw-dzialajacych-wspolnie-oraz-weta\/\" \/>\n<meta property=\"og:locale\" content=\"sk_SK\" \/>\n<meta property=\"og:type\" content=\"article\" \/>\n<meta property=\"og:title\" content=\"Marsza\u0142ek Kuchci\u0144ski w Bratys\u0142awie: Proponuj\u0119 prawo do inicjatywy ustawodaw. dla parl. kilku pa\u0144stw dzia\u0142aj\u0105cych wsp\u00f3lnie oraz do weta &#8211; Marek Kuchci\u0144ski\" \/>\n<meta property=\"og:description\" content=\"\u00a0 Dzi\u015b w Bratys\u0142awie odby\u0142 si\u0119 szczyt parlamentarny z udzia\u0142em przewodnicz\u0105cych Parlament\u00f3w UE. Polsk\u0119 reprezentowali marsza\u0142kowie Sejmu Marek Kuchci\u0144ski i Senatu Stanis\u0142aw Karczewski.\u00a0Tematami rozm\u00f3w\u00a0by\u0142y bie\u017c\u0105ce sprawy europejskie. Spotkanie odby\u0142o si\u0119 w ramach s\u0142owackiego przewodnictwa w Radzie Unii Europejskiej. Jego gospodarzem by\u0142 przewodnicz\u0105cy s\u0142owackiej Rady Narodowej Andrej Danko. Szczyt zorganizowany zosta\u0142 w odpowiedzi na ostatnie wydarzenia [&hellip;]\" \/>\n<meta property=\"og:url\" content=\"https:\/\/marekkuchcinski.pl\/sk\/wydarzenia\/marszalek-kuchcinski-bratyslawie-proponuje-prawo-inicjatywy-ustawodaw-dla-parl-kilku-panstw-dzialajacych-wspolnie-oraz-weta\/\" \/>\n<meta property=\"og:site_name\" content=\"Marek Kuchci\u0144ski\" \/>\n<meta property=\"article:published_time\" content=\"2016-10-07T20:00:03+00:00\" \/>\n<meta property=\"article:modified_time\" content=\"2016-10-08T07:57:43+00:00\" \/>\n<meta property=\"og:image\" content=\"https:\/\/marekkuchcinski.pl\/wp-content\/uploads\/2016\/10\/handshake-bratislava-informal-parliamentary-summit-2016-10-07_30166706635_o.jpg\" \/>\n\t<meta property=\"og:image:width\" content=\"1200\" \/>\n\t<meta property=\"og:image:height\" content=\"800\" \/>\n\t<meta property=\"og:image:type\" content=\"image\/jpeg\" \/>\n<meta name=\"author\" content=\"admin\" \/>\n<meta name=\"twitter:card\" content=\"summary_large_image\" \/>\n<meta name=\"twitter:label1\" content=\"Autor\" \/>\n\t<meta name=\"twitter:data1\" content=\"admin\" \/>\n\t<meta name=\"twitter:label2\" content=\"Predpokladan\u00fd \u010das \u010d\u00edtania\" \/>\n\t<meta name=\"twitter:data2\" content=\"5 min\u00fat\" \/>\n<script type=\"application\/ld+json\" class=\"yoast-schema-graph\">{\"@context\":\"https:\/\/schema.org\",\"@graph\":[{\"@type\":\"Article\",\"@id\":\"https:\/\/marekkuchcinski.pl\/hu\/wydarzenia\/marszalek-kuchcinski-bratyslawie-proponuje-prawo-inicjatywy-ustawodaw-dla-parl-kilku-panstw-dzialajacych-wspolnie-oraz-weta\/#article\",\"isPartOf\":{\"@id\":\"https:\/\/marekkuchcinski.pl\/hu\/wydarzenia\/marszalek-kuchcinski-bratyslawie-proponuje-prawo-inicjatywy-ustawodaw-dla-parl-kilku-panstw-dzialajacych-wspolnie-oraz-weta\/\"},\"author\":{\"name\":\"admin\",\"@id\":\"https:\/\/marekkuchcinski.pl\/#\/schema\/person\/6f62700996b4d950b6ea2d1183b6c6be\"},\"headline\":\"Marsza\u0142ek Kuchci\u0144ski w Bratys\u0142awie: Proponuj\u0119 prawo do inicjatywy ustawodaw. dla parl. kilku pa\u0144stw dzia\u0142aj\u0105cych wsp\u00f3lnie oraz do weta\",\"datePublished\":\"2016-10-07T20:00:03+00:00\",\"dateModified\":\"2016-10-08T07:57:43+00:00\",\"mainEntityOfPage\":{\"@id\":\"https:\/\/marekkuchcinski.pl\/hu\/wydarzenia\/marszalek-kuchcinski-bratyslawie-proponuje-prawo-inicjatywy-ustawodaw-dla-parl-kilku-panstw-dzialajacych-wspolnie-oraz-weta\/\"},\"wordCount\":974,\"commentCount\":0,\"publisher\":{\"@id\":\"https:\/\/marekkuchcinski.pl\/#organization\"},\"image\":{\"@id\":\"https:\/\/marekkuchcinski.pl\/hu\/wydarzenia\/marszalek-kuchcinski-bratyslawie-proponuje-prawo-inicjatywy-ustawodaw-dla-parl-kilku-panstw-dzialajacych-wspolnie-oraz-weta\/#primaryimage\"},\"thumbnailUrl\":\"https:\/\/marekkuchcinski.pl\/wp-content\/uploads\/2016\/10\/handshake-bratislava-informal-parliamentary-summit-2016-10-07_30166706635_o.jpg\",\"articleSection\":[\"Wsp\u00f3\u0142praca mi\u0119dzynarodowa\",\"Wydarzenia\"],\"inLanguage\":\"sk-SK\",\"potentialAction\":[{\"@type\":\"CommentAction\",\"name\":\"Comment\",\"target\":[\"https:\/\/marekkuchcinski.pl\/hu\/wydarzenia\/marszalek-kuchcinski-bratyslawie-proponuje-prawo-inicjatywy-ustawodaw-dla-parl-kilku-panstw-dzialajacych-wspolnie-oraz-weta\/#respond\"]}]},{\"@type\":\"WebPage\",\"@id\":\"https:\/\/marekkuchcinski.pl\/hu\/wydarzenia\/marszalek-kuchcinski-bratyslawie-proponuje-prawo-inicjatywy-ustawodaw-dla-parl-kilku-panstw-dzialajacych-wspolnie-oraz-weta\/\",\"url\":\"https:\/\/marekkuchcinski.pl\/hu\/wydarzenia\/marszalek-kuchcinski-bratyslawie-proponuje-prawo-inicjatywy-ustawodaw-dla-parl-kilku-panstw-dzialajacych-wspolnie-oraz-weta\/\",\"name\":\"Marsza\u0142ek Kuchci\u0144ski w Bratys\u0142awie: Proponuj\u0119 prawo do inicjatywy ustawodaw. dla parl. kilku pa\u0144stw dzia\u0142aj\u0105cych wsp\u00f3lnie oraz do weta &#8211; Marek Kuchci\u0144ski\",\"isPartOf\":{\"@id\":\"https:\/\/marekkuchcinski.pl\/#website\"},\"primaryImageOfPage\":{\"@id\":\"https:\/\/marekkuchcinski.pl\/hu\/wydarzenia\/marszalek-kuchcinski-bratyslawie-proponuje-prawo-inicjatywy-ustawodaw-dla-parl-kilku-panstw-dzialajacych-wspolnie-oraz-weta\/#primaryimage\"},\"image\":{\"@id\":\"https:\/\/marekkuchcinski.pl\/hu\/wydarzenia\/marszalek-kuchcinski-bratyslawie-proponuje-prawo-inicjatywy-ustawodaw-dla-parl-kilku-panstw-dzialajacych-wspolnie-oraz-weta\/#primaryimage\"},\"thumbnailUrl\":\"https:\/\/marekkuchcinski.pl\/wp-content\/uploads\/2016\/10\/handshake-bratislava-informal-parliamentary-summit-2016-10-07_30166706635_o.jpg\",\"datePublished\":\"2016-10-07T20:00:03+00:00\",\"dateModified\":\"2016-10-08T07:57:43+00:00\",\"breadcrumb\":{\"@id\":\"https:\/\/marekkuchcinski.pl\/hu\/wydarzenia\/marszalek-kuchcinski-bratyslawie-proponuje-prawo-inicjatywy-ustawodaw-dla-parl-kilku-panstw-dzialajacych-wspolnie-oraz-weta\/#breadcrumb\"},\"inLanguage\":\"sk-SK\",\"potentialAction\":[{\"@type\":\"ReadAction\",\"target\":[\"https:\/\/marekkuchcinski.pl\/hu\/wydarzenia\/marszalek-kuchcinski-bratyslawie-proponuje-prawo-inicjatywy-ustawodaw-dla-parl-kilku-panstw-dzialajacych-wspolnie-oraz-weta\/\"]}]},{\"@type\":\"ImageObject\",\"inLanguage\":\"sk-SK\",\"@id\":\"https:\/\/marekkuchcinski.pl\/hu\/wydarzenia\/marszalek-kuchcinski-bratyslawie-proponuje-prawo-inicjatywy-ustawodaw-dla-parl-kilku-panstw-dzialajacych-wspolnie-oraz-weta\/#primaryimage\",\"url\":\"https:\/\/marekkuchcinski.pl\/wp-content\/uploads\/2016\/10\/handshake-bratislava-informal-parliamentary-summit-2016-10-07_30166706635_o.jpg\",\"contentUrl\":\"https:\/\/marekkuchcinski.pl\/wp-content\/uploads\/2016\/10\/handshake-bratislava-informal-parliamentary-summit-2016-10-07_30166706635_o.jpg\",\"width\":1200,\"height\":800},{\"@type\":\"BreadcrumbList\",\"@id\":\"https:\/\/marekkuchcinski.pl\/hu\/wydarzenia\/marszalek-kuchcinski-bratyslawie-proponuje-prawo-inicjatywy-ustawodaw-dla-parl-kilku-panstw-dzialajacych-wspolnie-oraz-weta\/#breadcrumb\",\"itemListElement\":[{\"@type\":\"ListItem\",\"position\":1,\"name\":\"Strona g\u0142\u00f3wna\",\"item\":\"https:\/\/marekkuchcinski.pl\/\"},{\"@type\":\"ListItem\",\"position\":2,\"name\":\"Marsza\u0142ek Kuchci\u0144ski w Bratys\u0142awie: Proponuj\u0119 prawo do inicjatywy ustawodaw. dla parl. kilku pa\u0144stw dzia\u0142aj\u0105cych wsp\u00f3lnie oraz do weta\"}]},{\"@type\":\"WebSite\",\"@id\":\"https:\/\/marekkuchcinski.pl\/#website\",\"url\":\"https:\/\/marekkuchcinski.pl\/\",\"name\":\"Marek Kuchci\u0144ski\",\"description\":\"Pose\u0142 na sejm RP &ndash; okr\u0119g nr 22\",\"publisher\":{\"@id\":\"https:\/\/marekkuchcinski.pl\/#organization\"},\"potentialAction\":[{\"@type\":\"SearchAction\",\"target\":{\"@type\":\"EntryPoint\",\"urlTemplate\":\"https:\/\/marekkuchcinski.pl\/?s={search_term_string}\"},\"query-input\":{\"@type\":\"PropertyValueSpecification\",\"valueRequired\":true,\"valueName\":\"search_term_string\"}}],\"inLanguage\":\"sk-SK\"},{\"@type\":\"Organization\",\"@id\":\"https:\/\/marekkuchcinski.pl\/#organization\",\"name\":\"Marek Kuchci\u0144ski\",\"url\":\"https:\/\/marekkuchcinski.pl\/\",\"logo\":{\"@type\":\"ImageObject\",\"inLanguage\":\"sk-SK\",\"@id\":\"https:\/\/marekkuchcinski.pl\/#\/schema\/logo\/image\/\",\"url\":\"https:\/\/marekkuchcinski.pl\/wp-content\/uploads\/2022\/09\/Marek.jpg\",\"contentUrl\":\"https:\/\/marekkuchcinski.pl\/wp-content\/uploads\/2022\/09\/Marek.jpg\",\"width\":1600,\"height\":971,\"caption\":\"Marek Kuchci\u0144ski\"},\"image\":{\"@id\":\"https:\/\/marekkuchcinski.pl\/#\/schema\/logo\/image\/\"}},{\"@type\":\"Person\",\"@id\":\"https:\/\/marekkuchcinski.pl\/#\/schema\/person\/6f62700996b4d950b6ea2d1183b6c6be\",\"name\":\"admin\",\"image\":{\"@type\":\"ImageObject\",\"inLanguage\":\"sk-SK\",\"@id\":\"https:\/\/marekkuchcinski.pl\/#\/schema\/person\/image\/\",\"url\":\"https:\/\/secure.gravatar.com\/avatar\/4bab693b9d55c3d6b52c0296a8765085?s=96&d=mm&r=g\",\"contentUrl\":\"https:\/\/secure.gravatar.com\/avatar\/4bab693b9d55c3d6b52c0296a8765085?s=96&d=mm&r=g\",\"caption\":\"admin\"},\"url\":\"https:\/\/marekkuchcinski.pl\/sk\/author\/marta-olejnik\/\"}]}<\/script>\n<!-- \/ Yoast SEO plugin. -->","yoast_head_json":{"title":"Marsza\u0142ek Kuchci\u0144ski w Bratys\u0142awie: Proponuj\u0119 prawo do inicjatywy ustawodaw. dla parl. kilku pa\u0144stw dzia\u0142aj\u0105cych wsp\u00f3lnie oraz do weta &#8211; Marek Kuchci\u0144ski","robots":{"index":"index","follow":"follow","max-snippet":"max-snippet:-1","max-image-preview":"max-image-preview:large","max-video-preview":"max-video-preview:-1"},"canonical":"https:\/\/marekkuchcinski.pl\/sk\/wydarzenia\/marszalek-kuchcinski-bratyslawie-proponuje-prawo-inicjatywy-ustawodaw-dla-parl-kilku-panstw-dzialajacych-wspolnie-oraz-weta\/","og_locale":"sk_SK","og_type":"article","og_title":"Marsza\u0142ek Kuchci\u0144ski w Bratys\u0142awie: Proponuj\u0119 prawo do inicjatywy ustawodaw. dla parl. kilku pa\u0144stw dzia\u0142aj\u0105cych wsp\u00f3lnie oraz do weta &#8211; Marek Kuchci\u0144ski","og_description":"\u00a0 Dzi\u015b w Bratys\u0142awie odby\u0142 si\u0119 szczyt parlamentarny z udzia\u0142em przewodnicz\u0105cych Parlament\u00f3w UE. Polsk\u0119 reprezentowali marsza\u0142kowie Sejmu Marek Kuchci\u0144ski i Senatu Stanis\u0142aw Karczewski.\u00a0Tematami rozm\u00f3w\u00a0by\u0142y bie\u017c\u0105ce sprawy europejskie. Spotkanie odby\u0142o si\u0119 w ramach s\u0142owackiego przewodnictwa w Radzie Unii Europejskiej. Jego gospodarzem by\u0142 przewodnicz\u0105cy s\u0142owackiej Rady Narodowej Andrej Danko. Szczyt zorganizowany zosta\u0142 w odpowiedzi na ostatnie wydarzenia [&hellip;]","og_url":"https:\/\/marekkuchcinski.pl\/sk\/wydarzenia\/marszalek-kuchcinski-bratyslawie-proponuje-prawo-inicjatywy-ustawodaw-dla-parl-kilku-panstw-dzialajacych-wspolnie-oraz-weta\/","og_site_name":"Marek Kuchci\u0144ski","article_published_time":"2016-10-07T20:00:03+00:00","article_modified_time":"2016-10-08T07:57:43+00:00","og_image":[{"width":1200,"height":800,"url":"https:\/\/marekkuchcinski.pl\/wp-content\/uploads\/2016\/10\/handshake-bratislava-informal-parliamentary-summit-2016-10-07_30166706635_o.jpg","type":"image\/jpeg"}],"author":"admin","twitter_card":"summary_large_image","twitter_misc":{"Autor":"admin","Predpokladan\u00fd \u010das \u010d\u00edtania":"5 min\u00fat"},"schema":{"@context":"https:\/\/schema.org","@graph":[{"@type":"Article","@id":"https:\/\/marekkuchcinski.pl\/hu\/wydarzenia\/marszalek-kuchcinski-bratyslawie-proponuje-prawo-inicjatywy-ustawodaw-dla-parl-kilku-panstw-dzialajacych-wspolnie-oraz-weta\/#article","isPartOf":{"@id":"https:\/\/marekkuchcinski.pl\/hu\/wydarzenia\/marszalek-kuchcinski-bratyslawie-proponuje-prawo-inicjatywy-ustawodaw-dla-parl-kilku-panstw-dzialajacych-wspolnie-oraz-weta\/"},"author":{"name":"admin","@id":"https:\/\/marekkuchcinski.pl\/#\/schema\/person\/6f62700996b4d950b6ea2d1183b6c6be"},"headline":"Marsza\u0142ek Kuchci\u0144ski w Bratys\u0142awie: Proponuj\u0119 prawo do inicjatywy ustawodaw. dla parl. kilku pa\u0144stw dzia\u0142aj\u0105cych wsp\u00f3lnie oraz do weta","datePublished":"2016-10-07T20:00:03+00:00","dateModified":"2016-10-08T07:57:43+00:00","mainEntityOfPage":{"@id":"https:\/\/marekkuchcinski.pl\/hu\/wydarzenia\/marszalek-kuchcinski-bratyslawie-proponuje-prawo-inicjatywy-ustawodaw-dla-parl-kilku-panstw-dzialajacych-wspolnie-oraz-weta\/"},"wordCount":974,"commentCount":0,"publisher":{"@id":"https:\/\/marekkuchcinski.pl\/#organization"},"image":{"@id":"https:\/\/marekkuchcinski.pl\/hu\/wydarzenia\/marszalek-kuchcinski-bratyslawie-proponuje-prawo-inicjatywy-ustawodaw-dla-parl-kilku-panstw-dzialajacych-wspolnie-oraz-weta\/#primaryimage"},"thumbnailUrl":"https:\/\/marekkuchcinski.pl\/wp-content\/uploads\/2016\/10\/handshake-bratislava-informal-parliamentary-summit-2016-10-07_30166706635_o.jpg","articleSection":["Wsp\u00f3\u0142praca mi\u0119dzynarodowa","Wydarzenia"],"inLanguage":"sk-SK","potentialAction":[{"@type":"CommentAction","name":"Comment","target":["https:\/\/marekkuchcinski.pl\/hu\/wydarzenia\/marszalek-kuchcinski-bratyslawie-proponuje-prawo-inicjatywy-ustawodaw-dla-parl-kilku-panstw-dzialajacych-wspolnie-oraz-weta\/#respond"]}]},{"@type":"WebPage","@id":"https:\/\/marekkuchcinski.pl\/hu\/wydarzenia\/marszalek-kuchcinski-bratyslawie-proponuje-prawo-inicjatywy-ustawodaw-dla-parl-kilku-panstw-dzialajacych-wspolnie-oraz-weta\/","url":"https:\/\/marekkuchcinski.pl\/hu\/wydarzenia\/marszalek-kuchcinski-bratyslawie-proponuje-prawo-inicjatywy-ustawodaw-dla-parl-kilku-panstw-dzialajacych-wspolnie-oraz-weta\/","name":"Marsza\u0142ek Kuchci\u0144ski w Bratys\u0142awie: Proponuj\u0119 prawo do inicjatywy ustawodaw. dla parl. kilku pa\u0144stw dzia\u0142aj\u0105cych wsp\u00f3lnie oraz do weta &#8211; Marek Kuchci\u0144ski","isPartOf":{"@id":"https:\/\/marekkuchcinski.pl\/#website"},"primaryImageOfPage":{"@id":"https:\/\/marekkuchcinski.pl\/hu\/wydarzenia\/marszalek-kuchcinski-bratyslawie-proponuje-prawo-inicjatywy-ustawodaw-dla-parl-kilku-panstw-dzialajacych-wspolnie-oraz-weta\/#primaryimage"},"image":{"@id":"https:\/\/marekkuchcinski.pl\/hu\/wydarzenia\/marszalek-kuchcinski-bratyslawie-proponuje-prawo-inicjatywy-ustawodaw-dla-parl-kilku-panstw-dzialajacych-wspolnie-oraz-weta\/#primaryimage"},"thumbnailUrl":"https:\/\/marekkuchcinski.pl\/wp-content\/uploads\/2016\/10\/handshake-bratislava-informal-parliamentary-summit-2016-10-07_30166706635_o.jpg","datePublished":"2016-10-07T20:00:03+00:00","dateModified":"2016-10-08T07:57:43+00:00","breadcrumb":{"@id":"https:\/\/marekkuchcinski.pl\/hu\/wydarzenia\/marszalek-kuchcinski-bratyslawie-proponuje-prawo-inicjatywy-ustawodaw-dla-parl-kilku-panstw-dzialajacych-wspolnie-oraz-weta\/#breadcrumb"},"inLanguage":"sk-SK","potentialAction":[{"@type":"ReadAction","target":["https:\/\/marekkuchcinski.pl\/hu\/wydarzenia\/marszalek-kuchcinski-bratyslawie-proponuje-prawo-inicjatywy-ustawodaw-dla-parl-kilku-panstw-dzialajacych-wspolnie-oraz-weta\/"]}]},{"@type":"ImageObject","inLanguage":"sk-SK","@id":"https:\/\/marekkuchcinski.pl\/hu\/wydarzenia\/marszalek-kuchcinski-bratyslawie-proponuje-prawo-inicjatywy-ustawodaw-dla-parl-kilku-panstw-dzialajacych-wspolnie-oraz-weta\/#primaryimage","url":"https:\/\/marekkuchcinski.pl\/wp-content\/uploads\/2016\/10\/handshake-bratislava-informal-parliamentary-summit-2016-10-07_30166706635_o.jpg","contentUrl":"https:\/\/marekkuchcinski.pl\/wp-content\/uploads\/2016\/10\/handshake-bratislava-informal-parliamentary-summit-2016-10-07_30166706635_o.jpg","width":1200,"height":800},{"@type":"BreadcrumbList","@id":"https:\/\/marekkuchcinski.pl\/hu\/wydarzenia\/marszalek-kuchcinski-bratyslawie-proponuje-prawo-inicjatywy-ustawodaw-dla-parl-kilku-panstw-dzialajacych-wspolnie-oraz-weta\/#breadcrumb","itemListElement":[{"@type":"ListItem","position":1,"name":"Strona g\u0142\u00f3wna","item":"https:\/\/marekkuchcinski.pl\/"},{"@type":"ListItem","position":2,"name":"Marsza\u0142ek Kuchci\u0144ski w Bratys\u0142awie: Proponuj\u0119 prawo do inicjatywy ustawodaw. dla parl. kilku pa\u0144stw dzia\u0142aj\u0105cych wsp\u00f3lnie oraz do weta"}]},{"@type":"WebSite","@id":"https:\/\/marekkuchcinski.pl\/#website","url":"https:\/\/marekkuchcinski.pl\/","name":"Marek Kuchci\u0144ski","description":"Pose\u0142 na sejm RP &ndash; okr\u0119g nr 22","publisher":{"@id":"https:\/\/marekkuchcinski.pl\/#organization"},"potentialAction":[{"@type":"SearchAction","target":{"@type":"EntryPoint","urlTemplate":"https:\/\/marekkuchcinski.pl\/?s={search_term_string}"},"query-input":{"@type":"PropertyValueSpecification","valueRequired":true,"valueName":"search_term_string"}}],"inLanguage":"sk-SK"},{"@type":"Organization","@id":"https:\/\/marekkuchcinski.pl\/#organization","name":"Marek Kuchci\u0144ski","url":"https:\/\/marekkuchcinski.pl\/","logo":{"@type":"ImageObject","inLanguage":"sk-SK","@id":"https:\/\/marekkuchcinski.pl\/#\/schema\/logo\/image\/","url":"https:\/\/marekkuchcinski.pl\/wp-content\/uploads\/2022\/09\/Marek.jpg","contentUrl":"https:\/\/marekkuchcinski.pl\/wp-content\/uploads\/2022\/09\/Marek.jpg","width":1600,"height":971,"caption":"Marek Kuchci\u0144ski"},"image":{"@id":"https:\/\/marekkuchcinski.pl\/#\/schema\/logo\/image\/"}},{"@type":"Person","@id":"https:\/\/marekkuchcinski.pl\/#\/schema\/person\/6f62700996b4d950b6ea2d1183b6c6be","name":"admin","image":{"@type":"ImageObject","inLanguage":"sk-SK","@id":"https:\/\/marekkuchcinski.pl\/#\/schema\/person\/image\/","url":"https:\/\/secure.gravatar.com\/avatar\/4bab693b9d55c3d6b52c0296a8765085?s=96&d=mm&r=g","contentUrl":"https:\/\/secure.gravatar.com\/avatar\/4bab693b9d55c3d6b52c0296a8765085?s=96&d=mm&r=g","caption":"admin"},"url":"https:\/\/marekkuchcinski.pl\/sk\/author\/marta-olejnik\/"}]}},"_links":{"self":[{"href":"https:\/\/marekkuchcinski.pl\/sk\/wp-json\/wp\/v2\/posts\/3971","targetHints":{"allow":["GET"]}}],"collection":[{"href":"https:\/\/marekkuchcinski.pl\/sk\/wp-json\/wp\/v2\/posts"}],"about":[{"href":"https:\/\/marekkuchcinski.pl\/sk\/wp-json\/wp\/v2\/types\/post"}],"author":[{"embeddable":true,"href":"https:\/\/marekkuchcinski.pl\/sk\/wp-json\/wp\/v2\/users\/6"}],"replies":[{"embeddable":true,"href":"https:\/\/marekkuchcinski.pl\/sk\/wp-json\/wp\/v2\/comments?post=3971"}],"version-history":[{"count":2,"href":"https:\/\/marekkuchcinski.pl\/sk\/wp-json\/wp\/v2\/posts\/3971\/revisions"}],"predecessor-version":[{"id":3982,"href":"https:\/\/marekkuchcinski.pl\/sk\/wp-json\/wp\/v2\/posts\/3971\/revisions\/3982"}],"wp:featuredmedia":[{"embeddable":true,"href":"https:\/\/marekkuchcinski.pl\/sk\/wp-json\/wp\/v2\/media\/3977"}],"wp:attachment":[{"href":"https:\/\/marekkuchcinski.pl\/sk\/wp-json\/wp\/v2\/media?parent=3971"}],"wp:term":[{"taxonomy":"category","embeddable":true,"href":"https:\/\/marekkuchcinski.pl\/sk\/wp-json\/wp\/v2\/categories?post=3971"},{"taxonomy":"post_tag","embeddable":true,"href":"https:\/\/marekkuchcinski.pl\/sk\/wp-json\/wp\/v2\/tags?post=3971"}],"curies":[{"name":"wp","href":"https:\/\/api.w.org\/{rel}","templated":true}]}}