{"id":3898,"date":"2016-10-03T15:31:19","date_gmt":"2016-10-03T13:31:19","guid":{"rendered":"https:\/\/marekkuchcinski.pl\/?p=3898"},"modified":"2016-10-03T16:22:20","modified_gmt":"2016-10-03T14:22:20","slug":"dzien-jednosci-niemiec","status":"publish","type":"post","link":"https:\/\/marekkuchcinski.pl\/sk\/wydarzenia\/dzien-jednosci-niemiec\/","title":{"rendered":"De\u0148 nemeckej jednoty"},"content":{"rendered":"<p><strong>Tret\u00ed okt\u00f3ber je v nemeckej hist\u00f3rii v\u00fdnimo\u010dn\u00fd d\u00e1tum. Je to najv\u00fdznamnej\u0161\u00ed \u0161t\u00e1tny sviatok, ktor\u00fd pripom\u00edna de\u0148, ke\u010f sa v roku 1990 po 45 rokoch rozdelenia Nemeck\u00e1 demokratick\u00e1 republika op\u00e4\u0165 spojila so Spolkovou republikou Nemecko. <\/strong><\/p>\n<p>V\u00fdchodn\u00e9 Nemecko sa z paz\u00farov komunizmu vymanilo nesk\u00f4r ako Po\u013esko. Za svoju slobodu nepochybne v\u010fa\u010dia Poliakom, ktor\u00ed im dodali odvahu. Nemeck\u00e1 kancel\u00e1rka Angela Merkelov\u00e1 sama priznala, \u017ee p\u00e1d m\u00faru by nebol mo\u017en\u00fd bez udalost\u00ed v Po\u013esku.<\/p>\n<p>Na nasleduj\u00facej fotografii je vtedaj\u0161\u00ed nemeck\u00fd kancel\u00e1r Helmut Kohl pri Brandenburskej br\u00e1ne, symbole mieru a slobody, ktor\u00fa prekro\u010dil spolu s v\u00fdchodonemeck\u00fdm premi\u00e9rom Hansom Modrowom 22. decembra 1989, kr\u00e1tko po tom, ako v Bundestagu predstavil pl\u00e1n na zjednotenie Nemecka<\/p>\n<p>zdroj:\u00a0<a class=\"ProfileHeaderCard-screennameLink u-linkComplex js-nav\" href=\"https:\/\/twitter.com\/carlbildt\">@<span class=\"u-linkComplex-target\">carlbildt<\/span><\/a>\/tt<\/p>\n<p><a href=\"https:\/\/marekkuchcinski.pl\/wp-content\/uploads\/2016\/10\/hk.jpg\"><img fetchpriority=\"high\" decoding=\"async\" class=\"alignnone wp-image-3899\" src=\"https:\/\/marekkuchcinski.pl\/wp-content\/uploads\/2016\/10\/hk.jpg\" alt=\"hk\" width=\"1003\" height=\"1003\" srcset=\"https:\/\/marekkuchcinski.pl\/wp-content\/uploads\/2016\/10\/hk.jpg 600w, https:\/\/marekkuchcinski.pl\/wp-content\/uploads\/2016\/10\/hk-150x150.jpg 150w, https:\/\/marekkuchcinski.pl\/wp-content\/uploads\/2016\/10\/hk-300x300.jpg 300w\" sizes=\"(max-width: 1003px) 100vw, 1003px\" \/><\/a><\/p>","protected":false},"excerpt":{"rendered":"<p>Trzeci\u00a0pa\u017adziernika w niemieckiej historii jest dat\u0105 szczeg\u00f3ln\u0105.\u00a0To najwa\u017cniejsze \u015bwi\u0119to narodowe, upami\u0119tniaj\u0105ce dzie\u0144 1990 r., w kt\u00f3rym to po 45 latach podzia\u0142u Niemiecka Republika Demokratyczna zjednoczy\u0142a si\u0119 z Republik\u0105 Federaln\u0105 Niemiec. Wschodnie Niemcy wyzwoli\u0142y si\u0119 ze szpon komunizmu p\u00f3\u017aniej ni\u017c Polska. Bez w\u0105tpienia to Polakom, kt\u00f3rzy natchn\u0119li ich do odwagi, w du\u017cej mierze zawdzi\u0119czaj\u0105 swoj\u0105 wolno\u015b\u0107. [&hellip;]<\/p>\n","protected":false},"author":6,"featured_media":3899,"comment_status":"open","ping_status":"open","sticky":false,"template":"","format":"standard","meta":{"ngg_post_thumbnail":0,"footnotes":""},"categories":[77,3],"tags":[],"class_list":["post-3898","post","type-post","status-publish","format-standard","has-post-thumbnail","hentry","category-wazne-daty","category-wydarzenia"],"_links":{"self":[{"href":"https:\/\/marekkuchcinski.pl\/sk\/wp-json\/wp\/v2\/posts\/3898","targetHints":{"allow":["GET"]}}],"collection":[{"href":"https:\/\/marekkuchcinski.pl\/sk\/wp-json\/wp\/v2\/posts"}],"about":[{"href":"https:\/\/marekkuchcinski.pl\/sk\/wp-json\/wp\/v2\/types\/post"}],"author":[{"embeddable":true,"href":"https:\/\/marekkuchcinski.pl\/sk\/wp-json\/wp\/v2\/users\/6"}],"replies":[{"embeddable":true,"href":"https:\/\/marekkuchcinski.pl\/sk\/wp-json\/wp\/v2\/comments?post=3898"}],"version-history":[{"count":9,"href":"https:\/\/marekkuchcinski.pl\/sk\/wp-json\/wp\/v2\/posts\/3898\/revisions"}],"predecessor-version":[{"id":3910,"href":"https:\/\/marekkuchcinski.pl\/sk\/wp-json\/wp\/v2\/posts\/3898\/revisions\/3910"}],"wp:featuredmedia":[{"embeddable":true,"href":"https:\/\/marekkuchcinski.pl\/sk\/wp-json\/wp\/v2\/media\/3899"}],"wp:attachment":[{"href":"https:\/\/marekkuchcinski.pl\/sk\/wp-json\/wp\/v2\/media?parent=3898"}],"wp:term":[{"taxonomy":"category","embeddable":true,"href":"https:\/\/marekkuchcinski.pl\/sk\/wp-json\/wp\/v2\/categories?post=3898"},{"taxonomy":"post_tag","embeddable":true,"href":"https:\/\/marekkuchcinski.pl\/sk\/wp-json\/wp\/v2\/tags?post=3898"}],"curies":[{"name":"wp","href":"https:\/\/api.w.org\/{rel}","templated":true}]}}