{"id":3819,"date":"2016-09-23T11:31:17","date_gmt":"2016-09-23T09:31:17","guid":{"rendered":"https:\/\/marekkuchcinski.pl\/?p=3819"},"modified":"2016-09-23T14:25:16","modified_gmt":"2016-09-23T12:25:16","slug":"40-rocznica-powstania-komitetu-obrony-robotnikow","status":"publish","type":"post","link":"https:\/\/marekkuchcinski.pl\/sk\/wydarzenia\/40-rocznica-powstania-komitetu-obrony-robotnikow\/","title":{"rendered":"40. v\u00fdro\u010die V\u00fdboru na obranu robotn\u00edkov"},"content":{"rendered":"<p style=\"text-align: justify;\"><strong>40 lat temu, 23 wrze\u015bnia powsta\u0142 Komitet Obrony Robotnik\u00f3w. Powsta\u0142 on jako sprzeciw wobec represjom w\u0142adz PRL-u wobec robotnik\u00f3w z Radomia i Ursusa. Jego g\u0142\u00f3wnym celem by\u0142o niesienie pomocy prawnej, finansowej i lekarskiej prze\u015bladowanym robotnikom oraz ich rodzinom. \u00a0<\/strong><\/p>\n<p style=\"text-align: justify;\">We wrze\u015bniu 1976 r.\u00a0Antoni Macierewicz\u00a0i\u00a0Piotr Naimski, z poparciem Jana J\u00f3zefa Lipskiego i\u00a0Jacka Kuronia, przekonali ostatecznie do \u00a0idei stworzenia Komitetu wi\u0119ksze grono os\u00f3b. Cz\u0142onkami za\u0142o\u017cycielami KOR byli m\u0142odzi ludzie, intelektuali\u015bci, kt\u00f3rzy przygotowywali si\u0119 do tego ruchu wieloma spotkaniami i dyskusjami:\u00a0Jerzy Andrzejewski,\u00a0Stanis\u0142aw Bara\u0144czak,\u00a0Ludwik Cohn,\u00a0Jacek Kuro\u0144,\u00a0Edward Lipi\u0144ski,\u00a0Jan J\u00f3zef Lipski,\u00a0Antoni Macierewicz,\u00a0Piotr Naimski,\u00a0Antoni Pajdak,\u00a0J\u00f3zef Rybicki,\u00a0Aniela Steinsbergowa,\u00a0Adam Szczypiorski, ks.\u00a0Jan Zieja\u00a0i\u00a0Wojciech Ziembi\u0144ski. Jak m\u00f3wi\u0142 Piotr Naimski, przy\u015bwieca\u0142a im wtedy my\u015bl, \u017ce j<em>e\u015bli tego komunistycznego systemu si\u0119 nie obali, to\u00a0niepodleg\u0142ej Polski si\u0119 nie stworzy<\/em>. KOR domaga\u0142 si\u0119 od w\u0142adz PRL-u \u00a0amnestii dla skazanych za udzia\u0142 w demonstracjach w czerwcu 1976, przyj\u0119cie os\u00f3b represjonowanych do pracy, ujawnienie pe\u0142nych rozmiar\u00f3w represji, ukaranie winnych naruszenia prawa wobec demonstrant\u00f3w oraz powo\u0142anie komisji poselskiej ds. zbadania i publicznego ujawnienia wypadk\u00f3w \u0142amania prawa przez organa w\u0142adzy w zwi\u0105zku z ww. wydarzeniami. KOR wspiera\u0142 prze\u015bladowanych i ich rodziny. Zapewnia\u0142 im pomoc prawn\u0105, finansow\u0105 i lekarsk\u0105. W publikacji \u201e\u2026ca\u0142ym \u017cyciem pe\u0142ni\u0107 s\u0142u\u017cb\u0119\u2026 Nieznana historia Komitetu Obrony Robotnik\u00f3w\u201d Antoni Macierewicz wspomina: <em>Wiele energii poch\u0142ania\u0142y rutynowe, codzienne dzia\u0142ania, takie jak spotkania z\u00a0adwokatami, dowiadywanie si\u0119 o\u00a0przebiegu proces\u00f3w, zdobywanie nowych adres\u00f3w represjonowanych robotnik\u00f3w. Zak\u0142adali\u015bmy, \u017ce b\u0119dziemy pomaga\u0107 w\u00a0spos\u00f3b dyskretny \u2013 nie powiem tajny, bo nie w\u00a0tym rzecz, ale dyskretny. Chodzi\u0142o o\u00a0to, by stworzy\u0107 \u015bluz\u0119 mi\u0119dzy \u015brodowiskiem politycznym jawnie deklaruj\u0105cym si\u0119 jako opozycja a\u00a0sam\u0105 akcj\u0105 pomocy. [\u2026]<\/em><\/p>\n<p style=\"text-align: justify;\">W\u0142adze PRL-u prze\u015bladowa\u0142y KOR-owc\u00f3w; za pomoc ludziom uniemo\u017cliwiano dotarcie na rozprawy s\u0105dowe, zwalniano z pracy, internowano, bito. Represje te spotka\u0142y si\u0119 z mi\u0119dzynarodowym protestem inteligencji i polityk\u00f3w.<\/p>\n<p style=\"text-align: justify;\"><a href=\"https:\/\/marekkuchcinski.pl\/wp-content\/uploads\/2016\/09\/z11943451q.jpg\"><img fetchpriority=\"high\" decoding=\"async\" class=\"wp-image-3821 \" src=\"https:\/\/marekkuchcinski.pl\/wp-content\/uploads\/2016\/09\/z11943451q.jpg\" alt=\"Pa\u00fcdziernik 1979, Warszawa, Polska Glodowka czlonkow Komitetu Obrony Robotnikow w kosciele sw. Krzyza, z przodu od lewej: Antoni Macierewicz, Adam Michnik, ksiadz Stanislaw Malkowski ( MALKOWSKI ), Jacek Kuron ( KURON ), Kazimierz Woycicki ( WOYCICKI ), z ty?u siedzL: Konrad Bielinski ( BIELINSKI ), Mariusz Wilk, Kazimierz Janusz. Fot. Janusz Krzyzewski ( KRZYZEWSKI ) \/ O\u00farodek KARTA [PRL, KOR, Komitet Obrony Robotnikow, opozycja, dysydenci, organizacje polityczne, nurt niepodleglosciowy, kosciol, ksieza, protest glodowy] SLOWA KLUCZOWE: SYTUACYJNE PRAWA CZLOWIEKA PRL KATOLICY LATA 70\" width=\"1059\" height=\"748\" srcset=\"https:\/\/marekkuchcinski.pl\/wp-content\/uploads\/2016\/09\/z11943451q.jpg 620w, https:\/\/marekkuchcinski.pl\/wp-content\/uploads\/2016\/09\/z11943451q-300x212.jpg 300w\" sizes=\"(max-width: 1059px) 100vw, 1059px\" \/><\/a><\/p>\n<p style=\"text-align: justify;\">Pa\u017adziernik 1979, Warszawa, Polska. G\u0142od\u00f3wka cz\u0142onk\u00f3w Komitetu Obrony Robotnik\u00f3w w ko\u015bciele \u015bw. Krzy\u017ca, z przodu od \u00a0lewej: Antoni Macierewicz, Adam Michnik, ksi\u0105dz Stanis\u0142aw Ma\u0142kowski, Jacek Kuro\u0144, Kazimierz Woycicki, z ty\u0142u: Konrad Bieli\u0144ski, Mariusz Wilk, Kazimierz Janusz.\u00a0Fot. Janusz Krzy\u017cewski\/ O\u015brodek KARTA<\/p>\n<p style=\"text-align: justify;\">Poni\u017cej: Antoni Macierewicz (obecnie minister obrony narodowej) i Piotr Naimski (sekretarz stanu w KPRM)<\/p>\n<p style=\"text-align: justify;\"><a href=\"https:\/\/marekkuchcinski.pl\/wp-content\/uploads\/2016\/09\/M-i-N-kor.jpg\"><img decoding=\"async\" class=\"alignnone wp-image-3820\" src=\"https:\/\/marekkuchcinski.pl\/wp-content\/uploads\/2016\/09\/M-i-N-kor.jpg\" alt=\"m-i-n-kor\" width=\"1234\" height=\"724\" srcset=\"https:\/\/marekkuchcinski.pl\/wp-content\/uploads\/2016\/09\/M-i-N-kor.jpg 545w, https:\/\/marekkuchcinski.pl\/wp-content\/uploads\/2016\/09\/M-i-N-kor-300x176.jpg 300w\" sizes=\"(max-width: 1234px) 100vw, 1234px\" \/><\/a><\/p>\n<p style=\"text-align: justify;\">Dzi\u015b, w 40. rocznic\u0119 powstania KOR, Sejm RP przyj\u0105\u0142 uchwa\u0142\u0119, w kt\u00f3rej wyrazi\u0142 wdzi\u0119czno\u015b\u0107 tw\u00f3rcom i dzia\u0142aczom Komitetu oraz wszystkim Polakom, kt\u00f3rzy go wspierali.<\/p>\n<p style=\"text-align: justify;\"><a href=\"https:\/\/marekkuchcinski.pl\/wp-content\/uploads\/2016\/09\/KKB_1986.jpg\"><img decoding=\"async\" class=\"alignnone wp-image-3822 \" src=\"https:\/\/marekkuchcinski.pl\/wp-content\/uploads\/2016\/09\/KKB_1986.jpg\" alt=\"kkb_1986\" width=\"1232\" height=\"821\" srcset=\"https:\/\/marekkuchcinski.pl\/wp-content\/uploads\/2016\/09\/KKB_1986.jpg 1044w, https:\/\/marekkuchcinski.pl\/wp-content\/uploads\/2016\/09\/KKB_1986-300x200.jpg 300w, https:\/\/marekkuchcinski.pl\/wp-content\/uploads\/2016\/09\/KKB_1986-768x511.jpg 768w, https:\/\/marekkuchcinski.pl\/wp-content\/uploads\/2016\/09\/KKB_1986-1024x682.jpg 1024w\" sizes=\"(max-width: 1232px) 100vw, 1232px\" \/><\/a><\/p>\n<p style=\"text-align: justify;\">\u2013\u00a0<em>Dzisiaj dla wielu Polak\u00f3w\u00a0<\/em>\u2013\u00a0<em>zar\u00f3wno dla pami\u0119taj\u0105cych komunistyczn\u0105 rzeczywisto\u015b\u0107, jak i dla pokolenia urodzonego w III Rzeczypospolitej\u00a0<\/em>\u2013\u00a0<em>KOR stanowi pi\u0119kn\u0105 kart\u0119 historii polskich d\u0105\u017ce\u0144 do niepodleg\u0142o\u015bci i wyzwolenia si\u0119 spod dominacji Zwi\u0105zku Sowieckiego\u00a0<\/em>\u2013\u00a0napisano w uchwale.<\/p>\n<p style=\"text-align: justify;\"><a href=\"https:\/\/marekkuchcinski.pl\/wp-content\/uploads\/2016\/09\/KKB_1907.jpg\"><img loading=\"lazy\" decoding=\"async\" class=\"alignnone wp-image-3823 size-full\" src=\"https:\/\/marekkuchcinski.pl\/wp-content\/uploads\/2016\/09\/KKB_1907.jpg\" alt=\"kkb_1907\" width=\"1800\" height=\"1200\" srcset=\"https:\/\/marekkuchcinski.pl\/wp-content\/uploads\/2016\/09\/KKB_1907.jpg 1800w, https:\/\/marekkuchcinski.pl\/wp-content\/uploads\/2016\/09\/KKB_1907-300x200.jpg 300w, https:\/\/marekkuchcinski.pl\/wp-content\/uploads\/2016\/09\/KKB_1907-768x512.jpg 768w, https:\/\/marekkuchcinski.pl\/wp-content\/uploads\/2016\/09\/KKB_1907-1024x683.jpg 1024w\" sizes=\"(max-width: 1800px) 100vw, 1800px\" \/><\/a><\/p>\n","protected":false},"excerpt":{"rendered":"<p>40 lat temu, 23 wrze\u015bnia powsta\u0142 Komitet Obrony Robotnik\u00f3w. Powsta\u0142 on jako sprzeciw wobec represjom w\u0142adz PRL-u wobec robotnik\u00f3w z Radomia i Ursusa. Jego g\u0142\u00f3wnym celem by\u0142o niesienie pomocy prawnej, finansowej i lekarskiej prze\u015bladowanym robotnikom oraz ich rodzinom. \u00a0 We wrze\u015bniu 1976 r.\u00a0Antoni Macierewicz\u00a0i\u00a0Piotr Naimski, z poparciem Jana J\u00f3zefa Lipskiego i\u00a0Jacka Kuronia, przekonali ostatecznie do [&hellip;]<\/p>\n","protected":false},"author":6,"featured_media":3821,"comment_status":"open","ping_status":"open","sticky":false,"template":"","format":"standard","meta":{"ngg_post_thumbnail":0,"footnotes":""},"categories":[77,81,3],"tags":[],"class_list":["post-3819","post","type-post","status-publish","format-standard","has-post-thumbnail","hentry","category-wazne-daty","category-wiesci-z-sejmu","category-wydarzenia"],"_links":{"self":[{"href":"https:\/\/marekkuchcinski.pl\/sk\/wp-json\/wp\/v2\/posts\/3819","targetHints":{"allow":["GET"]}}],"collection":[{"href":"https:\/\/marekkuchcinski.pl\/sk\/wp-json\/wp\/v2\/posts"}],"about":[{"href":"https:\/\/marekkuchcinski.pl\/sk\/wp-json\/wp\/v2\/types\/post"}],"author":[{"embeddable":true,"href":"https:\/\/marekkuchcinski.pl\/sk\/wp-json\/wp\/v2\/users\/6"}],"replies":[{"embeddable":true,"href":"https:\/\/marekkuchcinski.pl\/sk\/wp-json\/wp\/v2\/comments?post=3819"}],"version-history":[{"count":14,"href":"https:\/\/marekkuchcinski.pl\/sk\/wp-json\/wp\/v2\/posts\/3819\/revisions"}],"predecessor-version":[{"id":3845,"href":"https:\/\/marekkuchcinski.pl\/sk\/wp-json\/wp\/v2\/posts\/3819\/revisions\/3845"}],"wp:featuredmedia":[{"embeddable":true,"href":"https:\/\/marekkuchcinski.pl\/sk\/wp-json\/wp\/v2\/media\/3821"}],"wp:attachment":[{"href":"https:\/\/marekkuchcinski.pl\/sk\/wp-json\/wp\/v2\/media?parent=3819"}],"wp:term":[{"taxonomy":"category","embeddable":true,"href":"https:\/\/marekkuchcinski.pl\/sk\/wp-json\/wp\/v2\/categories?post=3819"},{"taxonomy":"post_tag","embeddable":true,"href":"https:\/\/marekkuchcinski.pl\/sk\/wp-json\/wp\/v2\/tags?post=3819"}],"curies":[{"name":"wp","href":"https:\/\/api.w.org\/{rel}","templated":true}]}}