{"id":3779,"date":"2016-09-20T20:19:33","date_gmt":"2016-09-20T18:19:33","guid":{"rendered":"https:\/\/marekkuchcinski.pl\/?p=3779"},"modified":"2016-09-23T14:14:03","modified_gmt":"2016-09-23T12:14:03","slug":"20-wrzesnia","status":"publish","type":"post","link":"https:\/\/marekkuchcinski.pl\/sk\/wazne-daty\/20-wrzesnia\/","title":{"rendered":"20. september d\u0148om po\u013eskej sl\u00e1vy"},"content":{"rendered":"<p style=\"text-align: left;\">20. september pripom\u00edna sl\u00e1vne \u010dasy prvej a druhej republiky. Formovali \u013eud\u00ed, hist\u00f3riu, identitu a vlastenectvo. V roku 1580 po\u013esk\u00e1 jazda pod veden\u00edm<br \/>\npod velen\u00edm knie\u017ea\u0165a Janusza Zbarask\u00e9ho rozbila rusk\u00fa kaval\u00e9riu<strong> w\u00a0<\/strong><strong>bitka pri Toropecu<\/strong>. Z\u00fa\u010dastnili sa na \u0148om najlep\u0161ie z\u00e1stavy kr\u00e1\u013eovsk\u00e9ho rotamenu. Po\u013esk\u00e1 hus\u00e1rska arm\u00e1da, ktor\u00fa zriadil Sejm prvej republiky uznesen\u00edm na za\u010diatku 16. storo\u010dia, tie\u017e predviedla ve\u013ekolep\u00e9 vyst\u00fapenie a zv\u00ed\u0165azila. Dodnes sa pova\u017euje za jeden z najv\u00fdznamnej\u0161\u00edch \u00fatvarov v hist\u00f3rii sveta.<\/p>\n<p style=\"text-align: left;\"><a href=\"https:\/\/marekkuchcinski.pl\/wp-content\/uploads\/2016\/09\/husaria.jpg\"><img fetchpriority=\"high\" decoding=\"async\" class=\"alignnone size-full wp-image-3780\" src=\"https:\/\/marekkuchcinski.pl\/wp-content\/uploads\/2016\/09\/husaria.jpg\" alt=\"husaria\" width=\"1920\" height=\"1152\" srcset=\"https:\/\/marekkuchcinski.pl\/wp-content\/uploads\/2016\/09\/husaria.jpg 1920w, https:\/\/marekkuchcinski.pl\/wp-content\/uploads\/2016\/09\/husaria-300x180.jpg 300w, https:\/\/marekkuchcinski.pl\/wp-content\/uploads\/2016\/09\/husaria-768x461.jpg 768w, https:\/\/marekkuchcinski.pl\/wp-content\/uploads\/2016\/09\/husaria-1024x614.jpg 1024w\" sizes=\"(max-width: 1920px) 100vw, 1920px\" \/><\/a><\/p>\n<p>V roku 1920 zasadil obnoven\u00fd po\u013esk\u00fd \u0161t\u00e1t rozhoduj\u00faci \u00fader po\u013esko-bo\u013e\u0161evickej <strong>bitka pri Niemene<\/strong>. Strat\u00e9gia hlavn\u00e9ho velite\u013ea J\u00f3zefa Pi\u0142sudsk\u00e9ho sa vyzna\u010dovala odvahou, inov\u00e1ciou a prekvapen\u00edm nepriate\u013ea.<\/p>\n<p><a href=\"https:\/\/marekkuchcinski.pl\/wp-content\/uploads\/2016\/09\/images.jpg\"><img decoding=\"async\" class=\"alignnone wp-image-3781\" src=\"https:\/\/marekkuchcinski.pl\/wp-content\/uploads\/2016\/09\/images.jpg\" alt=\"images\" width=\"654\" height=\"385\" \/><\/a><\/p>\n<p>V roku 1939\u00a0<strong>obrana mesta Grodno<\/strong>\u00a0pred postupuj\u00facou \u010cervenou arm\u00e1dou<strong>.<\/strong>\u00a0 Gener\u00e1l W\u0142adys\u0142aw Sikorski po\u010das in\u0161pekcie 6. pe\u0161ej div\u00edzie v ZSSR v decembri 1941 v rozhovore s pre\u017eiv\u0161\u00edmi obrancami Grodna povedal:\u00a0<em>Vy ste nov\u00ed Eagles. Urob\u00edm v\u0161etko pre to, aby va\u0161e mesto dostalo\u00a0<\/em><em>Virtuti Militari<\/em><em>\u00a0<\/em><em>a titul Always Faithful<\/em>. Boje po\u013esk\u00e9ho vojaka pri obrane Grodna v druhej svetovej vojne boli po roku 1990 pripomenut\u00e9 na Hrobe nezn\u00e1meho vojaka vo Var\u0161ave n\u00e1pisom na jednej z pam\u00e4tn\u00fdch tab\u00fa\u013e GRODNO 2 - 22. september 1939.<\/p>\n<p><a href=\"https:\/\/marekkuchcinski.pl\/wp-content\/uploads\/2016\/09\/grodno1939.jpg\"><img decoding=\"async\" class=\"alignnone size-full wp-image-3782\" src=\"https:\/\/marekkuchcinski.pl\/wp-content\/uploads\/2016\/09\/grodno1939.jpg\" alt=\"grodno1939\" width=\"600\" height=\"292\" srcset=\"https:\/\/marekkuchcinski.pl\/wp-content\/uploads\/2016\/09\/grodno1939.jpg 600w, https:\/\/marekkuchcinski.pl\/wp-content\/uploads\/2016\/09\/grodno1939-300x146.jpg 300w\" sizes=\"(max-width: 600px) 100vw, 600px\" \/><\/a><\/p>\n<p>V tento de\u0148 si treba pripomen\u00fa\u0165 aj dva pobaltsk\u00e9 \u0161t\u00e1ty a ich dosiahnutie nez\u00e1vislosti, ktor\u00e1 je pre ne rovnako ve\u013ekou hodnotou ako pre Poliakov. 20. septembra 1992 sa v Est\u00f3nsku konali prv\u00e9 slobodn\u00e9 vo\u013eby po rozpade ZSSR. V roku 2003 sa ob\u010dania Loty\u0161ska v referende vyslovili za vstup do Eur\u00f3pskej \u00fanie.<\/p>\n<p>21. septembra 1991 ob\u010dania Arm\u00e9nska v referende rozhodli o odtrhnut\u00ed od ZSSR.<\/p>","protected":false},"excerpt":{"rendered":"<p>20 wrze\u015bnia przypomina o dniach chwa\u0142y I i II Rzeczpospolitej. Kszta\u0142towa\u0142y one ludzi, histori\u0119, to\u017csamo\u015b\u0107, patriotyzm. W 1580\u00a0r. polska jazda pod dow\u00f3dztwem ksi\u0119cia\u00a0Janusza Zbaraskiego\u00a0rozbi\u0142a kawaleri\u0119 rosyjsk\u0105 w\u00a0bitwie pod Toropcem. Wzi\u0119\u0142y w niej udzia\u0142 najlepsze\u00a0chor\u0105gwie\u00a0rotmistrz\u00f3w\u00a0kr\u00f3lewskich. Husaria polska, kt\u00f3r\u0105\u00a0Sejm I Rzeczpospolitej powo\u0142a\u0142 do \u017cycia uchwal\u0105 na pocz\u0105tku XVI wieku, r\u00f3wnie\u017c wtedy da\u0142a spektakularny popis i odnios\u0142a zwyci\u0119stwo. [&hellip;]<\/p>","protected":false},"author":6,"featured_media":3780,"comment_status":"open","ping_status":"open","sticky":false,"template":"","format":"standard","meta":{"ngg_post_thumbnail":0,"footnotes":""},"categories":[77],"tags":[],"class_list":["post-3779","post","type-post","status-publish","format-standard","has-post-thumbnail","hentry","category-wazne-daty"],"yoast_head":"<!-- This site is optimized with the Yoast SEO plugin v24.7 - https:\/\/yoast.com\/wordpress\/plugins\/seo\/ -->\n<title>20 wrze\u015bnia dniem polskiej chwa\u0142y &#8211; Marek Kuchci\u0144ski<\/title>\n<meta name=\"robots\" content=\"index, follow, max-snippet:-1, max-image-preview:large, max-video-preview:-1\" \/>\n<link rel=\"canonical\" href=\"https:\/\/marekkuchcinski.pl\/sk\/wazne-daty\/20-wrzesnia\/\" \/>\n<meta property=\"og:locale\" content=\"sk_SK\" \/>\n<meta property=\"og:type\" content=\"article\" \/>\n<meta property=\"og:title\" content=\"20 wrze\u015bnia dniem polskiej chwa\u0142y &#8211; Marek Kuchci\u0144ski\" \/>\n<meta property=\"og:description\" content=\"20 wrze\u015bnia przypomina o dniach chwa\u0142y I i II Rzeczpospolitej. Kszta\u0142towa\u0142y one ludzi, histori\u0119, to\u017csamo\u015b\u0107, patriotyzm. W 1580\u00a0r. polska jazda pod dow\u00f3dztwem ksi\u0119cia\u00a0Janusza Zbaraskiego\u00a0rozbi\u0142a kawaleri\u0119 rosyjsk\u0105 w\u00a0bitwie pod Toropcem. Wzi\u0119\u0142y w niej udzia\u0142 najlepsze\u00a0chor\u0105gwie\u00a0rotmistrz\u00f3w\u00a0kr\u00f3lewskich. Husaria polska, kt\u00f3r\u0105\u00a0Sejm I Rzeczpospolitej powo\u0142a\u0142 do \u017cycia uchwal\u0105 na pocz\u0105tku XVI wieku, r\u00f3wnie\u017c wtedy da\u0142a spektakularny popis i odnios\u0142a zwyci\u0119stwo. [&hellip;]\" \/>\n<meta property=\"og:url\" content=\"https:\/\/marekkuchcinski.pl\/sk\/wazne-daty\/20-wrzesnia\/\" \/>\n<meta property=\"og:site_name\" content=\"Marek Kuchci\u0144ski\" \/>\n<meta property=\"article:published_time\" content=\"2016-09-20T18:19:33+00:00\" \/>\n<meta property=\"article:modified_time\" content=\"2016-09-23T12:14:03+00:00\" \/>\n<meta property=\"og:image\" content=\"https:\/\/marekkuchcinski.pl\/wp-content\/uploads\/2016\/09\/husaria.jpg\" \/>\n\t<meta property=\"og:image:width\" content=\"1920\" \/>\n\t<meta property=\"og:image:height\" content=\"1152\" \/>\n\t<meta property=\"og:image:type\" content=\"image\/jpeg\" \/>\n<meta name=\"author\" content=\"admin\" \/>\n<meta name=\"twitter:card\" content=\"summary_large_image\" \/>\n<meta name=\"twitter:label1\" content=\"Autor\" \/>\n\t<meta name=\"twitter:data1\" content=\"admin\" \/>\n\t<meta name=\"twitter:label2\" content=\"Predpokladan\u00fd \u010das \u010d\u00edtania\" \/>\n\t<meta name=\"twitter:data2\" content=\"1 min\u00fata\" \/>\n<script type=\"application\/ld+json\" class=\"yoast-schema-graph\">{\"@context\":\"https:\/\/schema.org\",\"@graph\":[{\"@type\":\"Article\",\"@id\":\"https:\/\/marekkuchcinski.pl\/wazne-daty\/20-wrzesnia\/#article\",\"isPartOf\":{\"@id\":\"https:\/\/marekkuchcinski.pl\/wazne-daty\/20-wrzesnia\/\"},\"author\":{\"name\":\"admin\",\"@id\":\"https:\/\/marekkuchcinski.pl\/#\/schema\/person\/6f62700996b4d950b6ea2d1183b6c6be\"},\"headline\":\"20 wrze\u015bnia dniem polskiej chwa\u0142y\",\"datePublished\":\"2016-09-20T18:19:33+00:00\",\"dateModified\":\"2016-09-23T12:14:03+00:00\",\"mainEntityOfPage\":{\"@id\":\"https:\/\/marekkuchcinski.pl\/wazne-daty\/20-wrzesnia\/\"},\"wordCount\":291,\"commentCount\":0,\"publisher\":{\"@id\":\"https:\/\/marekkuchcinski.pl\/#organization\"},\"image\":{\"@id\":\"https:\/\/marekkuchcinski.pl\/wazne-daty\/20-wrzesnia\/#primaryimage\"},\"thumbnailUrl\":\"https:\/\/marekkuchcinski.pl\/wp-content\/uploads\/2016\/09\/husaria.jpg\",\"articleSection\":[\"Wa\u017cne daty\"],\"inLanguage\":\"sk-SK\",\"potentialAction\":[{\"@type\":\"CommentAction\",\"name\":\"Comment\",\"target\":[\"https:\/\/marekkuchcinski.pl\/wazne-daty\/20-wrzesnia\/#respond\"]}]},{\"@type\":\"WebPage\",\"@id\":\"https:\/\/marekkuchcinski.pl\/wazne-daty\/20-wrzesnia\/\",\"url\":\"https:\/\/marekkuchcinski.pl\/wazne-daty\/20-wrzesnia\/\",\"name\":\"20 wrze\u015bnia dniem polskiej chwa\u0142y &#8211; Marek Kuchci\u0144ski\",\"isPartOf\":{\"@id\":\"https:\/\/marekkuchcinski.pl\/#website\"},\"primaryImageOfPage\":{\"@id\":\"https:\/\/marekkuchcinski.pl\/wazne-daty\/20-wrzesnia\/#primaryimage\"},\"image\":{\"@id\":\"https:\/\/marekkuchcinski.pl\/wazne-daty\/20-wrzesnia\/#primaryimage\"},\"thumbnailUrl\":\"https:\/\/marekkuchcinski.pl\/wp-content\/uploads\/2016\/09\/husaria.jpg\",\"datePublished\":\"2016-09-20T18:19:33+00:00\",\"dateModified\":\"2016-09-23T12:14:03+00:00\",\"breadcrumb\":{\"@id\":\"https:\/\/marekkuchcinski.pl\/wazne-daty\/20-wrzesnia\/#breadcrumb\"},\"inLanguage\":\"sk-SK\",\"potentialAction\":[{\"@type\":\"ReadAction\",\"target\":[\"https:\/\/marekkuchcinski.pl\/wazne-daty\/20-wrzesnia\/\"]}]},{\"@type\":\"ImageObject\",\"inLanguage\":\"sk-SK\",\"@id\":\"https:\/\/marekkuchcinski.pl\/wazne-daty\/20-wrzesnia\/#primaryimage\",\"url\":\"https:\/\/marekkuchcinski.pl\/wp-content\/uploads\/2016\/09\/husaria.jpg\",\"contentUrl\":\"https:\/\/marekkuchcinski.pl\/wp-content\/uploads\/2016\/09\/husaria.jpg\",\"width\":1920,\"height\":1152},{\"@type\":\"BreadcrumbList\",\"@id\":\"https:\/\/marekkuchcinski.pl\/wazne-daty\/20-wrzesnia\/#breadcrumb\",\"itemListElement\":[{\"@type\":\"ListItem\",\"position\":1,\"name\":\"Strona g\u0142\u00f3wna\",\"item\":\"https:\/\/marekkuchcinski.pl\/\"},{\"@type\":\"ListItem\",\"position\":2,\"name\":\"20 wrze\u015bnia dniem polskiej chwa\u0142y\"}]},{\"@type\":\"WebSite\",\"@id\":\"https:\/\/marekkuchcinski.pl\/#website\",\"url\":\"https:\/\/marekkuchcinski.pl\/\",\"name\":\"Marek Kuchci\u0144ski\",\"description\":\"Pose\u0142 na sejm RP &ndash; okr\u0119g nr 22\",\"publisher\":{\"@id\":\"https:\/\/marekkuchcinski.pl\/#organization\"},\"potentialAction\":[{\"@type\":\"SearchAction\",\"target\":{\"@type\":\"EntryPoint\",\"urlTemplate\":\"https:\/\/marekkuchcinski.pl\/?s={search_term_string}\"},\"query-input\":{\"@type\":\"PropertyValueSpecification\",\"valueRequired\":true,\"valueName\":\"search_term_string\"}}],\"inLanguage\":\"sk-SK\"},{\"@type\":\"Organization\",\"@id\":\"https:\/\/marekkuchcinski.pl\/#organization\",\"name\":\"Marek Kuchci\u0144ski\",\"url\":\"https:\/\/marekkuchcinski.pl\/\",\"logo\":{\"@type\":\"ImageObject\",\"inLanguage\":\"sk-SK\",\"@id\":\"https:\/\/marekkuchcinski.pl\/#\/schema\/logo\/image\/\",\"url\":\"https:\/\/marekkuchcinski.pl\/wp-content\/uploads\/2022\/09\/Marek.jpg\",\"contentUrl\":\"https:\/\/marekkuchcinski.pl\/wp-content\/uploads\/2022\/09\/Marek.jpg\",\"width\":1600,\"height\":971,\"caption\":\"Marek Kuchci\u0144ski\"},\"image\":{\"@id\":\"https:\/\/marekkuchcinski.pl\/#\/schema\/logo\/image\/\"}},{\"@type\":\"Person\",\"@id\":\"https:\/\/marekkuchcinski.pl\/#\/schema\/person\/6f62700996b4d950b6ea2d1183b6c6be\",\"name\":\"admin\",\"image\":{\"@type\":\"ImageObject\",\"inLanguage\":\"sk-SK\",\"@id\":\"https:\/\/marekkuchcinski.pl\/#\/schema\/person\/image\/\",\"url\":\"https:\/\/secure.gravatar.com\/avatar\/4bab693b9d55c3d6b52c0296a8765085?s=96&d=mm&r=g\",\"contentUrl\":\"https:\/\/secure.gravatar.com\/avatar\/4bab693b9d55c3d6b52c0296a8765085?s=96&d=mm&r=g\",\"caption\":\"admin\"},\"url\":\"https:\/\/marekkuchcinski.pl\/sk\/author\/marta-olejnik\/\"}]}<\/script>\n<!-- \/ Yoast SEO plugin. -->","yoast_head_json":{"title":"20 wrze\u015bnia dniem polskiej chwa\u0142y &#8211; Marek Kuchci\u0144ski","robots":{"index":"index","follow":"follow","max-snippet":"max-snippet:-1","max-image-preview":"max-image-preview:large","max-video-preview":"max-video-preview:-1"},"canonical":"https:\/\/marekkuchcinski.pl\/sk\/wazne-daty\/20-wrzesnia\/","og_locale":"sk_SK","og_type":"article","og_title":"20 wrze\u015bnia dniem polskiej chwa\u0142y &#8211; Marek Kuchci\u0144ski","og_description":"20 wrze\u015bnia przypomina o dniach chwa\u0142y I i II Rzeczpospolitej. Kszta\u0142towa\u0142y one ludzi, histori\u0119, to\u017csamo\u015b\u0107, patriotyzm. W 1580\u00a0r. polska jazda pod dow\u00f3dztwem ksi\u0119cia\u00a0Janusza Zbaraskiego\u00a0rozbi\u0142a kawaleri\u0119 rosyjsk\u0105 w\u00a0bitwie pod Toropcem. Wzi\u0119\u0142y w niej udzia\u0142 najlepsze\u00a0chor\u0105gwie\u00a0rotmistrz\u00f3w\u00a0kr\u00f3lewskich. Husaria polska, kt\u00f3r\u0105\u00a0Sejm I Rzeczpospolitej powo\u0142a\u0142 do \u017cycia uchwal\u0105 na pocz\u0105tku XVI wieku, r\u00f3wnie\u017c wtedy da\u0142a spektakularny popis i odnios\u0142a zwyci\u0119stwo. [&hellip;]","og_url":"https:\/\/marekkuchcinski.pl\/sk\/wazne-daty\/20-wrzesnia\/","og_site_name":"Marek Kuchci\u0144ski","article_published_time":"2016-09-20T18:19:33+00:00","article_modified_time":"2016-09-23T12:14:03+00:00","og_image":[{"width":1920,"height":1152,"url":"https:\/\/marekkuchcinski.pl\/wp-content\/uploads\/2016\/09\/husaria.jpg","type":"image\/jpeg"}],"author":"admin","twitter_card":"summary_large_image","twitter_misc":{"Autor":"admin","Predpokladan\u00fd \u010das \u010d\u00edtania":"1 min\u00fata"},"schema":{"@context":"https:\/\/schema.org","@graph":[{"@type":"Article","@id":"https:\/\/marekkuchcinski.pl\/wazne-daty\/20-wrzesnia\/#article","isPartOf":{"@id":"https:\/\/marekkuchcinski.pl\/wazne-daty\/20-wrzesnia\/"},"author":{"name":"admin","@id":"https:\/\/marekkuchcinski.pl\/#\/schema\/person\/6f62700996b4d950b6ea2d1183b6c6be"},"headline":"20 wrze\u015bnia dniem polskiej chwa\u0142y","datePublished":"2016-09-20T18:19:33+00:00","dateModified":"2016-09-23T12:14:03+00:00","mainEntityOfPage":{"@id":"https:\/\/marekkuchcinski.pl\/wazne-daty\/20-wrzesnia\/"},"wordCount":291,"commentCount":0,"publisher":{"@id":"https:\/\/marekkuchcinski.pl\/#organization"},"image":{"@id":"https:\/\/marekkuchcinski.pl\/wazne-daty\/20-wrzesnia\/#primaryimage"},"thumbnailUrl":"https:\/\/marekkuchcinski.pl\/wp-content\/uploads\/2016\/09\/husaria.jpg","articleSection":["Wa\u017cne daty"],"inLanguage":"sk-SK","potentialAction":[{"@type":"CommentAction","name":"Comment","target":["https:\/\/marekkuchcinski.pl\/wazne-daty\/20-wrzesnia\/#respond"]}]},{"@type":"WebPage","@id":"https:\/\/marekkuchcinski.pl\/wazne-daty\/20-wrzesnia\/","url":"https:\/\/marekkuchcinski.pl\/wazne-daty\/20-wrzesnia\/","name":"20 wrze\u015bnia dniem polskiej chwa\u0142y &#8211; Marek Kuchci\u0144ski","isPartOf":{"@id":"https:\/\/marekkuchcinski.pl\/#website"},"primaryImageOfPage":{"@id":"https:\/\/marekkuchcinski.pl\/wazne-daty\/20-wrzesnia\/#primaryimage"},"image":{"@id":"https:\/\/marekkuchcinski.pl\/wazne-daty\/20-wrzesnia\/#primaryimage"},"thumbnailUrl":"https:\/\/marekkuchcinski.pl\/wp-content\/uploads\/2016\/09\/husaria.jpg","datePublished":"2016-09-20T18:19:33+00:00","dateModified":"2016-09-23T12:14:03+00:00","breadcrumb":{"@id":"https:\/\/marekkuchcinski.pl\/wazne-daty\/20-wrzesnia\/#breadcrumb"},"inLanguage":"sk-SK","potentialAction":[{"@type":"ReadAction","target":["https:\/\/marekkuchcinski.pl\/wazne-daty\/20-wrzesnia\/"]}]},{"@type":"ImageObject","inLanguage":"sk-SK","@id":"https:\/\/marekkuchcinski.pl\/wazne-daty\/20-wrzesnia\/#primaryimage","url":"https:\/\/marekkuchcinski.pl\/wp-content\/uploads\/2016\/09\/husaria.jpg","contentUrl":"https:\/\/marekkuchcinski.pl\/wp-content\/uploads\/2016\/09\/husaria.jpg","width":1920,"height":1152},{"@type":"BreadcrumbList","@id":"https:\/\/marekkuchcinski.pl\/wazne-daty\/20-wrzesnia\/#breadcrumb","itemListElement":[{"@type":"ListItem","position":1,"name":"Strona g\u0142\u00f3wna","item":"https:\/\/marekkuchcinski.pl\/"},{"@type":"ListItem","position":2,"name":"20 wrze\u015bnia dniem polskiej chwa\u0142y"}]},{"@type":"WebSite","@id":"https:\/\/marekkuchcinski.pl\/#website","url":"https:\/\/marekkuchcinski.pl\/","name":"Marek Kuchci\u0144ski","description":"Pose\u0142 na sejm RP &ndash; okr\u0119g nr 22","publisher":{"@id":"https:\/\/marekkuchcinski.pl\/#organization"},"potentialAction":[{"@type":"SearchAction","target":{"@type":"EntryPoint","urlTemplate":"https:\/\/marekkuchcinski.pl\/?s={search_term_string}"},"query-input":{"@type":"PropertyValueSpecification","valueRequired":true,"valueName":"search_term_string"}}],"inLanguage":"sk-SK"},{"@type":"Organization","@id":"https:\/\/marekkuchcinski.pl\/#organization","name":"Marek Kuchci\u0144ski","url":"https:\/\/marekkuchcinski.pl\/","logo":{"@type":"ImageObject","inLanguage":"sk-SK","@id":"https:\/\/marekkuchcinski.pl\/#\/schema\/logo\/image\/","url":"https:\/\/marekkuchcinski.pl\/wp-content\/uploads\/2022\/09\/Marek.jpg","contentUrl":"https:\/\/marekkuchcinski.pl\/wp-content\/uploads\/2022\/09\/Marek.jpg","width":1600,"height":971,"caption":"Marek Kuchci\u0144ski"},"image":{"@id":"https:\/\/marekkuchcinski.pl\/#\/schema\/logo\/image\/"}},{"@type":"Person","@id":"https:\/\/marekkuchcinski.pl\/#\/schema\/person\/6f62700996b4d950b6ea2d1183b6c6be","name":"admin","image":{"@type":"ImageObject","inLanguage":"sk-SK","@id":"https:\/\/marekkuchcinski.pl\/#\/schema\/person\/image\/","url":"https:\/\/secure.gravatar.com\/avatar\/4bab693b9d55c3d6b52c0296a8765085?s=96&d=mm&r=g","contentUrl":"https:\/\/secure.gravatar.com\/avatar\/4bab693b9d55c3d6b52c0296a8765085?s=96&d=mm&r=g","caption":"admin"},"url":"https:\/\/marekkuchcinski.pl\/sk\/author\/marta-olejnik\/"}]}},"_links":{"self":[{"href":"https:\/\/marekkuchcinski.pl\/sk\/wp-json\/wp\/v2\/posts\/3779","targetHints":{"allow":["GET"]}}],"collection":[{"href":"https:\/\/marekkuchcinski.pl\/sk\/wp-json\/wp\/v2\/posts"}],"about":[{"href":"https:\/\/marekkuchcinski.pl\/sk\/wp-json\/wp\/v2\/types\/post"}],"author":[{"embeddable":true,"href":"https:\/\/marekkuchcinski.pl\/sk\/wp-json\/wp\/v2\/users\/6"}],"replies":[{"embeddable":true,"href":"https:\/\/marekkuchcinski.pl\/sk\/wp-json\/wp\/v2\/comments?post=3779"}],"version-history":[{"count":6,"href":"https:\/\/marekkuchcinski.pl\/sk\/wp-json\/wp\/v2\/posts\/3779\/revisions"}],"predecessor-version":[{"id":3842,"href":"https:\/\/marekkuchcinski.pl\/sk\/wp-json\/wp\/v2\/posts\/3779\/revisions\/3842"}],"wp:featuredmedia":[{"embeddable":true,"href":"https:\/\/marekkuchcinski.pl\/sk\/wp-json\/wp\/v2\/media\/3780"}],"wp:attachment":[{"href":"https:\/\/marekkuchcinski.pl\/sk\/wp-json\/wp\/v2\/media?parent=3779"}],"wp:term":[{"taxonomy":"category","embeddable":true,"href":"https:\/\/marekkuchcinski.pl\/sk\/wp-json\/wp\/v2\/categories?post=3779"},{"taxonomy":"post_tag","embeddable":true,"href":"https:\/\/marekkuchcinski.pl\/sk\/wp-json\/wp\/v2\/tags?post=3779"}],"curies":[{"name":"wp","href":"https:\/\/api.w.org\/{rel}","templated":true}]}}