{"id":3708,"date":"2016-09-14T10:28:23","date_gmt":"2016-09-14T08:28:23","guid":{"rendered":"https:\/\/marekkuchcinski.pl\/?p=3708"},"modified":"2016-09-14T10:34:41","modified_gmt":"2016-09-14T08:34:41","slug":"raport-zespolu-ekspertow-ds-tk","status":"publish","type":"post","link":"https:\/\/marekkuchcinski.pl\/sk\/wydarzenia\/raport-zespolu-ekspertow-ds-tk\/","title":{"rendered":"Spr\u00e1va skupiny expertov o probl\u00e9moch \u00dastavn\u00e9ho s\u00fadu"},"content":{"rendered":"<p>Spr\u00e1va skupiny expertov o probl\u00e9moch \u00fastavn\u00e9ho tribun\u00e1lu sa ve\u013emi d\u00f4le\u017eit\u00fdm sp\u00f4sobom t\u00fdka existuj\u00facej politickej a pr\u00e1vnej kr\u00edzy okolo \u00fastavn\u00e9ho tribun\u00e1lu a obsahuje najm\u00e4 kritick\u00fa anal\u00fdzu stanoviska Ben\u00e1tskej komisie vydan\u00e9ho v marci tohto roku a ve\u013emi podrobn\u00fd zoznam udalost\u00ed ilustruj\u00facich pozadie, gen\u00e9zu a priebeh kr\u00edzy okolo \u00fastavn\u00e9ho tribun\u00e1lu vr\u00e1tane skuto\u010dnost\u00ed, ktor\u00e9 boli v stanovisku Ben\u00e1tskej komisie opomenut\u00e9. Spr\u00e1va sa t\u00fdka aj samotn\u00e9ho probl\u00e9mu \u00fastavn\u00e9ho s\u00fadnictva a obsahuje n\u00e1vrhy Ben\u00e1tskej komisie. <em>de lege ferenda<\/em> o fungovan\u00ed \u00dastavn\u00e9ho s\u00fadu v Po\u013esku.<\/p>\n<p>Predseda Sejmu by chcel vyzva\u0165 v\u0161etky in\u0161tit\u00facie a org\u00e1ny verejnej moci v Po\u013esku, ktor\u00e9 v r\u00e1mci svojho fungovania prich\u00e1dzaj\u00fa do styku so zahrani\u010dn\u00fdmi subjektmi zaoberaj\u00facimi sa problematikou po\u013esk\u00e9ho \u00dastavn\u00e9ho s\u00fadu, aby sa zauj\u00edmali o v\u00fdsledky pr\u00e1ce t\u00edmu expertov vymenovan\u00e9ho predsedom Sejmu, \u010do by malo t\u00fdmto subjektom u\u013eah\u010di\u0165 vytvorenie objekt\u00edvneho stanoviska k tejto ot\u00e1zke.<\/p>\n<p>Ni\u017e\u0161ie je uveden\u00e1 spr\u00e1va v po\u013eskom a anglickom jazyku<\/p>\n<p><a href=\"https:\/\/marekkuchcinski.pl\/wp-content\/uploads\/2016\/09\/EN-Raport-Zespo\u0142u-Ekspert\u00f3w-do-spraw-problematyki-Trybuna\u0142u-Konstytucyjnego-wersja-angielska-1.pdf\">sk - spr\u00e1va skupiny expertov o \u00dastavnom s\u00fade - anglick\u00e1 verzia<\/a><\/p>\n<p><a href=\"https:\/\/marekkuchcinski.pl\/wp-content\/uploads\/2016\/09\/Raport-Zespo\u0142u-Ekspert\u00f3w-do-spraw-Problematyki-Trybuna\u0142u-Konstytucyjnego-1.pdf\">spr\u00e1va skupiny expertov o \u00dastavnom s\u00fade<\/a><\/p>","protected":false},"excerpt":{"rendered":"<p>Raport Zespo\u0142u Ekspert\u00f3w do spraw Problematyki Trybuna\u0142u Konstytucyjnego w bardzo istotny spos\u00f3b odnosi si\u0119 do zaistnia\u0142ego kryzysu polityczno-prawnego wok\u00f3\u0142 Trybuna\u0142u Konstytucyjnego, a w szczeg\u00f3lno\u015bci zawiera krytyczn\u0105 analiz\u0119 Opinii Komisji Weneckiej, wydanej w marcu br. oraz bardzo szczeg\u00f3\u0142owy wykaz wydarze\u0144, obrazuj\u0105cych t\u0142o, genez\u0119 i przebieg kryzysu wok\u00f3\u0142 TK, w tym tak\u017ce fakt\u00f3w, kt\u00f3re zosta\u0142y pomini\u0119te w [&hellip;]<\/p>\n","protected":false},"author":6,"featured_media":3709,"comment_status":"open","ping_status":"open","sticky":false,"template":"","format":"standard","meta":{"ngg_post_thumbnail":0,"footnotes":""},"categories":[81,3],"tags":[],"class_list":["post-3708","post","type-post","status-publish","format-standard","has-post-thumbnail","hentry","category-wiesci-z-sejmu","category-wydarzenia"],"_links":{"self":[{"href":"https:\/\/marekkuchcinski.pl\/sk\/wp-json\/wp\/v2\/posts\/3708","targetHints":{"allow":["GET"]}}],"collection":[{"href":"https:\/\/marekkuchcinski.pl\/sk\/wp-json\/wp\/v2\/posts"}],"about":[{"href":"https:\/\/marekkuchcinski.pl\/sk\/wp-json\/wp\/v2\/types\/post"}],"author":[{"embeddable":true,"href":"https:\/\/marekkuchcinski.pl\/sk\/wp-json\/wp\/v2\/users\/6"}],"replies":[{"embeddable":true,"href":"https:\/\/marekkuchcinski.pl\/sk\/wp-json\/wp\/v2\/comments?post=3708"}],"version-history":[{"count":4,"href":"https:\/\/marekkuchcinski.pl\/sk\/wp-json\/wp\/v2\/posts\/3708\/revisions"}],"predecessor-version":[{"id":3718,"href":"https:\/\/marekkuchcinski.pl\/sk\/wp-json\/wp\/v2\/posts\/3708\/revisions\/3718"}],"wp:featuredmedia":[{"embeddable":true,"href":"https:\/\/marekkuchcinski.pl\/sk\/wp-json\/wp\/v2\/media\/3709"}],"wp:attachment":[{"href":"https:\/\/marekkuchcinski.pl\/sk\/wp-json\/wp\/v2\/media?parent=3708"}],"wp:term":[{"taxonomy":"category","embeddable":true,"href":"https:\/\/marekkuchcinski.pl\/sk\/wp-json\/wp\/v2\/categories?post=3708"},{"taxonomy":"post_tag","embeddable":true,"href":"https:\/\/marekkuchcinski.pl\/sk\/wp-json\/wp\/v2\/tags?post=3708"}],"curies":[{"name":"wp","href":"https:\/\/api.w.org\/{rel}","templated":true}]}}