{"id":3699,"date":"2016-09-12T13:14:59","date_gmt":"2016-09-12T11:14:59","guid":{"rendered":"https:\/\/marekkuchcinski.pl\/?p=3699"},"modified":"2016-09-12T13:14:59","modified_gmt":"2016-09-12T11:14:59","slug":"szymanowski-orban-nieliczny-polityk-europejski-wyznajacy-zasade-bog-honor-ojczyzna","status":"publish","type":"post","link":"https:\/\/marekkuchcinski.pl\/sk\/europa-karpat\/szymanowski-orban-nieliczny-polityk-europejski-wyznajacy-zasade-bog-honor-ojczyzna\/","title":{"rendered":"Szymanowski: Orb\u00e1n je vz\u00e1cny eur\u00f3psky politik, ktor\u00fd sa dr\u017e\u00ed z\u00e1sady Boh - \u010des\u0165 - vlas\u0165"},"content":{"rendered":"<p>- O Krynici sa niekedy hovor\u00ed s mierne zlomyse\u013en\u00fdm po\u013esk\u00fdm Davosom. Je to d\u00f4le\u017eit\u00e9 stredoeur\u00f3pske stretnutie, a to dokonca viac, ako si mysl\u00edme, preto\u017ee sem prich\u00e1dzaj\u00fa \u013eudia z kraj\u00edn Kaukazu, strednej Eur\u00f3py, Vy\u0161ehradskej skupiny, Nemecka a Franc\u00fazska. Tri tis\u00edcky \u013eud\u00ed, nepochopite\u013en\u00fd po\u010det panelov.<br \/>\nFantastick\u00e1 je promen\u00e1da uprostred, kde maj\u00fa \u013eudia mo\u017enos\u0165 vymeni\u0165 si p\u00e1r viet s \u013eu\u010fmi, ktor\u00ed zast\u00e1vaj\u00fa v\u00fdznamn\u00e9 funkcie vo svojich krajin\u00e1ch,\" poznamen\u00e1va doktor Maciej Szymanowski z Katol\u00edckej univerzity v Budape\u0161ti a poradca predsedu po\u013esk\u00e9ho Sejmu v rozhovore s Marcinom B\u0105kom v rel\u00e1cii \"Rozk\u013e\u00fa\u010dujme Po\u013esko\".<\/p>\n<p>- D\u00f4le\u017eit\u00e9 dohody sa \u010dasto odohr\u00e1vaj\u00fa v rozhovoroch, ktor\u00e9 prebiehaj\u00fa neform\u00e1lne, \u010dasto v neskor\u00fdch hodin\u00e1ch, \u010dasto v uvo\u013enenej\u0161ej atmosf\u00e9re. Ka\u017ed\u00fd z n\u00e1s, \u010di u\u017e sme \u0161\u00e9fom ve\u013ekej banky, predsedom vl\u00e1dy, alebo ja ako zamestnanec univerzity, sa mus\u00ed pozrie\u0165 do zrkadla. Vid\u00edme svoje ruky, vid\u00edme svoje nohy, ale ak chceme vidie\u0165 telo, mus\u00edme sa pozrie\u0165 do zrkadla. Tieto rozhovory s\u00fa tak\u00fdm poh\u013eadom do zrkadla. Po tak\u00fdchto stretnutiach na promen\u00e1de sa n\u00e1m otv\u00e1raj\u00fa nov\u00e9 mozgov\u00e9 ventily a my za\u010d\u00edname konfrontova\u0165 svoje doteraj\u0161ie my\u0161lienky, roz\u0161irova\u0165 ich o poznatky a m\u00fadros\u0165 in\u00fdch. Potom dok\u00e1\u017eeme lep\u0161ie realizova\u0165 n\u00e1rodn\u00fd z\u00e1ujem - dod\u00e1va hos\u0165 programu.<\/p>\n<p>- Viktor Orb\u00e1n asi najd\u00f4le\u017eitej\u0161iu vec povedal v poslednej vete svojho prejavu, ke\u010f v ma\u010far\u010dine parafr\u00e1zoval po\u013esk\u00e9 pr\u00edslovie o tom, \u017ee niekedy sa daj\u00fa s niek\u00fdm ukradn\u00fa\u0165 kone alebo sa s niek\u00fdm nedaj\u00fa ukradn\u00fa\u0165 kone. Odvol\u00e1val sa na princ\u00edp d\u00f4very, princ\u00edp solidarity, princ\u00edp cti, nech to znie akoko\u013evek zvl\u00e1\u0161tne. Orb\u00e1n je jedn\u00fdm z m\u00e1la politikov v Eur\u00f3pe, ktor\u00ed sa dr\u017eia z\u00e1sady \"Boh, \u010des\u0165, vlas\u0165\". Orb\u00e1n sa neboj\u00ed odvol\u00e1va\u0165 na Boha, \u010des\u0165 ch\u00e1pe ako dodr\u017eiavanie doh\u00f4d, v porovnan\u00ed s niektor\u00fdmi z\u00e1padn\u00fdmi mocnos\u0165ami, ktor\u00e9 kedysi Ukrajine s\u013e\u00fabili, \u017ee ak sa vzd\u00e1 jadrov\u00fdch hlav\u00edc, bude zachovan\u00e1 st\u00e1los\u0165 jej hran\u00edc, a napokon vlas\u0165, n\u00e1rod ch\u00e1pe ako ve\u013ek\u00fa rodinu<\/p>\n<p>&nbsp;<\/p>\n<p>zdroj: http:\/\/telewizjarepublika.pl\/<\/p>","protected":false},"excerpt":{"rendered":"<p>\u2013 O Krynicy czasem m\u00f3wi si\u0119 nieco z\u0142o\u015bliwie polskie Davos. To wa\u017cne spotkanie \u015brodkowo-europejskie, a nawet bardziej ni\u017c si\u0119 nam wydaje, bo przyje\u017cd\u017caj\u0105 osoby z pa\u0144stw zakaukaskich, Europy \u015arodkowej, Grupy Wyszehradzkiej, z Niemiec, z Francji. Trzy tysi\u0105ce os\u00f3b, ilo\u015b\u0107 paneli nie do ogarni\u0119cia. Fantastyczny jest ten deptak po\u015brodku, gdzie cz\u0142owiek ma mo\u017cliwo\u015b\u0107 zamienienia kilku zda\u0144 [&hellip;]<\/p>","protected":false},"author":6,"featured_media":0,"comment_status":"open","ping_status":"open","sticky":false,"template":"","format":"standard","meta":{"ngg_post_thumbnail":0,"footnotes":""},"categories":[78],"tags":[],"class_list":["post-3699","post","type-post","status-publish","format-standard","hentry","category-europa-karpat"],"yoast_head":"<!-- This site is optimized with the Yoast SEO plugin v24.7 - https:\/\/yoast.com\/wordpress\/plugins\/seo\/ -->\n<title>Szymanowski: Orban to nieliczny polityk europejski wyznaj\u0105cy zasad\u0119 B\u00f3g - Honor - Ojczyzna &#8211; Marek Kuchci\u0144ski<\/title>\n<meta name=\"robots\" content=\"index, follow, max-snippet:-1, max-image-preview:large, max-video-preview:-1\" \/>\n<link rel=\"canonical\" href=\"https:\/\/marekkuchcinski.pl\/sk\/europa-karpat\/szymanowski-orban-nieliczny-polityk-europejski-wyznajacy-zasade-bog-honor-ojczyzna\/\" \/>\n<meta property=\"og:locale\" content=\"sk_SK\" \/>\n<meta property=\"og:type\" content=\"article\" \/>\n<meta property=\"og:title\" content=\"Szymanowski: Orban to nieliczny polityk europejski wyznaj\u0105cy zasad\u0119 B\u00f3g - Honor - Ojczyzna &#8211; Marek Kuchci\u0144ski\" \/>\n<meta property=\"og:description\" content=\"\u2013 O Krynicy czasem m\u00f3wi si\u0119 nieco z\u0142o\u015bliwie polskie Davos. To wa\u017cne spotkanie \u015brodkowo-europejskie, a nawet bardziej ni\u017c si\u0119 nam wydaje, bo przyje\u017cd\u017caj\u0105 osoby z pa\u0144stw zakaukaskich, Europy \u015arodkowej, Grupy Wyszehradzkiej, z Niemiec, z Francji. Trzy tysi\u0105ce os\u00f3b, ilo\u015b\u0107 paneli nie do ogarni\u0119cia. Fantastyczny jest ten deptak po\u015brodku, gdzie cz\u0142owiek ma mo\u017cliwo\u015b\u0107 zamienienia kilku zda\u0144 [&hellip;]\" \/>\n<meta property=\"og:url\" content=\"https:\/\/marekkuchcinski.pl\/sk\/europa-karpat\/szymanowski-orban-nieliczny-polityk-europejski-wyznajacy-zasade-bog-honor-ojczyzna\/\" \/>\n<meta property=\"og:site_name\" content=\"Marek Kuchci\u0144ski\" \/>\n<meta property=\"article:published_time\" content=\"2016-09-12T11:14:59+00:00\" \/>\n<meta property=\"og:image\" content=\"https:\/\/marekkuchcinski.pl\/wp-content\/uploads\/2022\/09\/Marek.jpg\" \/>\n\t<meta property=\"og:image:width\" content=\"1600\" \/>\n\t<meta property=\"og:image:height\" content=\"971\" \/>\n\t<meta property=\"og:image:type\" content=\"image\/jpeg\" \/>\n<meta name=\"author\" content=\"admin\" \/>\n<meta name=\"twitter:card\" content=\"summary_large_image\" \/>\n<meta name=\"twitter:label1\" content=\"Autor\" \/>\n\t<meta name=\"twitter:data1\" content=\"admin\" \/>\n\t<meta name=\"twitter:label2\" content=\"Predpokladan\u00fd \u010das \u010d\u00edtania\" \/>\n\t<meta name=\"twitter:data2\" content=\"2 min\u00faty\" \/>\n<script type=\"application\/ld+json\" class=\"yoast-schema-graph\">{\"@context\":\"https:\/\/schema.org\",\"@graph\":[{\"@type\":\"Article\",\"@id\":\"https:\/\/marekkuchcinski.pl\/en\/europa-karpat\/szymanowski-orban-nieliczny-polityk-europejski-wyznajacy-zasade-bog-honor-ojczyzna\/#article\",\"isPartOf\":{\"@id\":\"https:\/\/marekkuchcinski.pl\/en\/europa-karpat\/szymanowski-orban-nieliczny-polityk-europejski-wyznajacy-zasade-bog-honor-ojczyzna\/\"},\"author\":{\"name\":\"admin\",\"@id\":\"https:\/\/marekkuchcinski.pl\/#\/schema\/person\/6f62700996b4d950b6ea2d1183b6c6be\"},\"headline\":\"Szymanowski: Orban to nieliczny polityk europejski wyznaj\u0105cy zasad\u0119 B\u00f3g &#8211; Honor &#8211; Ojczyzna\",\"datePublished\":\"2016-09-12T11:14:59+00:00\",\"mainEntityOfPage\":{\"@id\":\"https:\/\/marekkuchcinski.pl\/en\/europa-karpat\/szymanowski-orban-nieliczny-polityk-europejski-wyznajacy-zasade-bog-honor-ojczyzna\/\"},\"wordCount\":356,\"commentCount\":0,\"publisher\":{\"@id\":\"https:\/\/marekkuchcinski.pl\/#organization\"},\"articleSection\":[\"Europa Karpat\"],\"inLanguage\":\"sk-SK\",\"potentialAction\":[{\"@type\":\"CommentAction\",\"name\":\"Comment\",\"target\":[\"https:\/\/marekkuchcinski.pl\/en\/europa-karpat\/szymanowski-orban-nieliczny-polityk-europejski-wyznajacy-zasade-bog-honor-ojczyzna\/#respond\"]}]},{\"@type\":\"WebPage\",\"@id\":\"https:\/\/marekkuchcinski.pl\/en\/europa-karpat\/szymanowski-orban-nieliczny-polityk-europejski-wyznajacy-zasade-bog-honor-ojczyzna\/\",\"url\":\"https:\/\/marekkuchcinski.pl\/en\/europa-karpat\/szymanowski-orban-nieliczny-polityk-europejski-wyznajacy-zasade-bog-honor-ojczyzna\/\",\"name\":\"Szymanowski: Orban to nieliczny polityk europejski wyznaj\u0105cy zasad\u0119 B\u00f3g - Honor - Ojczyzna &#8211; Marek Kuchci\u0144ski\",\"isPartOf\":{\"@id\":\"https:\/\/marekkuchcinski.pl\/#website\"},\"datePublished\":\"2016-09-12T11:14:59+00:00\",\"breadcrumb\":{\"@id\":\"https:\/\/marekkuchcinski.pl\/en\/europa-karpat\/szymanowski-orban-nieliczny-polityk-europejski-wyznajacy-zasade-bog-honor-ojczyzna\/#breadcrumb\"},\"inLanguage\":\"sk-SK\",\"potentialAction\":[{\"@type\":\"ReadAction\",\"target\":[\"https:\/\/marekkuchcinski.pl\/en\/europa-karpat\/szymanowski-orban-nieliczny-polityk-europejski-wyznajacy-zasade-bog-honor-ojczyzna\/\"]}]},{\"@type\":\"BreadcrumbList\",\"@id\":\"https:\/\/marekkuchcinski.pl\/en\/europa-karpat\/szymanowski-orban-nieliczny-polityk-europejski-wyznajacy-zasade-bog-honor-ojczyzna\/#breadcrumb\",\"itemListElement\":[{\"@type\":\"ListItem\",\"position\":1,\"name\":\"Strona g\u0142\u00f3wna\",\"item\":\"https:\/\/marekkuchcinski.pl\/\"},{\"@type\":\"ListItem\",\"position\":2,\"name\":\"Szymanowski: Orban to nieliczny polityk europejski wyznaj\u0105cy zasad\u0119 B\u00f3g &#8211; Honor &#8211; Ojczyzna\"}]},{\"@type\":\"WebSite\",\"@id\":\"https:\/\/marekkuchcinski.pl\/#website\",\"url\":\"https:\/\/marekkuchcinski.pl\/\",\"name\":\"Marek Kuchci\u0144ski\",\"description\":\"Pose\u0142 na sejm RP &ndash; okr\u0119g nr 22\",\"publisher\":{\"@id\":\"https:\/\/marekkuchcinski.pl\/#organization\"},\"potentialAction\":[{\"@type\":\"SearchAction\",\"target\":{\"@type\":\"EntryPoint\",\"urlTemplate\":\"https:\/\/marekkuchcinski.pl\/?s={search_term_string}\"},\"query-input\":{\"@type\":\"PropertyValueSpecification\",\"valueRequired\":true,\"valueName\":\"search_term_string\"}}],\"inLanguage\":\"sk-SK\"},{\"@type\":\"Organization\",\"@id\":\"https:\/\/marekkuchcinski.pl\/#organization\",\"name\":\"Marek Kuchci\u0144ski\",\"url\":\"https:\/\/marekkuchcinski.pl\/\",\"logo\":{\"@type\":\"ImageObject\",\"inLanguage\":\"sk-SK\",\"@id\":\"https:\/\/marekkuchcinski.pl\/#\/schema\/logo\/image\/\",\"url\":\"https:\/\/marekkuchcinski.pl\/wp-content\/uploads\/2022\/09\/Marek.jpg\",\"contentUrl\":\"https:\/\/marekkuchcinski.pl\/wp-content\/uploads\/2022\/09\/Marek.jpg\",\"width\":1600,\"height\":971,\"caption\":\"Marek Kuchci\u0144ski\"},\"image\":{\"@id\":\"https:\/\/marekkuchcinski.pl\/#\/schema\/logo\/image\/\"}},{\"@type\":\"Person\",\"@id\":\"https:\/\/marekkuchcinski.pl\/#\/schema\/person\/6f62700996b4d950b6ea2d1183b6c6be\",\"name\":\"admin\",\"image\":{\"@type\":\"ImageObject\",\"inLanguage\":\"sk-SK\",\"@id\":\"https:\/\/marekkuchcinski.pl\/#\/schema\/person\/image\/\",\"url\":\"https:\/\/secure.gravatar.com\/avatar\/4bab693b9d55c3d6b52c0296a8765085?s=96&d=mm&r=g\",\"contentUrl\":\"https:\/\/secure.gravatar.com\/avatar\/4bab693b9d55c3d6b52c0296a8765085?s=96&d=mm&r=g\",\"caption\":\"admin\"},\"url\":\"https:\/\/marekkuchcinski.pl\/sk\/author\/marta-olejnik\/\"}]}<\/script>\n<!-- \/ Yoast SEO plugin. -->","yoast_head_json":{"title":"Szymanowski: Orban to nieliczny polityk europejski wyznaj\u0105cy zasad\u0119 B\u00f3g - Honor - Ojczyzna &#8211; Marek Kuchci\u0144ski","robots":{"index":"index","follow":"follow","max-snippet":"max-snippet:-1","max-image-preview":"max-image-preview:large","max-video-preview":"max-video-preview:-1"},"canonical":"https:\/\/marekkuchcinski.pl\/sk\/europa-karpat\/szymanowski-orban-nieliczny-polityk-europejski-wyznajacy-zasade-bog-honor-ojczyzna\/","og_locale":"sk_SK","og_type":"article","og_title":"Szymanowski: Orban to nieliczny polityk europejski wyznaj\u0105cy zasad\u0119 B\u00f3g - Honor - Ojczyzna &#8211; Marek Kuchci\u0144ski","og_description":"\u2013 O Krynicy czasem m\u00f3wi si\u0119 nieco z\u0142o\u015bliwie polskie Davos. To wa\u017cne spotkanie \u015brodkowo-europejskie, a nawet bardziej ni\u017c si\u0119 nam wydaje, bo przyje\u017cd\u017caj\u0105 osoby z pa\u0144stw zakaukaskich, Europy \u015arodkowej, Grupy Wyszehradzkiej, z Niemiec, z Francji. Trzy tysi\u0105ce os\u00f3b, ilo\u015b\u0107 paneli nie do ogarni\u0119cia. Fantastyczny jest ten deptak po\u015brodku, gdzie cz\u0142owiek ma mo\u017cliwo\u015b\u0107 zamienienia kilku zda\u0144 [&hellip;]","og_url":"https:\/\/marekkuchcinski.pl\/sk\/europa-karpat\/szymanowski-orban-nieliczny-polityk-europejski-wyznajacy-zasade-bog-honor-ojczyzna\/","og_site_name":"Marek Kuchci\u0144ski","article_published_time":"2016-09-12T11:14:59+00:00","og_image":[{"width":1600,"height":971,"url":"https:\/\/marekkuchcinski.pl\/wp-content\/uploads\/2022\/09\/Marek.jpg","type":"image\/jpeg"}],"author":"admin","twitter_card":"summary_large_image","twitter_misc":{"Autor":"admin","Predpokladan\u00fd \u010das \u010d\u00edtania":"2 min\u00faty"},"schema":{"@context":"https:\/\/schema.org","@graph":[{"@type":"Article","@id":"https:\/\/marekkuchcinski.pl\/en\/europa-karpat\/szymanowski-orban-nieliczny-polityk-europejski-wyznajacy-zasade-bog-honor-ojczyzna\/#article","isPartOf":{"@id":"https:\/\/marekkuchcinski.pl\/en\/europa-karpat\/szymanowski-orban-nieliczny-polityk-europejski-wyznajacy-zasade-bog-honor-ojczyzna\/"},"author":{"name":"admin","@id":"https:\/\/marekkuchcinski.pl\/#\/schema\/person\/6f62700996b4d950b6ea2d1183b6c6be"},"headline":"Szymanowski: Orban to nieliczny polityk europejski wyznaj\u0105cy zasad\u0119 B\u00f3g &#8211; Honor &#8211; Ojczyzna","datePublished":"2016-09-12T11:14:59+00:00","mainEntityOfPage":{"@id":"https:\/\/marekkuchcinski.pl\/en\/europa-karpat\/szymanowski-orban-nieliczny-polityk-europejski-wyznajacy-zasade-bog-honor-ojczyzna\/"},"wordCount":356,"commentCount":0,"publisher":{"@id":"https:\/\/marekkuchcinski.pl\/#organization"},"articleSection":["Europa Karpat"],"inLanguage":"sk-SK","potentialAction":[{"@type":"CommentAction","name":"Comment","target":["https:\/\/marekkuchcinski.pl\/en\/europa-karpat\/szymanowski-orban-nieliczny-polityk-europejski-wyznajacy-zasade-bog-honor-ojczyzna\/#respond"]}]},{"@type":"WebPage","@id":"https:\/\/marekkuchcinski.pl\/en\/europa-karpat\/szymanowski-orban-nieliczny-polityk-europejski-wyznajacy-zasade-bog-honor-ojczyzna\/","url":"https:\/\/marekkuchcinski.pl\/en\/europa-karpat\/szymanowski-orban-nieliczny-polityk-europejski-wyznajacy-zasade-bog-honor-ojczyzna\/","name":"Szymanowski: Orban to nieliczny polityk europejski wyznaj\u0105cy zasad\u0119 B\u00f3g - Honor - Ojczyzna &#8211; Marek Kuchci\u0144ski","isPartOf":{"@id":"https:\/\/marekkuchcinski.pl\/#website"},"datePublished":"2016-09-12T11:14:59+00:00","breadcrumb":{"@id":"https:\/\/marekkuchcinski.pl\/en\/europa-karpat\/szymanowski-orban-nieliczny-polityk-europejski-wyznajacy-zasade-bog-honor-ojczyzna\/#breadcrumb"},"inLanguage":"sk-SK","potentialAction":[{"@type":"ReadAction","target":["https:\/\/marekkuchcinski.pl\/en\/europa-karpat\/szymanowski-orban-nieliczny-polityk-europejski-wyznajacy-zasade-bog-honor-ojczyzna\/"]}]},{"@type":"BreadcrumbList","@id":"https:\/\/marekkuchcinski.pl\/en\/europa-karpat\/szymanowski-orban-nieliczny-polityk-europejski-wyznajacy-zasade-bog-honor-ojczyzna\/#breadcrumb","itemListElement":[{"@type":"ListItem","position":1,"name":"Strona g\u0142\u00f3wna","item":"https:\/\/marekkuchcinski.pl\/"},{"@type":"ListItem","position":2,"name":"Szymanowski: Orban to nieliczny polityk europejski wyznaj\u0105cy zasad\u0119 B\u00f3g &#8211; Honor &#8211; Ojczyzna"}]},{"@type":"WebSite","@id":"https:\/\/marekkuchcinski.pl\/#website","url":"https:\/\/marekkuchcinski.pl\/","name":"Marek Kuchci\u0144ski","description":"Pose\u0142 na sejm RP &ndash; okr\u0119g nr 22","publisher":{"@id":"https:\/\/marekkuchcinski.pl\/#organization"},"potentialAction":[{"@type":"SearchAction","target":{"@type":"EntryPoint","urlTemplate":"https:\/\/marekkuchcinski.pl\/?s={search_term_string}"},"query-input":{"@type":"PropertyValueSpecification","valueRequired":true,"valueName":"search_term_string"}}],"inLanguage":"sk-SK"},{"@type":"Organization","@id":"https:\/\/marekkuchcinski.pl\/#organization","name":"Marek Kuchci\u0144ski","url":"https:\/\/marekkuchcinski.pl\/","logo":{"@type":"ImageObject","inLanguage":"sk-SK","@id":"https:\/\/marekkuchcinski.pl\/#\/schema\/logo\/image\/","url":"https:\/\/marekkuchcinski.pl\/wp-content\/uploads\/2022\/09\/Marek.jpg","contentUrl":"https:\/\/marekkuchcinski.pl\/wp-content\/uploads\/2022\/09\/Marek.jpg","width":1600,"height":971,"caption":"Marek Kuchci\u0144ski"},"image":{"@id":"https:\/\/marekkuchcinski.pl\/#\/schema\/logo\/image\/"}},{"@type":"Person","@id":"https:\/\/marekkuchcinski.pl\/#\/schema\/person\/6f62700996b4d950b6ea2d1183b6c6be","name":"admin","image":{"@type":"ImageObject","inLanguage":"sk-SK","@id":"https:\/\/marekkuchcinski.pl\/#\/schema\/person\/image\/","url":"https:\/\/secure.gravatar.com\/avatar\/4bab693b9d55c3d6b52c0296a8765085?s=96&d=mm&r=g","contentUrl":"https:\/\/secure.gravatar.com\/avatar\/4bab693b9d55c3d6b52c0296a8765085?s=96&d=mm&r=g","caption":"admin"},"url":"https:\/\/marekkuchcinski.pl\/sk\/author\/marta-olejnik\/"}]}},"_links":{"self":[{"href":"https:\/\/marekkuchcinski.pl\/sk\/wp-json\/wp\/v2\/posts\/3699","targetHints":{"allow":["GET"]}}],"collection":[{"href":"https:\/\/marekkuchcinski.pl\/sk\/wp-json\/wp\/v2\/posts"}],"about":[{"href":"https:\/\/marekkuchcinski.pl\/sk\/wp-json\/wp\/v2\/types\/post"}],"author":[{"embeddable":true,"href":"https:\/\/marekkuchcinski.pl\/sk\/wp-json\/wp\/v2\/users\/6"}],"replies":[{"embeddable":true,"href":"https:\/\/marekkuchcinski.pl\/sk\/wp-json\/wp\/v2\/comments?post=3699"}],"version-history":[{"count":1,"href":"https:\/\/marekkuchcinski.pl\/sk\/wp-json\/wp\/v2\/posts\/3699\/revisions"}],"predecessor-version":[{"id":3700,"href":"https:\/\/marekkuchcinski.pl\/sk\/wp-json\/wp\/v2\/posts\/3699\/revisions\/3700"}],"wp:attachment":[{"href":"https:\/\/marekkuchcinski.pl\/sk\/wp-json\/wp\/v2\/media?parent=3699"}],"wp:term":[{"taxonomy":"category","embeddable":true,"href":"https:\/\/marekkuchcinski.pl\/sk\/wp-json\/wp\/v2\/categories?post=3699"},{"taxonomy":"post_tag","embeddable":true,"href":"https:\/\/marekkuchcinski.pl\/sk\/wp-json\/wp\/v2\/tags?post=3699"}],"curies":[{"name":"wp","href":"https:\/\/api.w.org\/{rel}","templated":true}]}}