{"id":36,"date":"2011-07-19T15:52:47","date_gmt":"2011-07-19T13:52:47","guid":{"rendered":"https:\/\/marekkuchcinski.pl\/?p=36"},"modified":"2016-08-25T17:06:40","modified_gmt":"2016-08-25T15:06:40","slug":"rzad-oszczedza-na-oswiacie","status":"publish","type":"post","link":"https:\/\/marekkuchcinski.pl\/sk\/wydarzenia\/rzad-oszczedza-na-oswiacie\/","title":{"rendered":"Vl\u00e1da poskytuje \u010doraz menej pe\u0148az\u00ed pre vidiecke \u0161koly"},"content":{"rendered":"<p style=\"text-align: justify\">Mestsk\u00e9 samospr\u00e1vy s\u00fa n\u00faten\u00e9 likvidova\u0165 \u010doraz viac in\u0161tit\u00faci\u00ed. Podpredseda parlamentu Kuchci\u0144ski dost\u00e1va v tejto veci po\u010detn\u00e9 intervencie. Preto sa obr\u00e1til na ministra n\u00e1rodn\u00e9ho \u0161kolstva s ot\u00e1zkou, \u010di vidiecke obce dostan\u00fa dostatok pe\u0148az\u00ed na pokrytie skuto\u010dn\u00fdch potrieb \u0161k\u00f4l a v\u00fddavkov vypl\u00fdvaj\u00facich z Charty u\u010dite\u013eov.<\/p>\n<p style=\"text-align: justify\">&nbsp;<\/p>\n<p style=\"text-align: justify\"><strong>Nedostato\u010dn\u00e9 financovanie vzdel\u00e1vania je \u010fal\u0161\u00edm krokom k \u00fapln\u00e9mu kolapsu po\u013esk\u00e9ho \u0161kolstva. V s\u00fa\u010dasnosti toti\u017e doch\u00e1dza k likvid\u00e1cii vidieckych \u0161k\u00f4l, up\u00fa\u0161\u0165a sa od \u0161t\u00fadia s\u00fa\u010dasn\u00fdch po\u013esk\u00fdch dej\u00edn, zo zoznamu \u010d\u00edtania sa vy\u0161krt\u00e1vaj\u00fa najlep\u0161ie diela, ako napr. <em>Pam\u00e4\u0165 a identita <\/em>V\u00fdsledky tohtoro\u010dnej maturitnej sk\u00fa\u0161ky, v ktorej neuspel ka\u017ed\u00fd \u0161tvrt\u00fd \u017eiak (a s\u00fa \u0161koly, kde neuspel nikto).<\/strong><\/p>\n<p style=\"text-align: justify\">&nbsp;<\/p>\n<p style=\"text-align: justify\"><strong>Pr\u00e1vo a spravodlivos\u0165 sa na druhej strane domnieva, \u017ee vzdel\u00e1vac\u00ed syst\u00e9m mus\u00ed sp\u013a\u0148a\u0165 tri ciele:<\/strong><\/p>\n<p style=\"text-align: justify\">&nbsp;<\/p>\n<p>vytvori\u0165 dobr\u00e9 mo\u017enosti vzdel\u00e1vania pre v\u0161etk\u00fdch mlad\u00fdch ob\u010danov bez oh\u013eadu na to, kde \u017eij\u00fa, a bez oh\u013eadu na \u00farove\u0148 bohatstva a vzdelania ich rodi\u010dov.<\/p>\n<p>poskytn\u00fa\u0165 kvalitn\u00e9 vzdelanie a pr\u00edpravu na \u017eivot v modernej spolo\u010dnosti.<\/p>\n<p>\u25ba podporova\u0165 rozvoj nadpriemern\u00fdch talentov.<\/p>","protected":false},"excerpt":{"rendered":"<p>Samorz\u0105dy gminne zmuszone s\u0105 likwidowa\u0107 coraz wi\u0119cej plac\u00f3wek. Wicemarsza\u0142ek Kuchci\u0144ski otrzymuje liczne interwencje w&nbsp;tej sprawie. Skierowa\u0142 w zwi\u0105zku z tym do Minister Edukacji Narodowej zapytanie, czy gminy na wsiach b\u0119d\u0105 otrzymywa\u0107 tyle pieni\u0119dzy, aby wystarczy\u0142o na rzeczywiste potrzeby szk\u00f3\u0142 oraz na wydatki wynikaj\u0105ce z Karty Nauczyciela. &nbsp; Zbyt niskie finansowanie edukacji jest kolejnym krokiem w [&hellip;]<\/p>","protected":false},"author":6,"featured_media":0,"comment_status":"open","ping_status":"open","sticky":false,"template":"","format":"standard","meta":{"ngg_post_thumbnail":0,"footnotes":""},"categories":[3],"tags":[],"class_list":["post-36","post","type-post","status-publish","format-standard","hentry","category-wydarzenia"],"yoast_head":"<!-- This site is optimized with the Yoast SEO plugin v24.7 - https:\/\/yoast.com\/wordpress\/plugins\/seo\/ -->\n<title>Rz\u0105d przekazuje na wiejskie szko\u0142y coraz mniej pieni\u0119dzy &#8211; Marek Kuchci\u0144ski<\/title>\n<meta name=\"robots\" content=\"index, follow, max-snippet:-1, max-image-preview:large, max-video-preview:-1\" \/>\n<link rel=\"canonical\" href=\"https:\/\/marekkuchcinski.pl\/sk\/wydarzenia\/rzad-oszczedza-na-oswiacie\/\" \/>\n<meta property=\"og:locale\" content=\"sk_SK\" \/>\n<meta property=\"og:type\" content=\"article\" \/>\n<meta property=\"og:title\" content=\"Rz\u0105d przekazuje na wiejskie szko\u0142y coraz mniej pieni\u0119dzy &#8211; Marek Kuchci\u0144ski\" \/>\n<meta property=\"og:description\" content=\"Samorz\u0105dy gminne zmuszone s\u0105 likwidowa\u0107 coraz wi\u0119cej plac\u00f3wek. Wicemarsza\u0142ek Kuchci\u0144ski otrzymuje liczne interwencje w&nbsp;tej sprawie. Skierowa\u0142 w zwi\u0105zku z tym do Minister Edukacji Narodowej zapytanie, czy gminy na wsiach b\u0119d\u0105 otrzymywa\u0107 tyle pieni\u0119dzy, aby wystarczy\u0142o na rzeczywiste potrzeby szk\u00f3\u0142 oraz na wydatki wynikaj\u0105ce z Karty Nauczyciela. &nbsp; Zbyt niskie finansowanie edukacji jest kolejnym krokiem w [&hellip;]\" \/>\n<meta property=\"og:url\" content=\"https:\/\/marekkuchcinski.pl\/sk\/wydarzenia\/rzad-oszczedza-na-oswiacie\/\" \/>\n<meta property=\"og:site_name\" content=\"Marek Kuchci\u0144ski\" \/>\n<meta property=\"article:published_time\" content=\"2011-07-19T13:52:47+00:00\" \/>\n<meta property=\"article:modified_time\" content=\"2016-08-25T15:06:40+00:00\" \/>\n<meta property=\"og:image\" content=\"https:\/\/marekkuchcinski.pl\/wp-content\/uploads\/2022\/09\/Marek.jpg\" \/>\n\t<meta property=\"og:image:width\" content=\"1600\" \/>\n\t<meta property=\"og:image:height\" content=\"971\" \/>\n\t<meta property=\"og:image:type\" content=\"image\/jpeg\" \/>\n<meta name=\"author\" content=\"admin\" \/>\n<meta name=\"twitter:card\" content=\"summary_large_image\" \/>\n<meta name=\"twitter:label1\" content=\"Autor\" \/>\n\t<meta name=\"twitter:data1\" content=\"admin\" \/>\n\t<meta name=\"twitter:label2\" content=\"Predpokladan\u00fd \u010das \u010d\u00edtania\" \/>\n\t<meta name=\"twitter:data2\" content=\"1 min\u00fata\" \/>\n<script type=\"application\/ld+json\" class=\"yoast-schema-graph\">{\"@context\":\"https:\/\/schema.org\",\"@graph\":[{\"@type\":\"Article\",\"@id\":\"https:\/\/marekkuchcinski.pl\/wydarzenia\/rzad-oszczedza-na-oswiacie\/#article\",\"isPartOf\":{\"@id\":\"https:\/\/marekkuchcinski.pl\/wydarzenia\/rzad-oszczedza-na-oswiacie\/\"},\"author\":{\"name\":\"admin\",\"@id\":\"https:\/\/marekkuchcinski.pl\/#\/schema\/person\/6f62700996b4d950b6ea2d1183b6c6be\"},\"headline\":\"Rz\u0105d przekazuje na wiejskie szko\u0142y coraz mniej pieni\u0119dzy\",\"datePublished\":\"2011-07-19T13:52:47+00:00\",\"dateModified\":\"2016-08-25T15:06:40+00:00\",\"mainEntityOfPage\":{\"@id\":\"https:\/\/marekkuchcinski.pl\/wydarzenia\/rzad-oszczedza-na-oswiacie\/\"},\"wordCount\":195,\"commentCount\":0,\"publisher\":{\"@id\":\"https:\/\/marekkuchcinski.pl\/#organization\"},\"articleSection\":[\"Wydarzenia\"],\"inLanguage\":\"sk-SK\",\"potentialAction\":[{\"@type\":\"CommentAction\",\"name\":\"Comment\",\"target\":[\"https:\/\/marekkuchcinski.pl\/wydarzenia\/rzad-oszczedza-na-oswiacie\/#respond\"]}]},{\"@type\":\"WebPage\",\"@id\":\"https:\/\/marekkuchcinski.pl\/wydarzenia\/rzad-oszczedza-na-oswiacie\/\",\"url\":\"https:\/\/marekkuchcinski.pl\/wydarzenia\/rzad-oszczedza-na-oswiacie\/\",\"name\":\"Rz\u0105d przekazuje na wiejskie szko\u0142y coraz mniej pieni\u0119dzy &#8211; Marek Kuchci\u0144ski\",\"isPartOf\":{\"@id\":\"https:\/\/marekkuchcinski.pl\/#website\"},\"datePublished\":\"2011-07-19T13:52:47+00:00\",\"dateModified\":\"2016-08-25T15:06:40+00:00\",\"breadcrumb\":{\"@id\":\"https:\/\/marekkuchcinski.pl\/wydarzenia\/rzad-oszczedza-na-oswiacie\/#breadcrumb\"},\"inLanguage\":\"sk-SK\",\"potentialAction\":[{\"@type\":\"ReadAction\",\"target\":[\"https:\/\/marekkuchcinski.pl\/wydarzenia\/rzad-oszczedza-na-oswiacie\/\"]}]},{\"@type\":\"BreadcrumbList\",\"@id\":\"https:\/\/marekkuchcinski.pl\/wydarzenia\/rzad-oszczedza-na-oswiacie\/#breadcrumb\",\"itemListElement\":[{\"@type\":\"ListItem\",\"position\":1,\"name\":\"Strona g\u0142\u00f3wna\",\"item\":\"https:\/\/marekkuchcinski.pl\/\"},{\"@type\":\"ListItem\",\"position\":2,\"name\":\"Rz\u0105d przekazuje na wiejskie szko\u0142y coraz mniej pieni\u0119dzy\"}]},{\"@type\":\"WebSite\",\"@id\":\"https:\/\/marekkuchcinski.pl\/#website\",\"url\":\"https:\/\/marekkuchcinski.pl\/\",\"name\":\"Marek Kuchci\u0144ski\",\"description\":\"Pose\u0142 na sejm RP &ndash; okr\u0119g nr 22\",\"publisher\":{\"@id\":\"https:\/\/marekkuchcinski.pl\/#organization\"},\"potentialAction\":[{\"@type\":\"SearchAction\",\"target\":{\"@type\":\"EntryPoint\",\"urlTemplate\":\"https:\/\/marekkuchcinski.pl\/?s={search_term_string}\"},\"query-input\":{\"@type\":\"PropertyValueSpecification\",\"valueRequired\":true,\"valueName\":\"search_term_string\"}}],\"inLanguage\":\"sk-SK\"},{\"@type\":\"Organization\",\"@id\":\"https:\/\/marekkuchcinski.pl\/#organization\",\"name\":\"Marek Kuchci\u0144ski\",\"url\":\"https:\/\/marekkuchcinski.pl\/\",\"logo\":{\"@type\":\"ImageObject\",\"inLanguage\":\"sk-SK\",\"@id\":\"https:\/\/marekkuchcinski.pl\/#\/schema\/logo\/image\/\",\"url\":\"https:\/\/marekkuchcinski.pl\/wp-content\/uploads\/2022\/09\/Marek.jpg\",\"contentUrl\":\"https:\/\/marekkuchcinski.pl\/wp-content\/uploads\/2022\/09\/Marek.jpg\",\"width\":1600,\"height\":971,\"caption\":\"Marek Kuchci\u0144ski\"},\"image\":{\"@id\":\"https:\/\/marekkuchcinski.pl\/#\/schema\/logo\/image\/\"}},{\"@type\":\"Person\",\"@id\":\"https:\/\/marekkuchcinski.pl\/#\/schema\/person\/6f62700996b4d950b6ea2d1183b6c6be\",\"name\":\"admin\",\"image\":{\"@type\":\"ImageObject\",\"inLanguage\":\"sk-SK\",\"@id\":\"https:\/\/marekkuchcinski.pl\/#\/schema\/person\/image\/\",\"url\":\"https:\/\/secure.gravatar.com\/avatar\/4bab693b9d55c3d6b52c0296a8765085?s=96&d=mm&r=g\",\"contentUrl\":\"https:\/\/secure.gravatar.com\/avatar\/4bab693b9d55c3d6b52c0296a8765085?s=96&d=mm&r=g\",\"caption\":\"admin\"},\"url\":\"https:\/\/marekkuchcinski.pl\/sk\/author\/marta-olejnik\/\"}]}<\/script>\n<!-- \/ Yoast SEO plugin. -->","yoast_head_json":{"title":"Rz\u0105d przekazuje na wiejskie szko\u0142y coraz mniej pieni\u0119dzy &#8211; Marek Kuchci\u0144ski","robots":{"index":"index","follow":"follow","max-snippet":"max-snippet:-1","max-image-preview":"max-image-preview:large","max-video-preview":"max-video-preview:-1"},"canonical":"https:\/\/marekkuchcinski.pl\/sk\/wydarzenia\/rzad-oszczedza-na-oswiacie\/","og_locale":"sk_SK","og_type":"article","og_title":"Rz\u0105d przekazuje na wiejskie szko\u0142y coraz mniej pieni\u0119dzy &#8211; Marek Kuchci\u0144ski","og_description":"Samorz\u0105dy gminne zmuszone s\u0105 likwidowa\u0107 coraz wi\u0119cej plac\u00f3wek. Wicemarsza\u0142ek Kuchci\u0144ski otrzymuje liczne interwencje w&nbsp;tej sprawie. Skierowa\u0142 w zwi\u0105zku z tym do Minister Edukacji Narodowej zapytanie, czy gminy na wsiach b\u0119d\u0105 otrzymywa\u0107 tyle pieni\u0119dzy, aby wystarczy\u0142o na rzeczywiste potrzeby szk\u00f3\u0142 oraz na wydatki wynikaj\u0105ce z Karty Nauczyciela. &nbsp; Zbyt niskie finansowanie edukacji jest kolejnym krokiem w [&hellip;]","og_url":"https:\/\/marekkuchcinski.pl\/sk\/wydarzenia\/rzad-oszczedza-na-oswiacie\/","og_site_name":"Marek Kuchci\u0144ski","article_published_time":"2011-07-19T13:52:47+00:00","article_modified_time":"2016-08-25T15:06:40+00:00","og_image":[{"width":1600,"height":971,"url":"https:\/\/marekkuchcinski.pl\/wp-content\/uploads\/2022\/09\/Marek.jpg","type":"image\/jpeg"}],"author":"admin","twitter_card":"summary_large_image","twitter_misc":{"Autor":"admin","Predpokladan\u00fd \u010das \u010d\u00edtania":"1 min\u00fata"},"schema":{"@context":"https:\/\/schema.org","@graph":[{"@type":"Article","@id":"https:\/\/marekkuchcinski.pl\/wydarzenia\/rzad-oszczedza-na-oswiacie\/#article","isPartOf":{"@id":"https:\/\/marekkuchcinski.pl\/wydarzenia\/rzad-oszczedza-na-oswiacie\/"},"author":{"name":"admin","@id":"https:\/\/marekkuchcinski.pl\/#\/schema\/person\/6f62700996b4d950b6ea2d1183b6c6be"},"headline":"Rz\u0105d przekazuje na wiejskie szko\u0142y coraz mniej pieni\u0119dzy","datePublished":"2011-07-19T13:52:47+00:00","dateModified":"2016-08-25T15:06:40+00:00","mainEntityOfPage":{"@id":"https:\/\/marekkuchcinski.pl\/wydarzenia\/rzad-oszczedza-na-oswiacie\/"},"wordCount":195,"commentCount":0,"publisher":{"@id":"https:\/\/marekkuchcinski.pl\/#organization"},"articleSection":["Wydarzenia"],"inLanguage":"sk-SK","potentialAction":[{"@type":"CommentAction","name":"Comment","target":["https:\/\/marekkuchcinski.pl\/wydarzenia\/rzad-oszczedza-na-oswiacie\/#respond"]}]},{"@type":"WebPage","@id":"https:\/\/marekkuchcinski.pl\/wydarzenia\/rzad-oszczedza-na-oswiacie\/","url":"https:\/\/marekkuchcinski.pl\/wydarzenia\/rzad-oszczedza-na-oswiacie\/","name":"Rz\u0105d przekazuje na wiejskie szko\u0142y coraz mniej pieni\u0119dzy &#8211; Marek Kuchci\u0144ski","isPartOf":{"@id":"https:\/\/marekkuchcinski.pl\/#website"},"datePublished":"2011-07-19T13:52:47+00:00","dateModified":"2016-08-25T15:06:40+00:00","breadcrumb":{"@id":"https:\/\/marekkuchcinski.pl\/wydarzenia\/rzad-oszczedza-na-oswiacie\/#breadcrumb"},"inLanguage":"sk-SK","potentialAction":[{"@type":"ReadAction","target":["https:\/\/marekkuchcinski.pl\/wydarzenia\/rzad-oszczedza-na-oswiacie\/"]}]},{"@type":"BreadcrumbList","@id":"https:\/\/marekkuchcinski.pl\/wydarzenia\/rzad-oszczedza-na-oswiacie\/#breadcrumb","itemListElement":[{"@type":"ListItem","position":1,"name":"Strona g\u0142\u00f3wna","item":"https:\/\/marekkuchcinski.pl\/"},{"@type":"ListItem","position":2,"name":"Rz\u0105d przekazuje na wiejskie szko\u0142y coraz mniej pieni\u0119dzy"}]},{"@type":"WebSite","@id":"https:\/\/marekkuchcinski.pl\/#website","url":"https:\/\/marekkuchcinski.pl\/","name":"Marek Kuchci\u0144ski","description":"Pose\u0142 na sejm RP &ndash; okr\u0119g nr 22","publisher":{"@id":"https:\/\/marekkuchcinski.pl\/#organization"},"potentialAction":[{"@type":"SearchAction","target":{"@type":"EntryPoint","urlTemplate":"https:\/\/marekkuchcinski.pl\/?s={search_term_string}"},"query-input":{"@type":"PropertyValueSpecification","valueRequired":true,"valueName":"search_term_string"}}],"inLanguage":"sk-SK"},{"@type":"Organization","@id":"https:\/\/marekkuchcinski.pl\/#organization","name":"Marek Kuchci\u0144ski","url":"https:\/\/marekkuchcinski.pl\/","logo":{"@type":"ImageObject","inLanguage":"sk-SK","@id":"https:\/\/marekkuchcinski.pl\/#\/schema\/logo\/image\/","url":"https:\/\/marekkuchcinski.pl\/wp-content\/uploads\/2022\/09\/Marek.jpg","contentUrl":"https:\/\/marekkuchcinski.pl\/wp-content\/uploads\/2022\/09\/Marek.jpg","width":1600,"height":971,"caption":"Marek Kuchci\u0144ski"},"image":{"@id":"https:\/\/marekkuchcinski.pl\/#\/schema\/logo\/image\/"}},{"@type":"Person","@id":"https:\/\/marekkuchcinski.pl\/#\/schema\/person\/6f62700996b4d950b6ea2d1183b6c6be","name":"admin","image":{"@type":"ImageObject","inLanguage":"sk-SK","@id":"https:\/\/marekkuchcinski.pl\/#\/schema\/person\/image\/","url":"https:\/\/secure.gravatar.com\/avatar\/4bab693b9d55c3d6b52c0296a8765085?s=96&d=mm&r=g","contentUrl":"https:\/\/secure.gravatar.com\/avatar\/4bab693b9d55c3d6b52c0296a8765085?s=96&d=mm&r=g","caption":"admin"},"url":"https:\/\/marekkuchcinski.pl\/sk\/author\/marta-olejnik\/"}]}},"_links":{"self":[{"href":"https:\/\/marekkuchcinski.pl\/sk\/wp-json\/wp\/v2\/posts\/36","targetHints":{"allow":["GET"]}}],"collection":[{"href":"https:\/\/marekkuchcinski.pl\/sk\/wp-json\/wp\/v2\/posts"}],"about":[{"href":"https:\/\/marekkuchcinski.pl\/sk\/wp-json\/wp\/v2\/types\/post"}],"author":[{"embeddable":true,"href":"https:\/\/marekkuchcinski.pl\/sk\/wp-json\/wp\/v2\/users\/6"}],"replies":[{"embeddable":true,"href":"https:\/\/marekkuchcinski.pl\/sk\/wp-json\/wp\/v2\/comments?post=36"}],"version-history":[{"count":1,"href":"https:\/\/marekkuchcinski.pl\/sk\/wp-json\/wp\/v2\/posts\/36\/revisions"}],"predecessor-version":[{"id":1339,"href":"https:\/\/marekkuchcinski.pl\/sk\/wp-json\/wp\/v2\/posts\/36\/revisions\/1339"}],"wp:attachment":[{"href":"https:\/\/marekkuchcinski.pl\/sk\/wp-json\/wp\/v2\/media?parent=36"}],"wp:term":[{"taxonomy":"category","embeddable":true,"href":"https:\/\/marekkuchcinski.pl\/sk\/wp-json\/wp\/v2\/categories?post=36"},{"taxonomy":"post_tag","embeddable":true,"href":"https:\/\/marekkuchcinski.pl\/sk\/wp-json\/wp\/v2\/tags?post=36"}],"curies":[{"name":"wp","href":"https:\/\/api.w.org\/{rel}","templated":true}]}}