{"id":3555,"date":"2016-09-01T22:55:15","date_gmt":"2016-09-01T20:55:15","guid":{"rendered":"https:\/\/marekkuchcinski.pl\/?p=3555"},"modified":"2016-09-01T22:56:49","modified_gmt":"2016-09-01T20:56:49","slug":"minister-edukacji-rodzice-dokonali-wyboru-80-proc-szesciolatkow-zostanie-w-przedszkolach","status":"publish","type":"post","link":"https:\/\/marekkuchcinski.pl\/sk\/prawo-i-sprawiedliwosc\/minister-edukacji-rodzice-dokonali-wyboru-80-proc-szesciolatkow-zostanie-w-przedszkolach\/","title":{"rendered":"Minister \u0161kolstva: Rodi\u010dia sa rozhodli. 80 percent \u0161es\u0165ro\u010dn\u00fdch det\u00ed zostane v matersk\u00fdch \u0161kol\u00e1ch"},"content":{"rendered":"<p><strong>1. septembra nast\u00fapi do prv\u00e9ho ro\u010dn\u00edka z\u00e1kladnej \u0161koly 200 000 det\u00ed. Z \u00fadajov ministerstva \u0161kolstva vypl\u00fdva, \u017ee a\u017e 80 percent det\u00ed zostane v matersk\u00fdch \u0161kol\u00e1ch. Program, ktor\u00fd je s\u00fa\u010das\u0165ou volebnej kampane PiS, vych\u00e1dza z v\u00fdskumu, prieskumov, n\u00e1zorov vedcov, ako aj z porovnania s krajinami, ako je Spojen\u00e9 kr\u00e1\u013eovstvo.\u00a0<\/strong><\/p>\n<p><iframe title=\"V\u00fdber rodi\u010dov. Dr\u017e\u00edme slovo\" width=\"800\" height=\"450\" src=\"https:\/\/www.youtube.com\/embed\/bhAFcK9G8DE?feature=oembed\" frameborder=\"0\" allow=\"accelerometer; autoplay; clipboard-write; encrypted-media; gyroscope; picture-in-picture\" allowfullscreen><\/iframe><\/p>","protected":false},"excerpt":{"rendered":"<p>1. septembra nast\u00fapi do prv\u00e9ho ro\u010dn\u00edka z\u00e1kladnej \u0161koly 200 000 det\u00ed. Z \u00fadajov ministerstva \u0161kolstva vypl\u00fdva, \u017ee a\u017e 80 percent det\u00ed zostane v matersk\u00fdch \u0161kol\u00e1ch. Program, ktor\u00fd je s\u00fa\u010das\u0165ou volebnej kampane PiS, vych\u00e1dza z v\u00fdskumu, prieskumov, n\u00e1zorov vedcov, ako aj z porovnania s krajinami, ako je Spojen\u00e9 kr\u00e1\u013eovstvo.\u00a0<\/p>","protected":false},"author":6,"featured_media":0,"comment_status":"open","ping_status":"open","sticky":false,"template":"","format":"standard","meta":{"ngg_post_thumbnail":0,"footnotes":""},"categories":[82],"tags":[],"class_list":["post-3555","post","type-post","status-publish","format-standard","hentry","category-prawo-i-sprawiedliwosc"],"_links":{"self":[{"href":"https:\/\/marekkuchcinski.pl\/sk\/wp-json\/wp\/v2\/posts\/3555","targetHints":{"allow":["GET"]}}],"collection":[{"href":"https:\/\/marekkuchcinski.pl\/sk\/wp-json\/wp\/v2\/posts"}],"about":[{"href":"https:\/\/marekkuchcinski.pl\/sk\/wp-json\/wp\/v2\/types\/post"}],"author":[{"embeddable":true,"href":"https:\/\/marekkuchcinski.pl\/sk\/wp-json\/wp\/v2\/users\/6"}],"replies":[{"embeddable":true,"href":"https:\/\/marekkuchcinski.pl\/sk\/wp-json\/wp\/v2\/comments?post=3555"}],"version-history":[{"count":2,"href":"https:\/\/marekkuchcinski.pl\/sk\/wp-json\/wp\/v2\/posts\/3555\/revisions"}],"predecessor-version":[{"id":3557,"href":"https:\/\/marekkuchcinski.pl\/sk\/wp-json\/wp\/v2\/posts\/3555\/revisions\/3557"}],"wp:attachment":[{"href":"https:\/\/marekkuchcinski.pl\/sk\/wp-json\/wp\/v2\/media?parent=3555"}],"wp:term":[{"taxonomy":"category","embeddable":true,"href":"https:\/\/marekkuchcinski.pl\/sk\/wp-json\/wp\/v2\/categories?post=3555"},{"taxonomy":"post_tag","embeddable":true,"href":"https:\/\/marekkuchcinski.pl\/sk\/wp-json\/wp\/v2\/tags?post=3555"}],"curies":[{"name":"wp","href":"https:\/\/api.w.org\/{rel}","templated":true}]}}