{"id":3521,"date":"2016-08-31T12:34:06","date_gmt":"2016-08-31T10:34:06","guid":{"rendered":"https:\/\/marekkuchcinski.pl\/?p=3521"},"modified":"2016-09-04T19:41:24","modified_gmt":"2016-09-04T17:41:24","slug":"wystapienie-marszalka-sejmu-marka-kuchcinskiego-na-spotkaniu-powitalnym-z-przewodniczacymi-parlamentow-panstw-europy-srodkowo-wschodniej","status":"publish","type":"post","link":"https:\/\/marekkuchcinski.pl\/sk\/wydarzenia\/wystapienie-marszalka-sejmu-marka-kuchcinskiego-na-spotkaniu-powitalnym-z-przewodniczacymi-parlamentow-panstw-europy-srodkowo-wschodniej\/","title":{"rendered":"Kr\u00e1\u013eovsk\u00e9 \u0141azienki. Prejav predsedu Sejmu Mareka Kuchci\u0144sk\u00e9ho na uv\u00edtacom stretnut\u00ed s predsedami parlamentov strednej a v\u00fdchodnej Eur\u00f3py. FILM"},"content":{"rendered":"<p><iframe title=\"DSCF3087 divx\" width=\"800\" height=\"450\" src=\"https:\/\/www.youtube.com\/embed\/9ENtYi1ojjI?feature=oembed\" frameborder=\"0\" allow=\"accelerometer; autoplay; clipboard-write; encrypted-media; gyroscope; picture-in-picture\" allowfullscreen><\/iframe><\/p>","protected":false},"excerpt":{"rendered":"","protected":false},"author":6,"featured_media":3529,"comment_status":"open","ping_status":"open","sticky":false,"template":"","format":"video","meta":{"ngg_post_thumbnail":0,"footnotes":""},"categories":[48,3],"tags":[],"class_list":["post-3521","post","type-post","status-publish","format-video","has-post-thumbnail","hentry","category-multimedia","category-wydarzenia","post_format-post-format-video"],"_links":{"self":[{"href":"https:\/\/marekkuchcinski.pl\/sk\/wp-json\/wp\/v2\/posts\/3521","targetHints":{"allow":["GET"]}}],"collection":[{"href":"https:\/\/marekkuchcinski.pl\/sk\/wp-json\/wp\/v2\/posts"}],"about":[{"href":"https:\/\/marekkuchcinski.pl\/sk\/wp-json\/wp\/v2\/types\/post"}],"author":[{"embeddable":true,"href":"https:\/\/marekkuchcinski.pl\/sk\/wp-json\/wp\/v2\/users\/6"}],"replies":[{"embeddable":true,"href":"https:\/\/marekkuchcinski.pl\/sk\/wp-json\/wp\/v2\/comments?post=3521"}],"version-history":[{"count":3,"href":"https:\/\/marekkuchcinski.pl\/sk\/wp-json\/wp\/v2\/posts\/3521\/revisions"}],"predecessor-version":[{"id":3531,"href":"https:\/\/marekkuchcinski.pl\/sk\/wp-json\/wp\/v2\/posts\/3521\/revisions\/3531"}],"wp:featuredmedia":[{"embeddable":true,"href":"https:\/\/marekkuchcinski.pl\/sk\/wp-json\/wp\/v2\/media\/3529"}],"wp:attachment":[{"href":"https:\/\/marekkuchcinski.pl\/sk\/wp-json\/wp\/v2\/media?parent=3521"}],"wp:term":[{"taxonomy":"category","embeddable":true,"href":"https:\/\/marekkuchcinski.pl\/sk\/wp-json\/wp\/v2\/categories?post=3521"},{"taxonomy":"post_tag","embeddable":true,"href":"https:\/\/marekkuchcinski.pl\/sk\/wp-json\/wp\/v2\/tags?post=3521"}],"curies":[{"name":"wp","href":"https:\/\/api.w.org\/{rel}","templated":true}]}}