{"id":340,"date":"2013-05-24T04:42:18","date_gmt":"2013-05-24T02:42:18","guid":{"rendered":"https:\/\/marekkuchcinski.pl\/?p=340"},"modified":"2016-08-25T16:59:27","modified_gmt":"2016-08-25T14:59:27","slug":"relacja-ze-spotkania-w-nysie","status":"publish","type":"post","link":"https:\/\/marekkuchcinski.pl\/sk\/wydarzenia\/relacja-ze-spotkania-w-nysie\/","title":{"rendered":"Spr\u00e1va o stretnut\u00ed v Nise"},"content":{"rendered":"<p class=\"art-postcontent\" style=\"text-align: justify;\">nowinynyskie.com.pl: V nede\u013eu (12. m\u00e1ja - pozn\u00e1mka administr\u00e1tora) Nysa hostila vicemar\u0161\u00e1la Sejmu Mareka Kuchci\u0144sk\u00e9ho. S\u00e1la Nyssk\u00e9ho m\u00fazea, kde sa stretnutie konalo, bola zaplnen\u00e1 do posledn\u00e9ho miesta. Medzi pr\u00edtomn\u00fdmi boli najm\u00e4 priaznivci a \u010dlenovia strany Pr\u00e1vo a spravodlivos\u0165. Stretnutie sa konalo v r\u00e1mci kampane \"Rozhovory s Poliakmi o Po\u013esku\".<\/p>\n<p class=\"art-postcontent\" style=\"text-align: justify;\">Podpredseda Sejmu predstavil s\u00fa\u010dasn\u00fa politick\u00fa situ\u00e1ciu v krajine. Ako prezradil, je to e\u0161te hor\u0161ie, ako sa zd\u00e1, preto\u017ee centr\u00e1lne m\u00e9di\u00e1 neinformuj\u00fa o v\u0161etkom.<\/p>\n<p> <!--more--> <\/p>\n<p class=\"art-postcontent\" style=\"text-align: justify;\">Pod\u013ea neho vl\u00e1da Platformy vedie Po\u013esko do priepasti, \u010do najviac poci\u0165uj\u00fa be\u017en\u00ed ob\u010dania. Kuchci\u0144ski tie\u017e predstavil program PiS a predstavy strany do bud\u00facnosti. - Predov\u0161etk\u00fdm zn\u00ed\u017eenie da\u0148ov\u00e9ho za\u0165a\u017eenia, ktor\u00e9 brzd\u00ed rozvoj krajiny a zasahuje najchudobnej\u0161\u00edch. Donald Tusk s\u013e\u00fabil, \u017ee na bud\u00faci rok zn\u00ed\u017ei DPH, ale tieto s\u013euby nem\u00e1 v \u00famysle splni\u0165 - povedal. Tvrdil, \u017ee PiS zavedie da\u0148ov\u00e9 \u00fa\u013eavy pre podnikate\u013eov, ktor\u00ed zamestn\u00e1vaj\u00fa nov\u00fdch pracovn\u00edkov, najm\u00e4 mlad\u00fdch \u013eud\u00ed.<\/p>\n<p class=\"art-postcontent\" style=\"text-align: justify;\">D\u00f4le\u017eit\u00fdm prvkom hospod\u00e1rskeho rozvoja bude aj ochrana mal\u00fdch podnikov a remesiel. Ozn\u00e1mil, \u017ee po n\u00e1stupe PiS k moci sa skon\u010d\u00ed neplatenie dan\u00ed najbohat\u0161\u00edmi. - Banky a hypermarkety musia by\u0165 zdanen\u00e9 - povedal.<\/p>\n<p class=\"art-postcontent\" style=\"text-align: justify;\">Ozn\u00e1mil tie\u017e, \u017ee prv\u00fdm rozhodnut\u00edm jeho strany po v\u00ed\u0165azstve vo vo\u013eb\u00e1ch bude zmena veku odchodu do d\u00f4chodku a n\u00e1vrat k star\u00fdm pravidl\u00e1m. Manipul\u00e1ciu vl\u00e1dy s peniazmi otvoren\u00fdch d\u00f4chodkov\u00fdch fondov ozna\u010dil za \u0161kand\u00e1l. Pod\u013ea jeho n\u00e1zoru sa uk\u00e1zali by\u0165 v\u00e4\u010d\u0161\u00edm podvodom ako N\u00e1rodn\u00e9 investi\u010dn\u00e9 fondy, ktor\u00e9 premrhali n\u00e1rodn\u00e9 bohatstvo.<\/p>\n<p class=\"art-postcontent\" style=\"text-align: justify;\">- Od roku 1999 OFE vybrali od Poliakov 470 mili\u00e1rd zlot\u00fdch,\" zd\u00f4raznil. - Ak sa niekomu povie, \u017ee po rokoch sporenia dostane d\u00f4chodok 80 zlot\u00fdch, je to jeden ve\u013ek\u00fd podvod,\" povedal. Pripomenul, \u017ee otvoren\u00e9 d\u00f4chodkov\u00e9 fondy boli zaveden\u00e9 v \u010dase, ke\u010f bol premi\u00e9rom Jerzy Buzek, v s\u00fa\u010dasnosti popredn\u00fd politik strany Platforma. - Strana Pr\u00e1vo a spravodlivos\u0165 bude chcie\u0165 o tejto ot\u00e1zke usporiada\u0165 referendum, aby verejnos\u0165 rozhodla o tom, ako by mal d\u00f4chodkov\u00fd syst\u00e9m vyzera\u0165.<\/p>\n<p class=\"art-postcontent\" style=\"text-align: justify;\">Kuchci\u0144ski tie\u017e uviedol, \u017ee podporuje program boja proti demografickej kr\u00edze, ktor\u00fd navrhol odborn\u00edk Prof. Piotr Gli\u0144ski (kandid\u00e1t PiS na post predsedu vl\u00e1dy).<\/p>\n<p class=\"art-postcontent\" style=\"text-align: justify;\">- N\u00e1vrh 1 000 PLN na ka\u017ed\u00e9 die\u0165a v rodine je rozumn\u00e1 my\u0161lienka, ktor\u00e1 je re\u00e1lnym sp\u00f4sobom, ako zastavi\u0165 pokles po\u010dtu det\u00ed v na\u0161ej krajine. \u0160t\u00e1t by mal tieto peniaze zaplati\u0165, preto\u017ee je to v jeho z\u00e1ujme - zd\u00f4raznil.<\/p>\n<p class=\"art-postcontent\" style=\"text-align: justify;\">Obyvatelia okresu Nysa sa z\u00e1stupcu mar\u0161ala p\u00fdtali aj na miestne a celo\u0161t\u00e1tne probl\u00e9my.<\/p>","protected":false},"excerpt":{"rendered":"<p>nowinynyskie.com.pl: W niedziel\u0119 (12 maja &#8211; przyp.admina) w Nysie go\u015bci\u0142 wicemarsza\u0142ek Sejmu Marek Kuchci\u0144ski. Sala nyskiego muzeum, w kt\u00f3rej odbywa\u0142o si\u0119 spotkanie, by\u0142a wype\u0142niona po brzegi. W\u015br\u00f3d obecnych dominowali sympatycy i cz\u0142onkowie PiS. Spotkanie odby\u0142o si\u0119 w ramach akcji \u201eRozmowy z Polakami o Polsce\u201d. Wicemarsza\u0142ek sejmu przedstawi\u0142 obecn\u0105 sytuacj\u0119 polityczn\u0105 w kraju. Jak zdradzi\u0142, jest [&hellip;]<\/p>","protected":false},"author":6,"featured_media":0,"comment_status":"open","ping_status":"open","sticky":false,"template":"","format":"standard","meta":{"ngg_post_thumbnail":0,"footnotes":""},"categories":[3],"tags":[],"class_list":["post-340","post","type-post","status-publish","format-standard","hentry","category-wydarzenia"],"yoast_head":"<!-- This site is optimized with the Yoast SEO plugin v24.7 - https:\/\/yoast.com\/wordpress\/plugins\/seo\/ -->\n<title>Relacja ze spotkania w Nysie &#8211; Marek Kuchci\u0144ski<\/title>\n<meta name=\"robots\" content=\"index, follow, max-snippet:-1, max-image-preview:large, max-video-preview:-1\" \/>\n<link rel=\"canonical\" href=\"https:\/\/marekkuchcinski.pl\/sk\/wydarzenia\/relacja-ze-spotkania-w-nysie\/\" \/>\n<meta property=\"og:locale\" content=\"sk_SK\" \/>\n<meta property=\"og:type\" content=\"article\" \/>\n<meta property=\"og:title\" content=\"Relacja ze spotkania w Nysie &#8211; Marek Kuchci\u0144ski\" \/>\n<meta property=\"og:description\" content=\"nowinynyskie.com.pl: W niedziel\u0119 (12 maja &#8211; przyp.admina) w Nysie go\u015bci\u0142 wicemarsza\u0142ek Sejmu Marek Kuchci\u0144ski. Sala nyskiego muzeum, w kt\u00f3rej odbywa\u0142o si\u0119 spotkanie, by\u0142a wype\u0142niona po brzegi. W\u015br\u00f3d obecnych dominowali sympatycy i cz\u0142onkowie PiS. Spotkanie odby\u0142o si\u0119 w ramach akcji \u201eRozmowy z Polakami o Polsce\u201d. Wicemarsza\u0142ek sejmu przedstawi\u0142 obecn\u0105 sytuacj\u0119 polityczn\u0105 w kraju. Jak zdradzi\u0142, jest [&hellip;]\" \/>\n<meta property=\"og:url\" content=\"https:\/\/marekkuchcinski.pl\/sk\/wydarzenia\/relacja-ze-spotkania-w-nysie\/\" \/>\n<meta property=\"og:site_name\" content=\"Marek Kuchci\u0144ski\" \/>\n<meta property=\"article:published_time\" content=\"2013-05-24T02:42:18+00:00\" \/>\n<meta property=\"article:modified_time\" content=\"2016-08-25T14:59:27+00:00\" \/>\n<meta property=\"og:image\" content=\"https:\/\/marekkuchcinski.pl\/wp-content\/uploads\/2022\/09\/Marek.jpg\" \/>\n\t<meta property=\"og:image:width\" content=\"1600\" \/>\n\t<meta property=\"og:image:height\" content=\"971\" \/>\n\t<meta property=\"og:image:type\" content=\"image\/jpeg\" \/>\n<meta name=\"author\" content=\"admin\" \/>\n<meta name=\"twitter:card\" content=\"summary_large_image\" \/>\n<meta name=\"twitter:label1\" content=\"Autor\" \/>\n\t<meta name=\"twitter:data1\" content=\"admin\" \/>\n\t<meta name=\"twitter:label2\" content=\"Predpokladan\u00fd \u010das \u010d\u00edtania\" \/>\n\t<meta name=\"twitter:data2\" content=\"2 min\u00faty\" \/>\n<script type=\"application\/ld+json\" class=\"yoast-schema-graph\">{\"@context\":\"https:\/\/schema.org\",\"@graph\":[{\"@type\":\"Article\",\"@id\":\"https:\/\/marekkuchcinski.pl\/uk\/wydarzenia\/relacja-ze-spotkania-w-nysie\/#article\",\"isPartOf\":{\"@id\":\"https:\/\/marekkuchcinski.pl\/uk\/wydarzenia\/relacja-ze-spotkania-w-nysie\/\"},\"author\":{\"name\":\"admin\",\"@id\":\"https:\/\/marekkuchcinski.pl\/#\/schema\/person\/6f62700996b4d950b6ea2d1183b6c6be\"},\"headline\":\"Relacja ze spotkania w Nysie\",\"datePublished\":\"2013-05-24T02:42:18+00:00\",\"dateModified\":\"2016-08-25T14:59:27+00:00\",\"mainEntityOfPage\":{\"@id\":\"https:\/\/marekkuchcinski.pl\/uk\/wydarzenia\/relacja-ze-spotkania-w-nysie\/\"},\"wordCount\":438,\"commentCount\":0,\"publisher\":{\"@id\":\"https:\/\/marekkuchcinski.pl\/#organization\"},\"articleSection\":[\"Wydarzenia\"],\"inLanguage\":\"sk-SK\",\"potentialAction\":[{\"@type\":\"CommentAction\",\"name\":\"Comment\",\"target\":[\"https:\/\/marekkuchcinski.pl\/uk\/wydarzenia\/relacja-ze-spotkania-w-nysie\/#respond\"]}]},{\"@type\":\"WebPage\",\"@id\":\"https:\/\/marekkuchcinski.pl\/uk\/wydarzenia\/relacja-ze-spotkania-w-nysie\/\",\"url\":\"https:\/\/marekkuchcinski.pl\/uk\/wydarzenia\/relacja-ze-spotkania-w-nysie\/\",\"name\":\"Relacja ze spotkania w Nysie &#8211; Marek Kuchci\u0144ski\",\"isPartOf\":{\"@id\":\"https:\/\/marekkuchcinski.pl\/#website\"},\"datePublished\":\"2013-05-24T02:42:18+00:00\",\"dateModified\":\"2016-08-25T14:59:27+00:00\",\"breadcrumb\":{\"@id\":\"https:\/\/marekkuchcinski.pl\/uk\/wydarzenia\/relacja-ze-spotkania-w-nysie\/#breadcrumb\"},\"inLanguage\":\"sk-SK\",\"potentialAction\":[{\"@type\":\"ReadAction\",\"target\":[\"https:\/\/marekkuchcinski.pl\/uk\/wydarzenia\/relacja-ze-spotkania-w-nysie\/\"]}]},{\"@type\":\"BreadcrumbList\",\"@id\":\"https:\/\/marekkuchcinski.pl\/uk\/wydarzenia\/relacja-ze-spotkania-w-nysie\/#breadcrumb\",\"itemListElement\":[{\"@type\":\"ListItem\",\"position\":1,\"name\":\"Strona g\u0142\u00f3wna\",\"item\":\"https:\/\/marekkuchcinski.pl\/\"},{\"@type\":\"ListItem\",\"position\":2,\"name\":\"Relacja ze spotkania w Nysie\"}]},{\"@type\":\"WebSite\",\"@id\":\"https:\/\/marekkuchcinski.pl\/#website\",\"url\":\"https:\/\/marekkuchcinski.pl\/\",\"name\":\"Marek Kuchci\u0144ski\",\"description\":\"Pose\u0142 na sejm RP &ndash; okr\u0119g nr 22\",\"publisher\":{\"@id\":\"https:\/\/marekkuchcinski.pl\/#organization\"},\"potentialAction\":[{\"@type\":\"SearchAction\",\"target\":{\"@type\":\"EntryPoint\",\"urlTemplate\":\"https:\/\/marekkuchcinski.pl\/?s={search_term_string}\"},\"query-input\":{\"@type\":\"PropertyValueSpecification\",\"valueRequired\":true,\"valueName\":\"search_term_string\"}}],\"inLanguage\":\"sk-SK\"},{\"@type\":\"Organization\",\"@id\":\"https:\/\/marekkuchcinski.pl\/#organization\",\"name\":\"Marek Kuchci\u0144ski\",\"url\":\"https:\/\/marekkuchcinski.pl\/\",\"logo\":{\"@type\":\"ImageObject\",\"inLanguage\":\"sk-SK\",\"@id\":\"https:\/\/marekkuchcinski.pl\/#\/schema\/logo\/image\/\",\"url\":\"https:\/\/marekkuchcinski.pl\/wp-content\/uploads\/2022\/09\/Marek.jpg\",\"contentUrl\":\"https:\/\/marekkuchcinski.pl\/wp-content\/uploads\/2022\/09\/Marek.jpg\",\"width\":1600,\"height\":971,\"caption\":\"Marek Kuchci\u0144ski\"},\"image\":{\"@id\":\"https:\/\/marekkuchcinski.pl\/#\/schema\/logo\/image\/\"}},{\"@type\":\"Person\",\"@id\":\"https:\/\/marekkuchcinski.pl\/#\/schema\/person\/6f62700996b4d950b6ea2d1183b6c6be\",\"name\":\"admin\",\"image\":{\"@type\":\"ImageObject\",\"inLanguage\":\"sk-SK\",\"@id\":\"https:\/\/marekkuchcinski.pl\/#\/schema\/person\/image\/\",\"url\":\"https:\/\/secure.gravatar.com\/avatar\/4bab693b9d55c3d6b52c0296a8765085?s=96&d=mm&r=g\",\"contentUrl\":\"https:\/\/secure.gravatar.com\/avatar\/4bab693b9d55c3d6b52c0296a8765085?s=96&d=mm&r=g\",\"caption\":\"admin\"},\"url\":\"https:\/\/marekkuchcinski.pl\/sk\/author\/marta-olejnik\/\"}]}<\/script>\n<!-- \/ Yoast SEO plugin. -->","yoast_head_json":{"title":"Relacja ze spotkania w Nysie &#8211; Marek Kuchci\u0144ski","robots":{"index":"index","follow":"follow","max-snippet":"max-snippet:-1","max-image-preview":"max-image-preview:large","max-video-preview":"max-video-preview:-1"},"canonical":"https:\/\/marekkuchcinski.pl\/sk\/wydarzenia\/relacja-ze-spotkania-w-nysie\/","og_locale":"sk_SK","og_type":"article","og_title":"Relacja ze spotkania w Nysie &#8211; Marek Kuchci\u0144ski","og_description":"nowinynyskie.com.pl: W niedziel\u0119 (12 maja &#8211; przyp.admina) w Nysie go\u015bci\u0142 wicemarsza\u0142ek Sejmu Marek Kuchci\u0144ski. Sala nyskiego muzeum, w kt\u00f3rej odbywa\u0142o si\u0119 spotkanie, by\u0142a wype\u0142niona po brzegi. W\u015br\u00f3d obecnych dominowali sympatycy i cz\u0142onkowie PiS. Spotkanie odby\u0142o si\u0119 w ramach akcji \u201eRozmowy z Polakami o Polsce\u201d. Wicemarsza\u0142ek sejmu przedstawi\u0142 obecn\u0105 sytuacj\u0119 polityczn\u0105 w kraju. Jak zdradzi\u0142, jest [&hellip;]","og_url":"https:\/\/marekkuchcinski.pl\/sk\/wydarzenia\/relacja-ze-spotkania-w-nysie\/","og_site_name":"Marek Kuchci\u0144ski","article_published_time":"2013-05-24T02:42:18+00:00","article_modified_time":"2016-08-25T14:59:27+00:00","og_image":[{"width":1600,"height":971,"url":"https:\/\/marekkuchcinski.pl\/wp-content\/uploads\/2022\/09\/Marek.jpg","type":"image\/jpeg"}],"author":"admin","twitter_card":"summary_large_image","twitter_misc":{"Autor":"admin","Predpokladan\u00fd \u010das \u010d\u00edtania":"2 min\u00faty"},"schema":{"@context":"https:\/\/schema.org","@graph":[{"@type":"Article","@id":"https:\/\/marekkuchcinski.pl\/uk\/wydarzenia\/relacja-ze-spotkania-w-nysie\/#article","isPartOf":{"@id":"https:\/\/marekkuchcinski.pl\/uk\/wydarzenia\/relacja-ze-spotkania-w-nysie\/"},"author":{"name":"admin","@id":"https:\/\/marekkuchcinski.pl\/#\/schema\/person\/6f62700996b4d950b6ea2d1183b6c6be"},"headline":"Relacja ze spotkania w Nysie","datePublished":"2013-05-24T02:42:18+00:00","dateModified":"2016-08-25T14:59:27+00:00","mainEntityOfPage":{"@id":"https:\/\/marekkuchcinski.pl\/uk\/wydarzenia\/relacja-ze-spotkania-w-nysie\/"},"wordCount":438,"commentCount":0,"publisher":{"@id":"https:\/\/marekkuchcinski.pl\/#organization"},"articleSection":["Wydarzenia"],"inLanguage":"sk-SK","potentialAction":[{"@type":"CommentAction","name":"Comment","target":["https:\/\/marekkuchcinski.pl\/uk\/wydarzenia\/relacja-ze-spotkania-w-nysie\/#respond"]}]},{"@type":"WebPage","@id":"https:\/\/marekkuchcinski.pl\/uk\/wydarzenia\/relacja-ze-spotkania-w-nysie\/","url":"https:\/\/marekkuchcinski.pl\/uk\/wydarzenia\/relacja-ze-spotkania-w-nysie\/","name":"Relacja ze spotkania w Nysie &#8211; Marek Kuchci\u0144ski","isPartOf":{"@id":"https:\/\/marekkuchcinski.pl\/#website"},"datePublished":"2013-05-24T02:42:18+00:00","dateModified":"2016-08-25T14:59:27+00:00","breadcrumb":{"@id":"https:\/\/marekkuchcinski.pl\/uk\/wydarzenia\/relacja-ze-spotkania-w-nysie\/#breadcrumb"},"inLanguage":"sk-SK","potentialAction":[{"@type":"ReadAction","target":["https:\/\/marekkuchcinski.pl\/uk\/wydarzenia\/relacja-ze-spotkania-w-nysie\/"]}]},{"@type":"BreadcrumbList","@id":"https:\/\/marekkuchcinski.pl\/uk\/wydarzenia\/relacja-ze-spotkania-w-nysie\/#breadcrumb","itemListElement":[{"@type":"ListItem","position":1,"name":"Strona g\u0142\u00f3wna","item":"https:\/\/marekkuchcinski.pl\/"},{"@type":"ListItem","position":2,"name":"Relacja ze spotkania w Nysie"}]},{"@type":"WebSite","@id":"https:\/\/marekkuchcinski.pl\/#website","url":"https:\/\/marekkuchcinski.pl\/","name":"Marek Kuchci\u0144ski","description":"Pose\u0142 na sejm RP &ndash; okr\u0119g nr 22","publisher":{"@id":"https:\/\/marekkuchcinski.pl\/#organization"},"potentialAction":[{"@type":"SearchAction","target":{"@type":"EntryPoint","urlTemplate":"https:\/\/marekkuchcinski.pl\/?s={search_term_string}"},"query-input":{"@type":"PropertyValueSpecification","valueRequired":true,"valueName":"search_term_string"}}],"inLanguage":"sk-SK"},{"@type":"Organization","@id":"https:\/\/marekkuchcinski.pl\/#organization","name":"Marek Kuchci\u0144ski","url":"https:\/\/marekkuchcinski.pl\/","logo":{"@type":"ImageObject","inLanguage":"sk-SK","@id":"https:\/\/marekkuchcinski.pl\/#\/schema\/logo\/image\/","url":"https:\/\/marekkuchcinski.pl\/wp-content\/uploads\/2022\/09\/Marek.jpg","contentUrl":"https:\/\/marekkuchcinski.pl\/wp-content\/uploads\/2022\/09\/Marek.jpg","width":1600,"height":971,"caption":"Marek Kuchci\u0144ski"},"image":{"@id":"https:\/\/marekkuchcinski.pl\/#\/schema\/logo\/image\/"}},{"@type":"Person","@id":"https:\/\/marekkuchcinski.pl\/#\/schema\/person\/6f62700996b4d950b6ea2d1183b6c6be","name":"admin","image":{"@type":"ImageObject","inLanguage":"sk-SK","@id":"https:\/\/marekkuchcinski.pl\/#\/schema\/person\/image\/","url":"https:\/\/secure.gravatar.com\/avatar\/4bab693b9d55c3d6b52c0296a8765085?s=96&d=mm&r=g","contentUrl":"https:\/\/secure.gravatar.com\/avatar\/4bab693b9d55c3d6b52c0296a8765085?s=96&d=mm&r=g","caption":"admin"},"url":"https:\/\/marekkuchcinski.pl\/sk\/author\/marta-olejnik\/"}]}},"_links":{"self":[{"href":"https:\/\/marekkuchcinski.pl\/sk\/wp-json\/wp\/v2\/posts\/340","targetHints":{"allow":["GET"]}}],"collection":[{"href":"https:\/\/marekkuchcinski.pl\/sk\/wp-json\/wp\/v2\/posts"}],"about":[{"href":"https:\/\/marekkuchcinski.pl\/sk\/wp-json\/wp\/v2\/types\/post"}],"author":[{"embeddable":true,"href":"https:\/\/marekkuchcinski.pl\/sk\/wp-json\/wp\/v2\/users\/6"}],"replies":[{"embeddable":true,"href":"https:\/\/marekkuchcinski.pl\/sk\/wp-json\/wp\/v2\/comments?post=340"}],"version-history":[{"count":1,"href":"https:\/\/marekkuchcinski.pl\/sk\/wp-json\/wp\/v2\/posts\/340\/revisions"}],"predecessor-version":[{"id":1236,"href":"https:\/\/marekkuchcinski.pl\/sk\/wp-json\/wp\/v2\/posts\/340\/revisions\/1236"}],"wp:attachment":[{"href":"https:\/\/marekkuchcinski.pl\/sk\/wp-json\/wp\/v2\/media?parent=340"}],"wp:term":[{"taxonomy":"category","embeddable":true,"href":"https:\/\/marekkuchcinski.pl\/sk\/wp-json\/wp\/v2\/categories?post=340"},{"taxonomy":"post_tag","embeddable":true,"href":"https:\/\/marekkuchcinski.pl\/sk\/wp-json\/wp\/v2\/tags?post=340"}],"curies":[{"name":"wp","href":"https:\/\/api.w.org\/{rel}","templated":true}]}}