{"id":30183,"date":"2024-06-01T20:22:56","date_gmt":"2024-06-01T18:22:56","guid":{"rendered":"https:\/\/marekkuchcinski.pl\/?p=30183"},"modified":"2024-06-01T20:22:58","modified_gmt":"2024-06-01T18:22:58","slug":"europa-karpat-o-wspolpracy-miedzynarodowej-z-dzialalnosci-posla-marka-kuchcinskiego","status":"publish","type":"post","link":"https:\/\/marekkuchcinski.pl\/sk\/wydarzenia\/europa-karpat-o-wspolpracy-miedzynarodowej-z-dzialalnosci-posla-marka-kuchcinskiego\/","title":{"rendered":"Europa Karpat. O wsp\u00f3\u0142pracy mi\u0119dzynarodowej \u2013 z dzia\u0142alno\u015bci Pos\u0142a Marka Kuchci\u0144skiego"},"content":{"rendered":"<figure class=\"wp-block-image aligncenter size-large\"><a href=\"https:\/\/marekkuchcinski.pl\/wp-content\/uploads\/2024\/06\/PGRZPO0522s005-1_page-0001.jpg\"><img fetchpriority=\"high\" decoding=\"async\" width=\"759\" height=\"1024\" src=\"https:\/\/marekkuchcinski.pl\/wp-content\/uploads\/2024\/06\/PGRZPO0522s005-1_page-0001-759x1024.jpg\" alt=\"\" class=\"wp-image-30184\" srcset=\"https:\/\/marekkuchcinski.pl\/wp-content\/uploads\/2024\/06\/PGRZPO0522s005-1_page-0001-759x1024.jpg 759w, https:\/\/marekkuchcinski.pl\/wp-content\/uploads\/2024\/06\/PGRZPO0522s005-1_page-0001-222x300.jpg 222w, https:\/\/marekkuchcinski.pl\/wp-content\/uploads\/2024\/06\/PGRZPO0522s005-1_page-0001-768x1036.jpg 768w, https:\/\/marekkuchcinski.pl\/wp-content\/uploads\/2024\/06\/PGRZPO0522s005-1_page-0001-1139x1536.jpg 1139w, https:\/\/marekkuchcinski.pl\/wp-content\/uploads\/2024\/06\/PGRZPO0522s005-1_page-0001-9x12.jpg 9w, https:\/\/marekkuchcinski.pl\/wp-content\/uploads\/2024\/06\/PGRZPO0522s005-1_page-0001.jpg 1186w\" sizes=\"(max-width: 759px) 100vw, 759px\" \/><\/a><\/figure>","protected":false},"excerpt":{"rendered":"","protected":false},"author":17,"featured_media":30185,"comment_status":"closed","ping_status":"open","sticky":false,"template":"","format":"standard","meta":{"ngg_post_thumbnail":0,"footnotes":""},"categories":[3],"tags":[],"class_list":["post-30183","post","type-post","status-publish","format-standard","has-post-thumbnail","hentry","category-wydarzenia"],"_links":{"self":[{"href":"https:\/\/marekkuchcinski.pl\/sk\/wp-json\/wp\/v2\/posts\/30183","targetHints":{"allow":["GET"]}}],"collection":[{"href":"https:\/\/marekkuchcinski.pl\/sk\/wp-json\/wp\/v2\/posts"}],"about":[{"href":"https:\/\/marekkuchcinski.pl\/sk\/wp-json\/wp\/v2\/types\/post"}],"author":[{"embeddable":true,"href":"https:\/\/marekkuchcinski.pl\/sk\/wp-json\/wp\/v2\/users\/17"}],"replies":[{"embeddable":true,"href":"https:\/\/marekkuchcinski.pl\/sk\/wp-json\/wp\/v2\/comments?post=30183"}],"version-history":[{"count":1,"href":"https:\/\/marekkuchcinski.pl\/sk\/wp-json\/wp\/v2\/posts\/30183\/revisions"}],"predecessor-version":[{"id":30186,"href":"https:\/\/marekkuchcinski.pl\/sk\/wp-json\/wp\/v2\/posts\/30183\/revisions\/30186"}],"wp:featuredmedia":[{"embeddable":true,"href":"https:\/\/marekkuchcinski.pl\/sk\/wp-json\/wp\/v2\/media\/30185"}],"wp:attachment":[{"href":"https:\/\/marekkuchcinski.pl\/sk\/wp-json\/wp\/v2\/media?parent=30183"}],"wp:term":[{"taxonomy":"category","embeddable":true,"href":"https:\/\/marekkuchcinski.pl\/sk\/wp-json\/wp\/v2\/categories?post=30183"},{"taxonomy":"post_tag","embeddable":true,"href":"https:\/\/marekkuchcinski.pl\/sk\/wp-json\/wp\/v2\/tags?post=30183"}],"curies":[{"name":"wp","href":"https:\/\/api.w.org\/{rel}","templated":true}]}}