{"id":29175,"date":"2023-09-02T20:11:36","date_gmt":"2023-09-02T18:11:36","guid":{"rendered":"https:\/\/marekkuchcinski.pl\/?p=29175"},"modified":"2023-09-02T22:24:50","modified_gmt":"2023-09-02T20:24:50","slug":"szef-kprm-marek-kuchcinski-otwiera-liste-pis-w-podkarpackim-okregu-nr-22","status":"publish","type":"post","link":"https:\/\/marekkuchcinski.pl\/sk\/wydarzenia\/szef-kprm-marek-kuchcinski-otwiera-liste-pis-w-podkarpackim-okregu-nr-22\/","title":{"rendered":"Kandydaci z Okr\u0119gu nr 22 w wyborach do Sejmu i Senatu"},"content":{"rendered":"<blockquote class=\"wp-block-quote is-layout-flow wp-block-quote-is-layout-flow\">\n<p class=\"has-medium-font-size\">Dzisiaj w niezwyk\u0142ej scenerii, bo na statku p\u0142ywaj\u0105cym po Zalewie Soli\u0144skim, og\u0142oszona zosta\u0142a lista kandydat\u00f3w do Sejmu i Senatu z Okr\u0119gu Wyborczego nr 22 czyli przemysko-kro\u015bnie\u0144skiego.<\/p>\n\n\n\n<figure class=\"wp-block-image aligncenter size-large\"><a href=\"https:\/\/marekkuchcinski.pl\/wp-content\/uploads\/2023\/09\/20230902_122236.jpg\"><img fetchpriority=\"high\" decoding=\"async\" width=\"1024\" height=\"576\" src=\"https:\/\/marekkuchcinski.pl\/wp-content\/uploads\/2023\/09\/20230902_122236-1024x576.jpg\" alt=\"\" class=\"wp-image-29183\" srcset=\"https:\/\/marekkuchcinski.pl\/wp-content\/uploads\/2023\/09\/20230902_122236-1024x576.jpg 1024w, https:\/\/marekkuchcinski.pl\/wp-content\/uploads\/2023\/09\/20230902_122236-300x169.jpg 300w, https:\/\/marekkuchcinski.pl\/wp-content\/uploads\/2023\/09\/20230902_122236-768x432.jpg 768w, https:\/\/marekkuchcinski.pl\/wp-content\/uploads\/2023\/09\/20230902_122236-1536x864.jpg 1536w, https:\/\/marekkuchcinski.pl\/wp-content\/uploads\/2023\/09\/20230902_122236-18x10.jpg 18w, https:\/\/marekkuchcinski.pl\/wp-content\/uploads\/2023\/09\/20230902_122236.jpg 1600w\" sizes=\"(max-width: 1024px) 100vw, 1024px\" \/><\/a><\/figure>\n\n\n\n<p class=\"has-medium-font-size\">W\u015br\u00f3d 22 kandydat\u00f3w do Sejmu RP, z pierwszego miejsca na li\u015bcie wystartuje w wyborach by\u0142y marsza\u0142ek Sejmu, a obecnie cz\u0142onek Rady Ministr\u00f3w i szef Kancelarii Prezesa Rady Ministr\u00f3w \u2013 Marek Kuchci\u0144ski. W wypowiedzi dla medi\u00f3w podkre\u015bli\u0142 on, jak wiele w ci\u0105gu tych 8 lat&nbsp; uda\u0142o si\u0119 rz\u0105dom Prawa i Sprawiedliwo\u015bci&nbsp; zrobi\u0107 dla Polski i dla Polak\u00f3w. To&nbsp; mi\u0119dzy innymi rz\u0105dowe programy ratuj\u0105ce w trakcie pandemii jak\u017ce liczne miejsca pracy od likwidacji, oraz firmy prywatne i pa\u0144stwowe od bankructwa. To te\u017c odzyskane dla polskiego pa\u0144stwa firmy, takie jak np. \u201eJedlicze\u201d, Bank Pekao BP, czy chocia\u017cby Polskie Koleje Linowe, kt\u00f3re z pomoc\u0105 rz\u0105du wybudowa\u0142y kursuj\u0105c\u0105 nad Solin\u0105 kolejk\u0119 gondolow\u0105, kt\u00f3ra zd\u0105\u017cy\u0142a ju\u017c obs\u0142u\u017cy\u0107 p\u00f3\u0142 miliona turyst\u00f3w.<\/p>\n\n\n\n<p class=\"has-medium-font-size\">Anna Schmidt przypomnia\u0142a w wypowiedzi dla medi\u00f3w o niezwyk\u0142ym rz\u0105dowym wsparciu w tych&nbsp; dw\u00f3ch kadencjach dla polskich rodzin, poprzez m.in. program 500-plus, podniesiony ustawowo od przysz\u0142ego roku do 800-plus, tak\u017ce wyprawki szkolne. Ogromne wsparcie otrzymali te\u017c seniorzy w formie istotnej waloryzacji emerytalnej, jak r\u00f3wnie\u017c ustawowo zagwarantowanej 13-tej i 14-tej emeryturze. Anna Schmidt zapewni\u0142a o kontynuowaniu tych program\u00f3w w razie zwyci\u0119stwa wyborczego Prawa i Sprawiedliwo\u015bci.<\/p>\n\n\n\n<p class=\"has-medium-font-size\">Z kolei Piotr Uruski podkre\u015bli\u0142, \u017ce trzecia kadencja rz\u0105d\u00f3w Prawa i Sprawiedliwo\u015bci to gwarancja kontynuacji programu rozbudowy i dozbrajania polskiej armii, co pozwoli na zabezpieczenie polskiego pa\u0144stwa i jego mieszka\u0144c\u00f3w od jakiegokolwiek zagro\u017cenia wojennego.<\/p>\n\n\n\n<p class=\"has-medium-font-size\">&nbsp;Na li\u015bcie do Sejmu, obok wy\u017cej wspomnianych parlamentarzyst\u00f3w, znale\u017ali si\u0119 te\u017c pos\u0142owie:&nbsp;&nbsp; &nbsp;Ma\u0142gorzata Bogumi\u0142a Jarosi\u0144ska-Jedynak,&nbsp; Adam \u015anie\u017cek, Tadeusz Chrzan, Teresa Pamu\u0142a, oraz Piotr Babinetz i Maria Kurowska. Kandydowa\u0107 b\u0119d\u0105 te\u017c nowe twarze: Jerzy Borcz, Joanna Bril, Dorota Chilik, Daniel Dryniak, Stanis\u0142aw Ch\u0119\u0107, Daniel Krawiec, Anetta Makarska, Barbara Mazan, Ewa Miciak, Wies\u0142aw Morawski, Adam Pawlu\u015b, Piotr Pilch, oraz Piotr Rycerski.<\/p>\n\n\n\n<p class=\"has-medium-font-size\">Do Senatu RP kandydowa\u0107 b\u0119d\u0105 dotychczasowi senatorzy: Mieczys\u0142aw Golba i Alicja Zaj\u0105c.<\/p>\n\n\n\n<p class=\"has-medium-font-size\">Oto sk\u0142ad listy:<\/p>\n\n\n\n<p><\/p>\n\n\n\n<ol class=\"wp-block-list\">\n<li class=\"has-medium-font-size\">Marek Kuchci\u0144ski<\/li>\n\n\n\n<li class=\"has-medium-font-size\">Anna Schmit<\/li>\n\n\n\n<li class=\"has-medium-font-size\">Piotr Uruski<\/li>\n\n\n\n<li class=\"has-medium-font-size\">Piotr Babinetz<\/li>\n\n\n\n<li class=\"has-medium-font-size\">Teresa Pamu\u0142a<\/li>\n\n\n\n<li class=\"has-medium-font-size\">Adam Sniezek<\/li>\n\n\n\n<li class=\"has-medium-font-size\">Ma\u0142gorzata Jarosi\u0144ska-Jedynak<\/li>\n\n\n\n<li class=\"has-medium-font-size\">Tadeusz Chrzan<\/li>\n\n\n\n<li class=\"has-medium-font-size\">Daniel Dryniak<\/li>\n\n\n\n<li class=\"has-medium-font-size\">Adam Pawlu\u015b<\/li>\n\n\n\n<li class=\"has-medium-font-size\">Piotr Pilch<\/li>\n\n\n\n<li class=\"has-medium-font-size\">Jerzy Borcz<\/li>\n\n\n\n<li class=\"has-medium-font-size\">Joanna Bril<\/li>\n\n\n\n<li class=\"has-medium-font-size\">Stanis\u0142aw Ch\u0119\u0107<\/li>\n\n\n\n<li class=\"has-medium-font-size\">Dorota Chilik<\/li>\n\n\n\n<li class=\"has-medium-font-size\">Anetta Makarska<\/li>\n\n\n\n<li class=\"has-medium-font-size\">Ewa Miciak<\/li>\n\n\n\n<li class=\"has-medium-font-size\">Wies\u0142aw Morawski<\/li>\n\n\n\n<li class=\"has-medium-font-size\">Barbara Mazan<\/li>\n\n\n\n<li class=\"has-medium-font-size\">Piotr Rycerski<\/li>\n\n\n\n<li class=\"has-medium-font-size\">Maria Kurowska<\/li>\n\n\n\n<li class=\"has-medium-font-size\">Daniel Krawiec<\/li>\n<\/ol>\n\n\n\n<p><\/p>\n\n\n\n<p class=\"has-medium-font-size\">Do Senatu kandyduj\u0105 natomiast:<\/p>\n\n\n\n<p><\/p>\n\n\n\n<ol class=\"wp-block-list\">\n<li class=\"has-medium-font-size\">Mieczys\u0142aw Golba<\/li>\n\n\n\n<li class=\"has-medium-font-size\">Alicja Zaj\u0105c<\/li>\n<\/ol>\n\n\n\n<p><\/p>\n<\/blockquote>\n\n\n\n<figure class=\"wp-block-image aligncenter size-large\"><a href=\"https:\/\/marekkuchcinski.pl\/wp-content\/uploads\/2023\/09\/IMG_8712.jpg\"><img decoding=\"async\" width=\"1024\" height=\"683\" src=\"https:\/\/marekkuchcinski.pl\/wp-content\/uploads\/2023\/09\/IMG_8712-1024x683.jpg\" alt=\"\" class=\"wp-image-29194\" srcset=\"https:\/\/marekkuchcinski.pl\/wp-content\/uploads\/2023\/09\/IMG_8712-1024x683.jpg 1024w, https:\/\/marekkuchcinski.pl\/wp-content\/uploads\/2023\/09\/IMG_8712-300x200.jpg 300w, https:\/\/marekkuchcinski.pl\/wp-content\/uploads\/2023\/09\/IMG_8712-768x512.jpg 768w, https:\/\/marekkuchcinski.pl\/wp-content\/uploads\/2023\/09\/IMG_8712-1536x1024.jpg 1536w, https:\/\/marekkuchcinski.pl\/wp-content\/uploads\/2023\/09\/IMG_8712-18x12.jpg 18w, https:\/\/marekkuchcinski.pl\/wp-content\/uploads\/2023\/09\/IMG_8712.jpg 1600w\" sizes=\"(max-width: 1024px) 100vw, 1024px\" \/><\/a><\/figure>\n\n\n\n<figure class=\"wp-block-image aligncenter size-large\"><a href=\"https:\/\/marekkuchcinski.pl\/wp-content\/uploads\/2023\/09\/IMG_8635.jpg\"><img decoding=\"async\" width=\"1024\" height=\"683\" src=\"https:\/\/marekkuchcinski.pl\/wp-content\/uploads\/2023\/09\/IMG_8635-1024x683.jpg\" alt=\"\" class=\"wp-image-29190\" srcset=\"https:\/\/marekkuchcinski.pl\/wp-content\/uploads\/2023\/09\/IMG_8635-1024x683.jpg 1024w, https:\/\/marekkuchcinski.pl\/wp-content\/uploads\/2023\/09\/IMG_8635-300x200.jpg 300w, https:\/\/marekkuchcinski.pl\/wp-content\/uploads\/2023\/09\/IMG_8635-768x512.jpg 768w, https:\/\/marekkuchcinski.pl\/wp-content\/uploads\/2023\/09\/IMG_8635-1536x1024.jpg 1536w, https:\/\/marekkuchcinski.pl\/wp-content\/uploads\/2023\/09\/IMG_8635-18x12.jpg 18w, https:\/\/marekkuchcinski.pl\/wp-content\/uploads\/2023\/09\/IMG_8635.jpg 1600w\" sizes=\"(max-width: 1024px) 100vw, 1024px\" \/><\/a><\/figure>\n\n\n\n<figure class=\"wp-block-image aligncenter size-large\"><a href=\"https:\/\/marekkuchcinski.pl\/wp-content\/uploads\/2023\/09\/IMG_9121.jpg\"><img loading=\"lazy\" decoding=\"async\" width=\"1024\" height=\"683\" src=\"https:\/\/marekkuchcinski.pl\/wp-content\/uploads\/2023\/09\/IMG_9121-1024x683.jpg\" alt=\"\" class=\"wp-image-29191\" srcset=\"https:\/\/marekkuchcinski.pl\/wp-content\/uploads\/2023\/09\/IMG_9121-1024x683.jpg 1024w, https:\/\/marekkuchcinski.pl\/wp-content\/uploads\/2023\/09\/IMG_9121-300x200.jpg 300w, https:\/\/marekkuchcinski.pl\/wp-content\/uploads\/2023\/09\/IMG_9121-768x512.jpg 768w, https:\/\/marekkuchcinski.pl\/wp-content\/uploads\/2023\/09\/IMG_9121-1536x1024.jpg 1536w, https:\/\/marekkuchcinski.pl\/wp-content\/uploads\/2023\/09\/IMG_9121-18x12.jpg 18w, https:\/\/marekkuchcinski.pl\/wp-content\/uploads\/2023\/09\/IMG_9121.jpg 1600w\" sizes=\"(max-width: 1024px) 100vw, 1024px\" \/><\/a><\/figure>\n\n\n\n<figure class=\"wp-block-image aligncenter size-large\"><a href=\"https:\/\/marekkuchcinski.pl\/wp-content\/uploads\/2023\/09\/IMG_8982.jpg\"><img loading=\"lazy\" decoding=\"async\" width=\"1024\" height=\"683\" src=\"https:\/\/marekkuchcinski.pl\/wp-content\/uploads\/2023\/09\/IMG_8982-1024x683.jpg\" alt=\"\" class=\"wp-image-29195\" srcset=\"https:\/\/marekkuchcinski.pl\/wp-content\/uploads\/2023\/09\/IMG_8982-1024x683.jpg 1024w, https:\/\/marekkuchcinski.pl\/wp-content\/uploads\/2023\/09\/IMG_8982-300x200.jpg 300w, https:\/\/marekkuchcinski.pl\/wp-content\/uploads\/2023\/09\/IMG_8982-768x512.jpg 768w, https:\/\/marekkuchcinski.pl\/wp-content\/uploads\/2023\/09\/IMG_8982-1536x1024.jpg 1536w, https:\/\/marekkuchcinski.pl\/wp-content\/uploads\/2023\/09\/IMG_8982-18x12.jpg 18w, https:\/\/marekkuchcinski.pl\/wp-content\/uploads\/2023\/09\/IMG_8982.jpg 1600w\" sizes=\"(max-width: 1024px) 100vw, 1024px\" \/><\/a><\/figure>\n\n\n\n<figure class=\"wp-block-image aligncenter size-large\"><a href=\"https:\/\/marekkuchcinski.pl\/wp-content\/uploads\/2023\/09\/IMG_9193.jpg\"><img loading=\"lazy\" decoding=\"async\" width=\"1024\" height=\"683\" src=\"https:\/\/marekkuchcinski.pl\/wp-content\/uploads\/2023\/09\/IMG_9193-1024x683.jpg\" alt=\"\" class=\"wp-image-29199\" srcset=\"https:\/\/marekkuchcinski.pl\/wp-content\/uploads\/2023\/09\/IMG_9193-1024x683.jpg 1024w, https:\/\/marekkuchcinski.pl\/wp-content\/uploads\/2023\/09\/IMG_9193-300x200.jpg 300w, https:\/\/marekkuchcinski.pl\/wp-content\/uploads\/2023\/09\/IMG_9193-768x512.jpg 768w, https:\/\/marekkuchcinski.pl\/wp-content\/uploads\/2023\/09\/IMG_9193-1536x1024.jpg 1536w, https:\/\/marekkuchcinski.pl\/wp-content\/uploads\/2023\/09\/IMG_9193-18x12.jpg 18w, https:\/\/marekkuchcinski.pl\/wp-content\/uploads\/2023\/09\/IMG_9193.jpg 1600w\" sizes=\"(max-width: 1024px) 100vw, 1024px\" \/><\/a><\/figure>\n\n\n\n<figure class=\"wp-block-image aligncenter size-large\"><a href=\"https:\/\/marekkuchcinski.pl\/wp-content\/uploads\/2023\/09\/DSC_4056.jpg\"><img loading=\"lazy\" decoding=\"async\" width=\"1024\" height=\"684\" src=\"https:\/\/marekkuchcinski.pl\/wp-content\/uploads\/2023\/09\/DSC_4056-1024x684.jpg\" alt=\"\" class=\"wp-image-29202\" srcset=\"https:\/\/marekkuchcinski.pl\/wp-content\/uploads\/2023\/09\/DSC_4056-1024x684.jpg 1024w, https:\/\/marekkuchcinski.pl\/wp-content\/uploads\/2023\/09\/DSC_4056-300x200.jpg 300w, https:\/\/marekkuchcinski.pl\/wp-content\/uploads\/2023\/09\/DSC_4056-768x513.jpg 768w, https:\/\/marekkuchcinski.pl\/wp-content\/uploads\/2023\/09\/DSC_4056-1536x1025.jpg 1536w, https:\/\/marekkuchcinski.pl\/wp-content\/uploads\/2023\/09\/DSC_4056-18x12.jpg 18w, https:\/\/marekkuchcinski.pl\/wp-content\/uploads\/2023\/09\/DSC_4056.jpg 1600w\" sizes=\"(max-width: 1024px) 100vw, 1024px\" \/><\/a><\/figure>\n\n\n\n<figure class=\"wp-block-image aligncenter size-large\"><a href=\"https:\/\/marekkuchcinski.pl\/wp-content\/uploads\/2023\/09\/DSC_4122.jpg\"><img loading=\"lazy\" decoding=\"async\" width=\"1024\" height=\"684\" src=\"https:\/\/marekkuchcinski.pl\/wp-content\/uploads\/2023\/09\/DSC_4122-1024x684.jpg\" alt=\"\" class=\"wp-image-29205\" srcset=\"https:\/\/marekkuchcinski.pl\/wp-content\/uploads\/2023\/09\/DSC_4122-1024x684.jpg 1024w, https:\/\/marekkuchcinski.pl\/wp-content\/uploads\/2023\/09\/DSC_4122-300x200.jpg 300w, https:\/\/marekkuchcinski.pl\/wp-content\/uploads\/2023\/09\/DSC_4122-768x513.jpg 768w, https:\/\/marekkuchcinski.pl\/wp-content\/uploads\/2023\/09\/DSC_4122-1536x1025.jpg 1536w, https:\/\/marekkuchcinski.pl\/wp-content\/uploads\/2023\/09\/DSC_4122-18x12.jpg 18w, https:\/\/marekkuchcinski.pl\/wp-content\/uploads\/2023\/09\/DSC_4122.jpg 1600w\" sizes=\"(max-width: 1024px) 100vw, 1024px\" \/><\/a><\/figure>\n\n\n\n<figure class=\"wp-block-image aligncenter size-large\"><a href=\"https:\/\/marekkuchcinski.pl\/wp-content\/uploads\/2023\/09\/DSC_4155.jpg\"><img loading=\"lazy\" decoding=\"async\" width=\"1024\" height=\"684\" src=\"https:\/\/marekkuchcinski.pl\/wp-content\/uploads\/2023\/09\/DSC_4155-1024x684.jpg\" alt=\"\" class=\"wp-image-29206\" srcset=\"https:\/\/marekkuchcinski.pl\/wp-content\/uploads\/2023\/09\/DSC_4155-1024x684.jpg 1024w, https:\/\/marekkuchcinski.pl\/wp-content\/uploads\/2023\/09\/DSC_4155-300x200.jpg 300w, https:\/\/marekkuchcinski.pl\/wp-content\/uploads\/2023\/09\/DSC_4155-768x513.jpg 768w, https:\/\/marekkuchcinski.pl\/wp-content\/uploads\/2023\/09\/DSC_4155-1536x1025.jpg 1536w, https:\/\/marekkuchcinski.pl\/wp-content\/uploads\/2023\/09\/DSC_4155-18x12.jpg 18w, https:\/\/marekkuchcinski.pl\/wp-content\/uploads\/2023\/09\/DSC_4155.jpg 1600w\" sizes=\"(max-width: 1024px) 100vw, 1024px\" \/><\/a><\/figure>\n\n\n\n<figure class=\"wp-block-image aligncenter size-large\"><a href=\"https:\/\/marekkuchcinski.pl\/wp-content\/uploads\/2023\/09\/DSC_4196.jpg\"><img loading=\"lazy\" decoding=\"async\" width=\"1024\" height=\"684\" src=\"https:\/\/marekkuchcinski.pl\/wp-content\/uploads\/2023\/09\/DSC_4196-1024x684.jpg\" alt=\"\" class=\"wp-image-29203\" srcset=\"https:\/\/marekkuchcinski.pl\/wp-content\/uploads\/2023\/09\/DSC_4196-1024x684.jpg 1024w, https:\/\/marekkuchcinski.pl\/wp-content\/uploads\/2023\/09\/DSC_4196-300x200.jpg 300w, https:\/\/marekkuchcinski.pl\/wp-content\/uploads\/2023\/09\/DSC_4196-768x513.jpg 768w, https:\/\/marekkuchcinski.pl\/wp-content\/uploads\/2023\/09\/DSC_4196-1536x1025.jpg 1536w, https:\/\/marekkuchcinski.pl\/wp-content\/uploads\/2023\/09\/DSC_4196-18x12.jpg 18w, https:\/\/marekkuchcinski.pl\/wp-content\/uploads\/2023\/09\/DSC_4196.jpg 1600w\" sizes=\"(max-width: 1024px) 100vw, 1024px\" \/><\/a><\/figure>\n\n\n\n<figure class=\"wp-block-image aligncenter size-large\"><a href=\"https:\/\/marekkuchcinski.pl\/wp-content\/uploads\/2023\/09\/DSC_4263.jpg\"><img loading=\"lazy\" decoding=\"async\" width=\"1024\" height=\"684\" src=\"https:\/\/marekkuchcinski.pl\/wp-content\/uploads\/2023\/09\/DSC_4263-1024x684.jpg\" alt=\"\" class=\"wp-image-29204\" srcset=\"https:\/\/marekkuchcinski.pl\/wp-content\/uploads\/2023\/09\/DSC_4263-1024x684.jpg 1024w, https:\/\/marekkuchcinski.pl\/wp-content\/uploads\/2023\/09\/DSC_4263-300x200.jpg 300w, https:\/\/marekkuchcinski.pl\/wp-content\/uploads\/2023\/09\/DSC_4263-768x513.jpg 768w, https:\/\/marekkuchcinski.pl\/wp-content\/uploads\/2023\/09\/DSC_4263-1536x1025.jpg 1536w, https:\/\/marekkuchcinski.pl\/wp-content\/uploads\/2023\/09\/DSC_4263-18x12.jpg 18w, https:\/\/marekkuchcinski.pl\/wp-content\/uploads\/2023\/09\/DSC_4263.jpg 1600w\" sizes=\"(max-width: 1024px) 100vw, 1024px\" \/><\/a><\/figure>\n\n\n\n<figure class=\"wp-block-image aligncenter size-large\"><a href=\"https:\/\/marekkuchcinski.pl\/wp-content\/uploads\/2023\/09\/1.jpg\"><img loading=\"lazy\" decoding=\"async\" width=\"1024\" height=\"768\" src=\"https:\/\/marekkuchcinski.pl\/wp-content\/uploads\/2023\/09\/1-1024x768.jpg\" alt=\"\" class=\"wp-image-29210\" srcset=\"https:\/\/marekkuchcinski.pl\/wp-content\/uploads\/2023\/09\/1-1024x768.jpg 1024w, https:\/\/marekkuchcinski.pl\/wp-content\/uploads\/2023\/09\/1-300x225.jpg 300w, https:\/\/marekkuchcinski.pl\/wp-content\/uploads\/2023\/09\/1-768x576.jpg 768w, https:\/\/marekkuchcinski.pl\/wp-content\/uploads\/2023\/09\/1-1536x1152.jpg 1536w, https:\/\/marekkuchcinski.pl\/wp-content\/uploads\/2023\/09\/1-16x12.jpg 16w, https:\/\/marekkuchcinski.pl\/wp-content\/uploads\/2023\/09\/1.jpg 1600w\" sizes=\"(max-width: 1024px) 100vw, 1024px\" \/><\/a><\/figure>\n\n\n\n<figure class=\"wp-block-image aligncenter size-large\"><a href=\"https:\/\/marekkuchcinski.pl\/wp-content\/uploads\/2023\/09\/IMG_6324.jpg\"><img loading=\"lazy\" decoding=\"async\" width=\"1024\" height=\"682\" src=\"https:\/\/marekkuchcinski.pl\/wp-content\/uploads\/2023\/09\/IMG_6324-1024x682.jpg\" alt=\"\" class=\"wp-image-29215\" srcset=\"https:\/\/marekkuchcinski.pl\/wp-content\/uploads\/2023\/09\/IMG_6324-1024x682.jpg 1024w, https:\/\/marekkuchcinski.pl\/wp-content\/uploads\/2023\/09\/IMG_6324-300x200.jpg 300w, https:\/\/marekkuchcinski.pl\/wp-content\/uploads\/2023\/09\/IMG_6324-768x511.jpg 768w, https:\/\/marekkuchcinski.pl\/wp-content\/uploads\/2023\/09\/IMG_6324-18x12.jpg 18w, https:\/\/marekkuchcinski.pl\/wp-content\/uploads\/2023\/09\/IMG_6324.jpg 1284w\" sizes=\"(max-width: 1024px) 100vw, 1024px\" \/><\/a><\/figure>\n\n\n\n<figure class=\"wp-block-image aligncenter size-large\"><a href=\"https:\/\/marekkuchcinski.pl\/wp-content\/uploads\/2023\/09\/2.jpg\"><img loading=\"lazy\" decoding=\"async\" width=\"1024\" height=\"768\" src=\"https:\/\/marekkuchcinski.pl\/wp-content\/uploads\/2023\/09\/2-1024x768.jpg\" alt=\"\" class=\"wp-image-29211\" srcset=\"https:\/\/marekkuchcinski.pl\/wp-content\/uploads\/2023\/09\/2-1024x768.jpg 1024w, https:\/\/marekkuchcinski.pl\/wp-content\/uploads\/2023\/09\/2-300x225.jpg 300w, https:\/\/marekkuchcinski.pl\/wp-content\/uploads\/2023\/09\/2-768x576.jpg 768w, https:\/\/marekkuchcinski.pl\/wp-content\/uploads\/2023\/09\/2-1536x1152.jpg 1536w, https:\/\/marekkuchcinski.pl\/wp-content\/uploads\/2023\/09\/2-16x12.jpg 16w, https:\/\/marekkuchcinski.pl\/wp-content\/uploads\/2023\/09\/2.jpg 1600w\" sizes=\"(max-width: 1024px) 100vw, 1024px\" \/><\/a><\/figure>\n\n\n\n<figure class=\"wp-block-image aligncenter size-large\"><a href=\"https:\/\/marekkuchcinski.pl\/wp-content\/uploads\/2023\/09\/3.jpg\"><img loading=\"lazy\" decoding=\"async\" width=\"1024\" height=\"768\" src=\"https:\/\/marekkuchcinski.pl\/wp-content\/uploads\/2023\/09\/3-1024x768.jpg\" alt=\"\" class=\"wp-image-29213\" srcset=\"https:\/\/marekkuchcinski.pl\/wp-content\/uploads\/2023\/09\/3-1024x768.jpg 1024w, https:\/\/marekkuchcinski.pl\/wp-content\/uploads\/2023\/09\/3-300x225.jpg 300w, https:\/\/marekkuchcinski.pl\/wp-content\/uploads\/2023\/09\/3-768x576.jpg 768w, https:\/\/marekkuchcinski.pl\/wp-content\/uploads\/2023\/09\/3-1536x1152.jpg 1536w, https:\/\/marekkuchcinski.pl\/wp-content\/uploads\/2023\/09\/3-16x12.jpg 16w, https:\/\/marekkuchcinski.pl\/wp-content\/uploads\/2023\/09\/3.jpg 1600w\" sizes=\"(max-width: 1024px) 100vw, 1024px\" \/><\/a><\/figure>\n\n\n\n<figure class=\"wp-block-image aligncenter size-large\"><a href=\"https:\/\/marekkuchcinski.pl\/wp-content\/uploads\/2023\/09\/IMG_6320.jpg\"><img loading=\"lazy\" decoding=\"async\" width=\"1024\" height=\"768\" src=\"https:\/\/marekkuchcinski.pl\/wp-content\/uploads\/2023\/09\/IMG_6320-1024x768.jpg\" alt=\"\" class=\"wp-image-29214\" srcset=\"https:\/\/marekkuchcinski.pl\/wp-content\/uploads\/2023\/09\/IMG_6320-1024x768.jpg 1024w, https:\/\/marekkuchcinski.pl\/wp-content\/uploads\/2023\/09\/IMG_6320-300x225.jpg 300w, https:\/\/marekkuchcinski.pl\/wp-content\/uploads\/2023\/09\/IMG_6320-768x576.jpg 768w, https:\/\/marekkuchcinski.pl\/wp-content\/uploads\/2023\/09\/IMG_6320-1536x1152.jpg 1536w, https:\/\/marekkuchcinski.pl\/wp-content\/uploads\/2023\/09\/IMG_6320-16x12.jpg 16w, https:\/\/marekkuchcinski.pl\/wp-content\/uploads\/2023\/09\/IMG_6320.jpg 1600w\" sizes=\"(max-width: 1024px) 100vw, 1024px\" \/><\/a><\/figure>\n\n\n\n<figure class=\"wp-block-image aligncenter size-large\"><a href=\"https:\/\/marekkuchcinski.pl\/wp-content\/uploads\/2023\/09\/IMG_6321.jpg\"><img loading=\"lazy\" decoding=\"async\" width=\"1024\" height=\"768\" src=\"https:\/\/marekkuchcinski.pl\/wp-content\/uploads\/2023\/09\/IMG_6321-1024x768.jpg\" alt=\"\" class=\"wp-image-29216\" srcset=\"https:\/\/marekkuchcinski.pl\/wp-content\/uploads\/2023\/09\/IMG_6321-1024x768.jpg 1024w, https:\/\/marekkuchcinski.pl\/wp-content\/uploads\/2023\/09\/IMG_6321-300x225.jpg 300w, https:\/\/marekkuchcinski.pl\/wp-content\/uploads\/2023\/09\/IMG_6321-768x576.jpg 768w, https:\/\/marekkuchcinski.pl\/wp-content\/uploads\/2023\/09\/IMG_6321-1536x1152.jpg 1536w, https:\/\/marekkuchcinski.pl\/wp-content\/uploads\/2023\/09\/IMG_6321-16x12.jpg 16w, https:\/\/marekkuchcinski.pl\/wp-content\/uploads\/2023\/09\/IMG_6321.jpg 1600w\" sizes=\"(max-width: 1024px) 100vw, 1024px\" \/><\/a><\/figure>","protected":false},"excerpt":{"rendered":"","protected":false},"author":17,"featured_media":29197,"comment_status":"closed","ping_status":"open","sticky":false,"template":"","format":"standard","meta":{"ngg_post_thumbnail":0,"footnotes":""},"categories":[3],"tags":[],"class_list":["post-29175","post","type-post","status-publish","format-standard","has-post-thumbnail","hentry","category-wydarzenia"],"yoast_head":"<!-- This site is optimized with the Yoast SEO plugin v24.7 - https:\/\/yoast.com\/wordpress\/plugins\/seo\/ -->\n<title>Kandydaci z Okr\u0119gu nr 22 w wyborach do Sejmu i Senatu &#8211; Marek Kuchci\u0144ski<\/title>\n<meta name=\"robots\" content=\"index, follow, max-snippet:-1, max-image-preview:large, max-video-preview:-1\" \/>\n<link rel=\"canonical\" href=\"https:\/\/marekkuchcinski.pl\/sk\/wydarzenia\/szef-kprm-marek-kuchcinski-otwiera-liste-pis-w-podkarpackim-okregu-nr-22\/\" \/>\n<meta property=\"og:locale\" content=\"sk_SK\" \/>\n<meta property=\"og:type\" content=\"article\" \/>\n<meta property=\"og:title\" content=\"Kandydaci z Okr\u0119gu nr 22 w wyborach do Sejmu i Senatu &#8211; Marek Kuchci\u0144ski\" \/>\n<meta property=\"og:url\" content=\"https:\/\/marekkuchcinski.pl\/sk\/wydarzenia\/szef-kprm-marek-kuchcinski-otwiera-liste-pis-w-podkarpackim-okregu-nr-22\/\" \/>\n<meta property=\"og:site_name\" content=\"Marek Kuchci\u0144ski\" \/>\n<meta property=\"article:published_time\" content=\"2023-09-02T18:11:36+00:00\" \/>\n<meta property=\"article:modified_time\" content=\"2023-09-02T20:24:50+00:00\" \/>\n<meta property=\"og:image\" content=\"https:\/\/marekkuchcinski.pl\/wp-content\/uploads\/2023\/09\/20230902_1222362.jpg\" \/>\n\t<meta property=\"og:image:width\" content=\"1600\" \/>\n\t<meta property=\"og:image:height\" content=\"1062\" \/>\n\t<meta property=\"og:image:type\" content=\"image\/jpeg\" \/>\n<meta name=\"author\" content=\"Tomasz \u0141acina\" \/>\n<meta name=\"twitter:card\" content=\"summary_large_image\" \/>\n<meta name=\"twitter:label1\" content=\"Autor\" \/>\n\t<meta name=\"twitter:data1\" content=\"Tomasz \u0141acina\" \/>\n\t<meta name=\"twitter:label2\" content=\"Predpokladan\u00fd \u010das \u010d\u00edtania\" \/>\n\t<meta name=\"twitter:data2\" content=\"6 min\u00fat\" \/>\n<script type=\"application\/ld+json\" class=\"yoast-schema-graph\">{\"@context\":\"https:\/\/schema.org\",\"@graph\":[{\"@type\":\"Article\",\"@id\":\"https:\/\/marekkuchcinski.pl\/wydarzenia\/szef-kprm-marek-kuchcinski-otwiera-liste-pis-w-podkarpackim-okregu-nr-22\/#article\",\"isPartOf\":{\"@id\":\"https:\/\/marekkuchcinski.pl\/wydarzenia\/szef-kprm-marek-kuchcinski-otwiera-liste-pis-w-podkarpackim-okregu-nr-22\/\"},\"author\":{\"name\":\"Tomasz \u0141acina\",\"@id\":\"https:\/\/marekkuchcinski.pl\/#\/schema\/person\/b8a29fe7813098f7be78801d029910a7\"},\"headline\":\"Kandydaci z Okr\u0119gu nr 22 w wyborach do Sejmu i Senatu\",\"datePublished\":\"2023-09-02T18:11:36+00:00\",\"dateModified\":\"2023-09-02T20:24:50+00:00\",\"mainEntityOfPage\":{\"@id\":\"https:\/\/marekkuchcinski.pl\/wydarzenia\/szef-kprm-marek-kuchcinski-otwiera-liste-pis-w-podkarpackim-okregu-nr-22\/\"},\"wordCount\":471,\"publisher\":{\"@id\":\"https:\/\/marekkuchcinski.pl\/#organization\"},\"image\":{\"@id\":\"https:\/\/marekkuchcinski.pl\/wydarzenia\/szef-kprm-marek-kuchcinski-otwiera-liste-pis-w-podkarpackim-okregu-nr-22\/#primaryimage\"},\"thumbnailUrl\":\"https:\/\/marekkuchcinski.pl\/wp-content\/uploads\/2023\/09\/20230902_1222362.jpg\",\"articleSection\":[\"Wydarzenia\"],\"inLanguage\":\"sk-SK\"},{\"@type\":\"WebPage\",\"@id\":\"https:\/\/marekkuchcinski.pl\/wydarzenia\/szef-kprm-marek-kuchcinski-otwiera-liste-pis-w-podkarpackim-okregu-nr-22\/\",\"url\":\"https:\/\/marekkuchcinski.pl\/wydarzenia\/szef-kprm-marek-kuchcinski-otwiera-liste-pis-w-podkarpackim-okregu-nr-22\/\",\"name\":\"Kandydaci z Okr\u0119gu nr 22 w wyborach do Sejmu i Senatu &#8211; Marek Kuchci\u0144ski\",\"isPartOf\":{\"@id\":\"https:\/\/marekkuchcinski.pl\/#website\"},\"primaryImageOfPage\":{\"@id\":\"https:\/\/marekkuchcinski.pl\/wydarzenia\/szef-kprm-marek-kuchcinski-otwiera-liste-pis-w-podkarpackim-okregu-nr-22\/#primaryimage\"},\"image\":{\"@id\":\"https:\/\/marekkuchcinski.pl\/wydarzenia\/szef-kprm-marek-kuchcinski-otwiera-liste-pis-w-podkarpackim-okregu-nr-22\/#primaryimage\"},\"thumbnailUrl\":\"https:\/\/marekkuchcinski.pl\/wp-content\/uploads\/2023\/09\/20230902_1222362.jpg\",\"datePublished\":\"2023-09-02T18:11:36+00:00\",\"dateModified\":\"2023-09-02T20:24:50+00:00\",\"breadcrumb\":{\"@id\":\"https:\/\/marekkuchcinski.pl\/wydarzenia\/szef-kprm-marek-kuchcinski-otwiera-liste-pis-w-podkarpackim-okregu-nr-22\/#breadcrumb\"},\"inLanguage\":\"sk-SK\",\"potentialAction\":[{\"@type\":\"ReadAction\",\"target\":[\"https:\/\/marekkuchcinski.pl\/wydarzenia\/szef-kprm-marek-kuchcinski-otwiera-liste-pis-w-podkarpackim-okregu-nr-22\/\"]}]},{\"@type\":\"ImageObject\",\"inLanguage\":\"sk-SK\",\"@id\":\"https:\/\/marekkuchcinski.pl\/wydarzenia\/szef-kprm-marek-kuchcinski-otwiera-liste-pis-w-podkarpackim-okregu-nr-22\/#primaryimage\",\"url\":\"https:\/\/marekkuchcinski.pl\/wp-content\/uploads\/2023\/09\/20230902_1222362.jpg\",\"contentUrl\":\"https:\/\/marekkuchcinski.pl\/wp-content\/uploads\/2023\/09\/20230902_1222362.jpg\",\"width\":1600,\"height\":1062},{\"@type\":\"BreadcrumbList\",\"@id\":\"https:\/\/marekkuchcinski.pl\/wydarzenia\/szef-kprm-marek-kuchcinski-otwiera-liste-pis-w-podkarpackim-okregu-nr-22\/#breadcrumb\",\"itemListElement\":[{\"@type\":\"ListItem\",\"position\":1,\"name\":\"Strona g\u0142\u00f3wna\",\"item\":\"https:\/\/marekkuchcinski.pl\/\"},{\"@type\":\"ListItem\",\"position\":2,\"name\":\"Kandydaci z Okr\u0119gu nr 22 w wyborach do Sejmu i Senatu\"}]},{\"@type\":\"WebSite\",\"@id\":\"https:\/\/marekkuchcinski.pl\/#website\",\"url\":\"https:\/\/marekkuchcinski.pl\/\",\"name\":\"Marek Kuchci\u0144ski\",\"description\":\"Pose\u0142 na sejm RP &ndash; okr\u0119g nr 22\",\"publisher\":{\"@id\":\"https:\/\/marekkuchcinski.pl\/#organization\"},\"potentialAction\":[{\"@type\":\"SearchAction\",\"target\":{\"@type\":\"EntryPoint\",\"urlTemplate\":\"https:\/\/marekkuchcinski.pl\/?s={search_term_string}\"},\"query-input\":{\"@type\":\"PropertyValueSpecification\",\"valueRequired\":true,\"valueName\":\"search_term_string\"}}],\"inLanguage\":\"sk-SK\"},{\"@type\":\"Organization\",\"@id\":\"https:\/\/marekkuchcinski.pl\/#organization\",\"name\":\"Marek Kuchci\u0144ski\",\"url\":\"https:\/\/marekkuchcinski.pl\/\",\"logo\":{\"@type\":\"ImageObject\",\"inLanguage\":\"sk-SK\",\"@id\":\"https:\/\/marekkuchcinski.pl\/#\/schema\/logo\/image\/\",\"url\":\"https:\/\/marekkuchcinski.pl\/wp-content\/uploads\/2022\/09\/Marek.jpg\",\"contentUrl\":\"https:\/\/marekkuchcinski.pl\/wp-content\/uploads\/2022\/09\/Marek.jpg\",\"width\":1600,\"height\":971,\"caption\":\"Marek Kuchci\u0144ski\"},\"image\":{\"@id\":\"https:\/\/marekkuchcinski.pl\/#\/schema\/logo\/image\/\"}},{\"@type\":\"Person\",\"@id\":\"https:\/\/marekkuchcinski.pl\/#\/schema\/person\/b8a29fe7813098f7be78801d029910a7\",\"name\":\"Tomasz \u0141acina\",\"image\":{\"@type\":\"ImageObject\",\"inLanguage\":\"sk-SK\",\"@id\":\"https:\/\/marekkuchcinski.pl\/#\/schema\/person\/image\/\",\"url\":\"https:\/\/secure.gravatar.com\/avatar\/22e75f6c51aff77a676ed77dd222f852?s=96&d=mm&r=g\",\"contentUrl\":\"https:\/\/secure.gravatar.com\/avatar\/22e75f6c51aff77a676ed77dd222f852?s=96&d=mm&r=g\",\"caption\":\"Tomasz \u0141acina\"},\"url\":\"https:\/\/marekkuchcinski.pl\/sk\/author\/tomek-lacina\/\"}]}<\/script>\n<!-- \/ Yoast SEO plugin. -->","yoast_head_json":{"title":"Kandydaci z Okr\u0119gu nr 22 w wyborach do Sejmu i Senatu &#8211; Marek Kuchci\u0144ski","robots":{"index":"index","follow":"follow","max-snippet":"max-snippet:-1","max-image-preview":"max-image-preview:large","max-video-preview":"max-video-preview:-1"},"canonical":"https:\/\/marekkuchcinski.pl\/sk\/wydarzenia\/szef-kprm-marek-kuchcinski-otwiera-liste-pis-w-podkarpackim-okregu-nr-22\/","og_locale":"sk_SK","og_type":"article","og_title":"Kandydaci z Okr\u0119gu nr 22 w wyborach do Sejmu i Senatu &#8211; Marek Kuchci\u0144ski","og_url":"https:\/\/marekkuchcinski.pl\/sk\/wydarzenia\/szef-kprm-marek-kuchcinski-otwiera-liste-pis-w-podkarpackim-okregu-nr-22\/","og_site_name":"Marek Kuchci\u0144ski","article_published_time":"2023-09-02T18:11:36+00:00","article_modified_time":"2023-09-02T20:24:50+00:00","og_image":[{"width":1600,"height":1062,"url":"https:\/\/marekkuchcinski.pl\/wp-content\/uploads\/2023\/09\/20230902_1222362.jpg","type":"image\/jpeg"}],"author":"Tomasz \u0141acina","twitter_card":"summary_large_image","twitter_misc":{"Autor":"Tomasz \u0141acina","Predpokladan\u00fd \u010das \u010d\u00edtania":"6 min\u00fat"},"schema":{"@context":"https:\/\/schema.org","@graph":[{"@type":"Article","@id":"https:\/\/marekkuchcinski.pl\/wydarzenia\/szef-kprm-marek-kuchcinski-otwiera-liste-pis-w-podkarpackim-okregu-nr-22\/#article","isPartOf":{"@id":"https:\/\/marekkuchcinski.pl\/wydarzenia\/szef-kprm-marek-kuchcinski-otwiera-liste-pis-w-podkarpackim-okregu-nr-22\/"},"author":{"name":"Tomasz \u0141acina","@id":"https:\/\/marekkuchcinski.pl\/#\/schema\/person\/b8a29fe7813098f7be78801d029910a7"},"headline":"Kandydaci z Okr\u0119gu nr 22 w wyborach do Sejmu i Senatu","datePublished":"2023-09-02T18:11:36+00:00","dateModified":"2023-09-02T20:24:50+00:00","mainEntityOfPage":{"@id":"https:\/\/marekkuchcinski.pl\/wydarzenia\/szef-kprm-marek-kuchcinski-otwiera-liste-pis-w-podkarpackim-okregu-nr-22\/"},"wordCount":471,"publisher":{"@id":"https:\/\/marekkuchcinski.pl\/#organization"},"image":{"@id":"https:\/\/marekkuchcinski.pl\/wydarzenia\/szef-kprm-marek-kuchcinski-otwiera-liste-pis-w-podkarpackim-okregu-nr-22\/#primaryimage"},"thumbnailUrl":"https:\/\/marekkuchcinski.pl\/wp-content\/uploads\/2023\/09\/20230902_1222362.jpg","articleSection":["Wydarzenia"],"inLanguage":"sk-SK"},{"@type":"WebPage","@id":"https:\/\/marekkuchcinski.pl\/wydarzenia\/szef-kprm-marek-kuchcinski-otwiera-liste-pis-w-podkarpackim-okregu-nr-22\/","url":"https:\/\/marekkuchcinski.pl\/wydarzenia\/szef-kprm-marek-kuchcinski-otwiera-liste-pis-w-podkarpackim-okregu-nr-22\/","name":"Kandydaci z Okr\u0119gu nr 22 w wyborach do Sejmu i Senatu &#8211; Marek Kuchci\u0144ski","isPartOf":{"@id":"https:\/\/marekkuchcinski.pl\/#website"},"primaryImageOfPage":{"@id":"https:\/\/marekkuchcinski.pl\/wydarzenia\/szef-kprm-marek-kuchcinski-otwiera-liste-pis-w-podkarpackim-okregu-nr-22\/#primaryimage"},"image":{"@id":"https:\/\/marekkuchcinski.pl\/wydarzenia\/szef-kprm-marek-kuchcinski-otwiera-liste-pis-w-podkarpackim-okregu-nr-22\/#primaryimage"},"thumbnailUrl":"https:\/\/marekkuchcinski.pl\/wp-content\/uploads\/2023\/09\/20230902_1222362.jpg","datePublished":"2023-09-02T18:11:36+00:00","dateModified":"2023-09-02T20:24:50+00:00","breadcrumb":{"@id":"https:\/\/marekkuchcinski.pl\/wydarzenia\/szef-kprm-marek-kuchcinski-otwiera-liste-pis-w-podkarpackim-okregu-nr-22\/#breadcrumb"},"inLanguage":"sk-SK","potentialAction":[{"@type":"ReadAction","target":["https:\/\/marekkuchcinski.pl\/wydarzenia\/szef-kprm-marek-kuchcinski-otwiera-liste-pis-w-podkarpackim-okregu-nr-22\/"]}]},{"@type":"ImageObject","inLanguage":"sk-SK","@id":"https:\/\/marekkuchcinski.pl\/wydarzenia\/szef-kprm-marek-kuchcinski-otwiera-liste-pis-w-podkarpackim-okregu-nr-22\/#primaryimage","url":"https:\/\/marekkuchcinski.pl\/wp-content\/uploads\/2023\/09\/20230902_1222362.jpg","contentUrl":"https:\/\/marekkuchcinski.pl\/wp-content\/uploads\/2023\/09\/20230902_1222362.jpg","width":1600,"height":1062},{"@type":"BreadcrumbList","@id":"https:\/\/marekkuchcinski.pl\/wydarzenia\/szef-kprm-marek-kuchcinski-otwiera-liste-pis-w-podkarpackim-okregu-nr-22\/#breadcrumb","itemListElement":[{"@type":"ListItem","position":1,"name":"Strona g\u0142\u00f3wna","item":"https:\/\/marekkuchcinski.pl\/"},{"@type":"ListItem","position":2,"name":"Kandydaci z Okr\u0119gu nr 22 w wyborach do Sejmu i Senatu"}]},{"@type":"WebSite","@id":"https:\/\/marekkuchcinski.pl\/#website","url":"https:\/\/marekkuchcinski.pl\/","name":"Marek Kuchci\u0144ski","description":"Pose\u0142 na sejm RP &ndash; okr\u0119g nr 22","publisher":{"@id":"https:\/\/marekkuchcinski.pl\/#organization"},"potentialAction":[{"@type":"SearchAction","target":{"@type":"EntryPoint","urlTemplate":"https:\/\/marekkuchcinski.pl\/?s={search_term_string}"},"query-input":{"@type":"PropertyValueSpecification","valueRequired":true,"valueName":"search_term_string"}}],"inLanguage":"sk-SK"},{"@type":"Organization","@id":"https:\/\/marekkuchcinski.pl\/#organization","name":"Marek Kuchci\u0144ski","url":"https:\/\/marekkuchcinski.pl\/","logo":{"@type":"ImageObject","inLanguage":"sk-SK","@id":"https:\/\/marekkuchcinski.pl\/#\/schema\/logo\/image\/","url":"https:\/\/marekkuchcinski.pl\/wp-content\/uploads\/2022\/09\/Marek.jpg","contentUrl":"https:\/\/marekkuchcinski.pl\/wp-content\/uploads\/2022\/09\/Marek.jpg","width":1600,"height":971,"caption":"Marek Kuchci\u0144ski"},"image":{"@id":"https:\/\/marekkuchcinski.pl\/#\/schema\/logo\/image\/"}},{"@type":"Person","@id":"https:\/\/marekkuchcinski.pl\/#\/schema\/person\/b8a29fe7813098f7be78801d029910a7","name":"Tomasz \u0141acina","image":{"@type":"ImageObject","inLanguage":"sk-SK","@id":"https:\/\/marekkuchcinski.pl\/#\/schema\/person\/image\/","url":"https:\/\/secure.gravatar.com\/avatar\/22e75f6c51aff77a676ed77dd222f852?s=96&d=mm&r=g","contentUrl":"https:\/\/secure.gravatar.com\/avatar\/22e75f6c51aff77a676ed77dd222f852?s=96&d=mm&r=g","caption":"Tomasz \u0141acina"},"url":"https:\/\/marekkuchcinski.pl\/sk\/author\/tomek-lacina\/"}]}},"_links":{"self":[{"href":"https:\/\/marekkuchcinski.pl\/sk\/wp-json\/wp\/v2\/posts\/29175","targetHints":{"allow":["GET"]}}],"collection":[{"href":"https:\/\/marekkuchcinski.pl\/sk\/wp-json\/wp\/v2\/posts"}],"about":[{"href":"https:\/\/marekkuchcinski.pl\/sk\/wp-json\/wp\/v2\/types\/post"}],"author":[{"embeddable":true,"href":"https:\/\/marekkuchcinski.pl\/sk\/wp-json\/wp\/v2\/users\/17"}],"replies":[{"embeddable":true,"href":"https:\/\/marekkuchcinski.pl\/sk\/wp-json\/wp\/v2\/comments?post=29175"}],"version-history":[{"count":9,"href":"https:\/\/marekkuchcinski.pl\/sk\/wp-json\/wp\/v2\/posts\/29175\/revisions"}],"predecessor-version":[{"id":29217,"href":"https:\/\/marekkuchcinski.pl\/sk\/wp-json\/wp\/v2\/posts\/29175\/revisions\/29217"}],"wp:featuredmedia":[{"embeddable":true,"href":"https:\/\/marekkuchcinski.pl\/sk\/wp-json\/wp\/v2\/media\/29197"}],"wp:attachment":[{"href":"https:\/\/marekkuchcinski.pl\/sk\/wp-json\/wp\/v2\/media?parent=29175"}],"wp:term":[{"taxonomy":"category","embeddable":true,"href":"https:\/\/marekkuchcinski.pl\/sk\/wp-json\/wp\/v2\/categories?post=29175"},{"taxonomy":"post_tag","embeddable":true,"href":"https:\/\/marekkuchcinski.pl\/sk\/wp-json\/wp\/v2\/tags?post=29175"}],"curies":[{"name":"wp","href":"https:\/\/api.w.org\/{rel}","templated":true}]}}