{"id":28771,"date":"2023-07-04T21:46:22","date_gmt":"2023-07-04T19:46:22","guid":{"rendered":"https:\/\/marekkuchcinski.pl\/?p=28771"},"modified":"2023-07-04T23:02:03","modified_gmt":"2023-07-04T21:02:03","slug":"ile-osob-na-podkarpaciu-placi-nizsze-podatki-zobacz-realne-korzysci","status":"publish","type":"post","link":"https:\/\/marekkuchcinski.pl\/sk\/wydarzenia\/ile-osob-na-podkarpaciu-placi-nizsze-podatki-zobacz-realne-korzysci\/","title":{"rendered":"Ile os\u00f3b na Podkarpaciu p\u0142aci ni\u017csze podatki? Zobacz realne korzy\u015bci"},"content":{"rendered":"<figure class=\"wp-block-image aligncenter size-large\"><a href=\"https:\/\/marekkuchcinski.pl\/wp-content\/uploads\/2023\/07\/Zrzut-ekranu-2023-07-4-o-21.43.49.jpg\"><img fetchpriority=\"high\" decoding=\"async\" width=\"1024\" height=\"856\" src=\"https:\/\/marekkuchcinski.pl\/wp-content\/uploads\/2023\/07\/Zrzut-ekranu-2023-07-4-o-21.43.49-1024x856.jpg\" alt=\"ni\u017csze podatki\" class=\"wp-image-28772\" srcset=\"https:\/\/marekkuchcinski.pl\/wp-content\/uploads\/2023\/07\/Zrzut-ekranu-2023-07-4-o-21.43.49-1024x856.jpg 1024w, https:\/\/marekkuchcinski.pl\/wp-content\/uploads\/2023\/07\/Zrzut-ekranu-2023-07-4-o-21.43.49-300x251.jpg 300w, https:\/\/marekkuchcinski.pl\/wp-content\/uploads\/2023\/07\/Zrzut-ekranu-2023-07-4-o-21.43.49-768x642.jpg 768w, https:\/\/marekkuchcinski.pl\/wp-content\/uploads\/2023\/07\/Zrzut-ekranu-2023-07-4-o-21.43.49-14x12.jpg 14w, https:\/\/marekkuchcinski.pl\/wp-content\/uploads\/2023\/07\/Zrzut-ekranu-2023-07-4-o-21.43.49.jpg 1172w\" sizes=\"(max-width: 1024px) 100vw, 1024px\" \/><\/a><\/figure>\n\n\n\n<p><strong>Inni obiecuj\u0105 ni\u017csze podatki, ale to my je naprawd\u0119 obni\u017camy. Na samym obni\u017ceniu PIT (z 17 do 12%) skorzysta\u0142o ponad milion mieszka\u0144c\u00f3w Podkarpacia!<\/strong><\/p>\n\n\n\n<p>Pewien polityk \u00a0ironizowa\u0142 kiedy\u015b, \u017ce je\u017celi kto\u015b wie, gdzie le\u017c\u0105 zakopane w Polsce miliardy, kt\u00f3re mo\u017cna porozdawa\u0107 ludziom, to nie powinien z tym zwleka\u0107, bo szkoda ka\u017cdego dnia.<br>Faktycznie jego rz\u0105dy przypomina\u0142y pewn\u0105 przemysk\u0105 legend\u0119 o poszukiwaniu skarbu genera\u0142a von Burgneust\u00e4dten. Otrzyma\u0142 on 10 milion\u00f3w koron na umocnienie Twierdzy Przemy\u015bl. Tyle \u017ce inwestycja nie wygl\u0105da\u0142a r\u00f3wnie imponuj\u0105co, co wydana kwota. Pojawi\u0142o si\u0119 podejrzenie, \u017ce cz\u0119\u015b\u0107 pieni\u0119dzy gdzie\u015b zosta\u0142a ukryta. Gdy \u00f3wczesny minister dopytywa\u0142 o rozliczenia, genera\u0142 napisa\u0142 list z tak\u0105, mniej wi\u0119cej, konkluzj\u0105:<br>&#8222;Otrzyma\u0142em 10 milion\u00f3w koron i wyda\u0142em 10 milion\u00f3w koron. A kto nie wierzy, ten dure\u0144!&#8221;<br>Gdy list ten trafi\u0142 do cesarza, ten przeczyta\u0142 go i stwierdzi\u0142: Ja wierze!<\/p>\n\n\n\n<h2 class=\"wp-block-heading\">Mniejsze podatki dzi\u0119ki lepszemu zarz\u0105dzaniu<\/h2>\n\n\n\n<p>W Przemy\u015blu nikt ju\u017c w zakopany skarb nie wierzy, dlatego wybieramy ci\u0119\u017ck\u0105 prac\u0119, a nie poszukiwanie zakopanego z\u0142ota. Tak jest w\u0142a\u015bnie z podatkami, kt\u00f3re kiedy\u015b rozp\u0142ywa\u0142y si\u0119 w kieszeniach mafii VAT-owskich.<br>Prawo i Sprawiedliwo\u015b\u0107 sz\u0142o do wybor\u00f3w z has\u0142em powstrzymania przest\u0119pc\u00f3w, kt\u00f3rzy zarabiali krocie na ukrywaniu dochod\u00f3w i niep\u0142aceniu podatk\u00f3w. Uszczelnili\u015bmy system podatkowy. Dzi\u0119ki temu do bud\u017cetu trafia wi\u0119cej \u015brodk\u00f3w.<\/p>\n\n\n\n<h2 class=\"wp-block-heading\">Jak PiS obni\u017ca podatki?<\/h2>\n\n\n\n<p>Dla przeci\u0119tnego cz\u0142owieka oznacza to, \u017ce ze \u015brodk\u00f3w publicznych mo\u017cna przeznaczy\u0107 wi\u0119cej pieni\u0119dzy na inwestycje i zmniejszanie nier\u00f3wno\u015bci spo\u0142ecznych. Mo\u017cna te\u017c w ko\u0144cu zacz\u0105\u0107 obni\u017ca\u0107 podatki. Tak te\u017c robimy. Dowody? Prosz\u0119 bardzo! Poni\u017cej mo\u017cna sprawdzi\u0107, ile os\u00f3b na Podkarpaciu skorzysta\u0142o z obni\u017cenia danin do bud\u017cetu.<\/p>\n\n\n\n<h3 class=\"wp-block-heading\"><strong>1 001 731<\/strong><\/h3>\n\n\n\n<ul class=\"wp-block-list\">\n<li>tyle os\u00f3b w wojew\u00f3dztwie podkarpackim skorzysta\u0142o z obni\u017conego podatku PIT &#8211; z 17% do 12%.<br><em>Uwzgl\u0119dniono wszystkie rozliczenia w przedziale dochodu do opodatkowania od kwoty 3.092 z\u0142 (dla zezna\u0144 PIT-37 i PIT-36 &#8211; wszystkie osoby w tym zakresie skorzysta\u0142y z obni\u017conej stawki z 17% do 12% niezale\u017cnie od dochodu).<\/em><\/li>\n<\/ul>\n\n\n\n<h3 class=\"wp-block-heading\"><strong>349 140<\/strong><\/h3>\n\n\n\n<ul class=\"wp-block-list\">\n<li>tyle os\u00f3b w wojew\u00f3dztwie podkarpackim skorzysta\u0142o na wprowadzeniu wy\u017cszej kwoty wolnej od podatku (30 tys. z\u0142).<br><em>Uwzgl\u0119dniono rozliczenia w przedziale dochodu do opodatkowania pomi\u0119dzy 3.092 z\u0142 &#8211; 30.000 z\u0142 (kwota wolna od podatku w 2021 by\u0142a 3.091 z\u0142 obecnie 30.000 z\u0142).<\/em><\/li>\n<\/ul>\n\n\n\n<h3 class=\"wp-block-heading\"><strong>54 544<\/strong><\/h3>\n\n\n\n<ul class=\"wp-block-list\">\n<li>tyle os\u00f3b w wojew\u00f3dztwie podkarpackim skorzysta\u0142o na wprowadzeniu wy\u017cszego progu podatkowego (120 tys. z\u0142.)<br><em>Uwzgl\u0119dniono rozliczenia w przedziale dochodu do opodatkowania 85.529 z\u0142 &#8211; 120.000 z\u0142 (pierwszy przedzia\u0142 podatkowy w 2021 r. by\u0142a do kwoty 85.528 z\u0142 obecnie 120.000 z\u0142).<\/em><\/li>\n<\/ul>\n\n\n\n<h3 class=\"wp-block-heading\"><strong>3 986<\/strong><\/h3>\n\n\n\n<ul class=\"wp-block-list\">\n<li>tyle rodzin w wojew\u00f3dztwie podkarpackim skorzysta\u0142o z preferencyjnego rozwi\u0105zania dla rodzin \u2013 PIT-O dla rodzin 4+.<\/li>\n<\/ul>","protected":false},"excerpt":{"rendered":"<p>Inni obiecuj\u0105 ni\u017csze podatki, ale to my je naprawd\u0119 obni\u017camy. Na samym obni\u017ceniu PIT (z 17 do 12%) skorzysta\u0142o ponad milion mieszka\u0144c\u00f3w Podkarpacia! Pewien polityk \u00a0ironizowa\u0142 kiedy\u015b, \u017ce je\u017celi kto\u015b wie, gdzie le\u017c\u0105 zakopane w Polsce miliardy, kt\u00f3re mo\u017cna porozdawa\u0107 ludziom, to nie powinien z tym zwleka\u0107, bo szkoda ka\u017cdego dnia.Faktycznie jego rz\u0105dy przypomina\u0142y pewn\u0105 [&hellip;]<\/p>","protected":false},"author":21,"featured_media":28772,"comment_status":"closed","ping_status":"open","sticky":false,"template":"","format":"standard","meta":{"ngg_post_thumbnail":0,"footnotes":""},"categories":[3],"tags":[200],"class_list":["post-28771","post","type-post","status-publish","format-standard","has-post-thumbnail","hentry","category-wydarzenia","tag-nizsze-podatki"],"yoast_head":"<!-- This site is optimized with the Yoast SEO plugin v24.7 - https:\/\/yoast.com\/wordpress\/plugins\/seo\/ -->\n<title>Ile os\u00f3b na Podkarpaciu p\u0142aci ni\u017csze podatki? Zobacz realne korzy\u015bci &#8211; Marek Kuchci\u0144ski<\/title>\n<meta name=\"description\" content=\"Czy wiesz, \u017ce tylko na obni\u017ceniu PIT (z 17 do 12%) skorzysta\u0142o ponad milion mieszka\u0144c\u00f3w Podkarpacia! Zobacz pozosta\u0142e korzy\u015bci.\" \/>\n<meta name=\"robots\" content=\"index, follow, max-snippet:-1, max-image-preview:large, max-video-preview:-1\" \/>\n<link rel=\"canonical\" href=\"https:\/\/marekkuchcinski.pl\/sk\/wydarzenia\/ile-osob-na-podkarpaciu-placi-nizsze-podatki-zobacz-realne-korzysci\/\" \/>\n<meta property=\"og:locale\" content=\"sk_SK\" \/>\n<meta property=\"og:type\" content=\"article\" \/>\n<meta property=\"og:title\" content=\"Ile os\u00f3b na Podkarpaciu p\u0142aci ni\u017csze podatki? Zobacz realne korzy\u015bci &#8211; Marek Kuchci\u0144ski\" \/>\n<meta property=\"og:description\" content=\"Czy wiesz, \u017ce tylko na obni\u017ceniu PIT (z 17 do 12%) skorzysta\u0142o ponad milion mieszka\u0144c\u00f3w Podkarpacia! Zobacz pozosta\u0142e korzy\u015bci.\" \/>\n<meta property=\"og:url\" content=\"https:\/\/marekkuchcinski.pl\/sk\/wydarzenia\/ile-osob-na-podkarpaciu-placi-nizsze-podatki-zobacz-realne-korzysci\/\" \/>\n<meta property=\"og:site_name\" content=\"Marek Kuchci\u0144ski\" \/>\n<meta property=\"article:published_time\" content=\"2023-07-04T19:46:22+00:00\" \/>\n<meta property=\"article:modified_time\" content=\"2023-07-04T21:02:03+00:00\" \/>\n<meta property=\"og:image\" content=\"https:\/\/marekkuchcinski.pl\/wp-content\/uploads\/2023\/07\/Zrzut-ekranu-2023-07-4-o-21.43.49.jpg\" \/>\n\t<meta property=\"og:image:width\" content=\"1172\" \/>\n\t<meta property=\"og:image:height\" content=\"980\" \/>\n\t<meta property=\"og:image:type\" content=\"image\/jpeg\" \/>\n<meta name=\"author\" content=\"Marta Olejnik\" \/>\n<meta name=\"twitter:card\" content=\"summary_large_image\" \/>\n<meta name=\"twitter:label1\" content=\"Autor\" \/>\n\t<meta name=\"twitter:data1\" content=\"Marta Olejnik\" \/>\n\t<meta name=\"twitter:label2\" content=\"Predpokladan\u00fd \u010das \u010d\u00edtania\" \/>\n\t<meta name=\"twitter:data2\" content=\"3 min\u00faty\" \/>\n<script type=\"application\/ld+json\" class=\"yoast-schema-graph\">{\"@context\":\"https:\/\/schema.org\",\"@graph\":[{\"@type\":\"Article\",\"@id\":\"https:\/\/marekkuchcinski.pl\/wydarzenia\/ile-osob-na-podkarpaciu-placi-nizsze-podatki-zobacz-realne-korzysci\/#article\",\"isPartOf\":{\"@id\":\"https:\/\/marekkuchcinski.pl\/wydarzenia\/ile-osob-na-podkarpaciu-placi-nizsze-podatki-zobacz-realne-korzysci\/\"},\"author\":{\"name\":\"Marta Olejnik\",\"@id\":\"https:\/\/marekkuchcinski.pl\/#\/schema\/person\/51d5d4ee3b5317b8e4dd2b48af359229\"},\"headline\":\"Ile os\u00f3b na Podkarpaciu p\u0142aci ni\u017csze podatki? Zobacz realne korzy\u015bci\",\"datePublished\":\"2023-07-04T19:46:22+00:00\",\"dateModified\":\"2023-07-04T21:02:03+00:00\",\"mainEntityOfPage\":{\"@id\":\"https:\/\/marekkuchcinski.pl\/wydarzenia\/ile-osob-na-podkarpaciu-placi-nizsze-podatki-zobacz-realne-korzysci\/\"},\"wordCount\":479,\"publisher\":{\"@id\":\"https:\/\/marekkuchcinski.pl\/#organization\"},\"image\":{\"@id\":\"https:\/\/marekkuchcinski.pl\/wydarzenia\/ile-osob-na-podkarpaciu-placi-nizsze-podatki-zobacz-realne-korzysci\/#primaryimage\"},\"thumbnailUrl\":\"https:\/\/marekkuchcinski.pl\/wp-content\/uploads\/2023\/07\/Zrzut-ekranu-2023-07-4-o-21.43.49.jpg\",\"keywords\":[\"ni\u017csze podatki\"],\"articleSection\":[\"Wydarzenia\"],\"inLanguage\":\"sk-SK\"},{\"@type\":\"WebPage\",\"@id\":\"https:\/\/marekkuchcinski.pl\/wydarzenia\/ile-osob-na-podkarpaciu-placi-nizsze-podatki-zobacz-realne-korzysci\/\",\"url\":\"https:\/\/marekkuchcinski.pl\/wydarzenia\/ile-osob-na-podkarpaciu-placi-nizsze-podatki-zobacz-realne-korzysci\/\",\"name\":\"Ile os\u00f3b na Podkarpaciu p\u0142aci ni\u017csze podatki? Zobacz realne korzy\u015bci &#8211; Marek Kuchci\u0144ski\",\"isPartOf\":{\"@id\":\"https:\/\/marekkuchcinski.pl\/#website\"},\"primaryImageOfPage\":{\"@id\":\"https:\/\/marekkuchcinski.pl\/wydarzenia\/ile-osob-na-podkarpaciu-placi-nizsze-podatki-zobacz-realne-korzysci\/#primaryimage\"},\"image\":{\"@id\":\"https:\/\/marekkuchcinski.pl\/wydarzenia\/ile-osob-na-podkarpaciu-placi-nizsze-podatki-zobacz-realne-korzysci\/#primaryimage\"},\"thumbnailUrl\":\"https:\/\/marekkuchcinski.pl\/wp-content\/uploads\/2023\/07\/Zrzut-ekranu-2023-07-4-o-21.43.49.jpg\",\"datePublished\":\"2023-07-04T19:46:22+00:00\",\"dateModified\":\"2023-07-04T21:02:03+00:00\",\"description\":\"Czy wiesz, \u017ce tylko na obni\u017ceniu PIT (z 17 do 12%) skorzysta\u0142o ponad milion mieszka\u0144c\u00f3w Podkarpacia! Zobacz pozosta\u0142e korzy\u015bci.\",\"breadcrumb\":{\"@id\":\"https:\/\/marekkuchcinski.pl\/wydarzenia\/ile-osob-na-podkarpaciu-placi-nizsze-podatki-zobacz-realne-korzysci\/#breadcrumb\"},\"inLanguage\":\"sk-SK\",\"potentialAction\":[{\"@type\":\"ReadAction\",\"target\":[\"https:\/\/marekkuchcinski.pl\/wydarzenia\/ile-osob-na-podkarpaciu-placi-nizsze-podatki-zobacz-realne-korzysci\/\"]}]},{\"@type\":\"ImageObject\",\"inLanguage\":\"sk-SK\",\"@id\":\"https:\/\/marekkuchcinski.pl\/wydarzenia\/ile-osob-na-podkarpaciu-placi-nizsze-podatki-zobacz-realne-korzysci\/#primaryimage\",\"url\":\"https:\/\/marekkuchcinski.pl\/wp-content\/uploads\/2023\/07\/Zrzut-ekranu-2023-07-4-o-21.43.49.jpg\",\"contentUrl\":\"https:\/\/marekkuchcinski.pl\/wp-content\/uploads\/2023\/07\/Zrzut-ekranu-2023-07-4-o-21.43.49.jpg\",\"width\":1172,\"height\":980,\"caption\":\"ni\u017csze podatki\"},{\"@type\":\"BreadcrumbList\",\"@id\":\"https:\/\/marekkuchcinski.pl\/wydarzenia\/ile-osob-na-podkarpaciu-placi-nizsze-podatki-zobacz-realne-korzysci\/#breadcrumb\",\"itemListElement\":[{\"@type\":\"ListItem\",\"position\":1,\"name\":\"Strona g\u0142\u00f3wna\",\"item\":\"https:\/\/marekkuchcinski.pl\/\"},{\"@type\":\"ListItem\",\"position\":2,\"name\":\"Ile os\u00f3b na Podkarpaciu p\u0142aci ni\u017csze podatki? Zobacz realne korzy\u015bci\"}]},{\"@type\":\"WebSite\",\"@id\":\"https:\/\/marekkuchcinski.pl\/#website\",\"url\":\"https:\/\/marekkuchcinski.pl\/\",\"name\":\"Marek Kuchci\u0144ski\",\"description\":\"Pose\u0142 na sejm RP &ndash; okr\u0119g nr 22\",\"publisher\":{\"@id\":\"https:\/\/marekkuchcinski.pl\/#organization\"},\"potentialAction\":[{\"@type\":\"SearchAction\",\"target\":{\"@type\":\"EntryPoint\",\"urlTemplate\":\"https:\/\/marekkuchcinski.pl\/?s={search_term_string}\"},\"query-input\":{\"@type\":\"PropertyValueSpecification\",\"valueRequired\":true,\"valueName\":\"search_term_string\"}}],\"inLanguage\":\"sk-SK\"},{\"@type\":\"Organization\",\"@id\":\"https:\/\/marekkuchcinski.pl\/#organization\",\"name\":\"Marek Kuchci\u0144ski\",\"url\":\"https:\/\/marekkuchcinski.pl\/\",\"logo\":{\"@type\":\"ImageObject\",\"inLanguage\":\"sk-SK\",\"@id\":\"https:\/\/marekkuchcinski.pl\/#\/schema\/logo\/image\/\",\"url\":\"https:\/\/marekkuchcinski.pl\/wp-content\/uploads\/2022\/09\/Marek.jpg\",\"contentUrl\":\"https:\/\/marekkuchcinski.pl\/wp-content\/uploads\/2022\/09\/Marek.jpg\",\"width\":1600,\"height\":971,\"caption\":\"Marek Kuchci\u0144ski\"},\"image\":{\"@id\":\"https:\/\/marekkuchcinski.pl\/#\/schema\/logo\/image\/\"}},{\"@type\":\"Person\",\"@id\":\"https:\/\/marekkuchcinski.pl\/#\/schema\/person\/51d5d4ee3b5317b8e4dd2b48af359229\",\"name\":\"Marta Olejnik\",\"image\":{\"@type\":\"ImageObject\",\"inLanguage\":\"sk-SK\",\"@id\":\"https:\/\/marekkuchcinski.pl\/#\/schema\/person\/image\/\",\"url\":\"https:\/\/secure.gravatar.com\/avatar\/e39914b2aa6a48959e24d475b5dc9793?s=96&d=mm&r=g\",\"contentUrl\":\"https:\/\/secure.gravatar.com\/avatar\/e39914b2aa6a48959e24d475b5dc9793?s=96&d=mm&r=g\",\"caption\":\"Marta Olejnik\"},\"url\":\"https:\/\/marekkuchcinski.pl\/sk\/author\/marta\/\"}]}<\/script>\n<!-- \/ Yoast SEO plugin. -->","yoast_head_json":{"title":"Ile os\u00f3b na Podkarpaciu p\u0142aci ni\u017csze podatki? Zobacz realne korzy\u015bci &#8211; Marek Kuchci\u0144ski","description":"Czy wiesz, \u017ce tylko na obni\u017ceniu PIT (z 17 do 12%) skorzysta\u0142o ponad milion mieszka\u0144c\u00f3w Podkarpacia! Zobacz pozosta\u0142e korzy\u015bci.","robots":{"index":"index","follow":"follow","max-snippet":"max-snippet:-1","max-image-preview":"max-image-preview:large","max-video-preview":"max-video-preview:-1"},"canonical":"https:\/\/marekkuchcinski.pl\/sk\/wydarzenia\/ile-osob-na-podkarpaciu-placi-nizsze-podatki-zobacz-realne-korzysci\/","og_locale":"sk_SK","og_type":"article","og_title":"Ile os\u00f3b na Podkarpaciu p\u0142aci ni\u017csze podatki? Zobacz realne korzy\u015bci &#8211; Marek Kuchci\u0144ski","og_description":"Czy wiesz, \u017ce tylko na obni\u017ceniu PIT (z 17 do 12%) skorzysta\u0142o ponad milion mieszka\u0144c\u00f3w Podkarpacia! Zobacz pozosta\u0142e korzy\u015bci.","og_url":"https:\/\/marekkuchcinski.pl\/sk\/wydarzenia\/ile-osob-na-podkarpaciu-placi-nizsze-podatki-zobacz-realne-korzysci\/","og_site_name":"Marek Kuchci\u0144ski","article_published_time":"2023-07-04T19:46:22+00:00","article_modified_time":"2023-07-04T21:02:03+00:00","og_image":[{"width":1172,"height":980,"url":"https:\/\/marekkuchcinski.pl\/wp-content\/uploads\/2023\/07\/Zrzut-ekranu-2023-07-4-o-21.43.49.jpg","type":"image\/jpeg"}],"author":"Marta Olejnik","twitter_card":"summary_large_image","twitter_misc":{"Autor":"Marta Olejnik","Predpokladan\u00fd \u010das \u010d\u00edtania":"3 min\u00faty"},"schema":{"@context":"https:\/\/schema.org","@graph":[{"@type":"Article","@id":"https:\/\/marekkuchcinski.pl\/wydarzenia\/ile-osob-na-podkarpaciu-placi-nizsze-podatki-zobacz-realne-korzysci\/#article","isPartOf":{"@id":"https:\/\/marekkuchcinski.pl\/wydarzenia\/ile-osob-na-podkarpaciu-placi-nizsze-podatki-zobacz-realne-korzysci\/"},"author":{"name":"Marta Olejnik","@id":"https:\/\/marekkuchcinski.pl\/#\/schema\/person\/51d5d4ee3b5317b8e4dd2b48af359229"},"headline":"Ile os\u00f3b na Podkarpaciu p\u0142aci ni\u017csze podatki? Zobacz realne korzy\u015bci","datePublished":"2023-07-04T19:46:22+00:00","dateModified":"2023-07-04T21:02:03+00:00","mainEntityOfPage":{"@id":"https:\/\/marekkuchcinski.pl\/wydarzenia\/ile-osob-na-podkarpaciu-placi-nizsze-podatki-zobacz-realne-korzysci\/"},"wordCount":479,"publisher":{"@id":"https:\/\/marekkuchcinski.pl\/#organization"},"image":{"@id":"https:\/\/marekkuchcinski.pl\/wydarzenia\/ile-osob-na-podkarpaciu-placi-nizsze-podatki-zobacz-realne-korzysci\/#primaryimage"},"thumbnailUrl":"https:\/\/marekkuchcinski.pl\/wp-content\/uploads\/2023\/07\/Zrzut-ekranu-2023-07-4-o-21.43.49.jpg","keywords":["ni\u017csze podatki"],"articleSection":["Wydarzenia"],"inLanguage":"sk-SK"},{"@type":"WebPage","@id":"https:\/\/marekkuchcinski.pl\/wydarzenia\/ile-osob-na-podkarpaciu-placi-nizsze-podatki-zobacz-realne-korzysci\/","url":"https:\/\/marekkuchcinski.pl\/wydarzenia\/ile-osob-na-podkarpaciu-placi-nizsze-podatki-zobacz-realne-korzysci\/","name":"Ile os\u00f3b na Podkarpaciu p\u0142aci ni\u017csze podatki? Zobacz realne korzy\u015bci &#8211; Marek Kuchci\u0144ski","isPartOf":{"@id":"https:\/\/marekkuchcinski.pl\/#website"},"primaryImageOfPage":{"@id":"https:\/\/marekkuchcinski.pl\/wydarzenia\/ile-osob-na-podkarpaciu-placi-nizsze-podatki-zobacz-realne-korzysci\/#primaryimage"},"image":{"@id":"https:\/\/marekkuchcinski.pl\/wydarzenia\/ile-osob-na-podkarpaciu-placi-nizsze-podatki-zobacz-realne-korzysci\/#primaryimage"},"thumbnailUrl":"https:\/\/marekkuchcinski.pl\/wp-content\/uploads\/2023\/07\/Zrzut-ekranu-2023-07-4-o-21.43.49.jpg","datePublished":"2023-07-04T19:46:22+00:00","dateModified":"2023-07-04T21:02:03+00:00","description":"Czy wiesz, \u017ce tylko na obni\u017ceniu PIT (z 17 do 12%) skorzysta\u0142o ponad milion mieszka\u0144c\u00f3w Podkarpacia! Zobacz pozosta\u0142e korzy\u015bci.","breadcrumb":{"@id":"https:\/\/marekkuchcinski.pl\/wydarzenia\/ile-osob-na-podkarpaciu-placi-nizsze-podatki-zobacz-realne-korzysci\/#breadcrumb"},"inLanguage":"sk-SK","potentialAction":[{"@type":"ReadAction","target":["https:\/\/marekkuchcinski.pl\/wydarzenia\/ile-osob-na-podkarpaciu-placi-nizsze-podatki-zobacz-realne-korzysci\/"]}]},{"@type":"ImageObject","inLanguage":"sk-SK","@id":"https:\/\/marekkuchcinski.pl\/wydarzenia\/ile-osob-na-podkarpaciu-placi-nizsze-podatki-zobacz-realne-korzysci\/#primaryimage","url":"https:\/\/marekkuchcinski.pl\/wp-content\/uploads\/2023\/07\/Zrzut-ekranu-2023-07-4-o-21.43.49.jpg","contentUrl":"https:\/\/marekkuchcinski.pl\/wp-content\/uploads\/2023\/07\/Zrzut-ekranu-2023-07-4-o-21.43.49.jpg","width":1172,"height":980,"caption":"ni\u017csze podatki"},{"@type":"BreadcrumbList","@id":"https:\/\/marekkuchcinski.pl\/wydarzenia\/ile-osob-na-podkarpaciu-placi-nizsze-podatki-zobacz-realne-korzysci\/#breadcrumb","itemListElement":[{"@type":"ListItem","position":1,"name":"Strona g\u0142\u00f3wna","item":"https:\/\/marekkuchcinski.pl\/"},{"@type":"ListItem","position":2,"name":"Ile os\u00f3b na Podkarpaciu p\u0142aci ni\u017csze podatki? Zobacz realne korzy\u015bci"}]},{"@type":"WebSite","@id":"https:\/\/marekkuchcinski.pl\/#website","url":"https:\/\/marekkuchcinski.pl\/","name":"Marek Kuchci\u0144ski","description":"Pose\u0142 na sejm RP &ndash; okr\u0119g nr 22","publisher":{"@id":"https:\/\/marekkuchcinski.pl\/#organization"},"potentialAction":[{"@type":"SearchAction","target":{"@type":"EntryPoint","urlTemplate":"https:\/\/marekkuchcinski.pl\/?s={search_term_string}"},"query-input":{"@type":"PropertyValueSpecification","valueRequired":true,"valueName":"search_term_string"}}],"inLanguage":"sk-SK"},{"@type":"Organization","@id":"https:\/\/marekkuchcinski.pl\/#organization","name":"Marek Kuchci\u0144ski","url":"https:\/\/marekkuchcinski.pl\/","logo":{"@type":"ImageObject","inLanguage":"sk-SK","@id":"https:\/\/marekkuchcinski.pl\/#\/schema\/logo\/image\/","url":"https:\/\/marekkuchcinski.pl\/wp-content\/uploads\/2022\/09\/Marek.jpg","contentUrl":"https:\/\/marekkuchcinski.pl\/wp-content\/uploads\/2022\/09\/Marek.jpg","width":1600,"height":971,"caption":"Marek Kuchci\u0144ski"},"image":{"@id":"https:\/\/marekkuchcinski.pl\/#\/schema\/logo\/image\/"}},{"@type":"Person","@id":"https:\/\/marekkuchcinski.pl\/#\/schema\/person\/51d5d4ee3b5317b8e4dd2b48af359229","name":"Marta Olejnik","image":{"@type":"ImageObject","inLanguage":"sk-SK","@id":"https:\/\/marekkuchcinski.pl\/#\/schema\/person\/image\/","url":"https:\/\/secure.gravatar.com\/avatar\/e39914b2aa6a48959e24d475b5dc9793?s=96&d=mm&r=g","contentUrl":"https:\/\/secure.gravatar.com\/avatar\/e39914b2aa6a48959e24d475b5dc9793?s=96&d=mm&r=g","caption":"Marta Olejnik"},"url":"https:\/\/marekkuchcinski.pl\/sk\/author\/marta\/"}]}},"_links":{"self":[{"href":"https:\/\/marekkuchcinski.pl\/sk\/wp-json\/wp\/v2\/posts\/28771","targetHints":{"allow":["GET"]}}],"collection":[{"href":"https:\/\/marekkuchcinski.pl\/sk\/wp-json\/wp\/v2\/posts"}],"about":[{"href":"https:\/\/marekkuchcinski.pl\/sk\/wp-json\/wp\/v2\/types\/post"}],"author":[{"embeddable":true,"href":"https:\/\/marekkuchcinski.pl\/sk\/wp-json\/wp\/v2\/users\/21"}],"replies":[{"embeddable":true,"href":"https:\/\/marekkuchcinski.pl\/sk\/wp-json\/wp\/v2\/comments?post=28771"}],"version-history":[{"count":5,"href":"https:\/\/marekkuchcinski.pl\/sk\/wp-json\/wp\/v2\/posts\/28771\/revisions"}],"predecessor-version":[{"id":28779,"href":"https:\/\/marekkuchcinski.pl\/sk\/wp-json\/wp\/v2\/posts\/28771\/revisions\/28779"}],"wp:featuredmedia":[{"embeddable":true,"href":"https:\/\/marekkuchcinski.pl\/sk\/wp-json\/wp\/v2\/media\/28772"}],"wp:attachment":[{"href":"https:\/\/marekkuchcinski.pl\/sk\/wp-json\/wp\/v2\/media?parent=28771"}],"wp:term":[{"taxonomy":"category","embeddable":true,"href":"https:\/\/marekkuchcinski.pl\/sk\/wp-json\/wp\/v2\/categories?post=28771"},{"taxonomy":"post_tag","embeddable":true,"href":"https:\/\/marekkuchcinski.pl\/sk\/wp-json\/wp\/v2\/tags?post=28771"}],"curies":[{"name":"wp","href":"https:\/\/api.w.org\/{rel}","templated":true}]}}