{"id":28171,"date":"2023-03-14T15:04:26","date_gmt":"2023-03-14T14:04:26","guid":{"rendered":"https:\/\/marekkuchcinski.pl\/?p=28171"},"modified":"2023-03-15T09:05:14","modified_gmt":"2023-03-15T08:05:14","slug":"marek-kuchcinski-dla-tv-republika-dzis-mamy-analogiczna-sytuacje-do-czasow-dzialania-iv-departamentu-sb-przeciw-kosciolowi","status":"publish","type":"post","link":"https:\/\/marekkuchcinski.pl\/sk\/wydarzenia\/marek-kuchcinski-dla-tv-republika-dzis-mamy-analogiczna-sytuacje-do-czasow-dzialania-iv-departamentu-sb-przeciw-kosciolowi\/","title":{"rendered":"Marek Kuchci\u0144ski: Dnes m\u00e1me podobn\u00fa situ\u00e1ciu ako v \u010dasoch, ke\u010f 4. oddelenie \u0160tB zasahovalo proti cirkvi."},"content":{"rendered":"<p>\u0160\u00e9f premi\u00e9rskej kancel\u00e1rie v TV Republika na ot\u00e1zku o \u00fatokoch na J\u00e1na Pavla II. pripomenul, \u017ee v \u010dasoch Po\u013eskej \u013eudovej republiky existovalo 4. oddelenie \u0160tB, ktor\u00e9 sa zaoberalo bojom proti cirkvi. . \u2013 Pam\u00e4t\u00e1me si na mnoh\u00fdch v\u00fdnimo\u010dn\u00fdch \u013eud\u00ed, ktor\u00ed za vec polo\u017eili svoje \u017eivoty, napr. Jerzy Popieluszko. Pripomeniem si aj manipul\u00e1cie a \u00fatoky na k\u0148aza, vtedaj\u0161ieho biskupa, Ignacyho Tokarczuka. Obyvatelia vtedaj\u0161ej Przemy\u015blskej diec\u00e9zy, dnes cel\u00e9ho Podkarpatska, vyzbierali za kr\u00e1tky \u010das cez 200-tis\u00edc. podpisy proti \u00fatokom na biskupa. Dnes m\u00e1me podobn\u00fa situ\u00e1ciu \u2013 povedal Marek Kuchci\u0144ski.<\/p>\n\n\n\n<p>\u0160\u00e9f kancel\u00e1rie predsedu vl\u00e1dy zd\u00f4raznil, \u017ee \u00fatok na JPII je s\u00fa\u010das\u0165ou \u00fatoku na eur\u00f3psku civiliz\u00e1ciu. Dejiny Po\u013eska s\u00fa od po\u010diatku spojen\u00e9 s dejinami Cirkvi. Existujeme vy\u0161e 1050 rokov v\u010faka krstu Mie\u0161ka I., pre\u017eilo \u0165a\u017ek\u00e9 obdobia v\u010faka postoju Cirkvi a dnes J\u00e1na Pavla II., steles\u0148uj\u00faceho najlep\u0161ie symboly kres\u0165anskej civiliz\u00e1cie, oso\u010duj\u00fa \u013eavicov\u00e9 kruhy presadzuj\u00face neo- Marxizmus, oslabovanie rodiny a pocitu n\u00e1rodnej identity.<\/p>\n\n\n\n<p>Pod\u013ea Mareka Kuchci\u0144sk\u00e9ho maj\u00fa \u00fatoky na p\u00e1pe\u017ea volebn\u00fd kontext. Nie je n\u00e1hoda, \u017ee t\u00e1to t\u00e9ma sa teraz otvorila. T\u00e1bor Pr\u00e1vo a spravodlivos\u0165 s premi\u00e9rom a dvakr\u00e1t zvolen\u00fdm prezidentom zast\u00e1va princ\u00edpy najd\u00f4le\u017eitej\u0161ie pre Poliakov, kde m\u00e1 z\u00e1sadn\u00fd v\u00fdznam Cirkev a u\u010denie J\u00e1na Pavla II. Z\u00e1kladom programu PiS je presved\u010denie, \u017ee hierarchia hodn\u00f4t vypl\u00fdvaj\u00faca z katol\u00edckeho soci\u00e1lneho u\u010denia mus\u00ed s\u00favisie\u0165 aj s na\u0161imi s\u00fa\u010dasn\u00fdmi aktivitami, teda trvalo udr\u017eate\u013en\u00fdm rozvojom, podporou predt\u00fdm nepodporovan\u00fdch oblast\u00ed \u010di profesijn\u00fdch a soci\u00e1lnych skup\u00edn.<\/p>\n\n\n\n<p>Mar\u0161al zd\u00f4raznil, \u017ee ide o prirodzen\u00e9 prepojenie PiS s u\u010den\u00edm Cirkvi, hoci ide o politick\u00fa stranu, ktor\u00e1 je zodpovedn\u00e1 za v\u0161etky verejn\u00e9 z\u00e1le\u017eitosti v \u0161t\u00e1te vypl\u00fdvaj\u00face z \u00fastavy a Cirkev je univerz\u00e1lna Cirkev.<\/p>\n\n\n\n<p><\/p>","protected":false},"excerpt":{"rendered":"<p>Na antenie TV Republika szef kancelarii premiera pytany o ataki na Jana Paw\u0142a II przypomnia\u0142 o istniej\u0105cym w czasach PRL IV Departamencie w S\u0142u\u017cbie Bezpiecze\u0144stwa, kt\u00f3ry zajmowa\u0142 si\u0119 walk\u0105 z Ko\u015bcio\u0142em. \u2013 Pami\u0119tamy wielu wybitnych ludzi, kt\u00f3rzy oddali \u017cycie za spraw\u0119, cho\u0107by ks. Jerzy Popie\u0142uszko. Przypomn\u0119 r\u00f3wnie\u017c manipulacje i ataki na ks., w\u00f3wczas biskupa, Ignacego [&hellip;]<\/p>","protected":false},"author":21,"featured_media":28172,"comment_status":"closed","ping_status":"open","sticky":false,"template":"","format":"standard","meta":{"ngg_post_thumbnail":0,"footnotes":""},"categories":[3],"tags":[],"class_list":["post-28171","post","type-post","status-publish","format-standard","has-post-thumbnail","hentry","category-wydarzenia"],"yoast_head":"<!-- This site is optimized with the Yoast SEO plugin v24.7 - https:\/\/yoast.com\/wordpress\/plugins\/seo\/ -->\n<title>Marek Kuchci\u0144ski: Dzi\u015b mamy analogiczn\u0105 sytuacj\u0119 do czas\u00f3w dzia\u0142ania IV Departamentu SB przeciw Ko\u015bcio\u0142owi &#8211; Marek Kuchci\u0144ski<\/title>\n<meta name=\"robots\" content=\"index, follow, max-snippet:-1, max-image-preview:large, max-video-preview:-1\" \/>\n<link rel=\"canonical\" href=\"https:\/\/marekkuchcinski.pl\/sk\/wydarzenia\/marek-kuchcinski-dla-tv-republika-dzis-mamy-analogiczna-sytuacje-do-czasow-dzialania-iv-departamentu-sb-przeciw-kosciolowi\/\" \/>\n<meta property=\"og:locale\" content=\"sk_SK\" \/>\n<meta property=\"og:type\" content=\"article\" \/>\n<meta property=\"og:title\" content=\"Marek Kuchci\u0144ski: Dzi\u015b mamy analogiczn\u0105 sytuacj\u0119 do czas\u00f3w dzia\u0142ania IV Departamentu SB przeciw Ko\u015bcio\u0142owi &#8211; Marek Kuchci\u0144ski\" \/>\n<meta property=\"og:description\" content=\"Na antenie TV Republika szef kancelarii premiera pytany o ataki na Jana Paw\u0142a II przypomnia\u0142 o istniej\u0105cym w czasach PRL IV Departamencie w S\u0142u\u017cbie Bezpiecze\u0144stwa, kt\u00f3ry zajmowa\u0142 si\u0119 walk\u0105 z Ko\u015bcio\u0142em. \u2013 Pami\u0119tamy wielu wybitnych ludzi, kt\u00f3rzy oddali \u017cycie za spraw\u0119, cho\u0107by ks. Jerzy Popie\u0142uszko. Przypomn\u0119 r\u00f3wnie\u017c manipulacje i ataki na ks., w\u00f3wczas biskupa, Ignacego [&hellip;]\" \/>\n<meta property=\"og:url\" content=\"https:\/\/marekkuchcinski.pl\/sk\/wydarzenia\/marek-kuchcinski-dla-tv-republika-dzis-mamy-analogiczna-sytuacje-do-czasow-dzialania-iv-departamentu-sb-przeciw-kosciolowi\/\" \/>\n<meta property=\"og:site_name\" content=\"Marek Kuchci\u0144ski\" \/>\n<meta property=\"article:published_time\" content=\"2023-03-14T14:04:26+00:00\" \/>\n<meta property=\"article:modified_time\" content=\"2023-03-15T08:05:14+00:00\" \/>\n<meta property=\"og:image\" content=\"https:\/\/marekkuchcinski.pl\/wp-content\/uploads\/2023\/03\/Republika.jpg\" \/>\n\t<meta property=\"og:image:width\" content=\"1578\" \/>\n\t<meta property=\"og:image:height\" content=\"904\" \/>\n\t<meta property=\"og:image:type\" content=\"image\/jpeg\" \/>\n<meta name=\"author\" content=\"Marta Olejnik\" \/>\n<meta name=\"twitter:card\" content=\"summary_large_image\" \/>\n<meta name=\"twitter:label1\" content=\"Autor\" \/>\n\t<meta name=\"twitter:data1\" content=\"Marta Olejnik\" \/>\n\t<meta name=\"twitter:label2\" content=\"Predpokladan\u00fd \u010das \u010d\u00edtania\" \/>\n\t<meta name=\"twitter:data2\" content=\"2 min\u00faty\" \/>\n<script type=\"application\/ld+json\" class=\"yoast-schema-graph\">{\"@context\":\"https:\/\/schema.org\",\"@graph\":[{\"@type\":\"Article\",\"@id\":\"https:\/\/marekkuchcinski.pl\/wydarzenia\/marek-kuchcinski-dla-tv-republika-dzis-mamy-analogiczna-sytuacje-do-czasow-dzialania-iv-departamentu-sb-przeciw-kosciolowi\/#article\",\"isPartOf\":{\"@id\":\"https:\/\/marekkuchcinski.pl\/wydarzenia\/marek-kuchcinski-dla-tv-republika-dzis-mamy-analogiczna-sytuacje-do-czasow-dzialania-iv-departamentu-sb-przeciw-kosciolowi\/\"},\"author\":{\"name\":\"Marta Olejnik\",\"@id\":\"https:\/\/marekkuchcinski.pl\/#\/schema\/person\/51d5d4ee3b5317b8e4dd2b48af359229\"},\"headline\":\"Marek Kuchci\u0144ski: Dzi\u015b mamy analogiczn\u0105 sytuacj\u0119 do czas\u00f3w dzia\u0142ania IV Departamentu SB przeciw Ko\u015bcio\u0142owi\",\"datePublished\":\"2023-03-14T14:04:26+00:00\",\"dateModified\":\"2023-03-15T08:05:14+00:00\",\"mainEntityOfPage\":{\"@id\":\"https:\/\/marekkuchcinski.pl\/wydarzenia\/marek-kuchcinski-dla-tv-republika-dzis-mamy-analogiczna-sytuacje-do-czasow-dzialania-iv-departamentu-sb-przeciw-kosciolowi\/\"},\"wordCount\":348,\"publisher\":{\"@id\":\"https:\/\/marekkuchcinski.pl\/#organization\"},\"image\":{\"@id\":\"https:\/\/marekkuchcinski.pl\/wydarzenia\/marek-kuchcinski-dla-tv-republika-dzis-mamy-analogiczna-sytuacje-do-czasow-dzialania-iv-departamentu-sb-przeciw-kosciolowi\/#primaryimage\"},\"thumbnailUrl\":\"https:\/\/marekkuchcinski.pl\/wp-content\/uploads\/2023\/03\/Republika.jpg\",\"articleSection\":[\"Wydarzenia\"],\"inLanguage\":\"sk-SK\"},{\"@type\":\"WebPage\",\"@id\":\"https:\/\/marekkuchcinski.pl\/wydarzenia\/marek-kuchcinski-dla-tv-republika-dzis-mamy-analogiczna-sytuacje-do-czasow-dzialania-iv-departamentu-sb-przeciw-kosciolowi\/\",\"url\":\"https:\/\/marekkuchcinski.pl\/wydarzenia\/marek-kuchcinski-dla-tv-republika-dzis-mamy-analogiczna-sytuacje-do-czasow-dzialania-iv-departamentu-sb-przeciw-kosciolowi\/\",\"name\":\"Marek Kuchci\u0144ski: Dzi\u015b mamy analogiczn\u0105 sytuacj\u0119 do czas\u00f3w dzia\u0142ania IV Departamentu SB przeciw Ko\u015bcio\u0142owi &#8211; Marek Kuchci\u0144ski\",\"isPartOf\":{\"@id\":\"https:\/\/marekkuchcinski.pl\/#website\"},\"primaryImageOfPage\":{\"@id\":\"https:\/\/marekkuchcinski.pl\/wydarzenia\/marek-kuchcinski-dla-tv-republika-dzis-mamy-analogiczna-sytuacje-do-czasow-dzialania-iv-departamentu-sb-przeciw-kosciolowi\/#primaryimage\"},\"image\":{\"@id\":\"https:\/\/marekkuchcinski.pl\/wydarzenia\/marek-kuchcinski-dla-tv-republika-dzis-mamy-analogiczna-sytuacje-do-czasow-dzialania-iv-departamentu-sb-przeciw-kosciolowi\/#primaryimage\"},\"thumbnailUrl\":\"https:\/\/marekkuchcinski.pl\/wp-content\/uploads\/2023\/03\/Republika.jpg\",\"datePublished\":\"2023-03-14T14:04:26+00:00\",\"dateModified\":\"2023-03-15T08:05:14+00:00\",\"breadcrumb\":{\"@id\":\"https:\/\/marekkuchcinski.pl\/wydarzenia\/marek-kuchcinski-dla-tv-republika-dzis-mamy-analogiczna-sytuacje-do-czasow-dzialania-iv-departamentu-sb-przeciw-kosciolowi\/#breadcrumb\"},\"inLanguage\":\"sk-SK\",\"potentialAction\":[{\"@type\":\"ReadAction\",\"target\":[\"https:\/\/marekkuchcinski.pl\/wydarzenia\/marek-kuchcinski-dla-tv-republika-dzis-mamy-analogiczna-sytuacje-do-czasow-dzialania-iv-departamentu-sb-przeciw-kosciolowi\/\"]}]},{\"@type\":\"ImageObject\",\"inLanguage\":\"sk-SK\",\"@id\":\"https:\/\/marekkuchcinski.pl\/wydarzenia\/marek-kuchcinski-dla-tv-republika-dzis-mamy-analogiczna-sytuacje-do-czasow-dzialania-iv-departamentu-sb-przeciw-kosciolowi\/#primaryimage\",\"url\":\"https:\/\/marekkuchcinski.pl\/wp-content\/uploads\/2023\/03\/Republika.jpg\",\"contentUrl\":\"https:\/\/marekkuchcinski.pl\/wp-content\/uploads\/2023\/03\/Republika.jpg\",\"width\":1578,\"height\":904},{\"@type\":\"BreadcrumbList\",\"@id\":\"https:\/\/marekkuchcinski.pl\/wydarzenia\/marek-kuchcinski-dla-tv-republika-dzis-mamy-analogiczna-sytuacje-do-czasow-dzialania-iv-departamentu-sb-przeciw-kosciolowi\/#breadcrumb\",\"itemListElement\":[{\"@type\":\"ListItem\",\"position\":1,\"name\":\"Strona g\u0142\u00f3wna\",\"item\":\"https:\/\/marekkuchcinski.pl\/\"},{\"@type\":\"ListItem\",\"position\":2,\"name\":\"Marek Kuchci\u0144ski: Dzi\u015b mamy analogiczn\u0105 sytuacj\u0119 do czas\u00f3w dzia\u0142ania IV Departamentu SB przeciw Ko\u015bcio\u0142owi\"}]},{\"@type\":\"WebSite\",\"@id\":\"https:\/\/marekkuchcinski.pl\/#website\",\"url\":\"https:\/\/marekkuchcinski.pl\/\",\"name\":\"Marek Kuchci\u0144ski\",\"description\":\"Pose\u0142 na sejm RP &ndash; okr\u0119g nr 22\",\"publisher\":{\"@id\":\"https:\/\/marekkuchcinski.pl\/#organization\"},\"potentialAction\":[{\"@type\":\"SearchAction\",\"target\":{\"@type\":\"EntryPoint\",\"urlTemplate\":\"https:\/\/marekkuchcinski.pl\/?s={search_term_string}\"},\"query-input\":{\"@type\":\"PropertyValueSpecification\",\"valueRequired\":true,\"valueName\":\"search_term_string\"}}],\"inLanguage\":\"sk-SK\"},{\"@type\":\"Organization\",\"@id\":\"https:\/\/marekkuchcinski.pl\/#organization\",\"name\":\"Marek Kuchci\u0144ski\",\"url\":\"https:\/\/marekkuchcinski.pl\/\",\"logo\":{\"@type\":\"ImageObject\",\"inLanguage\":\"sk-SK\",\"@id\":\"https:\/\/marekkuchcinski.pl\/#\/schema\/logo\/image\/\",\"url\":\"https:\/\/marekkuchcinski.pl\/wp-content\/uploads\/2022\/09\/Marek.jpg\",\"contentUrl\":\"https:\/\/marekkuchcinski.pl\/wp-content\/uploads\/2022\/09\/Marek.jpg\",\"width\":1600,\"height\":971,\"caption\":\"Marek Kuchci\u0144ski\"},\"image\":{\"@id\":\"https:\/\/marekkuchcinski.pl\/#\/schema\/logo\/image\/\"}},{\"@type\":\"Person\",\"@id\":\"https:\/\/marekkuchcinski.pl\/#\/schema\/person\/51d5d4ee3b5317b8e4dd2b48af359229\",\"name\":\"Marta Olejnik\",\"image\":{\"@type\":\"ImageObject\",\"inLanguage\":\"sk-SK\",\"@id\":\"https:\/\/marekkuchcinski.pl\/#\/schema\/person\/image\/\",\"url\":\"https:\/\/secure.gravatar.com\/avatar\/e39914b2aa6a48959e24d475b5dc9793?s=96&d=mm&r=g\",\"contentUrl\":\"https:\/\/secure.gravatar.com\/avatar\/e39914b2aa6a48959e24d475b5dc9793?s=96&d=mm&r=g\",\"caption\":\"Marta Olejnik\"},\"url\":\"https:\/\/marekkuchcinski.pl\/sk\/author\/marta\/\"}]}<\/script>\n<!-- \/ Yoast SEO plugin. -->","yoast_head_json":{"title":"Marek Kuchci\u0144ski: Dzi\u015b mamy analogiczn\u0105 sytuacj\u0119 do czas\u00f3w dzia\u0142ania IV Departamentu SB przeciw Ko\u015bcio\u0142owi &#8211; Marek Kuchci\u0144ski","robots":{"index":"index","follow":"follow","max-snippet":"max-snippet:-1","max-image-preview":"max-image-preview:large","max-video-preview":"max-video-preview:-1"},"canonical":"https:\/\/marekkuchcinski.pl\/sk\/wydarzenia\/marek-kuchcinski-dla-tv-republika-dzis-mamy-analogiczna-sytuacje-do-czasow-dzialania-iv-departamentu-sb-przeciw-kosciolowi\/","og_locale":"sk_SK","og_type":"article","og_title":"Marek Kuchci\u0144ski: Dzi\u015b mamy analogiczn\u0105 sytuacj\u0119 do czas\u00f3w dzia\u0142ania IV Departamentu SB przeciw Ko\u015bcio\u0142owi &#8211; Marek Kuchci\u0144ski","og_description":"Na antenie TV Republika szef kancelarii premiera pytany o ataki na Jana Paw\u0142a II przypomnia\u0142 o istniej\u0105cym w czasach PRL IV Departamencie w S\u0142u\u017cbie Bezpiecze\u0144stwa, kt\u00f3ry zajmowa\u0142 si\u0119 walk\u0105 z Ko\u015bcio\u0142em. \u2013 Pami\u0119tamy wielu wybitnych ludzi, kt\u00f3rzy oddali \u017cycie za spraw\u0119, cho\u0107by ks. Jerzy Popie\u0142uszko. Przypomn\u0119 r\u00f3wnie\u017c manipulacje i ataki na ks., w\u00f3wczas biskupa, Ignacego [&hellip;]","og_url":"https:\/\/marekkuchcinski.pl\/sk\/wydarzenia\/marek-kuchcinski-dla-tv-republika-dzis-mamy-analogiczna-sytuacje-do-czasow-dzialania-iv-departamentu-sb-przeciw-kosciolowi\/","og_site_name":"Marek Kuchci\u0144ski","article_published_time":"2023-03-14T14:04:26+00:00","article_modified_time":"2023-03-15T08:05:14+00:00","og_image":[{"width":1578,"height":904,"url":"https:\/\/marekkuchcinski.pl\/wp-content\/uploads\/2023\/03\/Republika.jpg","type":"image\/jpeg"}],"author":"Marta Olejnik","twitter_card":"summary_large_image","twitter_misc":{"Autor":"Marta Olejnik","Predpokladan\u00fd \u010das \u010d\u00edtania":"2 min\u00faty"},"schema":{"@context":"https:\/\/schema.org","@graph":[{"@type":"Article","@id":"https:\/\/marekkuchcinski.pl\/wydarzenia\/marek-kuchcinski-dla-tv-republika-dzis-mamy-analogiczna-sytuacje-do-czasow-dzialania-iv-departamentu-sb-przeciw-kosciolowi\/#article","isPartOf":{"@id":"https:\/\/marekkuchcinski.pl\/wydarzenia\/marek-kuchcinski-dla-tv-republika-dzis-mamy-analogiczna-sytuacje-do-czasow-dzialania-iv-departamentu-sb-przeciw-kosciolowi\/"},"author":{"name":"Marta Olejnik","@id":"https:\/\/marekkuchcinski.pl\/#\/schema\/person\/51d5d4ee3b5317b8e4dd2b48af359229"},"headline":"Marek Kuchci\u0144ski: Dzi\u015b mamy analogiczn\u0105 sytuacj\u0119 do czas\u00f3w dzia\u0142ania IV Departamentu SB przeciw Ko\u015bcio\u0142owi","datePublished":"2023-03-14T14:04:26+00:00","dateModified":"2023-03-15T08:05:14+00:00","mainEntityOfPage":{"@id":"https:\/\/marekkuchcinski.pl\/wydarzenia\/marek-kuchcinski-dla-tv-republika-dzis-mamy-analogiczna-sytuacje-do-czasow-dzialania-iv-departamentu-sb-przeciw-kosciolowi\/"},"wordCount":348,"publisher":{"@id":"https:\/\/marekkuchcinski.pl\/#organization"},"image":{"@id":"https:\/\/marekkuchcinski.pl\/wydarzenia\/marek-kuchcinski-dla-tv-republika-dzis-mamy-analogiczna-sytuacje-do-czasow-dzialania-iv-departamentu-sb-przeciw-kosciolowi\/#primaryimage"},"thumbnailUrl":"https:\/\/marekkuchcinski.pl\/wp-content\/uploads\/2023\/03\/Republika.jpg","articleSection":["Wydarzenia"],"inLanguage":"sk-SK"},{"@type":"WebPage","@id":"https:\/\/marekkuchcinski.pl\/wydarzenia\/marek-kuchcinski-dla-tv-republika-dzis-mamy-analogiczna-sytuacje-do-czasow-dzialania-iv-departamentu-sb-przeciw-kosciolowi\/","url":"https:\/\/marekkuchcinski.pl\/wydarzenia\/marek-kuchcinski-dla-tv-republika-dzis-mamy-analogiczna-sytuacje-do-czasow-dzialania-iv-departamentu-sb-przeciw-kosciolowi\/","name":"Marek Kuchci\u0144ski: Dzi\u015b mamy analogiczn\u0105 sytuacj\u0119 do czas\u00f3w dzia\u0142ania IV Departamentu SB przeciw Ko\u015bcio\u0142owi &#8211; Marek Kuchci\u0144ski","isPartOf":{"@id":"https:\/\/marekkuchcinski.pl\/#website"},"primaryImageOfPage":{"@id":"https:\/\/marekkuchcinski.pl\/wydarzenia\/marek-kuchcinski-dla-tv-republika-dzis-mamy-analogiczna-sytuacje-do-czasow-dzialania-iv-departamentu-sb-przeciw-kosciolowi\/#primaryimage"},"image":{"@id":"https:\/\/marekkuchcinski.pl\/wydarzenia\/marek-kuchcinski-dla-tv-republika-dzis-mamy-analogiczna-sytuacje-do-czasow-dzialania-iv-departamentu-sb-przeciw-kosciolowi\/#primaryimage"},"thumbnailUrl":"https:\/\/marekkuchcinski.pl\/wp-content\/uploads\/2023\/03\/Republika.jpg","datePublished":"2023-03-14T14:04:26+00:00","dateModified":"2023-03-15T08:05:14+00:00","breadcrumb":{"@id":"https:\/\/marekkuchcinski.pl\/wydarzenia\/marek-kuchcinski-dla-tv-republika-dzis-mamy-analogiczna-sytuacje-do-czasow-dzialania-iv-departamentu-sb-przeciw-kosciolowi\/#breadcrumb"},"inLanguage":"sk-SK","potentialAction":[{"@type":"ReadAction","target":["https:\/\/marekkuchcinski.pl\/wydarzenia\/marek-kuchcinski-dla-tv-republika-dzis-mamy-analogiczna-sytuacje-do-czasow-dzialania-iv-departamentu-sb-przeciw-kosciolowi\/"]}]},{"@type":"ImageObject","inLanguage":"sk-SK","@id":"https:\/\/marekkuchcinski.pl\/wydarzenia\/marek-kuchcinski-dla-tv-republika-dzis-mamy-analogiczna-sytuacje-do-czasow-dzialania-iv-departamentu-sb-przeciw-kosciolowi\/#primaryimage","url":"https:\/\/marekkuchcinski.pl\/wp-content\/uploads\/2023\/03\/Republika.jpg","contentUrl":"https:\/\/marekkuchcinski.pl\/wp-content\/uploads\/2023\/03\/Republika.jpg","width":1578,"height":904},{"@type":"BreadcrumbList","@id":"https:\/\/marekkuchcinski.pl\/wydarzenia\/marek-kuchcinski-dla-tv-republika-dzis-mamy-analogiczna-sytuacje-do-czasow-dzialania-iv-departamentu-sb-przeciw-kosciolowi\/#breadcrumb","itemListElement":[{"@type":"ListItem","position":1,"name":"Strona g\u0142\u00f3wna","item":"https:\/\/marekkuchcinski.pl\/"},{"@type":"ListItem","position":2,"name":"Marek Kuchci\u0144ski: Dzi\u015b mamy analogiczn\u0105 sytuacj\u0119 do czas\u00f3w dzia\u0142ania IV Departamentu SB przeciw Ko\u015bcio\u0142owi"}]},{"@type":"WebSite","@id":"https:\/\/marekkuchcinski.pl\/#website","url":"https:\/\/marekkuchcinski.pl\/","name":"Marek Kuchci\u0144ski","description":"Pose\u0142 na sejm RP &ndash; okr\u0119g nr 22","publisher":{"@id":"https:\/\/marekkuchcinski.pl\/#organization"},"potentialAction":[{"@type":"SearchAction","target":{"@type":"EntryPoint","urlTemplate":"https:\/\/marekkuchcinski.pl\/?s={search_term_string}"},"query-input":{"@type":"PropertyValueSpecification","valueRequired":true,"valueName":"search_term_string"}}],"inLanguage":"sk-SK"},{"@type":"Organization","@id":"https:\/\/marekkuchcinski.pl\/#organization","name":"Marek Kuchci\u0144ski","url":"https:\/\/marekkuchcinski.pl\/","logo":{"@type":"ImageObject","inLanguage":"sk-SK","@id":"https:\/\/marekkuchcinski.pl\/#\/schema\/logo\/image\/","url":"https:\/\/marekkuchcinski.pl\/wp-content\/uploads\/2022\/09\/Marek.jpg","contentUrl":"https:\/\/marekkuchcinski.pl\/wp-content\/uploads\/2022\/09\/Marek.jpg","width":1600,"height":971,"caption":"Marek Kuchci\u0144ski"},"image":{"@id":"https:\/\/marekkuchcinski.pl\/#\/schema\/logo\/image\/"}},{"@type":"Person","@id":"https:\/\/marekkuchcinski.pl\/#\/schema\/person\/51d5d4ee3b5317b8e4dd2b48af359229","name":"Marta Olejnik","image":{"@type":"ImageObject","inLanguage":"sk-SK","@id":"https:\/\/marekkuchcinski.pl\/#\/schema\/person\/image\/","url":"https:\/\/secure.gravatar.com\/avatar\/e39914b2aa6a48959e24d475b5dc9793?s=96&d=mm&r=g","contentUrl":"https:\/\/secure.gravatar.com\/avatar\/e39914b2aa6a48959e24d475b5dc9793?s=96&d=mm&r=g","caption":"Marta Olejnik"},"url":"https:\/\/marekkuchcinski.pl\/sk\/author\/marta\/"}]}},"_links":{"self":[{"href":"https:\/\/marekkuchcinski.pl\/sk\/wp-json\/wp\/v2\/posts\/28171","targetHints":{"allow":["GET"]}}],"collection":[{"href":"https:\/\/marekkuchcinski.pl\/sk\/wp-json\/wp\/v2\/posts"}],"about":[{"href":"https:\/\/marekkuchcinski.pl\/sk\/wp-json\/wp\/v2\/types\/post"}],"author":[{"embeddable":true,"href":"https:\/\/marekkuchcinski.pl\/sk\/wp-json\/wp\/v2\/users\/21"}],"replies":[{"embeddable":true,"href":"https:\/\/marekkuchcinski.pl\/sk\/wp-json\/wp\/v2\/comments?post=28171"}],"version-history":[{"count":5,"href":"https:\/\/marekkuchcinski.pl\/sk\/wp-json\/wp\/v2\/posts\/28171\/revisions"}],"predecessor-version":[{"id":28179,"href":"https:\/\/marekkuchcinski.pl\/sk\/wp-json\/wp\/v2\/posts\/28171\/revisions\/28179"}],"wp:featuredmedia":[{"embeddable":true,"href":"https:\/\/marekkuchcinski.pl\/sk\/wp-json\/wp\/v2\/media\/28172"}],"wp:attachment":[{"href":"https:\/\/marekkuchcinski.pl\/sk\/wp-json\/wp\/v2\/media?parent=28171"}],"wp:term":[{"taxonomy":"category","embeddable":true,"href":"https:\/\/marekkuchcinski.pl\/sk\/wp-json\/wp\/v2\/categories?post=28171"},{"taxonomy":"post_tag","embeddable":true,"href":"https:\/\/marekkuchcinski.pl\/sk\/wp-json\/wp\/v2\/tags?post=28171"}],"curies":[{"name":"wp","href":"https:\/\/api.w.org\/{rel}","templated":true}]}}