{"id":28108,"date":"2023-03-06T13:08:48","date_gmt":"2023-03-06T12:08:48","guid":{"rendered":"https:\/\/marekkuchcinski.pl\/?p=28108"},"modified":"2023-03-06T13:08:48","modified_gmt":"2023-03-06T12:08:48","slug":"ponad-21-mln-zl-na-gruntowna-modernizacje-zespolu-szkol-muzycznych-w-przemyslu","status":"publish","type":"post","link":"https:\/\/marekkuchcinski.pl\/sk\/wydarzenia\/ponad-21-mln-zl-na-gruntowna-modernizacje-zespolu-szkol-muzycznych-w-przemyslu\/","title":{"rendered":"Viac ako 21 mili\u00f3nov PLN na d\u00f4kladn\u00fa moderniz\u00e1ciu komplexu hudobn\u00fdch \u0161k\u00f4l v Przemy\u015bli"},"content":{"rendered":"<p>\u201eV\u010faka programu tepelnej moderniz\u00e1cie m\u00f4\u017eu \u017eiaci, u\u010ditelia aj rodi\u010dia vyu\u017e\u00edva\u0165 modern\u00e9 zariadenie, ktor\u00e9 sme posunuli do 21. storo\u010dia. Podobn\u00e9 pr\u00e1ce sa v posledn\u00fdch rokoch realizovali na 140 umeleck\u00fdch \u0161kol\u00e1ch. Pribudlo aj 20 nov\u00fdch koncertn\u00fdch s\u00e1l v hudobn\u00fdch \u0161kol\u00e1ch, \u010dasto v mal\u00fdch mest\u00e1ch,\u201c povedal podpredseda vl\u00e1dy, minister kult\u00fary a n\u00e1rodn\u00e9ho dedi\u010dstva prof. Piotr Gli\u0144ski po\u010das otvorenia Komplexu \u0161t\u00e1tnych hudobn\u00fdch \u0161k\u00f4l pomenovan\u00e9ho po Artura Malawsk\u00e9ho v Przemy\u015bli po ukon\u010den\u00ed projektu termomoderniz\u00e1cie.<\/p>\n\n\n\n<p>Podpredseda vl\u00e1dy pripomenul, \u017ee za posledn\u00fdch sedem rokov sa rozpo\u010det ministerstva kult\u00fary zv\u00fd\u0161il o vy\u0161e 100% \u2013 z 3,5 miliardy PLN na vy\u0161e 7 mili\u00e1rd PLN. Celkovo bolo na invest\u00edcie do umeleck\u00e9ho vzdel\u00e1vania vy\u010dlenen\u00fdch viac ako 1,5 miliardy PLN.<\/p>\n\n\n\n<blockquote class=\"wp-block-quote is-layout-flow wp-block-quote-is-layout-flow\">\n<p>Ministerstvo poskytlo finan\u010dn\u00e9 prostriedky na t\u00fato invest\u00edciu, na tepeln\u00fa moderniz\u00e1ciu \u0161koly, ale podarilo sa ju zrealizova\u0165 v\u010faka dobr\u00fdm hostite\u013eom a efekt\u00edvnym organiz\u00e1torom. Ak Ministerstvo kult\u00fary a n\u00e1rodn\u00e9ho dedi\u010dstva po\u010das siedmich rokov realizovalo alebo realizuje 6272 invest\u00edci\u00ed, je to len v\u010faka dobrej pr\u00e1ci investorov, v\u0161etk\u00fdch rezortov a v\u0161etk\u00fdch politick\u00fdch mo\u017enost\u00ed. Realizujeme aj ve\u013ek\u00e9 projekty, ak\u00fdmi s\u00fa kampus Hudobnej akad\u00e9mie v Bydgoszczi alebo roz\u0161\u00edrenie Hudobnej akad\u00e9mie v Katoviciach \u2013 povedal prof. Piotr Glinski.<\/p>\n<\/blockquote>\n\n\n\n<p>\u0160\u00e9f rezortu kult\u00fary zd\u00f4raznil, \u017ee rozsah invest\u00edci\u00ed je d\u00f4le\u017eit\u00fd a mus\u00ed by\u0165 pripraven\u00fd tak, aby vyhovoval potreb\u00e1m \u0161koly.<\/p>\n\n\n\n<blockquote class=\"wp-block-quote is-layout-flow wp-block-quote-is-layout-flow\">\n<p>Ministerstvo je tu na to, aby tak\u00e9to iniciat\u00edvy podporovalo, zap\u00e1jalo sa do nich v spolupr\u00e1ci s komunitou a samospr\u00e1vou. Realizujeme verejn\u00e9 blaho, \u010do sa v kone\u010dnom d\u00f4sledku pretav\u00ed do v\u0161etk\u00fdch t\u00fdchto invest\u00edci\u00ed a aktiv\u00edt, upozornil podpredseda vl\u00e1dy.<\/p>\n<\/blockquote>\n\n\n\n<p>Minister kult\u00fary a n\u00e1rodn\u00e9ho dedi\u010dstva po\u010fakoval vedeniu a zamestnancom \u0161koly, ako aj architektom a dod\u00e1vate\u013eom, ktor\u00fdch spolupr\u00e1ca priniesla tak\u00e9 dobr\u00e9 v\u00fdsledky.<\/p>\n\n\n\n<h3 class=\"wp-block-heading\">Moderniz\u00e1cia a n\u00e1kup zariaden\u00ed pre ZPSM v Przemy\u015bli<\/h3>\n\n\n\n<p>V r\u00e1mci projektu realizovan\u00e9ho Ministerstvom kult\u00fary a n\u00e1rodn\u00e9ho dedi\u010dstva v rokoch 2020 \u2013 2022 pod n\u00e1zvom \u201eKomplexn\u00e1 energetick\u00e1 moderniz\u00e1cia vybran\u00fdch zariaden\u00ed umeleck\u00e9ho vzdel\u00e1vania v Po\u013esku\u201c z\u00edskala \u0161kola finan\u010dn\u00e9 prostriedky vo v\u00fd\u0161ke 19,5 mili\u00f3na PLN. Uskuto\u010dnila sa komplexn\u00e1 rekon\u0161trukcia a tepeln\u00e1 moderniz\u00e1cia 3 historick\u00fdch budov \u0161koly. Vykonan\u00e9 pr\u00e1ce pod\u010diarkli ich historick\u00fd charakter.<\/p>\n\n\n\n<p>V rokoch 2016-2022 \u0161kola tie\u017e z\u00edskala z prostriedkov Ministerstva kult\u00fary a n\u00e1rodn\u00e9ho dedi\u010dstva a Centra umeleck\u00e9ho vzdel\u00e1vania viac ako 4 mili\u00f3ny PLN na investi\u010dn\u00e9 v\u00fddavky, rekon\u0161trukcie, n\u00e1kup u\u010debn\u00fdch a investi\u010dn\u00fdch pom\u00f4cok.<\/p>\n\n\n\n<h3 class=\"wp-block-heading\">O \u0161kole<\/h3>\n\n\n\n<p>\u0160t\u00e1tna hudobn\u00e1 \u0161kola v Przemy\u015bli bola zalo\u017een\u00e1 v roku 1954. Spo\u010diatku vzdel\u00e1vala na \u00farovni z\u00e1kladnej \u0161koly v oddelen\u00ed 7-ro\u010dn\u00fdch det\u00ed. Hudobn\u00e9 \u0161kolstvo v Przemy\u015bli sa za 68 rokov svojej hist\u00f3rie rozv\u00edjalo ve\u013emi dynamicky - vznikli: \u0160t\u00e1tna hudobn\u00e1 \u0161kola 2. stup\u0148a a potom V\u0161eobecn\u00e1 hudobn\u00e1 \u0161kola 1. a 2. stup\u0148a.<\/p>\n\n\n\n<p>V roku 1980 bol pomenovan\u00fd Komplex hudobn\u00fdch \u0161k\u00f4l Artura Malawsk\u00e9ho v Przemy\u015bli, v roku 1994 premenovan\u00e9ho na Komplex \u0161t\u00e1tnych hudobn\u00fdch \u0161k\u00f4l. Artur Malawski v Przemy\u015bli. V s\u00fa\u010dasnosti are\u00e1l \u0161koly tvoria: Obecn\u00e1 hudobn\u00e1 \u0161kola 1. a 2. stup\u0148a a \u0160t\u00e1tna hudobn\u00e1 \u0161kola 1. a 2. stup\u0148a.<\/p>\n\n\n\n<p>Od zalo\u017eenia zariadenia opustilo jeho m\u00fary viac ako 3000 \u013eud\u00ed. \u017eiakov. Medzi nimi je mnoho zn\u00e1mych a uzn\u00e1van\u00fdch lektorov po\u013esk\u00fdch a zahrani\u010dn\u00fdch hudobn\u00fdch akad\u00e9mi\u00ed, ako aj \u00fa\u010dinkuj\u00facich hudobn\u00edkov. V s\u00fa\u010dasnosti sa na ZPSM v Przemy\u015bli vzdel\u00e1va cez 500 \u0161tudentov.<\/p>\n\n\n\n<p>\u017diaci \u0161koly z\u00edskali vavr\u00edny na mnoh\u00fdch prest\u00ed\u017enych dom\u00e1cich a zahrani\u010dn\u00fdch s\u00fa\u0165a\u017eiach, prezentovali svoje schopnosti na koncertoch doma i v zahrani\u010d\u00ed.<\/p>\n\n\n\n<p>\u0160kola je v\u00fdznamn\u00fdm centrom kult\u00farneho \u017eivota mesta a regi\u00f3nu. Okrem vzdel\u00e1vac\u00edch \u00faloh a kult\u00farnych aktiv\u00edt pre mesto je aj organiz\u00e1torom mnoh\u00fdch n\u00e1rodn\u00fdch a medzin\u00e1rodn\u00fdch umeleck\u00fdch podujat\u00ed. Najv\u00fdznamnej\u0161ie s\u00fa: Medzin\u00e1rodn\u00fd festival akorde\u00f3novej hudby a N\u00e1rodn\u00e1 klav\u00edrna s\u00fa\u0165a\u017e \u201eStretnutia det\u00ed s klav\u00edrnou hudbou \u2013 od v\u00e1\u017enej hudby po z\u00e1bavu\u201c.<\/p>\n\n\n\n<p><\/p>\n\n\n\n<figure class=\"wp-block-image size-large\"><a href=\"https:\/\/marekkuchcinski.pl\/wp-content\/uploads\/2023\/03\/333770441_120916520778182_38355171208256277_n.jpg\"><img fetchpriority=\"high\" decoding=\"async\" width=\"1024\" height=\"697\" src=\"https:\/\/marekkuchcinski.pl\/wp-content\/uploads\/2023\/03\/333770441_120916520778182_38355171208256277_n-1024x697.jpg\" alt=\"\" class=\"wp-image-28109\" srcset=\"https:\/\/marekkuchcinski.pl\/wp-content\/uploads\/2023\/03\/333770441_120916520778182_38355171208256277_n-1024x697.jpg 1024w, https:\/\/marekkuchcinski.pl\/wp-content\/uploads\/2023\/03\/333770441_120916520778182_38355171208256277_n-300x204.jpg 300w, https:\/\/marekkuchcinski.pl\/wp-content\/uploads\/2023\/03\/333770441_120916520778182_38355171208256277_n-768x523.jpg 768w, https:\/\/marekkuchcinski.pl\/wp-content\/uploads\/2023\/03\/333770441_120916520778182_38355171208256277_n-1536x1045.jpg 1536w, https:\/\/marekkuchcinski.pl\/wp-content\/uploads\/2023\/03\/333770441_120916520778182_38355171208256277_n-18x12.jpg 18w, https:\/\/marekkuchcinski.pl\/wp-content\/uploads\/2023\/03\/333770441_120916520778182_38355171208256277_n.jpg 1600w\" sizes=\"(max-width: 1024px) 100vw, 1024px\" \/><\/a><\/figure>","protected":false},"excerpt":{"rendered":"<p>\u201eDzi\u0119ki programowi termomodernizacji zar\u00f3wno uczniowie, nauczyciele, jak i rodzice mog\u0105 korzysta\u0107 z nowoczesnej plac\u00f3wki, kt\u00f3r\u0105 przenie\u015bli\u015bmy w XXI wiek. Podobne prace w ostatnich latach wykonano w 140 szko\u0142ach artystycznych. Powsta\u0142o te\u017c 20 nowych sal koncertowych w szko\u0142ach muzycznych znajduj\u0105cych si\u0119 cz\u0119sto w ma\u0142ych miejscowo\u015bciach\u201d &#8211; powiedzia\u0142 wicepremier, minister kultury i dziedzictwa narodowego prof. Piotr Gli\u0144ski [&hellip;]<\/p>","protected":false},"author":21,"featured_media":28109,"comment_status":"closed","ping_status":"open","sticky":false,"template":"","format":"standard","meta":{"ngg_post_thumbnail":0,"footnotes":""},"categories":[3],"tags":[],"class_list":["post-28108","post","type-post","status-publish","format-standard","has-post-thumbnail","hentry","category-wydarzenia"],"yoast_head":"<!-- This site is optimized with the Yoast SEO plugin v24.7 - https:\/\/yoast.com\/wordpress\/plugins\/seo\/ -->\n<title>Ponad 21 mln z\u0142 na gruntown\u0105 modernizacj\u0119 zespo\u0142u szk\u00f3\u0142 muzycznych w Przemy\u015blu &#8211; Marek Kuchci\u0144ski<\/title>\n<meta name=\"robots\" content=\"index, follow, max-snippet:-1, max-image-preview:large, max-video-preview:-1\" \/>\n<link rel=\"canonical\" href=\"https:\/\/marekkuchcinski.pl\/sk\/wydarzenia\/ponad-21-mln-zl-na-gruntowna-modernizacje-zespolu-szkol-muzycznych-w-przemyslu\/\" \/>\n<meta property=\"og:locale\" content=\"sk_SK\" \/>\n<meta property=\"og:type\" content=\"article\" \/>\n<meta property=\"og:title\" content=\"Ponad 21 mln z\u0142 na gruntown\u0105 modernizacj\u0119 zespo\u0142u szk\u00f3\u0142 muzycznych w Przemy\u015blu &#8211; Marek Kuchci\u0144ski\" \/>\n<meta property=\"og:description\" content=\"\u201eDzi\u0119ki programowi termomodernizacji zar\u00f3wno uczniowie, nauczyciele, jak i rodzice mog\u0105 korzysta\u0107 z nowoczesnej plac\u00f3wki, kt\u00f3r\u0105 przenie\u015bli\u015bmy w XXI wiek. Podobne prace w ostatnich latach wykonano w 140 szko\u0142ach artystycznych. Powsta\u0142o te\u017c 20 nowych sal koncertowych w szko\u0142ach muzycznych znajduj\u0105cych si\u0119 cz\u0119sto w ma\u0142ych miejscowo\u015bciach\u201d &#8211; powiedzia\u0142 wicepremier, minister kultury i dziedzictwa narodowego prof. Piotr Gli\u0144ski [&hellip;]\" \/>\n<meta property=\"og:url\" content=\"https:\/\/marekkuchcinski.pl\/sk\/wydarzenia\/ponad-21-mln-zl-na-gruntowna-modernizacje-zespolu-szkol-muzycznych-w-przemyslu\/\" \/>\n<meta property=\"og:site_name\" content=\"Marek Kuchci\u0144ski\" \/>\n<meta property=\"article:published_time\" content=\"2023-03-06T12:08:48+00:00\" \/>\n<meta property=\"og:image\" content=\"https:\/\/marekkuchcinski.pl\/wp-content\/uploads\/2023\/03\/333770441_120916520778182_38355171208256277_n.jpg\" \/>\n\t<meta property=\"og:image:width\" content=\"1600\" \/>\n\t<meta property=\"og:image:height\" content=\"1089\" \/>\n\t<meta property=\"og:image:type\" content=\"image\/jpeg\" \/>\n<meta name=\"author\" content=\"Marta Olejnik\" \/>\n<meta name=\"twitter:card\" content=\"summary_large_image\" \/>\n<meta name=\"twitter:label1\" content=\"Autor\" \/>\n\t<meta name=\"twitter:data1\" content=\"Marta Olejnik\" \/>\n\t<meta name=\"twitter:label2\" content=\"Predpokladan\u00fd \u010das \u010d\u00edtania\" \/>\n\t<meta name=\"twitter:data2\" content=\"4 min\u00faty\" \/>\n<script type=\"application\/ld+json\" class=\"yoast-schema-graph\">{\"@context\":\"https:\/\/schema.org\",\"@graph\":[{\"@type\":\"Article\",\"@id\":\"https:\/\/marekkuchcinski.pl\/wydarzenia\/ponad-21-mln-zl-na-gruntowna-modernizacje-zespolu-szkol-muzycznych-w-przemyslu\/#article\",\"isPartOf\":{\"@id\":\"https:\/\/marekkuchcinski.pl\/wydarzenia\/ponad-21-mln-zl-na-gruntowna-modernizacje-zespolu-szkol-muzycznych-w-przemyslu\/\"},\"author\":{\"name\":\"Marta Olejnik\",\"@id\":\"https:\/\/marekkuchcinski.pl\/#\/schema\/person\/51d5d4ee3b5317b8e4dd2b48af359229\"},\"headline\":\"Ponad 21 mln z\u0142 na gruntown\u0105 modernizacj\u0119 zespo\u0142u szk\u00f3\u0142 muzycznych w Przemy\u015blu\",\"datePublished\":\"2023-03-06T12:08:48+00:00\",\"mainEntityOfPage\":{\"@id\":\"https:\/\/marekkuchcinski.pl\/wydarzenia\/ponad-21-mln-zl-na-gruntowna-modernizacje-zespolu-szkol-muzycznych-w-przemyslu\/\"},\"wordCount\":653,\"publisher\":{\"@id\":\"https:\/\/marekkuchcinski.pl\/#organization\"},\"image\":{\"@id\":\"https:\/\/marekkuchcinski.pl\/wydarzenia\/ponad-21-mln-zl-na-gruntowna-modernizacje-zespolu-szkol-muzycznych-w-przemyslu\/#primaryimage\"},\"thumbnailUrl\":\"https:\/\/marekkuchcinski.pl\/wp-content\/uploads\/2023\/03\/333770441_120916520778182_38355171208256277_n.jpg\",\"articleSection\":[\"Wydarzenia\"],\"inLanguage\":\"sk-SK\"},{\"@type\":\"WebPage\",\"@id\":\"https:\/\/marekkuchcinski.pl\/wydarzenia\/ponad-21-mln-zl-na-gruntowna-modernizacje-zespolu-szkol-muzycznych-w-przemyslu\/\",\"url\":\"https:\/\/marekkuchcinski.pl\/wydarzenia\/ponad-21-mln-zl-na-gruntowna-modernizacje-zespolu-szkol-muzycznych-w-przemyslu\/\",\"name\":\"Ponad 21 mln z\u0142 na gruntown\u0105 modernizacj\u0119 zespo\u0142u szk\u00f3\u0142 muzycznych w Przemy\u015blu &#8211; Marek Kuchci\u0144ski\",\"isPartOf\":{\"@id\":\"https:\/\/marekkuchcinski.pl\/#website\"},\"primaryImageOfPage\":{\"@id\":\"https:\/\/marekkuchcinski.pl\/wydarzenia\/ponad-21-mln-zl-na-gruntowna-modernizacje-zespolu-szkol-muzycznych-w-przemyslu\/#primaryimage\"},\"image\":{\"@id\":\"https:\/\/marekkuchcinski.pl\/wydarzenia\/ponad-21-mln-zl-na-gruntowna-modernizacje-zespolu-szkol-muzycznych-w-przemyslu\/#primaryimage\"},\"thumbnailUrl\":\"https:\/\/marekkuchcinski.pl\/wp-content\/uploads\/2023\/03\/333770441_120916520778182_38355171208256277_n.jpg\",\"datePublished\":\"2023-03-06T12:08:48+00:00\",\"breadcrumb\":{\"@id\":\"https:\/\/marekkuchcinski.pl\/wydarzenia\/ponad-21-mln-zl-na-gruntowna-modernizacje-zespolu-szkol-muzycznych-w-przemyslu\/#breadcrumb\"},\"inLanguage\":\"sk-SK\",\"potentialAction\":[{\"@type\":\"ReadAction\",\"target\":[\"https:\/\/marekkuchcinski.pl\/wydarzenia\/ponad-21-mln-zl-na-gruntowna-modernizacje-zespolu-szkol-muzycznych-w-przemyslu\/\"]}]},{\"@type\":\"ImageObject\",\"inLanguage\":\"sk-SK\",\"@id\":\"https:\/\/marekkuchcinski.pl\/wydarzenia\/ponad-21-mln-zl-na-gruntowna-modernizacje-zespolu-szkol-muzycznych-w-przemyslu\/#primaryimage\",\"url\":\"https:\/\/marekkuchcinski.pl\/wp-content\/uploads\/2023\/03\/333770441_120916520778182_38355171208256277_n.jpg\",\"contentUrl\":\"https:\/\/marekkuchcinski.pl\/wp-content\/uploads\/2023\/03\/333770441_120916520778182_38355171208256277_n.jpg\",\"width\":1600,\"height\":1089},{\"@type\":\"BreadcrumbList\",\"@id\":\"https:\/\/marekkuchcinski.pl\/wydarzenia\/ponad-21-mln-zl-na-gruntowna-modernizacje-zespolu-szkol-muzycznych-w-przemyslu\/#breadcrumb\",\"itemListElement\":[{\"@type\":\"ListItem\",\"position\":1,\"name\":\"Strona g\u0142\u00f3wna\",\"item\":\"https:\/\/marekkuchcinski.pl\/\"},{\"@type\":\"ListItem\",\"position\":2,\"name\":\"Ponad 21 mln z\u0142 na gruntown\u0105 modernizacj\u0119 zespo\u0142u szk\u00f3\u0142 muzycznych w Przemy\u015blu\"}]},{\"@type\":\"WebSite\",\"@id\":\"https:\/\/marekkuchcinski.pl\/#website\",\"url\":\"https:\/\/marekkuchcinski.pl\/\",\"name\":\"Marek Kuchci\u0144ski\",\"description\":\"Pose\u0142 na sejm RP &ndash; okr\u0119g nr 22\",\"publisher\":{\"@id\":\"https:\/\/marekkuchcinski.pl\/#organization\"},\"potentialAction\":[{\"@type\":\"SearchAction\",\"target\":{\"@type\":\"EntryPoint\",\"urlTemplate\":\"https:\/\/marekkuchcinski.pl\/?s={search_term_string}\"},\"query-input\":{\"@type\":\"PropertyValueSpecification\",\"valueRequired\":true,\"valueName\":\"search_term_string\"}}],\"inLanguage\":\"sk-SK\"},{\"@type\":\"Organization\",\"@id\":\"https:\/\/marekkuchcinski.pl\/#organization\",\"name\":\"Marek Kuchci\u0144ski\",\"url\":\"https:\/\/marekkuchcinski.pl\/\",\"logo\":{\"@type\":\"ImageObject\",\"inLanguage\":\"sk-SK\",\"@id\":\"https:\/\/marekkuchcinski.pl\/#\/schema\/logo\/image\/\",\"url\":\"https:\/\/marekkuchcinski.pl\/wp-content\/uploads\/2022\/09\/Marek.jpg\",\"contentUrl\":\"https:\/\/marekkuchcinski.pl\/wp-content\/uploads\/2022\/09\/Marek.jpg\",\"width\":1600,\"height\":971,\"caption\":\"Marek Kuchci\u0144ski\"},\"image\":{\"@id\":\"https:\/\/marekkuchcinski.pl\/#\/schema\/logo\/image\/\"}},{\"@type\":\"Person\",\"@id\":\"https:\/\/marekkuchcinski.pl\/#\/schema\/person\/51d5d4ee3b5317b8e4dd2b48af359229\",\"name\":\"Marta Olejnik\",\"image\":{\"@type\":\"ImageObject\",\"inLanguage\":\"sk-SK\",\"@id\":\"https:\/\/marekkuchcinski.pl\/#\/schema\/person\/image\/\",\"url\":\"https:\/\/secure.gravatar.com\/avatar\/e39914b2aa6a48959e24d475b5dc9793?s=96&d=mm&r=g\",\"contentUrl\":\"https:\/\/secure.gravatar.com\/avatar\/e39914b2aa6a48959e24d475b5dc9793?s=96&d=mm&r=g\",\"caption\":\"Marta Olejnik\"},\"url\":\"https:\/\/marekkuchcinski.pl\/sk\/author\/marta\/\"}]}<\/script>\n<!-- \/ Yoast SEO plugin. -->","yoast_head_json":{"title":"Ponad 21 mln z\u0142 na gruntown\u0105 modernizacj\u0119 zespo\u0142u szk\u00f3\u0142 muzycznych w Przemy\u015blu &#8211; Marek Kuchci\u0144ski","robots":{"index":"index","follow":"follow","max-snippet":"max-snippet:-1","max-image-preview":"max-image-preview:large","max-video-preview":"max-video-preview:-1"},"canonical":"https:\/\/marekkuchcinski.pl\/sk\/wydarzenia\/ponad-21-mln-zl-na-gruntowna-modernizacje-zespolu-szkol-muzycznych-w-przemyslu\/","og_locale":"sk_SK","og_type":"article","og_title":"Ponad 21 mln z\u0142 na gruntown\u0105 modernizacj\u0119 zespo\u0142u szk\u00f3\u0142 muzycznych w Przemy\u015blu &#8211; Marek Kuchci\u0144ski","og_description":"\u201eDzi\u0119ki programowi termomodernizacji zar\u00f3wno uczniowie, nauczyciele, jak i rodzice mog\u0105 korzysta\u0107 z nowoczesnej plac\u00f3wki, kt\u00f3r\u0105 przenie\u015bli\u015bmy w XXI wiek. Podobne prace w ostatnich latach wykonano w 140 szko\u0142ach artystycznych. Powsta\u0142o te\u017c 20 nowych sal koncertowych w szko\u0142ach muzycznych znajduj\u0105cych si\u0119 cz\u0119sto w ma\u0142ych miejscowo\u015bciach\u201d &#8211; powiedzia\u0142 wicepremier, minister kultury i dziedzictwa narodowego prof. Piotr Gli\u0144ski [&hellip;]","og_url":"https:\/\/marekkuchcinski.pl\/sk\/wydarzenia\/ponad-21-mln-zl-na-gruntowna-modernizacje-zespolu-szkol-muzycznych-w-przemyslu\/","og_site_name":"Marek Kuchci\u0144ski","article_published_time":"2023-03-06T12:08:48+00:00","og_image":[{"width":1600,"height":1089,"url":"https:\/\/marekkuchcinski.pl\/wp-content\/uploads\/2023\/03\/333770441_120916520778182_38355171208256277_n.jpg","type":"image\/jpeg"}],"author":"Marta Olejnik","twitter_card":"summary_large_image","twitter_misc":{"Autor":"Marta Olejnik","Predpokladan\u00fd \u010das \u010d\u00edtania":"4 min\u00faty"},"schema":{"@context":"https:\/\/schema.org","@graph":[{"@type":"Article","@id":"https:\/\/marekkuchcinski.pl\/wydarzenia\/ponad-21-mln-zl-na-gruntowna-modernizacje-zespolu-szkol-muzycznych-w-przemyslu\/#article","isPartOf":{"@id":"https:\/\/marekkuchcinski.pl\/wydarzenia\/ponad-21-mln-zl-na-gruntowna-modernizacje-zespolu-szkol-muzycznych-w-przemyslu\/"},"author":{"name":"Marta Olejnik","@id":"https:\/\/marekkuchcinski.pl\/#\/schema\/person\/51d5d4ee3b5317b8e4dd2b48af359229"},"headline":"Ponad 21 mln z\u0142 na gruntown\u0105 modernizacj\u0119 zespo\u0142u szk\u00f3\u0142 muzycznych w Przemy\u015blu","datePublished":"2023-03-06T12:08:48+00:00","mainEntityOfPage":{"@id":"https:\/\/marekkuchcinski.pl\/wydarzenia\/ponad-21-mln-zl-na-gruntowna-modernizacje-zespolu-szkol-muzycznych-w-przemyslu\/"},"wordCount":653,"publisher":{"@id":"https:\/\/marekkuchcinski.pl\/#organization"},"image":{"@id":"https:\/\/marekkuchcinski.pl\/wydarzenia\/ponad-21-mln-zl-na-gruntowna-modernizacje-zespolu-szkol-muzycznych-w-przemyslu\/#primaryimage"},"thumbnailUrl":"https:\/\/marekkuchcinski.pl\/wp-content\/uploads\/2023\/03\/333770441_120916520778182_38355171208256277_n.jpg","articleSection":["Wydarzenia"],"inLanguage":"sk-SK"},{"@type":"WebPage","@id":"https:\/\/marekkuchcinski.pl\/wydarzenia\/ponad-21-mln-zl-na-gruntowna-modernizacje-zespolu-szkol-muzycznych-w-przemyslu\/","url":"https:\/\/marekkuchcinski.pl\/wydarzenia\/ponad-21-mln-zl-na-gruntowna-modernizacje-zespolu-szkol-muzycznych-w-przemyslu\/","name":"Ponad 21 mln z\u0142 na gruntown\u0105 modernizacj\u0119 zespo\u0142u szk\u00f3\u0142 muzycznych w Przemy\u015blu &#8211; Marek Kuchci\u0144ski","isPartOf":{"@id":"https:\/\/marekkuchcinski.pl\/#website"},"primaryImageOfPage":{"@id":"https:\/\/marekkuchcinski.pl\/wydarzenia\/ponad-21-mln-zl-na-gruntowna-modernizacje-zespolu-szkol-muzycznych-w-przemyslu\/#primaryimage"},"image":{"@id":"https:\/\/marekkuchcinski.pl\/wydarzenia\/ponad-21-mln-zl-na-gruntowna-modernizacje-zespolu-szkol-muzycznych-w-przemyslu\/#primaryimage"},"thumbnailUrl":"https:\/\/marekkuchcinski.pl\/wp-content\/uploads\/2023\/03\/333770441_120916520778182_38355171208256277_n.jpg","datePublished":"2023-03-06T12:08:48+00:00","breadcrumb":{"@id":"https:\/\/marekkuchcinski.pl\/wydarzenia\/ponad-21-mln-zl-na-gruntowna-modernizacje-zespolu-szkol-muzycznych-w-przemyslu\/#breadcrumb"},"inLanguage":"sk-SK","potentialAction":[{"@type":"ReadAction","target":["https:\/\/marekkuchcinski.pl\/wydarzenia\/ponad-21-mln-zl-na-gruntowna-modernizacje-zespolu-szkol-muzycznych-w-przemyslu\/"]}]},{"@type":"ImageObject","inLanguage":"sk-SK","@id":"https:\/\/marekkuchcinski.pl\/wydarzenia\/ponad-21-mln-zl-na-gruntowna-modernizacje-zespolu-szkol-muzycznych-w-przemyslu\/#primaryimage","url":"https:\/\/marekkuchcinski.pl\/wp-content\/uploads\/2023\/03\/333770441_120916520778182_38355171208256277_n.jpg","contentUrl":"https:\/\/marekkuchcinski.pl\/wp-content\/uploads\/2023\/03\/333770441_120916520778182_38355171208256277_n.jpg","width":1600,"height":1089},{"@type":"BreadcrumbList","@id":"https:\/\/marekkuchcinski.pl\/wydarzenia\/ponad-21-mln-zl-na-gruntowna-modernizacje-zespolu-szkol-muzycznych-w-przemyslu\/#breadcrumb","itemListElement":[{"@type":"ListItem","position":1,"name":"Strona g\u0142\u00f3wna","item":"https:\/\/marekkuchcinski.pl\/"},{"@type":"ListItem","position":2,"name":"Ponad 21 mln z\u0142 na gruntown\u0105 modernizacj\u0119 zespo\u0142u szk\u00f3\u0142 muzycznych w Przemy\u015blu"}]},{"@type":"WebSite","@id":"https:\/\/marekkuchcinski.pl\/#website","url":"https:\/\/marekkuchcinski.pl\/","name":"Marek Kuchci\u0144ski","description":"Pose\u0142 na sejm RP &ndash; okr\u0119g nr 22","publisher":{"@id":"https:\/\/marekkuchcinski.pl\/#organization"},"potentialAction":[{"@type":"SearchAction","target":{"@type":"EntryPoint","urlTemplate":"https:\/\/marekkuchcinski.pl\/?s={search_term_string}"},"query-input":{"@type":"PropertyValueSpecification","valueRequired":true,"valueName":"search_term_string"}}],"inLanguage":"sk-SK"},{"@type":"Organization","@id":"https:\/\/marekkuchcinski.pl\/#organization","name":"Marek Kuchci\u0144ski","url":"https:\/\/marekkuchcinski.pl\/","logo":{"@type":"ImageObject","inLanguage":"sk-SK","@id":"https:\/\/marekkuchcinski.pl\/#\/schema\/logo\/image\/","url":"https:\/\/marekkuchcinski.pl\/wp-content\/uploads\/2022\/09\/Marek.jpg","contentUrl":"https:\/\/marekkuchcinski.pl\/wp-content\/uploads\/2022\/09\/Marek.jpg","width":1600,"height":971,"caption":"Marek Kuchci\u0144ski"},"image":{"@id":"https:\/\/marekkuchcinski.pl\/#\/schema\/logo\/image\/"}},{"@type":"Person","@id":"https:\/\/marekkuchcinski.pl\/#\/schema\/person\/51d5d4ee3b5317b8e4dd2b48af359229","name":"Marta Olejnik","image":{"@type":"ImageObject","inLanguage":"sk-SK","@id":"https:\/\/marekkuchcinski.pl\/#\/schema\/person\/image\/","url":"https:\/\/secure.gravatar.com\/avatar\/e39914b2aa6a48959e24d475b5dc9793?s=96&d=mm&r=g","contentUrl":"https:\/\/secure.gravatar.com\/avatar\/e39914b2aa6a48959e24d475b5dc9793?s=96&d=mm&r=g","caption":"Marta Olejnik"},"url":"https:\/\/marekkuchcinski.pl\/sk\/author\/marta\/"}]}},"_links":{"self":[{"href":"https:\/\/marekkuchcinski.pl\/sk\/wp-json\/wp\/v2\/posts\/28108","targetHints":{"allow":["GET"]}}],"collection":[{"href":"https:\/\/marekkuchcinski.pl\/sk\/wp-json\/wp\/v2\/posts"}],"about":[{"href":"https:\/\/marekkuchcinski.pl\/sk\/wp-json\/wp\/v2\/types\/post"}],"author":[{"embeddable":true,"href":"https:\/\/marekkuchcinski.pl\/sk\/wp-json\/wp\/v2\/users\/21"}],"replies":[{"embeddable":true,"href":"https:\/\/marekkuchcinski.pl\/sk\/wp-json\/wp\/v2\/comments?post=28108"}],"version-history":[{"count":3,"href":"https:\/\/marekkuchcinski.pl\/sk\/wp-json\/wp\/v2\/posts\/28108\/revisions"}],"predecessor-version":[{"id":28129,"href":"https:\/\/marekkuchcinski.pl\/sk\/wp-json\/wp\/v2\/posts\/28108\/revisions\/28129"}],"wp:featuredmedia":[{"embeddable":true,"href":"https:\/\/marekkuchcinski.pl\/sk\/wp-json\/wp\/v2\/media\/28109"}],"wp:attachment":[{"href":"https:\/\/marekkuchcinski.pl\/sk\/wp-json\/wp\/v2\/media?parent=28108"}],"wp:term":[{"taxonomy":"category","embeddable":true,"href":"https:\/\/marekkuchcinski.pl\/sk\/wp-json\/wp\/v2\/categories?post=28108"},{"taxonomy":"post_tag","embeddable":true,"href":"https:\/\/marekkuchcinski.pl\/sk\/wp-json\/wp\/v2\/tags?post=28108"}],"curies":[{"name":"wp","href":"https:\/\/api.w.org\/{rel}","templated":true}]}}