{"id":28082,"date":"2023-03-05T12:33:59","date_gmt":"2023-03-05T11:33:59","guid":{"rendered":"https:\/\/marekkuchcinski.pl\/?p=28082"},"modified":"2023-03-06T12:31:03","modified_gmt":"2023-03-06T11:31:03","slug":"w-przemyslu-zainaugurowano-ogolnopolska-trase-multimedialnego-projektu-iskry-niepodleglej","status":"publish","type":"post","link":"https:\/\/marekkuchcinski.pl\/sk\/wydarzenia\/w-przemyslu-zainaugurowano-ogolnopolska-trase-multimedialnego-projektu-iskry-niepodleglej\/","title":{"rendered":"V Przemy\u015bli bola sl\u00e1vnostne otvoren\u00e1 celo\u0161t\u00e1tna trasa multimedi\u00e1lneho projektu \u201eIskra Niepodlegej\u201c."},"content":{"rendered":"<p>Na trhu Przemy\u015bl bol spusten\u00fd celon\u00e1rodn\u00fd projekt \u201eIskra Niepodlegej\u201c, ktor\u00fd vyu\u017e\u00edva modern\u00e9 technol\u00f3gie na vzdel\u00e1vanie a prezent\u00e1ciu po\u013esk\u00fdch dej\u00edn. <\/p>\n\n\n\n<p><strong>\u2013 Digit\u00e1lny pr\u00edbeh o vynikaj\u00facich Poliakoch prostredn\u00edctvom mobilnej rel\u00e1cie \u201eIskra Niepodleg\u0142a\u201c. Je to spozn\u00e1vanie hist\u00f3rie mimoriadne zauj\u00edmavou formou, posil\u0148ovanie identity, hrdosti a in\u0161pir\u00e1cie pre tvoriv\u00e9 a pre krajinu d\u00f4le\u017eit\u00e9 aktivity. Dnes za\u010d\u00edname na Podkarpat\u00ed, kde sa narodilo alebo pre\u017eilo \u017eivot mno\u017estvo v\u00fdnimo\u010dn\u00fdch \u013eud\u00ed \u2013 od politikov, vojakov, cez vedcov, vyn\u00e1lezcov, a\u017e po \u013eud\u00ed umenia. Medzi stovkou predstaven\u00fdch post\u00e1v je Jan Szczepanik \u2013 vyn\u00e1lezca naz\u00fdvan\u00fd Poliak Edison alebo \u201eLeonardo da Vinci z Hali\u010de\u201c. Autor mnoh\u00fdch vyn\u00e1lezov v oblasti farebn\u00e9ho tkania, filmov\u00fdch a fotografick\u00fdch techn\u00edk, no jedn\u00fdm z jeho najd\u00f4le\u017eitej\u0161\u00edch po\u010dinov bolo vytvorenie \u013eahko vyrobite\u013enej nepriestrelnej vesty.<\/strong> \u2013 povedal ved\u00faci kancel\u00e1rie predsedu vl\u00e1dy Marek Kuchci\u0144ski.<\/p>\n\n\n\n<p>\u2013 O po\u013esk\u00fdch dejin\u00e1ch hovor\u00edme cez postavy, ktor\u00e9 ich vytvorili a ktor\u00e9 s\u00fa pr\u00edkladom pr\u00e1ce pre Po\u013esk\u00fa republiku. S\u00fa to \u013eudia zastupuj\u00faci oblasti ako veda, \u0161port alebo kult\u00fara. Medzi predstaven\u00fdmi postavami s\u00fa najv\u00fdznamnej\u0161ie: Irena Sendler a Wanda Rutkiewicz. T\u00e1to prezent\u00e1cia m\u00e1 mimoriadne modern\u00fd charakter, preto\u017ee chceme, aby projekt povzbudil mlad\u00fdch \u013eud\u00ed k poznaniu na\u0161ej hist\u00f3rie, argumentoval minister kult\u00fary Piotr Gli\u0144ski.<\/p>\n\n\n\n<p>Do projektu \u201eIskra Niepodleg\u0142a\u201c sa u\u017e prihl\u00e1silo viac ako 100 miest a obc\u00ed z r\u00f4znych \u010dast\u00ed krajiny. Registr\u00e1cie st\u00e1le prebiehaj\u00fa. V Podkarpat\u00ed okrem Przemy\u015blu predstavenie nav\u0161t\u00edvi aj \u0141a\u0144cut, Rzesz\u00f3w a Miejsce Piastowe.<\/p>\n\n\n\n<p>V ten de\u0148 boli zorganizovan\u00e9 aj konzult\u00e1cie s podpredsedom vl\u00e1dy Gli\u0144skim k ot\u00e1zkam ochrany pamiatok. Kult\u00farna spolo\u010dnos\u0165 Przemy\u015bl predstavila projekt Agent\u00fary na revitaliz\u00e1ciu dedi\u010dstva, vytvoren\u00fd pod\u013ea vzoru N\u00e1rodn\u00e9ho fondu ochrany \u017eivotn\u00e9ho prostredia alebo in\u00fdch vl\u00e1dnych agent\u00far, ako je Agent\u00fara vojensk\u00e9ho majetku. Uskuto\u010dn\u00ed konzerva\u010dn\u00e9 pr\u00e1ce v ch\u00e1traj\u00facich pamiatkach a dod\u00e1 im \u00fa\u017eitkov\u00fa funkciu.<\/p>\n\n\n\n<p><strong>\u2013 Pre\u010do sme sa stretli na PTK? Toto miesto m\u00e1 svoju hist\u00f3riu a sn\u00e1\u010f dne\u0161n\u00e9 rozhovory prines\u00fa rovnako pozit\u00edvny efekt ako pred 30 rokmi. Tu bol b\u00fdval\u00fd kni\u017en\u00fd a tla\u010dov\u00fd klub Empik, ktor\u00fd v roku 1989 po v\u00ed\u0165azn\u00fdch vo\u013eb\u00e1ch prevzal Ob\u010diansky v\u00fdbor Solidarity, na z\u00e1klade ktor\u00e9ho sme zorganizovali Przemy\u015blsk\u00fa kult\u00farnu spolo\u010dnos\u0165 \u2013 spom\u00ednal Marek Kuchci\u0144ski.<\/strong><\/p>\n\n\n\n<p><\/p>\n\n\n\n<p><strong><mark style=\"background-color:rgba(0, 0, 0, 0)\" class=\"has-inline-color has-vivid-cyan-blue-color\">Na Podkarpat\u00ed sa nach\u00e1dza:<\/mark><\/strong><\/p>\n\n\n\n<ul class=\"wp-block-list\">\n<li><strong>Do registra nehnute\u013en\u00fdch pamiatok je zap\u00edsan\u00fdch asi 6000 pamiatok<\/strong><\/li>\n\n\n\n<li><strong>6 pamiatok na zozname svetov\u00e9ho kult\u00farneho dedi\u010dstva UNESCO a tento zoznam zah\u0155\u0148a aj p\u00f4vodn\u00e9 Karpatsk\u00e9 bukov\u00e9 pralesy v N\u00e1rodnom parku Bieszczady<\/strong><\/li>\n\n\n\n<li><strong>7 nariaden\u00ed o z\u00e1pise pamiatok do Zoznamu pamiatok hist\u00f3rie Po\u013eskej republiky vr\u00e1tane z\u00e1mku v \u0141a\u0144cut, komplexu bernard\u00ednov v Le\u017cajsku, z\u00e1mku v Krasiczyne, m\u00fazea a naftovej bane v B\u00f3brke, komplexu Star\u00e9ho mesta v Przemy\u015bli, komplex b\u00fdvalej pevnosti Przemy\u015bl, pravosl\u00e1vny kostol v Radru\u017ci<\/strong>.<\/li>\n<\/ul>\n\n\n\n<p><strong>Do 30. novembra 2022 bolo podan\u00fdch celkovo 354 \u017eiadost\u00ed o spolufinancovanie rekon\u0161truk\u010dn\u00fdch a konzerva\u010dn\u00fdch pr\u00e1c realizovan\u00fdch v roku 2023 v celkovej v\u00fd\u0161ke 66 832 851,13 PLN.<\/strong> <strong>PLN.<\/strong><\/p>\n\n\n\n<p><strong>Navrhovan\u00e9 dot\u00e1cie pre Przemy\u015bl predstavuj\u00fa 1 281 000 PLN<\/strong>,<strong> Jaros\u0142aw 680 000 PLN.<\/strong><\/p>\n\n\n\n<p><strong>V s\u00fa\u0165a\u017ei bola rozdelen\u00e1 \u010diastka 9 392 000 PLN, ktor\u00fa m\u00e1 PWKZ v Przemy\u015bli k dispoz\u00edcii.<\/strong> <strong>Percento grantov udelen\u00fdch k po\u017eadovan\u00fdm sum\u00e1m je 14,05 %.\u00a0<\/strong><\/p>\n\n\n\n<p><strong><mark style=\"background-color:rgba(0, 0, 0, 0)\" class=\"has-inline-color has-vivid-cyan-blue-color\">V Przemy\u015bli existuj\u00fa v\u0161etky formy konzerva\u010dnej ochrany, ktor\u00e9 poskytuj\u00fa ustanovenia z\u00e1kona o pamiatkovej ochrane a pamiatkovej starostlivosti z 23. j\u00fala 2003, t.<\/mark><\/strong><\/p>\n\n\n\n<ul class=\"wp-block-list\">\n<li><strong>Z\u00e1pis do s\u00fapisu pamiatok urbanistick\u00e9ho usporiadania mesta.<\/strong><\/li>\n\n\n\n<li><strong>Z\u00e1pis do Zoznamu historick\u00fdch pamiatok komplexu Star\u00e9ho Mesta Przemy\u015bl<\/strong><\/li>\n\n\n\n<li><strong>Z\u00e1pis do Zoznamu historick\u00fdch pamiatok komplexu b\u00fdvalej pevnosti Przemy\u015bl spolu s vojnov\u00fdmi a obecn\u00fdmi cintor\u00ednmi.<\/strong><\/li>\n\n\n\n<li><strong>Kult\u00farny park komplexu Star\u00e9ho Mesta Przemy\u015bl, prijat\u00fd Uznesen\u00edm Mestsk\u00e9ho zastupite\u013estva v Przemy\u015bli. V tejto oblasti bolo vypracovan\u00fdch 12 miestnych pl\u00e1nov. Opatrenia na ochranu pamiatok v miestnych pl\u00e1noch predstavuj\u00fa formu ochrany pamiatok.<\/strong><\/li>\n<\/ul>\n\n\n\n<p><\/p>\n\n\n\n<p><strong>\u00dadaje: Pokrajinsk\u00fd \u00farad pre ochranu pamiatok v Przemy\u015bli<\/strong><\/p>\n\n\n\n<figure class=\"wp-block-image size-large\"><a href=\"https:\/\/marekkuchcinski.pl\/wp-content\/uploads\/2023\/03\/334745125_1522539611572843_3667816504883499112_n-1.jpg\"><img fetchpriority=\"high\" decoding=\"async\" width=\"1024\" height=\"682\" src=\"https:\/\/marekkuchcinski.pl\/wp-content\/uploads\/2023\/03\/334745125_1522539611572843_3667816504883499112_n-1-1024x682.jpg\" alt=\"\" class=\"wp-image-28087\" srcset=\"https:\/\/marekkuchcinski.pl\/wp-content\/uploads\/2023\/03\/334745125_1522539611572843_3667816504883499112_n-1-1024x682.jpg 1024w, https:\/\/marekkuchcinski.pl\/wp-content\/uploads\/2023\/03\/334745125_1522539611572843_3667816504883499112_n-1-300x200.jpg 300w, https:\/\/marekkuchcinski.pl\/wp-content\/uploads\/2023\/03\/334745125_1522539611572843_3667816504883499112_n-1-768x512.jpg 768w, https:\/\/marekkuchcinski.pl\/wp-content\/uploads\/2023\/03\/334745125_1522539611572843_3667816504883499112_n-1-1536x1023.jpg 1536w, https:\/\/marekkuchcinski.pl\/wp-content\/uploads\/2023\/03\/334745125_1522539611572843_3667816504883499112_n-1-18x12.jpg 18w, https:\/\/marekkuchcinski.pl\/wp-content\/uploads\/2023\/03\/334745125_1522539611572843_3667816504883499112_n-1.jpg 1600w\" sizes=\"(max-width: 1024px) 100vw, 1024px\" \/><\/a><\/figure>\n\n\n\n<figure class=\"wp-block-image size-large\"><a href=\"https:\/\/marekkuchcinski.pl\/wp-content\/uploads\/2023\/03\/334236749_105049942532047_9202097025890683156_n.jpg\"><img decoding=\"async\" width=\"1024\" height=\"682\" src=\"https:\/\/marekkuchcinski.pl\/wp-content\/uploads\/2023\/03\/334236749_105049942532047_9202097025890683156_n-1024x682.jpg\" alt=\"\" class=\"wp-image-28088\" srcset=\"https:\/\/marekkuchcinski.pl\/wp-content\/uploads\/2023\/03\/334236749_105049942532047_9202097025890683156_n-1024x682.jpg 1024w, https:\/\/marekkuchcinski.pl\/wp-content\/uploads\/2023\/03\/334236749_105049942532047_9202097025890683156_n-300x200.jpg 300w, https:\/\/marekkuchcinski.pl\/wp-content\/uploads\/2023\/03\/334236749_105049942532047_9202097025890683156_n-768x512.jpg 768w, https:\/\/marekkuchcinski.pl\/wp-content\/uploads\/2023\/03\/334236749_105049942532047_9202097025890683156_n-1536x1023.jpg 1536w, https:\/\/marekkuchcinski.pl\/wp-content\/uploads\/2023\/03\/334236749_105049942532047_9202097025890683156_n-18x12.jpg 18w, https:\/\/marekkuchcinski.pl\/wp-content\/uploads\/2023\/03\/334236749_105049942532047_9202097025890683156_n.jpg 1600w\" sizes=\"(max-width: 1024px) 100vw, 1024px\" \/><\/a><\/figure>\n\n\n\n<figure class=\"wp-block-image size-large\"><a href=\"https:\/\/marekkuchcinski.pl\/wp-content\/uploads\/2023\/03\/333798527_1387249105343322_8176835536365955514_n-2.jpg\"><img decoding=\"async\" width=\"1024\" height=\"682\" src=\"https:\/\/marekkuchcinski.pl\/wp-content\/uploads\/2023\/03\/333798527_1387249105343322_8176835536365955514_n-2-1024x682.jpg\" alt=\"\" class=\"wp-image-28089\" srcset=\"https:\/\/marekkuchcinski.pl\/wp-content\/uploads\/2023\/03\/333798527_1387249105343322_8176835536365955514_n-2-1024x682.jpg 1024w, https:\/\/marekkuchcinski.pl\/wp-content\/uploads\/2023\/03\/333798527_1387249105343322_8176835536365955514_n-2-300x200.jpg 300w, https:\/\/marekkuchcinski.pl\/wp-content\/uploads\/2023\/03\/333798527_1387249105343322_8176835536365955514_n-2-768x512.jpg 768w, https:\/\/marekkuchcinski.pl\/wp-content\/uploads\/2023\/03\/333798527_1387249105343322_8176835536365955514_n-2-1536x1023.jpg 1536w, https:\/\/marekkuchcinski.pl\/wp-content\/uploads\/2023\/03\/333798527_1387249105343322_8176835536365955514_n-2-18x12.jpg 18w, https:\/\/marekkuchcinski.pl\/wp-content\/uploads\/2023\/03\/333798527_1387249105343322_8176835536365955514_n-2.jpg 1600w\" sizes=\"(max-width: 1024px) 100vw, 1024px\" \/><\/a><\/figure>\n\n\n\n<figure class=\"wp-block-image size-large\"><a href=\"https:\/\/marekkuchcinski.pl\/wp-content\/uploads\/2023\/03\/334690509_722429129322709_177875450894397988_n.jpg\"><img loading=\"lazy\" decoding=\"async\" width=\"1024\" height=\"682\" src=\"https:\/\/marekkuchcinski.pl\/wp-content\/uploads\/2023\/03\/334690509_722429129322709_177875450894397988_n-1024x682.jpg\" alt=\"\" class=\"wp-image-28090\" srcset=\"https:\/\/marekkuchcinski.pl\/wp-content\/uploads\/2023\/03\/334690509_722429129322709_177875450894397988_n-1024x682.jpg 1024w, https:\/\/marekkuchcinski.pl\/wp-content\/uploads\/2023\/03\/334690509_722429129322709_177875450894397988_n-300x200.jpg 300w, https:\/\/marekkuchcinski.pl\/wp-content\/uploads\/2023\/03\/334690509_722429129322709_177875450894397988_n-768x512.jpg 768w, https:\/\/marekkuchcinski.pl\/wp-content\/uploads\/2023\/03\/334690509_722429129322709_177875450894397988_n-1536x1023.jpg 1536w, https:\/\/marekkuchcinski.pl\/wp-content\/uploads\/2023\/03\/334690509_722429129322709_177875450894397988_n-18x12.jpg 18w, https:\/\/marekkuchcinski.pl\/wp-content\/uploads\/2023\/03\/334690509_722429129322709_177875450894397988_n.jpg 1600w\" sizes=\"(max-width: 1024px) 100vw, 1024px\" \/><\/a><\/figure>\n\n\n\n<figure class=\"wp-block-image size-large\"><a href=\"https:\/\/marekkuchcinski.pl\/wp-content\/uploads\/2023\/03\/334756782_1396431071126485_8426519888789017465_n.jpg\"><img loading=\"lazy\" decoding=\"async\" width=\"1024\" height=\"682\" src=\"https:\/\/marekkuchcinski.pl\/wp-content\/uploads\/2023\/03\/334756782_1396431071126485_8426519888789017465_n-1024x682.jpg\" alt=\"\" class=\"wp-image-28091\" srcset=\"https:\/\/marekkuchcinski.pl\/wp-content\/uploads\/2023\/03\/334756782_1396431071126485_8426519888789017465_n-1024x682.jpg 1024w, https:\/\/marekkuchcinski.pl\/wp-content\/uploads\/2023\/03\/334756782_1396431071126485_8426519888789017465_n-300x200.jpg 300w, https:\/\/marekkuchcinski.pl\/wp-content\/uploads\/2023\/03\/334756782_1396431071126485_8426519888789017465_n-768x512.jpg 768w, https:\/\/marekkuchcinski.pl\/wp-content\/uploads\/2023\/03\/334756782_1396431071126485_8426519888789017465_n-1536x1023.jpg 1536w, https:\/\/marekkuchcinski.pl\/wp-content\/uploads\/2023\/03\/334756782_1396431071126485_8426519888789017465_n-18x12.jpg 18w, https:\/\/marekkuchcinski.pl\/wp-content\/uploads\/2023\/03\/334756782_1396431071126485_8426519888789017465_n.jpg 1600w\" sizes=\"(max-width: 1024px) 100vw, 1024px\" \/><\/a><\/figure>\n\n\n\n<figure class=\"wp-block-image size-large\"><a href=\"https:\/\/marekkuchcinski.pl\/wp-content\/uploads\/2023\/03\/DSC07473-1.jpg\"><img loading=\"lazy\" decoding=\"async\" width=\"1024\" height=\"684\" src=\"https:\/\/marekkuchcinski.pl\/wp-content\/uploads\/2023\/03\/DSC07473-1-1024x684.jpg\" alt=\"\" class=\"wp-image-28105\" srcset=\"https:\/\/marekkuchcinski.pl\/wp-content\/uploads\/2023\/03\/DSC07473-1-1024x684.jpg 1024w, https:\/\/marekkuchcinski.pl\/wp-content\/uploads\/2023\/03\/DSC07473-1-300x200.jpg 300w, https:\/\/marekkuchcinski.pl\/wp-content\/uploads\/2023\/03\/DSC07473-1-768x513.jpg 768w, https:\/\/marekkuchcinski.pl\/wp-content\/uploads\/2023\/03\/DSC07473-1-1536x1026.jpg 1536w, https:\/\/marekkuchcinski.pl\/wp-content\/uploads\/2023\/03\/DSC07473-1-18x12.jpg 18w, https:\/\/marekkuchcinski.pl\/wp-content\/uploads\/2023\/03\/DSC07473-1.jpg 1600w\" sizes=\"(max-width: 1024px) 100vw, 1024px\" \/><\/a><\/figure>\n\n\n\n<figure class=\"wp-block-image size-large\"><a href=\"https:\/\/marekkuchcinski.pl\/wp-content\/uploads\/2023\/03\/DSC07569-1.jpg\"><img loading=\"lazy\" decoding=\"async\" width=\"1024\" height=\"684\" src=\"https:\/\/marekkuchcinski.pl\/wp-content\/uploads\/2023\/03\/DSC07569-1-1024x684.jpg\" alt=\"\" class=\"wp-image-28112\" srcset=\"https:\/\/marekkuchcinski.pl\/wp-content\/uploads\/2023\/03\/DSC07569-1-1024x684.jpg 1024w, https:\/\/marekkuchcinski.pl\/wp-content\/uploads\/2023\/03\/DSC07569-1-300x200.jpg 300w, https:\/\/marekkuchcinski.pl\/wp-content\/uploads\/2023\/03\/DSC07569-1-768x513.jpg 768w, https:\/\/marekkuchcinski.pl\/wp-content\/uploads\/2023\/03\/DSC07569-1-1536x1026.jpg 1536w, https:\/\/marekkuchcinski.pl\/wp-content\/uploads\/2023\/03\/DSC07569-1-18x12.jpg 18w, https:\/\/marekkuchcinski.pl\/wp-content\/uploads\/2023\/03\/DSC07569-1.jpg 1600w\" sizes=\"(max-width: 1024px) 100vw, 1024px\" \/><\/a><\/figure>","protected":false},"excerpt":{"rendered":"<p>Na przemyskim rynku wystartowa\u0142 og\u00f3lnopolski projekt \u201eIskry Niepodleg\u0142ej\u201d, wykorzystuj\u0105cy nowoczesne technologie do edukacji i prezentacji polskiej historii. \u2013 Cyfrowa opowie\u015b\u0107 o wybitnych Polakach poprzez mobilne widowisko \u201eIskry Niepodleg\u0142ej\u201d. To nauka historii w niezwykle ciekawej formie, wzmacnianie to\u017csamo\u015bci, dumy i inspiracja do kreatywnych i wa\u017cnych dla kraju dzia\u0142a\u0144. Dzi\u015b start na Podkarpaciu, gdzie urodzi\u0142o si\u0119 b\u0105d\u017a [&hellip;]<\/p>","protected":false},"author":21,"featured_media":28084,"comment_status":"closed","ping_status":"open","sticky":false,"template":"","format":"standard","meta":{"ngg_post_thumbnail":0,"footnotes":""},"categories":[3],"tags":[],"class_list":["post-28082","post","type-post","status-publish","format-standard","has-post-thumbnail","hentry","category-wydarzenia"],"yoast_head":"<!-- This site is optimized with the Yoast SEO plugin v24.7 - https:\/\/yoast.com\/wordpress\/plugins\/seo\/ -->\n<title>W Przemy\u015blu zainaugurowano og\u00f3lnopolsk\u0105 tras\u0119 multimedialnego projektu \u201eIskry Niepodleg\u0142ej\u201d &#8211; Marek Kuchci\u0144ski<\/title>\n<meta name=\"robots\" content=\"index, follow, max-snippet:-1, max-image-preview:large, max-video-preview:-1\" \/>\n<link rel=\"canonical\" href=\"https:\/\/marekkuchcinski.pl\/sk\/wydarzenia\/w-przemyslu-zainaugurowano-ogolnopolska-trase-multimedialnego-projektu-iskry-niepodleglej\/\" \/>\n<meta property=\"og:locale\" content=\"sk_SK\" \/>\n<meta property=\"og:type\" content=\"article\" \/>\n<meta property=\"og:title\" content=\"W Przemy\u015blu zainaugurowano og\u00f3lnopolsk\u0105 tras\u0119 multimedialnego projektu \u201eIskry Niepodleg\u0142ej\u201d &#8211; Marek Kuchci\u0144ski\" \/>\n<meta property=\"og:description\" content=\"Na przemyskim rynku wystartowa\u0142 og\u00f3lnopolski projekt \u201eIskry Niepodleg\u0142ej\u201d, wykorzystuj\u0105cy nowoczesne technologie do edukacji i prezentacji polskiej historii. \u2013 Cyfrowa opowie\u015b\u0107 o wybitnych Polakach poprzez mobilne widowisko \u201eIskry Niepodleg\u0142ej\u201d. To nauka historii w niezwykle ciekawej formie, wzmacnianie to\u017csamo\u015bci, dumy i inspiracja do kreatywnych i wa\u017cnych dla kraju dzia\u0142a\u0144. Dzi\u015b start na Podkarpaciu, gdzie urodzi\u0142o si\u0119 b\u0105d\u017a [&hellip;]\" \/>\n<meta property=\"og:url\" content=\"https:\/\/marekkuchcinski.pl\/sk\/wydarzenia\/w-przemyslu-zainaugurowano-ogolnopolska-trase-multimedialnego-projektu-iskry-niepodleglej\/\" \/>\n<meta property=\"og:site_name\" content=\"Marek Kuchci\u0144ski\" \/>\n<meta property=\"article:published_time\" content=\"2023-03-05T11:33:59+00:00\" \/>\n<meta property=\"article:modified_time\" content=\"2023-03-06T11:31:03+00:00\" \/>\n<meta property=\"og:image\" content=\"https:\/\/marekkuchcinski.pl\/wp-content\/uploads\/2023\/03\/333798527_1387249105343322_8176835536365955514_n.jpg\" \/>\n\t<meta property=\"og:image:width\" content=\"1600\" \/>\n\t<meta property=\"og:image:height\" content=\"1066\" \/>\n\t<meta property=\"og:image:type\" content=\"image\/jpeg\" \/>\n<meta name=\"author\" content=\"Marta Olejnik\" \/>\n<meta name=\"twitter:card\" content=\"summary_large_image\" \/>\n<meta name=\"twitter:label1\" content=\"Autor\" \/>\n\t<meta name=\"twitter:data1\" content=\"Marta Olejnik\" \/>\n\t<meta name=\"twitter:label2\" content=\"Predpokladan\u00fd \u010das \u010d\u00edtania\" \/>\n\t<meta name=\"twitter:data2\" content=\"5 min\u00fat\" \/>\n<script type=\"application\/ld+json\" class=\"yoast-schema-graph\">{\"@context\":\"https:\/\/schema.org\",\"@graph\":[{\"@type\":\"Article\",\"@id\":\"https:\/\/marekkuchcinski.pl\/wydarzenia\/w-przemyslu-zainaugurowano-ogolnopolska-trase-multimedialnego-projektu-iskry-niepodleglej\/#article\",\"isPartOf\":{\"@id\":\"https:\/\/marekkuchcinski.pl\/wydarzenia\/w-przemyslu-zainaugurowano-ogolnopolska-trase-multimedialnego-projektu-iskry-niepodleglej\/\"},\"author\":{\"name\":\"Marta Olejnik\",\"@id\":\"https:\/\/marekkuchcinski.pl\/#\/schema\/person\/51d5d4ee3b5317b8e4dd2b48af359229\"},\"headline\":\"W Przemy\u015blu zainaugurowano og\u00f3lnopolsk\u0105 tras\u0119 multimedialnego projektu \u201eIskry Niepodleg\u0142ej\u201d\",\"datePublished\":\"2023-03-05T11:33:59+00:00\",\"dateModified\":\"2023-03-06T11:31:03+00:00\",\"mainEntityOfPage\":{\"@id\":\"https:\/\/marekkuchcinski.pl\/wydarzenia\/w-przemyslu-zainaugurowano-ogolnopolska-trase-multimedialnego-projektu-iskry-niepodleglej\/\"},\"wordCount\":630,\"publisher\":{\"@id\":\"https:\/\/marekkuchcinski.pl\/#organization\"},\"image\":{\"@id\":\"https:\/\/marekkuchcinski.pl\/wydarzenia\/w-przemyslu-zainaugurowano-ogolnopolska-trase-multimedialnego-projektu-iskry-niepodleglej\/#primaryimage\"},\"thumbnailUrl\":\"https:\/\/marekkuchcinski.pl\/wp-content\/uploads\/2023\/03\/333798527_1387249105343322_8176835536365955514_n.jpg\",\"articleSection\":[\"Wydarzenia\"],\"inLanguage\":\"sk-SK\"},{\"@type\":\"WebPage\",\"@id\":\"https:\/\/marekkuchcinski.pl\/wydarzenia\/w-przemyslu-zainaugurowano-ogolnopolska-trase-multimedialnego-projektu-iskry-niepodleglej\/\",\"url\":\"https:\/\/marekkuchcinski.pl\/wydarzenia\/w-przemyslu-zainaugurowano-ogolnopolska-trase-multimedialnego-projektu-iskry-niepodleglej\/\",\"name\":\"W Przemy\u015blu zainaugurowano og\u00f3lnopolsk\u0105 tras\u0119 multimedialnego projektu \u201eIskry Niepodleg\u0142ej\u201d &#8211; Marek Kuchci\u0144ski\",\"isPartOf\":{\"@id\":\"https:\/\/marekkuchcinski.pl\/#website\"},\"primaryImageOfPage\":{\"@id\":\"https:\/\/marekkuchcinski.pl\/wydarzenia\/w-przemyslu-zainaugurowano-ogolnopolska-trase-multimedialnego-projektu-iskry-niepodleglej\/#primaryimage\"},\"image\":{\"@id\":\"https:\/\/marekkuchcinski.pl\/wydarzenia\/w-przemyslu-zainaugurowano-ogolnopolska-trase-multimedialnego-projektu-iskry-niepodleglej\/#primaryimage\"},\"thumbnailUrl\":\"https:\/\/marekkuchcinski.pl\/wp-content\/uploads\/2023\/03\/333798527_1387249105343322_8176835536365955514_n.jpg\",\"datePublished\":\"2023-03-05T11:33:59+00:00\",\"dateModified\":\"2023-03-06T11:31:03+00:00\",\"breadcrumb\":{\"@id\":\"https:\/\/marekkuchcinski.pl\/wydarzenia\/w-przemyslu-zainaugurowano-ogolnopolska-trase-multimedialnego-projektu-iskry-niepodleglej\/#breadcrumb\"},\"inLanguage\":\"sk-SK\",\"potentialAction\":[{\"@type\":\"ReadAction\",\"target\":[\"https:\/\/marekkuchcinski.pl\/wydarzenia\/w-przemyslu-zainaugurowano-ogolnopolska-trase-multimedialnego-projektu-iskry-niepodleglej\/\"]}]},{\"@type\":\"ImageObject\",\"inLanguage\":\"sk-SK\",\"@id\":\"https:\/\/marekkuchcinski.pl\/wydarzenia\/w-przemyslu-zainaugurowano-ogolnopolska-trase-multimedialnego-projektu-iskry-niepodleglej\/#primaryimage\",\"url\":\"https:\/\/marekkuchcinski.pl\/wp-content\/uploads\/2023\/03\/333798527_1387249105343322_8176835536365955514_n.jpg\",\"contentUrl\":\"https:\/\/marekkuchcinski.pl\/wp-content\/uploads\/2023\/03\/333798527_1387249105343322_8176835536365955514_n.jpg\",\"width\":1600,\"height\":1066},{\"@type\":\"BreadcrumbList\",\"@id\":\"https:\/\/marekkuchcinski.pl\/wydarzenia\/w-przemyslu-zainaugurowano-ogolnopolska-trase-multimedialnego-projektu-iskry-niepodleglej\/#breadcrumb\",\"itemListElement\":[{\"@type\":\"ListItem\",\"position\":1,\"name\":\"Strona g\u0142\u00f3wna\",\"item\":\"https:\/\/marekkuchcinski.pl\/\"},{\"@type\":\"ListItem\",\"position\":2,\"name\":\"W Przemy\u015blu zainaugurowano og\u00f3lnopolsk\u0105 tras\u0119 multimedialnego projektu \u201eIskry Niepodleg\u0142ej\u201d\"}]},{\"@type\":\"WebSite\",\"@id\":\"https:\/\/marekkuchcinski.pl\/#website\",\"url\":\"https:\/\/marekkuchcinski.pl\/\",\"name\":\"Marek Kuchci\u0144ski\",\"description\":\"Pose\u0142 na sejm RP &ndash; okr\u0119g nr 22\",\"publisher\":{\"@id\":\"https:\/\/marekkuchcinski.pl\/#organization\"},\"potentialAction\":[{\"@type\":\"SearchAction\",\"target\":{\"@type\":\"EntryPoint\",\"urlTemplate\":\"https:\/\/marekkuchcinski.pl\/?s={search_term_string}\"},\"query-input\":{\"@type\":\"PropertyValueSpecification\",\"valueRequired\":true,\"valueName\":\"search_term_string\"}}],\"inLanguage\":\"sk-SK\"},{\"@type\":\"Organization\",\"@id\":\"https:\/\/marekkuchcinski.pl\/#organization\",\"name\":\"Marek Kuchci\u0144ski\",\"url\":\"https:\/\/marekkuchcinski.pl\/\",\"logo\":{\"@type\":\"ImageObject\",\"inLanguage\":\"sk-SK\",\"@id\":\"https:\/\/marekkuchcinski.pl\/#\/schema\/logo\/image\/\",\"url\":\"https:\/\/marekkuchcinski.pl\/wp-content\/uploads\/2022\/09\/Marek.jpg\",\"contentUrl\":\"https:\/\/marekkuchcinski.pl\/wp-content\/uploads\/2022\/09\/Marek.jpg\",\"width\":1600,\"height\":971,\"caption\":\"Marek Kuchci\u0144ski\"},\"image\":{\"@id\":\"https:\/\/marekkuchcinski.pl\/#\/schema\/logo\/image\/\"}},{\"@type\":\"Person\",\"@id\":\"https:\/\/marekkuchcinski.pl\/#\/schema\/person\/51d5d4ee3b5317b8e4dd2b48af359229\",\"name\":\"Marta Olejnik\",\"image\":{\"@type\":\"ImageObject\",\"inLanguage\":\"sk-SK\",\"@id\":\"https:\/\/marekkuchcinski.pl\/#\/schema\/person\/image\/\",\"url\":\"https:\/\/secure.gravatar.com\/avatar\/e39914b2aa6a48959e24d475b5dc9793?s=96&d=mm&r=g\",\"contentUrl\":\"https:\/\/secure.gravatar.com\/avatar\/e39914b2aa6a48959e24d475b5dc9793?s=96&d=mm&r=g\",\"caption\":\"Marta Olejnik\"},\"url\":\"https:\/\/marekkuchcinski.pl\/sk\/author\/marta\/\"}]}<\/script>\n<!-- \/ Yoast SEO plugin. -->","yoast_head_json":{"title":"W Przemy\u015blu zainaugurowano og\u00f3lnopolsk\u0105 tras\u0119 multimedialnego projektu \u201eIskry Niepodleg\u0142ej\u201d &#8211; Marek Kuchci\u0144ski","robots":{"index":"index","follow":"follow","max-snippet":"max-snippet:-1","max-image-preview":"max-image-preview:large","max-video-preview":"max-video-preview:-1"},"canonical":"https:\/\/marekkuchcinski.pl\/sk\/wydarzenia\/w-przemyslu-zainaugurowano-ogolnopolska-trase-multimedialnego-projektu-iskry-niepodleglej\/","og_locale":"sk_SK","og_type":"article","og_title":"W Przemy\u015blu zainaugurowano og\u00f3lnopolsk\u0105 tras\u0119 multimedialnego projektu \u201eIskry Niepodleg\u0142ej\u201d &#8211; Marek Kuchci\u0144ski","og_description":"Na przemyskim rynku wystartowa\u0142 og\u00f3lnopolski projekt \u201eIskry Niepodleg\u0142ej\u201d, wykorzystuj\u0105cy nowoczesne technologie do edukacji i prezentacji polskiej historii. \u2013 Cyfrowa opowie\u015b\u0107 o wybitnych Polakach poprzez mobilne widowisko \u201eIskry Niepodleg\u0142ej\u201d. To nauka historii w niezwykle ciekawej formie, wzmacnianie to\u017csamo\u015bci, dumy i inspiracja do kreatywnych i wa\u017cnych dla kraju dzia\u0142a\u0144. Dzi\u015b start na Podkarpaciu, gdzie urodzi\u0142o si\u0119 b\u0105d\u017a [&hellip;]","og_url":"https:\/\/marekkuchcinski.pl\/sk\/wydarzenia\/w-przemyslu-zainaugurowano-ogolnopolska-trase-multimedialnego-projektu-iskry-niepodleglej\/","og_site_name":"Marek Kuchci\u0144ski","article_published_time":"2023-03-05T11:33:59+00:00","article_modified_time":"2023-03-06T11:31:03+00:00","og_image":[{"width":1600,"height":1066,"url":"https:\/\/marekkuchcinski.pl\/wp-content\/uploads\/2023\/03\/333798527_1387249105343322_8176835536365955514_n.jpg","type":"image\/jpeg"}],"author":"Marta Olejnik","twitter_card":"summary_large_image","twitter_misc":{"Autor":"Marta Olejnik","Predpokladan\u00fd \u010das \u010d\u00edtania":"5 min\u00fat"},"schema":{"@context":"https:\/\/schema.org","@graph":[{"@type":"Article","@id":"https:\/\/marekkuchcinski.pl\/wydarzenia\/w-przemyslu-zainaugurowano-ogolnopolska-trase-multimedialnego-projektu-iskry-niepodleglej\/#article","isPartOf":{"@id":"https:\/\/marekkuchcinski.pl\/wydarzenia\/w-przemyslu-zainaugurowano-ogolnopolska-trase-multimedialnego-projektu-iskry-niepodleglej\/"},"author":{"name":"Marta Olejnik","@id":"https:\/\/marekkuchcinski.pl\/#\/schema\/person\/51d5d4ee3b5317b8e4dd2b48af359229"},"headline":"W Przemy\u015blu zainaugurowano og\u00f3lnopolsk\u0105 tras\u0119 multimedialnego projektu \u201eIskry Niepodleg\u0142ej\u201d","datePublished":"2023-03-05T11:33:59+00:00","dateModified":"2023-03-06T11:31:03+00:00","mainEntityOfPage":{"@id":"https:\/\/marekkuchcinski.pl\/wydarzenia\/w-przemyslu-zainaugurowano-ogolnopolska-trase-multimedialnego-projektu-iskry-niepodleglej\/"},"wordCount":630,"publisher":{"@id":"https:\/\/marekkuchcinski.pl\/#organization"},"image":{"@id":"https:\/\/marekkuchcinski.pl\/wydarzenia\/w-przemyslu-zainaugurowano-ogolnopolska-trase-multimedialnego-projektu-iskry-niepodleglej\/#primaryimage"},"thumbnailUrl":"https:\/\/marekkuchcinski.pl\/wp-content\/uploads\/2023\/03\/333798527_1387249105343322_8176835536365955514_n.jpg","articleSection":["Wydarzenia"],"inLanguage":"sk-SK"},{"@type":"WebPage","@id":"https:\/\/marekkuchcinski.pl\/wydarzenia\/w-przemyslu-zainaugurowano-ogolnopolska-trase-multimedialnego-projektu-iskry-niepodleglej\/","url":"https:\/\/marekkuchcinski.pl\/wydarzenia\/w-przemyslu-zainaugurowano-ogolnopolska-trase-multimedialnego-projektu-iskry-niepodleglej\/","name":"W Przemy\u015blu zainaugurowano og\u00f3lnopolsk\u0105 tras\u0119 multimedialnego projektu \u201eIskry Niepodleg\u0142ej\u201d &#8211; Marek Kuchci\u0144ski","isPartOf":{"@id":"https:\/\/marekkuchcinski.pl\/#website"},"primaryImageOfPage":{"@id":"https:\/\/marekkuchcinski.pl\/wydarzenia\/w-przemyslu-zainaugurowano-ogolnopolska-trase-multimedialnego-projektu-iskry-niepodleglej\/#primaryimage"},"image":{"@id":"https:\/\/marekkuchcinski.pl\/wydarzenia\/w-przemyslu-zainaugurowano-ogolnopolska-trase-multimedialnego-projektu-iskry-niepodleglej\/#primaryimage"},"thumbnailUrl":"https:\/\/marekkuchcinski.pl\/wp-content\/uploads\/2023\/03\/333798527_1387249105343322_8176835536365955514_n.jpg","datePublished":"2023-03-05T11:33:59+00:00","dateModified":"2023-03-06T11:31:03+00:00","breadcrumb":{"@id":"https:\/\/marekkuchcinski.pl\/wydarzenia\/w-przemyslu-zainaugurowano-ogolnopolska-trase-multimedialnego-projektu-iskry-niepodleglej\/#breadcrumb"},"inLanguage":"sk-SK","potentialAction":[{"@type":"ReadAction","target":["https:\/\/marekkuchcinski.pl\/wydarzenia\/w-przemyslu-zainaugurowano-ogolnopolska-trase-multimedialnego-projektu-iskry-niepodleglej\/"]}]},{"@type":"ImageObject","inLanguage":"sk-SK","@id":"https:\/\/marekkuchcinski.pl\/wydarzenia\/w-przemyslu-zainaugurowano-ogolnopolska-trase-multimedialnego-projektu-iskry-niepodleglej\/#primaryimage","url":"https:\/\/marekkuchcinski.pl\/wp-content\/uploads\/2023\/03\/333798527_1387249105343322_8176835536365955514_n.jpg","contentUrl":"https:\/\/marekkuchcinski.pl\/wp-content\/uploads\/2023\/03\/333798527_1387249105343322_8176835536365955514_n.jpg","width":1600,"height":1066},{"@type":"BreadcrumbList","@id":"https:\/\/marekkuchcinski.pl\/wydarzenia\/w-przemyslu-zainaugurowano-ogolnopolska-trase-multimedialnego-projektu-iskry-niepodleglej\/#breadcrumb","itemListElement":[{"@type":"ListItem","position":1,"name":"Strona g\u0142\u00f3wna","item":"https:\/\/marekkuchcinski.pl\/"},{"@type":"ListItem","position":2,"name":"W Przemy\u015blu zainaugurowano og\u00f3lnopolsk\u0105 tras\u0119 multimedialnego projektu \u201eIskry Niepodleg\u0142ej\u201d"}]},{"@type":"WebSite","@id":"https:\/\/marekkuchcinski.pl\/#website","url":"https:\/\/marekkuchcinski.pl\/","name":"Marek Kuchci\u0144ski","description":"Pose\u0142 na sejm RP &ndash; okr\u0119g nr 22","publisher":{"@id":"https:\/\/marekkuchcinski.pl\/#organization"},"potentialAction":[{"@type":"SearchAction","target":{"@type":"EntryPoint","urlTemplate":"https:\/\/marekkuchcinski.pl\/?s={search_term_string}"},"query-input":{"@type":"PropertyValueSpecification","valueRequired":true,"valueName":"search_term_string"}}],"inLanguage":"sk-SK"},{"@type":"Organization","@id":"https:\/\/marekkuchcinski.pl\/#organization","name":"Marek Kuchci\u0144ski","url":"https:\/\/marekkuchcinski.pl\/","logo":{"@type":"ImageObject","inLanguage":"sk-SK","@id":"https:\/\/marekkuchcinski.pl\/#\/schema\/logo\/image\/","url":"https:\/\/marekkuchcinski.pl\/wp-content\/uploads\/2022\/09\/Marek.jpg","contentUrl":"https:\/\/marekkuchcinski.pl\/wp-content\/uploads\/2022\/09\/Marek.jpg","width":1600,"height":971,"caption":"Marek Kuchci\u0144ski"},"image":{"@id":"https:\/\/marekkuchcinski.pl\/#\/schema\/logo\/image\/"}},{"@type":"Person","@id":"https:\/\/marekkuchcinski.pl\/#\/schema\/person\/51d5d4ee3b5317b8e4dd2b48af359229","name":"Marta Olejnik","image":{"@type":"ImageObject","inLanguage":"sk-SK","@id":"https:\/\/marekkuchcinski.pl\/#\/schema\/person\/image\/","url":"https:\/\/secure.gravatar.com\/avatar\/e39914b2aa6a48959e24d475b5dc9793?s=96&d=mm&r=g","contentUrl":"https:\/\/secure.gravatar.com\/avatar\/e39914b2aa6a48959e24d475b5dc9793?s=96&d=mm&r=g","caption":"Marta Olejnik"},"url":"https:\/\/marekkuchcinski.pl\/sk\/author\/marta\/"}]}},"_links":{"self":[{"href":"https:\/\/marekkuchcinski.pl\/sk\/wp-json\/wp\/v2\/posts\/28082","targetHints":{"allow":["GET"]}}],"collection":[{"href":"https:\/\/marekkuchcinski.pl\/sk\/wp-json\/wp\/v2\/posts"}],"about":[{"href":"https:\/\/marekkuchcinski.pl\/sk\/wp-json\/wp\/v2\/types\/post"}],"author":[{"embeddable":true,"href":"https:\/\/marekkuchcinski.pl\/sk\/wp-json\/wp\/v2\/users\/21"}],"replies":[{"embeddable":true,"href":"https:\/\/marekkuchcinski.pl\/sk\/wp-json\/wp\/v2\/comments?post=28082"}],"version-history":[{"count":16,"href":"https:\/\/marekkuchcinski.pl\/sk\/wp-json\/wp\/v2\/posts\/28082\/revisions"}],"predecessor-version":[{"id":28127,"href":"https:\/\/marekkuchcinski.pl\/sk\/wp-json\/wp\/v2\/posts\/28082\/revisions\/28127"}],"wp:featuredmedia":[{"embeddable":true,"href":"https:\/\/marekkuchcinski.pl\/sk\/wp-json\/wp\/v2\/media\/28084"}],"wp:attachment":[{"href":"https:\/\/marekkuchcinski.pl\/sk\/wp-json\/wp\/v2\/media?parent=28082"}],"wp:term":[{"taxonomy":"category","embeddable":true,"href":"https:\/\/marekkuchcinski.pl\/sk\/wp-json\/wp\/v2\/categories?post=28082"},{"taxonomy":"post_tag","embeddable":true,"href":"https:\/\/marekkuchcinski.pl\/sk\/wp-json\/wp\/v2\/tags?post=28082"}],"curies":[{"name":"wp","href":"https:\/\/api.w.org\/{rel}","templated":true}]}}