{"id":27315,"date":"2023-01-15T10:19:00","date_gmt":"2023-01-15T09:19:00","guid":{"rendered":"https:\/\/marekkuchcinski.pl\/?p=27315"},"modified":"2023-01-16T15:19:51","modified_gmt":"2023-01-16T14:19:51","slug":"spotkanie-noworoczne-w-bieszczadach","status":"publish","type":"post","link":"https:\/\/marekkuchcinski.pl\/sk\/wydarzenia\/spotkanie-noworoczne-w-bieszczadach\/","title":{"rendered":"Novoro\u010dn\u00e9 stretnutie v Bieszczadoch"},"content":{"rendered":"<p><strong>V Myczkowciach a Ustrzyki Dolne hovoril Marek Kuchci\u0144ski o bud\u00facnosti Bieszczad. Pri stretnut\u00ed s predstavite\u013emi samospr\u00e1vy a obyvate\u013emi \u0161\u00e9fka Kancel\u00e1rie predsedu vl\u00e1dy zd\u00f4raznila, \u017ee je tu vidie\u0165 ve\u013emi dobr\u00fa podporu zo strany vl\u00e1dy. \u201eNajd\u00f4le\u017eitej\u0161ia je st\u00e1le dostupnos\u0165, teda komunik\u00e1cia. Rozvoj cestovn\u00e9ho ruchu, agroturistika, po\u013enohospod\u00e1rstvo, \u0161portov\u00e9 centr\u00e1, dobr\u00e9 cesty, parkovisk\u00e1, \u017eeleznice, hotely, nov\u00e9 hrani\u010dn\u00e9 priechody, ako vo Wo\u0142osate, si zasl\u00fa\u017eia Bieszczady - povedal Marek Kuchci\u0144ski. To v\u0161etko v\u0161ak pri zachovan\u00ed divok\u00fdch oblast\u00ed, starostlivosti o pr\u00edrodn\u00e9 prostredie a \u010distotu v\u00f4d.<\/strong><\/p>\n\n\n\n<p>Mar\u0161al tie\u017e upozornil na ve\u013emi dobr\u00fa spolupr\u00e1cu a vz\u00e1jomn\u00fa podporu miestnych \u00faradov, kom\u00fan, obc\u00ed s \u00faradmi vojvodstva a vl\u00e1dou.<\/p>\n\n\n\n<p>Medzi najd\u00f4le\u017eitej\u0161ie vl\u00e1dne programy realizovan\u00e9 v obci Solina patria:<\/p>\n\n\n\n<p><strong>Program strategick\u00fdch invest\u00edci\u00ed (24 895 897 PLN),<\/strong><\/p>\n\n\n\n<p><strong>Vl\u00e1dny miestny investi\u010dn\u00fd fond (10 365 000 PLN),<\/strong><\/p>\n\n\n\n<p><strong>Vl\u00e1dny fond rozvoja ciest (2 068 361 PLN)<\/strong><\/p>\n\n\n\n<p><strong>Vl\u00e1dny program \u201eRodina 500+\u201c (24 105 971 PLN).<\/strong><\/p>\n\n\n\n<p>\u010eal\u0161ie programy realizovan\u00e9 v obci s\u00fa: Moderniz\u00e1cia pol\u00edcie, Pohrani\u010dnej str\u00e1\u017ee, PSP, SOP; Otvori\u0165 z\u00f3ny aktivity; Presk\u00famajte Po\u013esko; &quot;Dobr\u00fd za\u010diatok&quot;; Doplnenie v\u0161eobecnej dot\u00e1cie pre samospr\u00e1vne celky. Ich realiz\u00e1cia je v\u0161ak ove\u013ea men\u0161ia.<\/p>\n\n\n\n<p>Celkov\u00e1 hodnota spolufinancovania vl\u00e1dnych programov v obci Solina je <strong><u>63 874 223<\/u><\/strong> PLN.<\/p>\n\n\n\n<p>Najv\u00e4\u010d\u0161ie invest\u00edcie sa t\u00fdkaj\u00fa ochrany v\u00f4d jazera Solina\/Myczkowce a zlep\u0161enia kvality a \u010distoty vody. Na tento \u00fa\u010del sa realizuj\u00fa projekty ako: v\u00fdstavba kanaliza\u010dn\u00e9ho syst\u00e9mu v Matiaszowa Wola, v\u00fdstavba vodovodnej a kanaliza\u010dnej infra\u0161trukt\u00fary v obci Solina, rekon\u0161trukcia a roz\u0161\u00edrenie \u010disti\u010dky odpadov\u00fdch v\u00f4d vo Wo\u0142kowyji.<\/p>\n\n\n\n<p>\u010eal\u0161ie ve\u013ek\u00e9 invest\u00edcie s\u00favisia s cestnou infra\u0161trukt\u00farou. V obci sa realizuje program na zlep\u0161enie stavu cestnej infra\u0161trukt\u00fary v k\u00fape\u013enom meste Pola\u0144czyk. Projekty t\u00fdkaj\u00face sa rekon\u0161trukcie alebo roz\u0161\u00edrenia verejn\u00fdch komun\u00e1lnych komunik\u00e1ci\u00ed sa t\u00fdkaj\u00fa t\u00fdchto miest: Solina, Terka, Berezka, Myczkowce, Pola\u0144czyk.<\/p>\n\n\n\n<p>Medzi \u010fal\u0161ie v\u00e4\u010d\u0161ie projekty patr\u00ed rekon\u0161trukcia \u0161tadi\u00f3na v Pola\u0144czyku a moderniz\u00e1cia policajn\u00e9ho zariadenia v Pola\u0144czyku.<\/p>\n\n\n\n<p>Okrem toho sa v obci uskuto\u010dnila obrovsk\u00e1 invest\u00edcia - v\u00fdstavba kab\u00ednkovej lanovky nad priehradou v Soline. Invest\u00edciu v hodnote 110 mili\u00f3nov PLN zrealizovala Polskie Koleje Linowe \u2013 spolo\u010dnos\u0165 kontrolovan\u00e1 fondom vo vlastn\u00edctve \u0161t\u00e1tnej pokladnice, ktor\u00fd bola repolonizovan\u00e1 na\u0161ou vl\u00e1dou. Je to v\u00fdznamn\u00fd impulz pre e\u0161te intenz\u00edvnej\u0161\u00ed rozvoj cestovn\u00e9ho ruchu v obci, atrakcia je ve\u013emi ob\u013e\u00faben\u00e1.<\/p>\n\n\n\n<p>Obec Solina je s\u00fa\u010das\u0165ou okresu Lesko. Celkov\u00e1 hodnota spolufinancovania vl\u00e1dnych programov v obci je: <strong><u>296 363 512<\/u><\/strong> PLN.<\/p>\n\n\n\n<p>K najv\u00fdznamnej\u0161\u00edm invest\u00edci\u00e1m realizovan\u00fdm v obci Lesko patr\u00ed: v\u00fdstavba nov\u00e9ho s\u00eddla Policajn\u00e9ho riadite\u013estva v Lesku, rekon\u0161trukcia Nemocnice v Lesku, v\u00fdstavba Strediska akt\u00edvneho turizmu a \u0161portu \u201eBieszczad-ski\u201c, v\u00fdstavba most cez rieku Wetlina.<\/p>\n\n\n\n<p>Zvy\u0161n\u00e9 po\u010detn\u00e9 projekty sa t\u00fdkaj\u00fa najm\u00e4 v\u00fdstavby\/roz\u0161\u00edrenia\/zlep\u0161enia cestnej, hygienickej a kanaliza\u010dnej, turistickej, \u0161portovej, rekrea\u010dnej a kult\u00farnej infra\u0161trukt\u00fary.<\/p>\n\n\n\n<p>Dokon\u010den\u00e9 programy na pr\u00edklade Bieszczady a vybran\u00fdch iniciat\u00edv<br>v obciach Bieszczady:<\/p>\n\n\n\n<ol class=\"wp-block-list\" type=\"1\"><li><strong><u>Strategick\u00fd investi\u010dn\u00fd program \u2013 po\u013esk\u00e1 dohoda<\/u><\/strong><strong><u> <\/u><\/strong>\u2013 vl\u00e1da s pomocou Bank Gospodarstwa Krajowego pom\u00e1ha pri obnove ekonomiky po pand\u00e9mii. Po\u013esk\u00fd r\u00e1d m\u00e1 dlhodob\u00fa perspekt\u00edvu<br>a dlhodobo. Realiz\u00e1cia pl\u00e1novan\u00fdch strategick\u00fdch invest\u00edci\u00ed zvy\u0161uje \u00farove\u0148 produktivity cel\u00e9ho po\u013esk\u00e9ho hospod\u00e1rstva. Ciele programu strategick\u00fdch invest\u00edci\u00ed s\u00fa: stimulova\u0165 investi\u010dn\u00fa aktivitu \u00fazemn\u00fdch samospr\u00e1vnych celkov, rozv\u00edja\u0165 miestne podnikanie, zlep\u0161ova\u0165 \u017eivotn\u00e9 podmienky ob\u010danov, vytv\u00e1ra\u0165 nov\u00e9 pracovn\u00e9 miesta<br>podpora trvalo udr\u017eate\u013en\u00e9ho rozvoja a efekt\u00edvne zapojenie finan\u010dn\u00e9ho sektora.<\/li><\/ol>\n\n\n\n<p><strong><u>Okres Bieszczady - 17 922 000 PLN,<\/u><\/strong><strong> po\u010d\u00edtaj\u00fac do toho:<\/strong><\/p>\n\n\n\n<ul class=\"wp-block-list\"><li>budovanie turistickej a kult\u00farnej infra\u0161trukt\u00fary v revitalizovanom intravil\u00e1ne<br>v Ustrzyki Dolne ako podpora ekonomick\u00e9ho rozvoja pohoria Bieszczady (hodnota spolufinancovania \u2013 <strong>4 950 000,00 PLN<\/strong>);<\/li><li><a href=\"https:\/\/mapainwestycji.gov.pl\/inwestycja\/23226c61-99b4-47fd-b03a-e3dfaf0e5ce8?tercCode=1801&amp;investmentRangeTypes=DISTRICT&amp;pageIndex=0&amp;pageSize=10\">rekon\u0161trukcia cestnej infra\u0161trukt\u00fary v Bieszczady<\/a> (hodnota spolufinancovania -<br><strong>9 975 000,00 PLN<\/strong>);<\/li><li><a href=\"https:\/\/mapainwestycji.gov.pl\/inwestycja\/7adb67cb-be7f-4d3f-ae45-f420b6d88f2c?tercCode=1801&amp;investmentRangeTypes=DISTRICT&amp;pageIndex=0&amp;pageSize=10\">rekon\u0161trukcia a moderniz\u00e1cia cestnej infra\u0161trukt\u00fary Bieszczadsk\u00e9ho okresu v are\u00e1li b\u00fdval\u00e9ho \u0161t\u00e1tneho statku Smolnik<\/a> \u2013 (hodnota spolufinancovania \u2013 <strong>2 997 000,00 PLN);<\/strong><\/li><\/ul>\n\n\n\n<p><strong><u>Gmina Czarna \u2013 41 343 680 PLN<\/u><\/strong><strong>vr\u00e1tane okrem in\u00e9ho:<\/strong><\/p>\n\n\n\n<ul class=\"wp-block-list\"><li>komplexn\u00e1 v\u00fdstavba obecnej \u0161k\u00f4lky v Czarnej <strong>\u2013 (<\/strong>hodnota spolufinancovania - <strong>6 982 500,00<\/strong> <strong>zlot\u00fd<\/strong>)<\/li><li>tepeln\u00e1 moderniz\u00e1cia a rekon\u0161trukcia budovy Z\u00e1kladnej \u0161koly v Czarnej G\u00f3rnej<br>ur\u010den\u00e9 pre \u0160kolsk\u00fa ml\u00e1de\u017en\u00edcku ubytov\u0148u - (hodnota spolufinancovania - <strong>4 930 000,00 PLN<\/strong>);<\/li><\/ul>\n\n\n\n<p><strong><u>Obec Lutowiska \u2013 6 589 500 PLN,<\/u><\/strong><strong> vr\u00e1tane okrem in\u00e9ho:<\/strong><\/p>\n\n\n\n<ul class=\"wp-block-list\"><li>v\u00fdstavba alternat\u00edvneho zdroja bezemisn\u00e9ho tepla pre administrat\u00edvnu budovu Obecn\u00e9ho \u00faradu Lutowiska - (hodnota spolufinancovania -&nbsp; <strong>2 929 500,00 PLN<\/strong>)<\/li><li>vybudovanie verejn\u00e9ho parkoviska s infra\u0161trukt\u00farou potrebnou na obsluhu turistov<br>\u2013 (hodnota spolufinancovania \u2013 <strong>2 475 000,00 PLN<\/strong>);<\/li><\/ul>\n\n\n\n<p><strong><u>Obec Ustrzyki Dolne \u2013 <\/u><\/strong><strong><u>5 150 000 PLN<\/u><\/strong><strong>vr\u00e1tane okrem in\u00e9ho:<\/strong><\/p>\n\n\n\n<ul class=\"wp-block-list\"><li>v\u00fdstavba a moderniz\u00e1cia cestnej infra\u0161trukt\u00fary v obci Ustrzyki Dolne - (hodnota spolufinancovania - <strong>4 750 000,00 PLN<\/strong>);<\/li><\/ul>\n\n\n\n<ul class=\"wp-block-list\"><li><strong><u>Vl\u00e1dny miestny investi\u010dn\u00fd fond<\/u><\/strong> \u2013 Vl\u00e1dny miestny investi\u010dn\u00fd fond (RFIL)<br>je program, v r\u00e1mci ktor\u00e9ho vl\u00e1dne prostriedky smerovali do obc\u00ed, obc\u00ed a miest v celom Po\u013esku<br>pre invest\u00edcie bl\u00edzke \u013eu\u010fom. Podpora je nen\u00e1vratn\u00e1 a poch\u00e1dza z Fondu prevencie COVID-19. Finan\u010dn\u00e9 prostriedky poskytnut\u00e9 vl\u00e1dou pou\u017eili samospr\u00e1vy na invest\u00edcie bl\u00edzke \u013eu\u010fom, napr. v\u00fdstavba jasl\u00ed, \u0161k\u00f4lok \u010di ciest \u2013 ako aj in\u00e9 miestne potrebn\u00e9 \u010dinnosti.<\/li><\/ul>\n\n\n\n<p><strong><u>Okres Bieszczady - 990 000 PLN,<\/u><\/strong><strong> po\u010d\u00edtaj\u00fac do toho:<\/strong><\/p>\n\n\n\n<ul class=\"wp-block-list\"><li>Centrum kult\u00farneho dedi\u010dstva Bieszczady - (hodnota financovania - <strong>990 000 PLN<\/strong>);<\/li><\/ul>\n\n\n\n<p><strong><u>Gmina Lutowiska \u2013 1 089 203 PLN<\/u><\/strong><strong>, po\u010d\u00edtaj\u00fac do toho:<\/strong><\/p>\n\n\n\n<ul class=\"wp-block-list\"><li>moderniz\u00e1cia existuj\u00faceho verejn\u00e9ho parkovania a cestnej infra\u0161trukt\u00fary v obci Lutowiska - (hodnota spolufinancovania - <strong>589 203,00 PLN<\/strong>)<\/li><li>tepeln\u00e1 moderniz\u00e1cia a roz\u0161\u00edrenie administrat\u00edvnej budovy obecn\u00e9ho \u00faradu spolu s odstr\u00e1nen\u00edm architektonick\u00fdch bari\u00e9r a realiz\u00e1ciou zariaden\u00ed OZE v Lutowiska - (hodnota spolufinancovania - <strong>500 000,00 PLN<\/strong>)<\/li><\/ul>\n\n\n\n<p><strong><u>Obec Ustrzyki Dolne \u2013 11 110 929 PLN,<\/u><\/strong><strong> po\u010d\u00edtaj\u00fac do toho:<\/strong><\/p>\n\n\n\n<ul class=\"wp-block-list\"><li>Zdravotn\u00e9 stredisko Bieszczady a re\u0161trukturaliz\u00e1cia a moderniz\u00e1cia SP ZOZ v Ustrzyki Dolne - (hodnota spolufinancovania -<strong> 6 110 929,00 PLN)<\/strong><\/li><li>vytvorenie turistickej z\u00e1kladne na podporu rozvoja turistick\u00fdch slu\u017eieb v obci Ustrzyki Dolne - (hodnota spolufinancovania - <strong>5 000 000,00 PLN<\/strong>)<\/li><\/ul>\n\n\n\n<ul class=\"wp-block-list\"><li><strong><u>Fond rozvoja ciest (predt\u00fdm Fond miestnych samospr\u00e1v)<\/u><\/strong><strong> &#8211; <\/strong>Vl\u00e1dny fond rozvoja ciest (RFRD) je komplexn\u00fd n\u00e1stroj na podporu plnenia \u00faloh na cest\u00e1ch v spr\u00e1ve \u00fazemn\u00fdch celkov. Jeho \u00fa\u010delom je ur\u00fdchli\u0165 vytv\u00e1ranie modernej a bezpe\u010dnej cestnej infra\u0161trukt\u00fary na miestnej \u00farovni, ktor\u00e1 je d\u00f4le\u017eit\u00fdm prvkom spr\u00e1vneho fungovania a rozvoja ekonomiky.<br>a prispievanie k zlep\u0161ovaniu \u017eivotnej \u00farovne ob\u010danov.<\/li><\/ul>\n\n\n\n<p><strong><u>Gmina Czarna \u2013 4 964 140,00 PLN, <\/u><\/strong><strong>vr\u00e1tane okrem in\u00e9ho:<\/strong><\/p>\n\n\n\n<ul class=\"wp-block-list\"><li>v\u00fdstavba obecnej cesty v msc. Medynia G\u0142ogowska a Pogwizd\u00f3w - (hodnota spolufinancovania<br>&#8211; <strong>268 076,00 PLN<\/strong>)<\/li><\/ul>\n\n\n\n<p><strong><u>Obec Ustrzyki Dolne<\/u><\/strong> <strong>\u2013 11 068 768,00 PLN,<\/strong><strong> vr\u00e1tane okrem in\u00e9ho<\/strong>:<\/p>\n\n\n\n<ul class=\"wp-block-list\"><li>zv\u00fd\u0161enie ekonomickej a investi\u010dnej atraktivity obce Ustrzyki Dolne rekon\u0161trukciou a v\u00fdstavbou ciest v meste Ustjanowa G\u00f3rna - (hodnota spolufinancovania<br>&#8211; <strong>1 464 968,00 PLN)<\/strong><strong><\/strong><\/li><li>rekon\u0161trukcia mestskej cesty v R\u00f3wni - (hodnota spolufinancovania - <strong>1 466 529,00 PLN)<\/strong><\/li><\/ul>\n\n\n\n<ul class=\"wp-block-list\"><li><strong><u>Rodina <em>500 +<\/em> v roku 2021<\/u><\/strong>:<\/li><\/ul>\n\n\n\n<p><strong><u>Gmina Czarna<\/u><\/strong><strong> \u2013 2 200 186,00 PLN<\/strong><\/p>\n\n\n\n<p><strong><u>Obec Lutowiska<\/u><\/strong> <strong>&#8211;<\/strong> <strong>1 668 741,00 PLN<\/strong><\/p>\n\n\n\n<p><strong><u>Obec Ustrzyki Dolne<\/u><\/strong> <strong>\u2013 15 371 973,00 PLN<\/strong><\/p>\n\n\n\n<ul class=\"wp-block-list\"><li><strong><u>prospech <em>Dobr\u00fd za\u010diatok<\/em> v roku 2021<\/u><\/strong> \u2013 300 PLN jednorazovej podpory pre v\u0161etk\u00fdch \u0161tudentov od za\u010diatku \u0161kolsk\u00e9ho roka. D\u00e1vku dostan\u00fa rodiny bez oh\u013eadu na pr\u00edjem. Ide o podporu pre 4,4 mili\u00f3na \u0161tudentov.<\/li><\/ul>\n\n\n\n<p><strong><u>Gmina Czarna<\/u><\/strong><strong> \u2013 87 000,00 PLN<\/strong><\/p>\n\n\n\n<p><strong><u>Obec Lutowiska<\/u><\/strong><strong> \u2013 54 600,00 PLN<\/strong><\/p>\n\n\n\n<p><strong><u>Obec Ustrzyki Dolne<\/u><\/strong> &#8211; <strong>537 000,00 PLN<\/strong><\/p>\n\n\n\n<ul class=\"wp-block-list\"><li><strong><u>Program rozvoja zariaden\u00ed starostlivosti o deti do 3 rokov \u201eToddler+\u201c<\/u><\/strong> &#8211; celem programu &#8222;Maluch+&#8221; jest zwi\u0119kszenie dost\u0119pno\u015bci terytorialnej i finansowej miejsc opieki w \u017c\u0142obkach, klubach dzieci\u0119cych i u dziennych opiekun\u00f3w dla wszystkich dzieci, w tym dzieci<br>&nbsp;so zdravotn\u00fdm postihnut\u00edm a osoby vy\u017eaduj\u00face osobitn\u00fa starostlivos\u0165.<\/li><\/ul>\n\n\n\n<p><strong><u>Obec Ustrzyki Dolne<\/u><\/strong><strong> \u2013 spolufinancovanie fungovania opatrovate\u013esk\u00fdch miest vo v\u00fd\u0161ke<br>124 200 PLN;<\/strong><\/p>\n\n\n\n<ul class=\"wp-block-list\"><li><strong><u>V\u00fdplata 13. a 14. d\u00f4chodku<\/u><\/strong> \u2013 je \u010fal\u0161\u00edm pr\u00edkladom komplexnej politiky vl\u00e1dy zjednotenej pravice na podporu seniorov. V s\u00fa\u010dasnej zlo\u017eitej geopolitickej situ\u00e1cii<br>posilnili sme vl\u00e1dnu podporu pre d\u00f4chodcov. Benefit je venovan\u00fd obom<br>pre osoby poberaj\u00face starobn\u00fd d\u00f4chodok od ZUS, ako aj v\u00fdsluhov\u00fd pr\u00edspevok od KRUS.<\/li><\/ul>\n\n\n\n<p><strong><u>V Bieszczadskom kraji bol v roku 2022 priznan\u00fd 13. d\u00f4chodok 5 005 osob\u00e1m v celkovej v\u00fd\u0161ke 6 863 000 PLN. 14. d\u00f4chodok z\u00edskalo 4 792 os\u00f4b v celkovej hodnote 6 044 000 PLN.<\/u><\/strong><\/p>\n\n\n\n<p><strong><u>Celkovo tak pod trin\u00e1s\u0165 a \u0161trn\u00e1s\u0165 d\u00f4chodcov v roku 2022 dostali spolu 2 676,88 PLN v hrubom. <\/u><\/strong>Ide o ve\u013emi d\u00f4le\u017eit\u00fa podporu, ktor\u00e1 pozdvihla financie seniorov.<\/p>\n\n\n\n<ul class=\"wp-block-list\"><li><strong><u>Platba uhl\u00edkov\u00e9ho doplatku<\/u><\/strong> \u2013 uhl\u00edkov\u00e1 kv\u00f3ta vo v\u00fd\u0161ke 3 000 PLN z\u00e1sobuje dom\u00e1ce rozpo\u010dty dom\u00e1cnost\u00ed, ktor\u00fdch vykurovac\u00edm zdrojom je uhlie alebo paliv\u00e1 na b\u00e1ze uhl\u00edka.<br>Pr\u00edspevok sa poskytuje dom\u00e1cnostiam, ktor\u00fdch hlavn\u00fdm zdrojom vykurovania je kotol na tuh\u00e9 palivo, krb, piecka, ohrieva\u010d vzduchu, kuchynsk\u00e9 jadro, spor\u00e1k,<br>uho\u013en\u00fa kuchy\u0148u alebo kach\u013eov\u00fa pec na tuh\u00e9 palivo - poh\u00e1\u0148an\u00e9 \u010diernym uhl\u00edm, briketami<br>alebo pelety obsahuj\u00face aspo\u0148 851 TP3T \u010dierneho uhlia. V navrhovanom rie\u0161en\u00ed<br>neexistuj\u00fa \u017eiadne pr\u00edjmov\u00e9 krit\u00e9ri\u00e1 a pr\u00edspevok je dostupn\u00fd aj farm\u00e1m, ktor\u00e9 u\u017e nak\u00fapili uhlie. Podmienkou prijatia dodatku je z\u00e1pis alebo ohl\u00e1senie zdroja vykurovania do Centr\u00e1lneho registra emisi\u00ed budov.<\/li><\/ul>\n\n\n\n<p>K 31. decembru 2022 boli dom\u00e1cnostiam z obce Bieszczady vyplaten\u00e9 tieto prostriedky:<\/p>\n\n\n\n<p><strong><u>Gmina Czarna<\/u><\/strong>&nbsp; &#8211;&nbsp; <strong>792 540,00 PLN<\/strong><\/p>\n\n\n\n<p><strong><u>Obec Lutowiska<\/u><\/strong> &#8211;&nbsp; <strong>569 160,00<\/strong> <strong>zlot\u00fd<\/strong><\/p>\n\n\n\n<p><strong><u>Obec Ustrzyki Dolne<\/u><\/strong> &#8211;&nbsp; <strong>4 296 240,00 PLN<\/strong><\/p>\n\n\n\n<p>To znamen\u00e1, \u017ee v Bieszczadskej oblasti bola do rozpo\u010dtov pridan\u00e1 kv\u00f3ta na uhlie<br><strong><u>1886<\/u><\/strong> dom\u00e1cnosti.<\/p>\n\n\n\n<ul class=\"wp-block-list\"><li><strong><u>Fond rozvoja autobusovej dopravy <\/u><\/strong>\u2013 v\u010faka spolufinancovaniu z FRPA podporujeme samospr\u00e1vy pri realiz\u00e1cii ich vlastn\u00fdch \u00faloh s\u00favisiacich so zabezpe\u010den\u00edm fungovania verejnej hromadnej dopravy v oblasti MHD. V\u010faka fondu vznikaj\u00fa nov\u00e9 komunika\u010dn\u00e9 linky a obyvatelia predov\u0161etk\u00fdm z men\u0161\u00edch miest maj\u00fa mo\u017enos\u0165 dosta\u0165 sa verejnou dopravou do pr\u00e1ce, \u0161k\u00f4l, zdravotn\u00fdch stred\u00edsk a kult\u00farnych in\u0161tit\u00faci\u00ed. Roz\u0161\u00edrenie siete autobusov\u00fdch spojen\u00ed vytv\u00e1ra aj mo\u017enos\u0165 n\u00e1js\u0165 si pr\u00e1cu v mest\u00e1ch, do ktor\u00fdch bol predt\u00fdm pr\u00edstup \u0165a\u017ek\u00fd alebo nemo\u017en\u00fd.<\/li><\/ul>\n\n\n\n<p><strong><u>Dopravn\u00fd spolok Bieszczady<\/u><\/strong> \u2013 hodnota spolufinancovania \u2013 <strong>4 020 801,74 PLN<\/strong><\/p>\n\n\n\n<p>Bieszczadsk\u00fd dopravn\u00fd spolok zdru\u017euje vo svojich \u0161trukt\u00farach tieto obce: Czarna, Lutowiska, Ustrzyki Dolne, Olszanica, Solina, Lesko, Baligr\u00f3d, Cisna, Koma\u0144cza, Zag\u00f3rz a okresy Lesko.<br>a Bieszczady.<\/p>\n\n\n\n<p><strong><u>Bieszczadsk\u00fd okres<\/u><\/strong> \u2013 hodnota spolufinancovania \u2013 &nbsp;<strong>595 235,00 PLN<\/strong><\/p>\n\n\n\n<p><strong><u>Ustrzyki Dolne<\/u><\/strong> \u2013 hodnota spolufinancovania \u2013 <strong>679 665,99 PLN<\/strong><\/p>\n\n\n\n<ol class=\"wp-block-list\" type=\"1\"><li><strong><u>Program Starostlivos\u0165 75+<\/u><\/strong> \u2013 program ur\u010den\u00fd obciam: mestsk\u00fdm a vidieckym,<br>mesto-vidiek do 60 000 obyvate\u013eov, ktor\u00ed si opatrovate\u013esk\u00fa slu\u017ebu poskytuj\u00fa svojpomocne<br>alebo prostredn\u00edctvom soci\u00e1lnych dru\u017estiev pr\u00e1vnick\u00fdch os\u00f4b zalo\u017een\u00fdch \u00fazemn\u00fdmi celkami. Hlavn\u00fdm \u00fa\u010delom opatrovate\u013eskej slu\u017eby je pom\u00e1ha\u0165 pri uspokojovan\u00ed ka\u017edodenn\u00fdch \u017eivotn\u00fdch potrieb, poskytova\u0165 hygienick\u00fa starostlivos\u0165 alebo starostlivos\u0165 odpor\u00fa\u010dan\u00fa lek\u00e1rom<br>a zabezpe\u010denie \u2013 pokia\u013e mo\u017eno centra soci\u00e1lnej starostlivosti \u2013 kontaktov s okol\u00edm.<\/li><\/ol>\n\n\n\n<p><strong><u>Obec Ustrzyki Dolne<\/u><\/strong> \u2013 na rok 2022 bola hodnota spolufinancovania z programu vo v\u00fd\u0161ke <strong>14 389,03 PLN.<\/strong><\/p>\n\n\n\n<ol class=\"wp-block-list\" type=\"1\"><li><strong><u>Podpora \u0161tatut\u00e1rnych \u010dinnost\u00ed KGW<\/u><\/strong> \u2013 zdru\u017een\u00e9 vidiecke gazdinky m\u00f4\u017eu z\u00edskan\u00e9 prostriedky vy\u010dleni\u0165 na soci\u00e1lne a vzdel\u00e1vacie, ako aj vzdel\u00e1vacie a kult\u00farne aktivity<br>a aktivity pre komplexn\u00fd rozvoj vidieckych oblast\u00ed. Spolufinancovanie mo\u017eno pou\u017ei\u0165 aj na rozvoj podnikania \u017eien a iniciat\u00edv na zlep\u0161enie ich \u017eivotn\u00fdch a pracovn\u00fdch podmienok na vidieku a vyu\u017ei\u0165 ich na podniky zameran\u00e9 na rozvoj \u013eudovej kult\u00fary alebo na \u0161\u00edrenie spolupr\u00e1ce a racion\u00e1lnych sp\u00f4sobov hospod\u00e1renia.<\/li><\/ol>\n\n\n\n<p><strong>V oblasti Bieszczady sa v roku 2022 uch\u00e1dzalo o pomoc 22 KGW, ktor\u00e9 dostalo podporu<br>prostredn\u00edctvom Agent\u00fary pre re\u0161trukturaliz\u00e1ciu a moderniz\u00e1ciu po\u013enohospod\u00e1rstva vo v\u00fd\u0161ke 114 000 PLN.<\/strong><\/p>\n\n\n\n<ol class=\"wp-block-list\" type=\"1\"><li><strong><u>Dot\u00e1cie na hnojiv\u00e1<\/u> - <\/strong>minul\u00fd rok spustila po\u013esk\u00e1 vl\u00e1da hodnotn\u00fd program<br>3,9 miliardy PLN na podporu farm\u00e1rov, ktor\u00ed poc\u00edtili d\u00f4sledky zv\u00fd\u0161enia v\u00fdrobn\u00fdch n\u00e1kladov v d\u00f4sledku ruskej inv\u00e1zie na Ukrajinu a s\u00favisiacich sankci\u00ed. N\u00e1prava bola dostupn\u00e1<br>pre farm\u00e1rov p\u00f4sobiacich v Po\u013esku, ktor\u00fdch postihlo zv\u00fd\u0161enie n\u00e1kladov na hnojiv\u00e1 sp\u00f4soben\u00e9 s\u00fa\u010dasnou geopolitickou kr\u00edzou a s\u00favisiacimi sankciami.<br>Program spolufinancoval n\u00e1kup miner\u00e1lnych hnoj\u00edv in\u00fdch ako hnojivo v\u00e1pno<br>a hnojivo v\u00e1pno s obsahom hor\u010d\u00edka, ktor\u00e9 po\u013enohospod\u00e1rski v\u00fdrobcovia nakupovali v obdob\u00ed od 1.9.2021 do 15.5.2022.<\/li><\/ol>\n\n\n\n<p><strong>V Bieszczady podalo \u017eiados\u0165 o dot\u00e1ciu na hnojivo 18 subjektov, ktor\u00fdm bola poskytnut\u00e1 pomoc zo \u0161t\u00e1tneho rozpo\u010dtu vo v\u00fd\u0161ke 46 563,26 PLN.<\/strong><\/p>\n\n\n\n<figure class=\"wp-block-image size-large\"><a href=\"https:\/\/marekkuchcinski.pl\/wp-content\/uploads\/2023\/01\/017c310d-023e-4894-89d7-be1e722a5433-1.jpg\"><img fetchpriority=\"high\" decoding=\"async\" width=\"1024\" height=\"605\" src=\"https:\/\/marekkuchcinski.pl\/wp-content\/uploads\/2023\/01\/017c310d-023e-4894-89d7-be1e722a5433-1-1024x605.jpg\" alt=\"\" class=\"wp-image-27322\" srcset=\"https:\/\/marekkuchcinski.pl\/wp-content\/uploads\/2023\/01\/017c310d-023e-4894-89d7-be1e722a5433-1-1024x605.jpg 1024w, https:\/\/marekkuchcinski.pl\/wp-content\/uploads\/2023\/01\/017c310d-023e-4894-89d7-be1e722a5433-1-300x177.jpg 300w, https:\/\/marekkuchcinski.pl\/wp-content\/uploads\/2023\/01\/017c310d-023e-4894-89d7-be1e722a5433-1-768x454.jpg 768w, https:\/\/marekkuchcinski.pl\/wp-content\/uploads\/2023\/01\/017c310d-023e-4894-89d7-be1e722a5433-1-18x12.jpg 18w, https:\/\/marekkuchcinski.pl\/wp-content\/uploads\/2023\/01\/017c310d-023e-4894-89d7-be1e722a5433-1.jpg 1524w\" sizes=\"(max-width: 1024px) 100vw, 1024px\" \/><\/a><\/figure>\n\n\n\n<figure class=\"wp-block-gallery has-nested-images columns-default is-cropped wp-block-gallery-1 is-layout-flex wp-block-gallery-is-layout-flex\">\n<figure class=\"wp-block-image size-large\"><a href=\"https:\/\/marekkuchcinski.pl\/wp-content\/uploads\/2023\/01\/2bb58ced-1c97-4285-b607-92c6578e8b68.jpg\"><img decoding=\"async\" width=\"1024\" height=\"576\" data-id=\"27323\" src=\"https:\/\/marekkuchcinski.pl\/wp-content\/uploads\/2023\/01\/2bb58ced-1c97-4285-b607-92c6578e8b68-1024x576.jpg\" alt=\"\" class=\"wp-image-27323\" srcset=\"https:\/\/marekkuchcinski.pl\/wp-content\/uploads\/2023\/01\/2bb58ced-1c97-4285-b607-92c6578e8b68-1024x576.jpg 1024w, https:\/\/marekkuchcinski.pl\/wp-content\/uploads\/2023\/01\/2bb58ced-1c97-4285-b607-92c6578e8b68-300x169.jpg 300w, https:\/\/marekkuchcinski.pl\/wp-content\/uploads\/2023\/01\/2bb58ced-1c97-4285-b607-92c6578e8b68-768x432.jpg 768w, https:\/\/marekkuchcinski.pl\/wp-content\/uploads\/2023\/01\/2bb58ced-1c97-4285-b607-92c6578e8b68-1536x864.jpg 1536w, https:\/\/marekkuchcinski.pl\/wp-content\/uploads\/2023\/01\/2bb58ced-1c97-4285-b607-92c6578e8b68-18x10.jpg 18w, https:\/\/marekkuchcinski.pl\/wp-content\/uploads\/2023\/01\/2bb58ced-1c97-4285-b607-92c6578e8b68.jpg 1600w\" sizes=\"(max-width: 1024px) 100vw, 1024px\" \/><\/a><\/figure>\n\n\n\n<figure class=\"wp-block-image size-large\"><a href=\"https:\/\/marekkuchcinski.pl\/wp-content\/uploads\/2023\/01\/8a452d9c-7e73-42a7-ab36-c648701b2c0e.jpg\"><img decoding=\"async\" width=\"1024\" height=\"607\" data-id=\"27324\" src=\"https:\/\/marekkuchcinski.pl\/wp-content\/uploads\/2023\/01\/8a452d9c-7e73-42a7-ab36-c648701b2c0e-1024x607.jpg\" alt=\"\" class=\"wp-image-27324\" srcset=\"https:\/\/marekkuchcinski.pl\/wp-content\/uploads\/2023\/01\/8a452d9c-7e73-42a7-ab36-c648701b2c0e-1024x607.jpg 1024w, https:\/\/marekkuchcinski.pl\/wp-content\/uploads\/2023\/01\/8a452d9c-7e73-42a7-ab36-c648701b2c0e-300x178.jpg 300w, https:\/\/marekkuchcinski.pl\/wp-content\/uploads\/2023\/01\/8a452d9c-7e73-42a7-ab36-c648701b2c0e-768x455.jpg 768w, https:\/\/marekkuchcinski.pl\/wp-content\/uploads\/2023\/01\/8a452d9c-7e73-42a7-ab36-c648701b2c0e-18x12.jpg 18w, https:\/\/marekkuchcinski.pl\/wp-content\/uploads\/2023\/01\/8a452d9c-7e73-42a7-ab36-c648701b2c0e.jpg 1435w\" sizes=\"(max-width: 1024px) 100vw, 1024px\" \/><\/a><\/figure>\n\n\n\n<figure class=\"wp-block-image size-large\"><a href=\"https:\/\/marekkuchcinski.pl\/wp-content\/uploads\/2023\/01\/28139ae6-4186-4dc6-b1b7-bf36abec027b.jpg\"><img loading=\"lazy\" decoding=\"async\" width=\"1024\" height=\"576\" data-id=\"27325\" src=\"https:\/\/marekkuchcinski.pl\/wp-content\/uploads\/2023\/01\/28139ae6-4186-4dc6-b1b7-bf36abec027b-1024x576.jpg\" alt=\"\" class=\"wp-image-27325\" srcset=\"https:\/\/marekkuchcinski.pl\/wp-content\/uploads\/2023\/01\/28139ae6-4186-4dc6-b1b7-bf36abec027b-1024x576.jpg 1024w, https:\/\/marekkuchcinski.pl\/wp-content\/uploads\/2023\/01\/28139ae6-4186-4dc6-b1b7-bf36abec027b-300x169.jpg 300w, https:\/\/marekkuchcinski.pl\/wp-content\/uploads\/2023\/01\/28139ae6-4186-4dc6-b1b7-bf36abec027b-768x432.jpg 768w, https:\/\/marekkuchcinski.pl\/wp-content\/uploads\/2023\/01\/28139ae6-4186-4dc6-b1b7-bf36abec027b-1536x864.jpg 1536w, https:\/\/marekkuchcinski.pl\/wp-content\/uploads\/2023\/01\/28139ae6-4186-4dc6-b1b7-bf36abec027b-18x10.jpg 18w, https:\/\/marekkuchcinski.pl\/wp-content\/uploads\/2023\/01\/28139ae6-4186-4dc6-b1b7-bf36abec027b.jpg 1600w\" sizes=\"(max-width: 1024px) 100vw, 1024px\" \/><\/a><\/figure>\n<\/figure>","protected":false},"excerpt":{"rendered":"<p>W Myczkowcach i Ustrzykach Dolnych Marek Kuchci\u0144ski rozmawia\u0142 o przysz\u0142o\u015bci Bieszczad. Podczas spotkania z\u00a0samorz\u0105dowcami i mieszka\u0144cami szef kancelarii premiera podkre\u015bla\u0142, \u017ce wida\u0107 tu bardzo dobre wsparcie ze strony rz\u0105du. \u2013 Wci\u0105\u017c najwa\u017cniejsz\u0105 spraw\u0105 jest dost\u0119pno\u015b\u0107, czyli komunikacja. Bieszczady zas\u0142uguj\u0105 rozw\u00f3j turystyki, agroturystyki, rolnictwa, o\u015brodki sportowe, dobre drogi, parkingi, koleje, hotele, nowe przej\u015bcia graniczne, jak w [&hellip;]<\/p>","protected":false},"author":21,"featured_media":27321,"comment_status":"open","ping_status":"open","sticky":false,"template":"","format":"standard","meta":{"ngg_post_thumbnail":0,"footnotes":""},"categories":[3],"tags":[],"class_list":["post-27315","post","type-post","status-publish","format-standard","has-post-thumbnail","hentry","category-wydarzenia"],"yoast_head":"<!-- This site is optimized with the Yoast SEO plugin v24.7 - https:\/\/yoast.com\/wordpress\/plugins\/seo\/ -->\n<title>Spotkanie noworoczne w Bieszczadach &#8211; Marek Kuchci\u0144ski<\/title>\n<meta name=\"robots\" content=\"index, follow, max-snippet:-1, max-image-preview:large, max-video-preview:-1\" \/>\n<link rel=\"canonical\" href=\"https:\/\/marekkuchcinski.pl\/sk\/wydarzenia\/spotkanie-noworoczne-w-bieszczadach\/\" \/>\n<meta property=\"og:locale\" content=\"sk_SK\" \/>\n<meta property=\"og:type\" content=\"article\" \/>\n<meta property=\"og:title\" content=\"Spotkanie noworoczne w Bieszczadach &#8211; Marek Kuchci\u0144ski\" \/>\n<meta property=\"og:description\" content=\"W Myczkowcach i Ustrzykach Dolnych Marek Kuchci\u0144ski rozmawia\u0142 o przysz\u0142o\u015bci Bieszczad. Podczas spotkania z\u00a0samorz\u0105dowcami i mieszka\u0144cami szef kancelarii premiera podkre\u015bla\u0142, \u017ce wida\u0107 tu bardzo dobre wsparcie ze strony rz\u0105du. \u2013 Wci\u0105\u017c najwa\u017cniejsz\u0105 spraw\u0105 jest dost\u0119pno\u015b\u0107, czyli komunikacja. Bieszczady zas\u0142uguj\u0105 rozw\u00f3j turystyki, agroturystyki, rolnictwa, o\u015brodki sportowe, dobre drogi, parkingi, koleje, hotele, nowe przej\u015bcia graniczne, jak w [&hellip;]\" \/>\n<meta property=\"og:url\" content=\"https:\/\/marekkuchcinski.pl\/sk\/wydarzenia\/spotkanie-noworoczne-w-bieszczadach\/\" \/>\n<meta property=\"og:site_name\" content=\"Marek Kuchci\u0144ski\" \/>\n<meta property=\"article:published_time\" content=\"2023-01-15T09:19:00+00:00\" \/>\n<meta property=\"article:modified_time\" content=\"2023-01-16T14:19:51+00:00\" \/>\n<meta property=\"og:image\" content=\"https:\/\/marekkuchcinski.pl\/wp-content\/uploads\/2023\/01\/017c310d-023e-4894-89d7-be1e722a5433.jpg\" \/>\n\t<meta property=\"og:image:width\" content=\"1524\" \/>\n\t<meta property=\"og:image:height\" content=\"900\" \/>\n\t<meta property=\"og:image:type\" content=\"image\/jpeg\" \/>\n<meta name=\"author\" content=\"Marta Olejnik\" \/>\n<meta name=\"twitter:card\" content=\"summary_large_image\" \/>\n<meta name=\"twitter:label1\" content=\"Autor\" \/>\n\t<meta name=\"twitter:data1\" content=\"Marta Olejnik\" \/>\n\t<meta name=\"twitter:label2\" content=\"Predpokladan\u00fd \u010das \u010d\u00edtania\" \/>\n\t<meta name=\"twitter:data2\" content=\"10 min\u00fat\" \/>\n<script type=\"application\/ld+json\" class=\"yoast-schema-graph\">{\"@context\":\"https:\/\/schema.org\",\"@graph\":[{\"@type\":\"Article\",\"@id\":\"https:\/\/marekkuchcinski.pl\/wydarzenia\/spotkanie-noworoczne-w-bieszczadach\/#article\",\"isPartOf\":{\"@id\":\"https:\/\/marekkuchcinski.pl\/wydarzenia\/spotkanie-noworoczne-w-bieszczadach\/\"},\"author\":{\"name\":\"Marta Olejnik\",\"@id\":\"https:\/\/marekkuchcinski.pl\/#\/schema\/person\/51d5d4ee3b5317b8e4dd2b48af359229\"},\"headline\":\"Spotkanie noworoczne w Bieszczadach\",\"datePublished\":\"2023-01-15T09:19:00+00:00\",\"dateModified\":\"2023-01-16T14:19:51+00:00\",\"mainEntityOfPage\":{\"@id\":\"https:\/\/marekkuchcinski.pl\/wydarzenia\/spotkanie-noworoczne-w-bieszczadach\/\"},\"wordCount\":1937,\"commentCount\":0,\"publisher\":{\"@id\":\"https:\/\/marekkuchcinski.pl\/#organization\"},\"image\":{\"@id\":\"https:\/\/marekkuchcinski.pl\/wydarzenia\/spotkanie-noworoczne-w-bieszczadach\/#primaryimage\"},\"thumbnailUrl\":\"https:\/\/marekkuchcinski.pl\/wp-content\/uploads\/2023\/01\/017c310d-023e-4894-89d7-be1e722a5433.jpg\",\"articleSection\":[\"Wydarzenia\"],\"inLanguage\":\"sk-SK\",\"potentialAction\":[{\"@type\":\"CommentAction\",\"name\":\"Comment\",\"target\":[\"https:\/\/marekkuchcinski.pl\/wydarzenia\/spotkanie-noworoczne-w-bieszczadach\/#respond\"]}]},{\"@type\":\"WebPage\",\"@id\":\"https:\/\/marekkuchcinski.pl\/wydarzenia\/spotkanie-noworoczne-w-bieszczadach\/\",\"url\":\"https:\/\/marekkuchcinski.pl\/wydarzenia\/spotkanie-noworoczne-w-bieszczadach\/\",\"name\":\"Spotkanie noworoczne w Bieszczadach &#8211; Marek Kuchci\u0144ski\",\"isPartOf\":{\"@id\":\"https:\/\/marekkuchcinski.pl\/#website\"},\"primaryImageOfPage\":{\"@id\":\"https:\/\/marekkuchcinski.pl\/wydarzenia\/spotkanie-noworoczne-w-bieszczadach\/#primaryimage\"},\"image\":{\"@id\":\"https:\/\/marekkuchcinski.pl\/wydarzenia\/spotkanie-noworoczne-w-bieszczadach\/#primaryimage\"},\"thumbnailUrl\":\"https:\/\/marekkuchcinski.pl\/wp-content\/uploads\/2023\/01\/017c310d-023e-4894-89d7-be1e722a5433.jpg\",\"datePublished\":\"2023-01-15T09:19:00+00:00\",\"dateModified\":\"2023-01-16T14:19:51+00:00\",\"breadcrumb\":{\"@id\":\"https:\/\/marekkuchcinski.pl\/wydarzenia\/spotkanie-noworoczne-w-bieszczadach\/#breadcrumb\"},\"inLanguage\":\"sk-SK\",\"potentialAction\":[{\"@type\":\"ReadAction\",\"target\":[\"https:\/\/marekkuchcinski.pl\/wydarzenia\/spotkanie-noworoczne-w-bieszczadach\/\"]}]},{\"@type\":\"ImageObject\",\"inLanguage\":\"sk-SK\",\"@id\":\"https:\/\/marekkuchcinski.pl\/wydarzenia\/spotkanie-noworoczne-w-bieszczadach\/#primaryimage\",\"url\":\"https:\/\/marekkuchcinski.pl\/wp-content\/uploads\/2023\/01\/017c310d-023e-4894-89d7-be1e722a5433.jpg\",\"contentUrl\":\"https:\/\/marekkuchcinski.pl\/wp-content\/uploads\/2023\/01\/017c310d-023e-4894-89d7-be1e722a5433.jpg\",\"width\":1524,\"height\":900},{\"@type\":\"BreadcrumbList\",\"@id\":\"https:\/\/marekkuchcinski.pl\/wydarzenia\/spotkanie-noworoczne-w-bieszczadach\/#breadcrumb\",\"itemListElement\":[{\"@type\":\"ListItem\",\"position\":1,\"name\":\"Strona g\u0142\u00f3wna\",\"item\":\"https:\/\/marekkuchcinski.pl\/\"},{\"@type\":\"ListItem\",\"position\":2,\"name\":\"Spotkanie noworoczne w Bieszczadach\"}]},{\"@type\":\"WebSite\",\"@id\":\"https:\/\/marekkuchcinski.pl\/#website\",\"url\":\"https:\/\/marekkuchcinski.pl\/\",\"name\":\"Marek Kuchci\u0144ski\",\"description\":\"Pose\u0142 na sejm RP &ndash; okr\u0119g nr 22\",\"publisher\":{\"@id\":\"https:\/\/marekkuchcinski.pl\/#organization\"},\"potentialAction\":[{\"@type\":\"SearchAction\",\"target\":{\"@type\":\"EntryPoint\",\"urlTemplate\":\"https:\/\/marekkuchcinski.pl\/?s={search_term_string}\"},\"query-input\":{\"@type\":\"PropertyValueSpecification\",\"valueRequired\":true,\"valueName\":\"search_term_string\"}}],\"inLanguage\":\"sk-SK\"},{\"@type\":\"Organization\",\"@id\":\"https:\/\/marekkuchcinski.pl\/#organization\",\"name\":\"Marek Kuchci\u0144ski\",\"url\":\"https:\/\/marekkuchcinski.pl\/\",\"logo\":{\"@type\":\"ImageObject\",\"inLanguage\":\"sk-SK\",\"@id\":\"https:\/\/marekkuchcinski.pl\/#\/schema\/logo\/image\/\",\"url\":\"https:\/\/marekkuchcinski.pl\/wp-content\/uploads\/2022\/09\/Marek.jpg\",\"contentUrl\":\"https:\/\/marekkuchcinski.pl\/wp-content\/uploads\/2022\/09\/Marek.jpg\",\"width\":1600,\"height\":971,\"caption\":\"Marek Kuchci\u0144ski\"},\"image\":{\"@id\":\"https:\/\/marekkuchcinski.pl\/#\/schema\/logo\/image\/\"}},{\"@type\":\"Person\",\"@id\":\"https:\/\/marekkuchcinski.pl\/#\/schema\/person\/51d5d4ee3b5317b8e4dd2b48af359229\",\"name\":\"Marta Olejnik\",\"image\":{\"@type\":\"ImageObject\",\"inLanguage\":\"sk-SK\",\"@id\":\"https:\/\/marekkuchcinski.pl\/#\/schema\/person\/image\/\",\"url\":\"https:\/\/secure.gravatar.com\/avatar\/e39914b2aa6a48959e24d475b5dc9793?s=96&d=mm&r=g\",\"contentUrl\":\"https:\/\/secure.gravatar.com\/avatar\/e39914b2aa6a48959e24d475b5dc9793?s=96&d=mm&r=g\",\"caption\":\"Marta Olejnik\"},\"url\":\"https:\/\/marekkuchcinski.pl\/sk\/author\/marta\/\"}]}<\/script>\n<!-- \/ Yoast SEO plugin. -->","yoast_head_json":{"title":"Spotkanie noworoczne w Bieszczadach &#8211; Marek Kuchci\u0144ski","robots":{"index":"index","follow":"follow","max-snippet":"max-snippet:-1","max-image-preview":"max-image-preview:large","max-video-preview":"max-video-preview:-1"},"canonical":"https:\/\/marekkuchcinski.pl\/sk\/wydarzenia\/spotkanie-noworoczne-w-bieszczadach\/","og_locale":"sk_SK","og_type":"article","og_title":"Spotkanie noworoczne w Bieszczadach &#8211; Marek Kuchci\u0144ski","og_description":"W Myczkowcach i Ustrzykach Dolnych Marek Kuchci\u0144ski rozmawia\u0142 o przysz\u0142o\u015bci Bieszczad. Podczas spotkania z\u00a0samorz\u0105dowcami i mieszka\u0144cami szef kancelarii premiera podkre\u015bla\u0142, \u017ce wida\u0107 tu bardzo dobre wsparcie ze strony rz\u0105du. \u2013 Wci\u0105\u017c najwa\u017cniejsz\u0105 spraw\u0105 jest dost\u0119pno\u015b\u0107, czyli komunikacja. Bieszczady zas\u0142uguj\u0105 rozw\u00f3j turystyki, agroturystyki, rolnictwa, o\u015brodki sportowe, dobre drogi, parkingi, koleje, hotele, nowe przej\u015bcia graniczne, jak w [&hellip;]","og_url":"https:\/\/marekkuchcinski.pl\/sk\/wydarzenia\/spotkanie-noworoczne-w-bieszczadach\/","og_site_name":"Marek Kuchci\u0144ski","article_published_time":"2023-01-15T09:19:00+00:00","article_modified_time":"2023-01-16T14:19:51+00:00","og_image":[{"width":1524,"height":900,"url":"https:\/\/marekkuchcinski.pl\/wp-content\/uploads\/2023\/01\/017c310d-023e-4894-89d7-be1e722a5433.jpg","type":"image\/jpeg"}],"author":"Marta Olejnik","twitter_card":"summary_large_image","twitter_misc":{"Autor":"Marta Olejnik","Predpokladan\u00fd \u010das \u010d\u00edtania":"10 min\u00fat"},"schema":{"@context":"https:\/\/schema.org","@graph":[{"@type":"Article","@id":"https:\/\/marekkuchcinski.pl\/wydarzenia\/spotkanie-noworoczne-w-bieszczadach\/#article","isPartOf":{"@id":"https:\/\/marekkuchcinski.pl\/wydarzenia\/spotkanie-noworoczne-w-bieszczadach\/"},"author":{"name":"Marta Olejnik","@id":"https:\/\/marekkuchcinski.pl\/#\/schema\/person\/51d5d4ee3b5317b8e4dd2b48af359229"},"headline":"Spotkanie noworoczne w Bieszczadach","datePublished":"2023-01-15T09:19:00+00:00","dateModified":"2023-01-16T14:19:51+00:00","mainEntityOfPage":{"@id":"https:\/\/marekkuchcinski.pl\/wydarzenia\/spotkanie-noworoczne-w-bieszczadach\/"},"wordCount":1937,"commentCount":0,"publisher":{"@id":"https:\/\/marekkuchcinski.pl\/#organization"},"image":{"@id":"https:\/\/marekkuchcinski.pl\/wydarzenia\/spotkanie-noworoczne-w-bieszczadach\/#primaryimage"},"thumbnailUrl":"https:\/\/marekkuchcinski.pl\/wp-content\/uploads\/2023\/01\/017c310d-023e-4894-89d7-be1e722a5433.jpg","articleSection":["Wydarzenia"],"inLanguage":"sk-SK","potentialAction":[{"@type":"CommentAction","name":"Comment","target":["https:\/\/marekkuchcinski.pl\/wydarzenia\/spotkanie-noworoczne-w-bieszczadach\/#respond"]}]},{"@type":"WebPage","@id":"https:\/\/marekkuchcinski.pl\/wydarzenia\/spotkanie-noworoczne-w-bieszczadach\/","url":"https:\/\/marekkuchcinski.pl\/wydarzenia\/spotkanie-noworoczne-w-bieszczadach\/","name":"Spotkanie noworoczne w Bieszczadach &#8211; Marek Kuchci\u0144ski","isPartOf":{"@id":"https:\/\/marekkuchcinski.pl\/#website"},"primaryImageOfPage":{"@id":"https:\/\/marekkuchcinski.pl\/wydarzenia\/spotkanie-noworoczne-w-bieszczadach\/#primaryimage"},"image":{"@id":"https:\/\/marekkuchcinski.pl\/wydarzenia\/spotkanie-noworoczne-w-bieszczadach\/#primaryimage"},"thumbnailUrl":"https:\/\/marekkuchcinski.pl\/wp-content\/uploads\/2023\/01\/017c310d-023e-4894-89d7-be1e722a5433.jpg","datePublished":"2023-01-15T09:19:00+00:00","dateModified":"2023-01-16T14:19:51+00:00","breadcrumb":{"@id":"https:\/\/marekkuchcinski.pl\/wydarzenia\/spotkanie-noworoczne-w-bieszczadach\/#breadcrumb"},"inLanguage":"sk-SK","potentialAction":[{"@type":"ReadAction","target":["https:\/\/marekkuchcinski.pl\/wydarzenia\/spotkanie-noworoczne-w-bieszczadach\/"]}]},{"@type":"ImageObject","inLanguage":"sk-SK","@id":"https:\/\/marekkuchcinski.pl\/wydarzenia\/spotkanie-noworoczne-w-bieszczadach\/#primaryimage","url":"https:\/\/marekkuchcinski.pl\/wp-content\/uploads\/2023\/01\/017c310d-023e-4894-89d7-be1e722a5433.jpg","contentUrl":"https:\/\/marekkuchcinski.pl\/wp-content\/uploads\/2023\/01\/017c310d-023e-4894-89d7-be1e722a5433.jpg","width":1524,"height":900},{"@type":"BreadcrumbList","@id":"https:\/\/marekkuchcinski.pl\/wydarzenia\/spotkanie-noworoczne-w-bieszczadach\/#breadcrumb","itemListElement":[{"@type":"ListItem","position":1,"name":"Strona g\u0142\u00f3wna","item":"https:\/\/marekkuchcinski.pl\/"},{"@type":"ListItem","position":2,"name":"Spotkanie noworoczne w Bieszczadach"}]},{"@type":"WebSite","@id":"https:\/\/marekkuchcinski.pl\/#website","url":"https:\/\/marekkuchcinski.pl\/","name":"Marek Kuchci\u0144ski","description":"Pose\u0142 na sejm RP &ndash; okr\u0119g nr 22","publisher":{"@id":"https:\/\/marekkuchcinski.pl\/#organization"},"potentialAction":[{"@type":"SearchAction","target":{"@type":"EntryPoint","urlTemplate":"https:\/\/marekkuchcinski.pl\/?s={search_term_string}"},"query-input":{"@type":"PropertyValueSpecification","valueRequired":true,"valueName":"search_term_string"}}],"inLanguage":"sk-SK"},{"@type":"Organization","@id":"https:\/\/marekkuchcinski.pl\/#organization","name":"Marek Kuchci\u0144ski","url":"https:\/\/marekkuchcinski.pl\/","logo":{"@type":"ImageObject","inLanguage":"sk-SK","@id":"https:\/\/marekkuchcinski.pl\/#\/schema\/logo\/image\/","url":"https:\/\/marekkuchcinski.pl\/wp-content\/uploads\/2022\/09\/Marek.jpg","contentUrl":"https:\/\/marekkuchcinski.pl\/wp-content\/uploads\/2022\/09\/Marek.jpg","width":1600,"height":971,"caption":"Marek Kuchci\u0144ski"},"image":{"@id":"https:\/\/marekkuchcinski.pl\/#\/schema\/logo\/image\/"}},{"@type":"Person","@id":"https:\/\/marekkuchcinski.pl\/#\/schema\/person\/51d5d4ee3b5317b8e4dd2b48af359229","name":"Marta Olejnik","image":{"@type":"ImageObject","inLanguage":"sk-SK","@id":"https:\/\/marekkuchcinski.pl\/#\/schema\/person\/image\/","url":"https:\/\/secure.gravatar.com\/avatar\/e39914b2aa6a48959e24d475b5dc9793?s=96&d=mm&r=g","contentUrl":"https:\/\/secure.gravatar.com\/avatar\/e39914b2aa6a48959e24d475b5dc9793?s=96&d=mm&r=g","caption":"Marta Olejnik"},"url":"https:\/\/marekkuchcinski.pl\/sk\/author\/marta\/"}]}},"_links":{"self":[{"href":"https:\/\/marekkuchcinski.pl\/sk\/wp-json\/wp\/v2\/posts\/27315","targetHints":{"allow":["GET"]}}],"collection":[{"href":"https:\/\/marekkuchcinski.pl\/sk\/wp-json\/wp\/v2\/posts"}],"about":[{"href":"https:\/\/marekkuchcinski.pl\/sk\/wp-json\/wp\/v2\/types\/post"}],"author":[{"embeddable":true,"href":"https:\/\/marekkuchcinski.pl\/sk\/wp-json\/wp\/v2\/users\/21"}],"replies":[{"embeddable":true,"href":"https:\/\/marekkuchcinski.pl\/sk\/wp-json\/wp\/v2\/comments?post=27315"}],"version-history":[{"count":5,"href":"https:\/\/marekkuchcinski.pl\/sk\/wp-json\/wp\/v2\/posts\/27315\/revisions"}],"predecessor-version":[{"id":27326,"href":"https:\/\/marekkuchcinski.pl\/sk\/wp-json\/wp\/v2\/posts\/27315\/revisions\/27326"}],"wp:featuredmedia":[{"embeddable":true,"href":"https:\/\/marekkuchcinski.pl\/sk\/wp-json\/wp\/v2\/media\/27321"}],"wp:attachment":[{"href":"https:\/\/marekkuchcinski.pl\/sk\/wp-json\/wp\/v2\/media?parent=27315"}],"wp:term":[{"taxonomy":"category","embeddable":true,"href":"https:\/\/marekkuchcinski.pl\/sk\/wp-json\/wp\/v2\/categories?post=27315"},{"taxonomy":"post_tag","embeddable":true,"href":"https:\/\/marekkuchcinski.pl\/sk\/wp-json\/wp\/v2\/tags?post=27315"}],"curies":[{"name":"wp","href":"https:\/\/api.w.org\/{rel}","templated":true}]}}